{"id":1004,"date":"2023-09-12T08:30:06","date_gmt":"2023-09-12T11:30:06","guid":{"rendered":"https:\/\/sulsc.com\/?p=1004"},"modified":"2023-09-12T08:10:37","modified_gmt":"2023-09-12T11:10:37","slug":"descaminho-mais-de-mil-garrafas-sao-apreendidas-em-grao-para","status":"publish","type":"post","link":"https:\/\/sulsc.com\/index.php\/2023\/09\/12\/descaminho-mais-de-mil-garrafas-sao-apreendidas-em-grao-para\/","title":{"rendered":"Descaminho: mais de mil garrafas s\u00e3o apreendidas em Gr\u00e3o-Par\u00e1"},"content":{"rendered":"<p>Durante uma fiscaliza\u00e7\u00e3o de tr\u00e2nsito que envolvia as guarni\u00e7\u00f5es de \u00e1rea do 35\u00ba Batalh\u00e3o de Pol\u00edcia Militar (BPM), Pol\u00edcia Militar Rodovi\u00e1ria (PMRv) e Servi\u00e7o Aeropolicial de Fronteira (Saer-Fron), da Pol\u00edcia Civil, foram apreendidas mais de 1.000 garrafas de bebida alco\u00f3lica oriundas da Argentina. O fato aconteceu por volta das 10h40, no KM 115,100 da SC-370, deste domingo (10), em Gr\u00e3o Par\u00e1.<\/p>\n<p>A carga era transportada em um VW\/Crossfox e em um GM\/Corsa, conduzido por homens , de 21 anos e 31 anos, respectivamente.\u00a0Na busca veicular, foram localizadas cerca de 1.200 garrafas de vinhos e espumantes, sem o devido desembara\u00e7o aduaneiro, al\u00e9m de um r\u00e1dio amador para comunica\u00e7\u00e3o.<\/p>\n<p>Diante da situa\u00e7\u00e3o, a mercadoria e os ve\u00edculos foram devidamente apreendidos e encaminhados \u00e0 Pol\u00edcia Federal de Crici\u00fama para os procedimentos cab\u00edveis.<\/p>\n<p>&nbsp;<\/p>\n<p><img fetchpriority=\"high\" decoding=\"async\" class=\"alignnone size-medium wp-image-1006\" src=\"http:\/\/sulsc.com\/wp-content\/uploads\/2023\/09\/apreensao_grao-para01-300x169.gif\" alt=\"\" width=\"300\" height=\"169\" \/><\/p>\n<p>Fonte: PMSC<\/p>\n","protected":false},"excerpt":{"rendered":"<p>Durante uma fiscaliza\u00e7\u00e3o de tr\u00e2nsito que envolvia as guarni\u00e7\u00f5es de \u00e1rea do 35\u00ba Batalh\u00e3o de Pol\u00edcia Militar (BPM), Pol\u00edcia Militar Rodovi\u00e1ria (PMRv) e Servi\u00e7o Aeropolicial de Fronteira (Saer-Fron), da Pol\u00edcia Civil, foram apreendidas mais de 1.000 garrafas de bebida alco\u00f3lica oriundas da Argentina. O fato aconteceu por volta das 10h40, no KM 115,100 da SC-370, &hellip;<\/p>\n<p class=\"read-more\"> <a class=\"\" href=\"https:\/\/sulsc.com\/index.php\/2023\/09\/12\/descaminho-mais-de-mil-garrafas-sao-apreendidas-em-grao-para\/\"> <span class=\"screen-reader-text\">Descaminho: mais de mil garrafas s\u00e3o apreendidas em Gr\u00e3o-Par\u00e1<\/span> Read More &raquo;<\/a><\/p>\n","protected":false},"author":3,"featured_media":1005,"comment_status":"open","ping_status":"open","sticky":false,"template":"","format":"standard","meta":{"site-sidebar-layout":"default","site-content-layout":"default","ast-site-content-layout":"","site-content-style":"default","site-sidebar-style":"default","ast-global-header-display":"","ast-banner-title-visibility":"","ast-main-header-display":"","ast-hfb-above-header-display":"","ast-hfb-below-header-display":"","ast-hfb-mobile-header-display":"","site-post-title":"","ast-breadcrumbs-content":"","ast-featured-img":"","footer-sml-layout":"","theme-transparent-header-meta":"default","adv-header-id-meta":"","stick-header-meta":"","header-above-stick-meta":"","header-main-stick-meta":"","header-below-stick-meta":"","astra-migrate-meta-layouts":"","footnotes":""},"categories":[8],"tags":[],"yoast_head":"<!-- This site is optimized with the Yoast SEO plugin v21.4 - https:\/\/yoast.com\/wordpress\/plugins\/seo\/ -->\n<title>Descaminho: mais de mil garrafas s\u00e3o apreendidas em Gr\u00e3o-Par\u00e1 -<\/title>\n<meta name=\"robots\" content=\"index, follow, max-snippet:-1, max-image-preview:large, max-video-preview:-1\" \/>\n<link rel=\"canonical\" href=\"https:\/\/sulsc.com\/index.php\/2023\/09\/12\/descaminho-mais-de-mil-garrafas-sao-apreendidas-em-grao-para\/\" \/>\n<meta property=\"og:locale\" content=\"en_US\" \/>\n<meta property=\"og:type\" content=\"article\" \/>\n<meta property=\"og:title\" content=\"Descaminho: mais de mil garrafas s\u00e3o apreendidas em Gr\u00e3o-Par\u00e1 -\" \/>\n<meta property=\"og:description\" content=\"Durante uma fiscaliza\u00e7\u00e3o de tr\u00e2nsito que envolvia as guarni\u00e7\u00f5es de \u00e1rea do 35\u00ba Batalh\u00e3o de Pol\u00edcia Militar (BPM), Pol\u00edcia Militar Rodovi\u00e1ria (PMRv) e Servi\u00e7o Aeropolicial de Fronteira (Saer-Fron), da Pol\u00edcia Civil, foram apreendidas mais de 1.000 garrafas de bebida alco\u00f3lica oriundas da Argentina. O fato aconteceu por volta das 10h40, no KM 115,100 da SC-370, &hellip; Descaminho: mais de mil garrafas s\u00e3o apreendidas em Gr\u00e3o-Par\u00e1 Read More &raquo;\" \/>\n<meta property=\"og:url\" content=\"https:\/\/sulsc.com\/index.php\/2023\/09\/12\/descaminho-mais-de-mil-garrafas-sao-apreendidas-em-grao-para\/\" \/>\n<meta property=\"article:author\" content=\"https:\/\/www.facebook.com\/profile.php?id=61559278119680\" \/>\n<meta property=\"article:published_time\" content=\"2023-09-12T11:30:06+00:00\" \/>\n<meta property=\"article:modified_time\" content=\"2023-09-12T11:10:37+00:00\" \/>\n<meta property=\"og:image\" content=\"https:\/\/sulsc.com\/wp-content\/uploads\/2023\/09\/apreensao_grao-para02.gif\" \/>\n\t<meta property=\"og:image:width\" content=\"720\" \/>\n\t<meta property=\"og:image:height\" content=\"405\" \/>\n\t<meta property=\"og:image:type\" content=\"image\/gif\" \/>\n<meta name=\"author\" content=\"Reda\u00e7\u00e3o Sul SC\" \/>\n<meta name=\"twitter:card\" content=\"summary_large_image\" \/>\n<meta name=\"twitter:creator\" content=\"@https:\/\/twitter.com\/PortalSulSC\" \/>\n<meta name=\"twitter:label1\" content=\"Written by\" \/>\n\t<meta name=\"twitter:data1\" content=\"Reda\u00e7\u00e3o Sul SC\" \/>\n\t<meta name=\"twitter:label2\" content=\"Est. reading time\" \/>\n\t<meta name=\"twitter:data2\" content=\"1 minute\" \/>\n<script type=\"application\/ld+json\" class=\"yoast-schema-graph\">{\"@context\":\"https:\/\/schema.org\",\"@graph\":[{\"@type\":\"WebPage\",\"@id\":\"https:\/\/sulsc.com\/index.php\/2023\/09\/12\/descaminho-mais-de-mil-garrafas-sao-apreendidas-em-grao-para\/\",\"url\":\"https:\/\/sulsc.com\/index.php\/2023\/09\/12\/descaminho-mais-de-mil-garrafas-sao-apreendidas-em-grao-para\/\",\"name\":\"Descaminho: mais de mil garrafas s\u00e3o apreendidas em Gr\u00e3o-Par\u00e1 -\",\"isPartOf\":{\"@id\":\"https:\/\/sulsc.com\/#website\"},\"datePublished\":\"2023-09-12T11:30:06+00:00\",\"dateModified\":\"2023-09-12T11:10:37+00:00\",\"author\":{\"@id\":\"https:\/\/sulsc.com\/#\/schema\/person\/84d2fc571684f6248ba83092f07750a3\"},\"breadcrumb\":{\"@id\":\"https:\/\/sulsc.com\/index.php\/2023\/09\/12\/descaminho-mais-de-mil-garrafas-sao-apreendidas-em-grao-para\/#breadcrumb\"},\"inLanguage\":\"en-US\",\"potentialAction\":[{\"@type\":\"ReadAction\",\"target\":[\"https:\/\/sulsc.com\/index.php\/2023\/09\/12\/descaminho-mais-de-mil-garrafas-sao-apreendidas-em-grao-para\/\"]}]},{\"@type\":\"BreadcrumbList\",\"@id\":\"https:\/\/sulsc.com\/index.php\/2023\/09\/12\/descaminho-mais-de-mil-garrafas-sao-apreendidas-em-grao-para\/#breadcrumb\",\"itemListElement\":[{\"@type\":\"ListItem\",\"position\":1,\"name\":\"In\u00edcio\",\"item\":\"https:\/\/sulsc.com\/\"},{\"@type\":\"ListItem\",\"position\":2,\"name\":\"Descaminho: mais de mil garrafas s\u00e3o apreendidas em Gr\u00e3o-Par\u00e1\"}]},{\"@type\":\"WebSite\",\"@id\":\"https:\/\/sulsc.com\/#website\",\"url\":\"https:\/\/sulsc.com\/\",\"name\":\"\",\"description\":\"\",\"potentialAction\":[{\"@type\":\"SearchAction\",\"target\":{\"@type\":\"EntryPoint\",\"urlTemplate\":\"https:\/\/sulsc.com\/?s={search_term_string}\"},\"query-input\":\"required name=search_term_string\"}],\"inLanguage\":\"en-US\"},{\"@type\":\"Person\",\"@id\":\"https:\/\/sulsc.com\/#\/schema\/person\/84d2fc571684f6248ba83092f07750a3\",\"name\":\"Reda\u00e7\u00e3o Sul SC\",\"image\":{\"@type\":\"ImageObject\",\"inLanguage\":\"en-US\",\"@id\":\"https:\/\/sulsc.com\/#\/schema\/person\/image\/e08d7fe2cc4ed596372063bbe852b8d0\",\"url\":\"https:\/\/sulsc.com\/wp-content\/uploads\/2023\/09\/redacao.png\",\"contentUrl\":\"https:\/\/sulsc.com\/wp-content\/uploads\/2023\/09\/redacao.png\",\"caption\":\"Reda\u00e7\u00e3o Sul SC\"},\"description\":\"Foco em um jornalismo imparcial, voltado \u00e0 qualidade dos seus conte\u00fados e, assim, levar informa\u00e7\u00e3o de valor que agregue \u00e0 vida dos leitores. Esta \u00e9 grande miss\u00e3o do Portal de Not\u00edcias Sul SC. N\u00e3o \u00e9 quantidade que muda o mundo, sempre foi e seguir\u00e1 sendo qualidade!\",\"sameAs\":[\"https:\/\/sulsc.com\/\",\"https:\/\/www.facebook.com\/profile.php?id=61559278119680\",\"https:\/\/www.instagram.com\/sulscportal\/?hl=pt-br\",\"https:\/\/twitter.com\/https:\/\/twitter.com\/PortalSulSC\",\"https:\/\/www.youtube.com\/channel\/UCv_BE8GeySluDov2n8qhVmw\"],\"url\":\"https:\/\/sulsc.com\/index.php\/author\/redacao\/\"}]}<\/script>\n<!-- \/ Yoast SEO plugin. -->","yoast_head_json":{"title":"Descaminho: mais de mil garrafas s\u00e3o apreendidas em Gr\u00e3o-Par\u00e1 -","robots":{"index":"index","follow":"follow","max-snippet":"max-snippet:-1","max-image-preview":"max-image-preview:large","max-video-preview":"max-video-preview:-1"},"canonical":"https:\/\/sulsc.com\/index.php\/2023\/09\/12\/descaminho-mais-de-mil-garrafas-sao-apreendidas-em-grao-para\/","og_locale":"en_US","og_type":"article","og_title":"Descaminho: mais de mil garrafas s\u00e3o apreendidas em Gr\u00e3o-Par\u00e1 -","og_description":"Durante uma fiscaliza\u00e7\u00e3o de tr\u00e2nsito que envolvia as guarni\u00e7\u00f5es de \u00e1rea do 35\u00ba Batalh\u00e3o de Pol\u00edcia Militar (BPM), Pol\u00edcia Militar Rodovi\u00e1ria (PMRv) e Servi\u00e7o Aeropolicial de Fronteira (Saer-Fron), da Pol\u00edcia Civil, foram apreendidas mais de 1.000 garrafas de bebida alco\u00f3lica oriundas da Argentina. O fato aconteceu por volta das 10h40, no KM 115,100 da SC-370, &hellip; Descaminho: mais de mil garrafas s\u00e3o apreendidas em Gr\u00e3o-Par\u00e1 Read More &raquo;","og_url":"https:\/\/sulsc.com\/index.php\/2023\/09\/12\/descaminho-mais-de-mil-garrafas-sao-apreendidas-em-grao-para\/","article_author":"https:\/\/www.facebook.com\/profile.php?id=61559278119680","article_published_time":"2023-09-12T11:30:06+00:00","article_modified_time":"2023-09-12T11:10:37+00:00","og_image":[{"width":720,"height":405,"url":"https:\/\/sulsc.com\/wp-content\/uploads\/2023\/09\/apreensao_grao-para02.gif","type":"image\/gif"}],"author":"Reda\u00e7\u00e3o Sul SC","twitter_card":"summary_large_image","twitter_creator":"@https:\/\/twitter.com\/PortalSulSC","twitter_misc":{"Written by":"Reda\u00e7\u00e3o Sul SC","Est. reading time":"1 minute"},"schema":{"@context":"https:\/\/schema.org","@graph":[{"@type":"WebPage","@id":"https:\/\/sulsc.com\/index.php\/2023\/09\/12\/descaminho-mais-de-mil-garrafas-sao-apreendidas-em-grao-para\/","url":"https:\/\/sulsc.com\/index.php\/2023\/09\/12\/descaminho-mais-de-mil-garrafas-sao-apreendidas-em-grao-para\/","name":"Descaminho: mais de mil garrafas s\u00e3o apreendidas em Gr\u00e3o-Par\u00e1 -","isPartOf":{"@id":"https:\/\/sulsc.com\/#website"},"datePublished":"2023-09-12T11:30:06+00:00","dateModified":"2023-09-12T11:10:37+00:00","author":{"@id":"https:\/\/sulsc.com\/#\/schema\/person\/84d2fc571684f6248ba83092f07750a3"},"breadcrumb":{"@id":"https:\/\/sulsc.com\/index.php\/2023\/09\/12\/descaminho-mais-de-mil-garrafas-sao-apreendidas-em-grao-para\/#breadcrumb"},"inLanguage":"en-US","potentialAction":[{"@type":"ReadAction","target":["https:\/\/sulsc.com\/index.php\/2023\/09\/12\/descaminho-mais-de-mil-garrafas-sao-apreendidas-em-grao-para\/"]}]},{"@type":"BreadcrumbList","@id":"https:\/\/sulsc.com\/index.php\/2023\/09\/12\/descaminho-mais-de-mil-garrafas-sao-apreendidas-em-grao-para\/#breadcrumb","itemListElement":[{"@type":"ListItem","position":1,"name":"In\u00edcio","item":"https:\/\/sulsc.com\/"},{"@type":"ListItem","position":2,"name":"Descaminho: mais de mil garrafas s\u00e3o apreendidas em Gr\u00e3o-Par\u00e1"}]},{"@type":"WebSite","@id":"https:\/\/sulsc.com\/#website","url":"https:\/\/sulsc.com\/","name":"","description":"","potentialAction":[{"@type":"SearchAction","target":{"@type":"EntryPoint","urlTemplate":"https:\/\/sulsc.com\/?s={search_term_string}"},"query-input":"required name=search_term_string"}],"inLanguage":"en-US"},{"@type":"Person","@id":"https:\/\/sulsc.com\/#\/schema\/person\/84d2fc571684f6248ba83092f07750a3","name":"Reda\u00e7\u00e3o Sul SC","image":{"@type":"ImageObject","inLanguage":"en-US","@id":"https:\/\/sulsc.com\/#\/schema\/person\/image\/e08d7fe2cc4ed596372063bbe852b8d0","url":"https:\/\/sulsc.com\/wp-content\/uploads\/2023\/09\/redacao.png","contentUrl":"https:\/\/sulsc.com\/wp-content\/uploads\/2023\/09\/redacao.png","caption":"Reda\u00e7\u00e3o Sul SC"},"description":"Foco em um jornalismo imparcial, voltado \u00e0 qualidade dos seus conte\u00fados e, assim, levar informa\u00e7\u00e3o de valor que agregue \u00e0 vida dos leitores. Esta \u00e9 grande miss\u00e3o do Portal de Not\u00edcias Sul SC. N\u00e3o \u00e9 quantidade que muda o mundo, sempre foi e seguir\u00e1 sendo qualidade!","sameAs":["https:\/\/sulsc.com\/","https:\/\/www.facebook.com\/profile.php?id=61559278119680","https:\/\/www.instagram.com\/sulscportal\/?hl=pt-br","https:\/\/twitter.com\/https:\/\/twitter.com\/PortalSulSC","https:\/\/www.youtube.com\/channel\/UCv_BE8GeySluDov2n8qhVmw"],"url":"https:\/\/sulsc.com\/index.php\/author\/redacao\/"}]}},"authors":[],"_links":{"self":[{"href":"https:\/\/sulsc.com\/index.php\/wp-json\/wp\/v2\/posts\/1004"}],"collection":[{"href":"https:\/\/sulsc.com\/index.php\/wp-json\/wp\/v2\/posts"}],"about":[{"href":"https:\/\/sulsc.com\/index.php\/wp-json\/wp\/v2\/types\/post"}],"author":[{"embeddable":true,"href":"https:\/\/sulsc.com\/index.php\/wp-json\/wp\/v2\/users\/3"}],"replies":[{"embeddable":true,"href":"https:\/\/sulsc.com\/index.php\/wp-json\/wp\/v2\/comments?post=1004"}],"version-history":[{"count":1,"href":"https:\/\/sulsc.com\/index.php\/wp-json\/wp\/v2\/posts\/1004\/revisions"}],"predecessor-version":[{"id":1007,"href":"https:\/\/sulsc.com\/index.php\/wp-json\/wp\/v2\/posts\/1004\/revisions\/1007"}],"wp:featuredmedia":[{"embeddable":true,"href":"https:\/\/sulsc.com\/index.php\/wp-json\/wp\/v2\/media\/1005"}],"wp:attachment":[{"href":"https:\/\/sulsc.com\/index.php\/wp-json\/wp\/v2\/media?parent=1004"}],"wp:term":[{"taxonomy":"category","embeddable":true,"href":"https:\/\/sulsc.com\/index.php\/wp-json\/wp\/v2\/categories?post=1004"},{"taxonomy":"post_tag","embeddable":true,"href":"https:\/\/sulsc.com\/index.php\/wp-json\/wp\/v2\/tags?post=1004"}],"curies":[{"name":"wp","href":"https:\/\/api.w.org\/{rel}","templated":true}]}}