{"id":1009,"date":"2023-09-12T09:00:49","date_gmt":"2023-09-12T12:00:49","guid":{"rendered":"https:\/\/sulsc.com\/?p=1009"},"modified":"2023-09-12T08:10:20","modified_gmt":"2023-09-12T11:10:20","slug":"dia-inicia-com-sol-e-calor-mas-frente-fria-se-aproxima","status":"publish","type":"post","link":"https:\/\/sulsc.com\/index.php\/2023\/09\/12\/dia-inicia-com-sol-e-calor-mas-frente-fria-se-aproxima\/","title":{"rendered":"Dia inicia com sol e calor, mas frente fria se aproxima"},"content":{"rendered":"<p>Sol e muito calor com temperatura m\u00e1xima de 35\u00baC e m\u00ednima de 18\u00baC. Assim ser\u00e1 a ter\u00e7a-feira (12): com tempo bom. Apenas no final do dia e a noite pode ocorre pancadas de chuva isoladas com trovoadas. Isso por conta da aproxima\u00e7\u00e3o de uma frente fria do Rio Grande do Sul.<\/p>\n<p>Desta forma, para a quarta-feira (13), a previs\u00e3o ser\u00e1 de tempo fechado com pancadas de chuva e possibilidade de temporais isolados. Da mesma forma ser\u00e1 a quinta-feira (14).<\/p>\n<p>A temperatura apresenta queda nos dois dias e fica entre 10\u00baC e 25\u00baC. A frente fria se afasta e a sexta-feira (15), ser\u00e1 de sol e tempo bom. A temperatura deve permanecer entre 8\u00baC e 21\u00baC.<\/p>\n<p>&nbsp;<\/p>\n<p>Fonte: Litoral Sul<\/p>\n","protected":false},"excerpt":{"rendered":"<p>Sol e muito calor com temperatura m\u00e1xima de 35\u00baC e m\u00ednima de 18\u00baC. Assim ser\u00e1 a ter\u00e7a-feira (12): com tempo bom. Apenas no final do dia e a noite pode ocorre pancadas de chuva isoladas com trovoadas. Isso por conta da aproxima\u00e7\u00e3o de uma frente fria do Rio Grande do Sul. Desta forma, para a &hellip;<\/p>\n<p class=\"read-more\"> <a class=\"\" href=\"https:\/\/sulsc.com\/index.php\/2023\/09\/12\/dia-inicia-com-sol-e-calor-mas-frente-fria-se-aproxima\/\"> <span class=\"screen-reader-text\">Dia inicia com sol e calor, mas frente fria se aproxima<\/span> Read More &raquo;<\/a><\/p>\n","protected":false},"author":3,"featured_media":1010,"comment_status":"open","ping_status":"open","sticky":false,"template":"","format":"standard","meta":{"site-sidebar-layout":"default","site-content-layout":"default","ast-site-content-layout":"","site-content-style":"default","site-sidebar-style":"default","ast-global-header-display":"","ast-banner-title-visibility":"","ast-main-header-display":"","ast-hfb-above-header-display":"","ast-hfb-below-header-display":"","ast-hfb-mobile-header-display":"","site-post-title":"","ast-breadcrumbs-content":"","ast-featured-img":"","footer-sml-layout":"","theme-transparent-header-meta":"default","adv-header-id-meta":"","stick-header-meta":"","header-above-stick-meta":"","header-main-stick-meta":"","header-below-stick-meta":"","astra-migrate-meta-layouts":"","footnotes":""},"categories":[1,38],"tags":[],"yoast_head":"<!-- This site is optimized with the Yoast SEO plugin v21.4 - https:\/\/yoast.com\/wordpress\/plugins\/seo\/ -->\n<title>Dia inicia com sol e calor, mas frente fria se aproxima -<\/title>\n<meta name=\"robots\" content=\"index, follow, max-snippet:-1, max-image-preview:large, max-video-preview:-1\" \/>\n<link rel=\"canonical\" href=\"https:\/\/sulsc.com\/index.php\/2023\/09\/12\/dia-inicia-com-sol-e-calor-mas-frente-fria-se-aproxima\/\" \/>\n<meta property=\"og:locale\" content=\"en_US\" \/>\n<meta property=\"og:type\" content=\"article\" \/>\n<meta property=\"og:title\" content=\"Dia inicia com sol e calor, mas frente fria se aproxima -\" \/>\n<meta property=\"og:description\" content=\"Sol e muito calor com temperatura m\u00e1xima de 35\u00baC e m\u00ednima de 18\u00baC. Assim ser\u00e1 a ter\u00e7a-feira (12): com tempo bom. Apenas no final do dia e a noite pode ocorre pancadas de chuva isoladas com trovoadas. Isso por conta da aproxima\u00e7\u00e3o de uma frente fria do Rio Grande do Sul. Desta forma, para a &hellip; Dia inicia com sol e calor, mas frente fria se aproxima Read More &raquo;\" \/>\n<meta property=\"og:url\" content=\"https:\/\/sulsc.com\/index.php\/2023\/09\/12\/dia-inicia-com-sol-e-calor-mas-frente-fria-se-aproxima\/\" \/>\n<meta property=\"article:author\" content=\"https:\/\/www.facebook.com\/profile.php?id=61559278119680\" \/>\n<meta property=\"article:published_time\" content=\"2023-09-12T12:00:49+00:00\" \/>\n<meta property=\"article:modified_time\" content=\"2023-09-12T11:10:20+00:00\" \/>\n<meta property=\"og:image\" content=\"https:\/\/sulsc.com\/wp-content\/uploads\/2023\/09\/previsao-do-tempo.webp\" \/>\n\t<meta property=\"og:image:width\" content=\"1130\" \/>\n\t<meta property=\"og:image:height\" content=\"580\" \/>\n\t<meta property=\"og:image:type\" content=\"image\/webp\" \/>\n<meta name=\"author\" content=\"Reda\u00e7\u00e3o Sul SC\" \/>\n<meta name=\"twitter:card\" content=\"summary_large_image\" \/>\n<meta name=\"twitter:creator\" content=\"@https:\/\/twitter.com\/PortalSulSC\" \/>\n<meta name=\"twitter:label1\" content=\"Written by\" \/>\n\t<meta name=\"twitter:data1\" content=\"Reda\u00e7\u00e3o Sul SC\" \/>\n\t<meta name=\"twitter:label2\" content=\"Est. reading time\" \/>\n\t<meta name=\"twitter:data2\" content=\"1 minute\" \/>\n<script type=\"application\/ld+json\" class=\"yoast-schema-graph\">{\"@context\":\"https:\/\/schema.org\",\"@graph\":[{\"@type\":\"WebPage\",\"@id\":\"https:\/\/sulsc.com\/index.php\/2023\/09\/12\/dia-inicia-com-sol-e-calor-mas-frente-fria-se-aproxima\/\",\"url\":\"https:\/\/sulsc.com\/index.php\/2023\/09\/12\/dia-inicia-com-sol-e-calor-mas-frente-fria-se-aproxima\/\",\"name\":\"Dia inicia com sol e calor, mas frente fria se aproxima -\",\"isPartOf\":{\"@id\":\"https:\/\/sulsc.com\/#website\"},\"datePublished\":\"2023-09-12T12:00:49+00:00\",\"dateModified\":\"2023-09-12T11:10:20+00:00\",\"author\":{\"@id\":\"https:\/\/sulsc.com\/#\/schema\/person\/84d2fc571684f6248ba83092f07750a3\"},\"breadcrumb\":{\"@id\":\"https:\/\/sulsc.com\/index.php\/2023\/09\/12\/dia-inicia-com-sol-e-calor-mas-frente-fria-se-aproxima\/#breadcrumb\"},\"inLanguage\":\"en-US\",\"potentialAction\":[{\"@type\":\"ReadAction\",\"target\":[\"https:\/\/sulsc.com\/index.php\/2023\/09\/12\/dia-inicia-com-sol-e-calor-mas-frente-fria-se-aproxima\/\"]}]},{\"@type\":\"BreadcrumbList\",\"@id\":\"https:\/\/sulsc.com\/index.php\/2023\/09\/12\/dia-inicia-com-sol-e-calor-mas-frente-fria-se-aproxima\/#breadcrumb\",\"itemListElement\":[{\"@type\":\"ListItem\",\"position\":1,\"name\":\"In\u00edcio\",\"item\":\"https:\/\/sulsc.com\/\"},{\"@type\":\"ListItem\",\"position\":2,\"name\":\"Dia inicia com sol e calor, mas frente fria se aproxima\"}]},{\"@type\":\"WebSite\",\"@id\":\"https:\/\/sulsc.com\/#website\",\"url\":\"https:\/\/sulsc.com\/\",\"name\":\"\",\"description\":\"\",\"potentialAction\":[{\"@type\":\"SearchAction\",\"target\":{\"@type\":\"EntryPoint\",\"urlTemplate\":\"https:\/\/sulsc.com\/?s={search_term_string}\"},\"query-input\":\"required name=search_term_string\"}],\"inLanguage\":\"en-US\"},{\"@type\":\"Person\",\"@id\":\"https:\/\/sulsc.com\/#\/schema\/person\/84d2fc571684f6248ba83092f07750a3\",\"name\":\"Reda\u00e7\u00e3o Sul SC\",\"image\":{\"@type\":\"ImageObject\",\"inLanguage\":\"en-US\",\"@id\":\"https:\/\/sulsc.com\/#\/schema\/person\/image\/e08d7fe2cc4ed596372063bbe852b8d0\",\"url\":\"https:\/\/sulsc.com\/wp-content\/uploads\/2023\/09\/redacao.png\",\"contentUrl\":\"https:\/\/sulsc.com\/wp-content\/uploads\/2023\/09\/redacao.png\",\"caption\":\"Reda\u00e7\u00e3o Sul SC\"},\"description\":\"Foco em um jornalismo imparcial, voltado \u00e0 qualidade dos seus conte\u00fados e, assim, levar informa\u00e7\u00e3o de valor que agregue \u00e0 vida dos leitores. Esta \u00e9 grande miss\u00e3o do Portal de Not\u00edcias Sul SC. N\u00e3o \u00e9 quantidade que muda o mundo, sempre foi e seguir\u00e1 sendo qualidade!\",\"sameAs\":[\"https:\/\/sulsc.com\/\",\"https:\/\/www.facebook.com\/profile.php?id=61559278119680\",\"https:\/\/www.instagram.com\/sulscportal\/?hl=pt-br\",\"https:\/\/twitter.com\/https:\/\/twitter.com\/PortalSulSC\",\"https:\/\/www.youtube.com\/channel\/UCv_BE8GeySluDov2n8qhVmw\"],\"url\":\"https:\/\/sulsc.com\/index.php\/author\/redacao\/\"}]}<\/script>\n<!-- \/ Yoast SEO plugin. -->","yoast_head_json":{"title":"Dia inicia com sol e calor, mas frente fria se aproxima -","robots":{"index":"index","follow":"follow","max-snippet":"max-snippet:-1","max-image-preview":"max-image-preview:large","max-video-preview":"max-video-preview:-1"},"canonical":"https:\/\/sulsc.com\/index.php\/2023\/09\/12\/dia-inicia-com-sol-e-calor-mas-frente-fria-se-aproxima\/","og_locale":"en_US","og_type":"article","og_title":"Dia inicia com sol e calor, mas frente fria se aproxima -","og_description":"Sol e muito calor com temperatura m\u00e1xima de 35\u00baC e m\u00ednima de 18\u00baC. Assim ser\u00e1 a ter\u00e7a-feira (12): com tempo bom. Apenas no final do dia e a noite pode ocorre pancadas de chuva isoladas com trovoadas. Isso por conta da aproxima\u00e7\u00e3o de uma frente fria do Rio Grande do Sul. Desta forma, para a &hellip; Dia inicia com sol e calor, mas frente fria se aproxima Read More &raquo;","og_url":"https:\/\/sulsc.com\/index.php\/2023\/09\/12\/dia-inicia-com-sol-e-calor-mas-frente-fria-se-aproxima\/","article_author":"https:\/\/www.facebook.com\/profile.php?id=61559278119680","article_published_time":"2023-09-12T12:00:49+00:00","article_modified_time":"2023-09-12T11:10:20+00:00","og_image":[{"width":1130,"height":580,"url":"https:\/\/sulsc.com\/wp-content\/uploads\/2023\/09\/previsao-do-tempo.webp","type":"image\/webp"}],"author":"Reda\u00e7\u00e3o Sul SC","twitter_card":"summary_large_image","twitter_creator":"@https:\/\/twitter.com\/PortalSulSC","twitter_misc":{"Written by":"Reda\u00e7\u00e3o Sul SC","Est. reading time":"1 minute"},"schema":{"@context":"https:\/\/schema.org","@graph":[{"@type":"WebPage","@id":"https:\/\/sulsc.com\/index.php\/2023\/09\/12\/dia-inicia-com-sol-e-calor-mas-frente-fria-se-aproxima\/","url":"https:\/\/sulsc.com\/index.php\/2023\/09\/12\/dia-inicia-com-sol-e-calor-mas-frente-fria-se-aproxima\/","name":"Dia inicia com sol e calor, mas frente fria se aproxima -","isPartOf":{"@id":"https:\/\/sulsc.com\/#website"},"datePublished":"2023-09-12T12:00:49+00:00","dateModified":"2023-09-12T11:10:20+00:00","author":{"@id":"https:\/\/sulsc.com\/#\/schema\/person\/84d2fc571684f6248ba83092f07750a3"},"breadcrumb":{"@id":"https:\/\/sulsc.com\/index.php\/2023\/09\/12\/dia-inicia-com-sol-e-calor-mas-frente-fria-se-aproxima\/#breadcrumb"},"inLanguage":"en-US","potentialAction":[{"@type":"ReadAction","target":["https:\/\/sulsc.com\/index.php\/2023\/09\/12\/dia-inicia-com-sol-e-calor-mas-frente-fria-se-aproxima\/"]}]},{"@type":"BreadcrumbList","@id":"https:\/\/sulsc.com\/index.php\/2023\/09\/12\/dia-inicia-com-sol-e-calor-mas-frente-fria-se-aproxima\/#breadcrumb","itemListElement":[{"@type":"ListItem","position":1,"name":"In\u00edcio","item":"https:\/\/sulsc.com\/"},{"@type":"ListItem","position":2,"name":"Dia inicia com sol e calor, mas frente fria se aproxima"}]},{"@type":"WebSite","@id":"https:\/\/sulsc.com\/#website","url":"https:\/\/sulsc.com\/","name":"","description":"","potentialAction":[{"@type":"SearchAction","target":{"@type":"EntryPoint","urlTemplate":"https:\/\/sulsc.com\/?s={search_term_string}"},"query-input":"required name=search_term_string"}],"inLanguage":"en-US"},{"@type":"Person","@id":"https:\/\/sulsc.com\/#\/schema\/person\/84d2fc571684f6248ba83092f07750a3","name":"Reda\u00e7\u00e3o Sul SC","image":{"@type":"ImageObject","inLanguage":"en-US","@id":"https:\/\/sulsc.com\/#\/schema\/person\/image\/e08d7fe2cc4ed596372063bbe852b8d0","url":"https:\/\/sulsc.com\/wp-content\/uploads\/2023\/09\/redacao.png","contentUrl":"https:\/\/sulsc.com\/wp-content\/uploads\/2023\/09\/redacao.png","caption":"Reda\u00e7\u00e3o Sul SC"},"description":"Foco em um jornalismo imparcial, voltado \u00e0 qualidade dos seus conte\u00fados e, assim, levar informa\u00e7\u00e3o de valor que agregue \u00e0 vida dos leitores. Esta \u00e9 grande miss\u00e3o do Portal de Not\u00edcias Sul SC. N\u00e3o \u00e9 quantidade que muda o mundo, sempre foi e seguir\u00e1 sendo qualidade!","sameAs":["https:\/\/sulsc.com\/","https:\/\/www.facebook.com\/profile.php?id=61559278119680","https:\/\/www.instagram.com\/sulscportal\/?hl=pt-br","https:\/\/twitter.com\/https:\/\/twitter.com\/PortalSulSC","https:\/\/www.youtube.com\/channel\/UCv_BE8GeySluDov2n8qhVmw"],"url":"https:\/\/sulsc.com\/index.php\/author\/redacao\/"}]}},"authors":[],"_links":{"self":[{"href":"https:\/\/sulsc.com\/index.php\/wp-json\/wp\/v2\/posts\/1009"}],"collection":[{"href":"https:\/\/sulsc.com\/index.php\/wp-json\/wp\/v2\/posts"}],"about":[{"href":"https:\/\/sulsc.com\/index.php\/wp-json\/wp\/v2\/types\/post"}],"author":[{"embeddable":true,"href":"https:\/\/sulsc.com\/index.php\/wp-json\/wp\/v2\/users\/3"}],"replies":[{"embeddable":true,"href":"https:\/\/sulsc.com\/index.php\/wp-json\/wp\/v2\/comments?post=1009"}],"version-history":[{"count":1,"href":"https:\/\/sulsc.com\/index.php\/wp-json\/wp\/v2\/posts\/1009\/revisions"}],"predecessor-version":[{"id":1011,"href":"https:\/\/sulsc.com\/index.php\/wp-json\/wp\/v2\/posts\/1009\/revisions\/1011"}],"wp:featuredmedia":[{"embeddable":true,"href":"https:\/\/sulsc.com\/index.php\/wp-json\/wp\/v2\/media\/1010"}],"wp:attachment":[{"href":"https:\/\/sulsc.com\/index.php\/wp-json\/wp\/v2\/media?parent=1009"}],"wp:term":[{"taxonomy":"category","embeddable":true,"href":"https:\/\/sulsc.com\/index.php\/wp-json\/wp\/v2\/categories?post=1009"},{"taxonomy":"post_tag","embeddable":true,"href":"https:\/\/sulsc.com\/index.php\/wp-json\/wp\/v2\/tags?post=1009"}],"curies":[{"name":"wp","href":"https:\/\/api.w.org\/{rel}","templated":true}]}}