{"id":10092,"date":"2024-03-14T15:27:01","date_gmt":"2024-03-14T18:27:01","guid":{"rendered":"https:\/\/sulsc.com\/?p=10092"},"modified":"2024-03-14T15:27:01","modified_gmt":"2024-03-14T18:27:01","slug":"ribanceira-comemora-quase-uma-decada-de-vitoria-contra-exploradores","status":"publish","type":"post","link":"https:\/\/sulsc.com\/index.php\/2024\/03\/14\/ribanceira-comemora-quase-uma-decada-de-vitoria-contra-exploradores\/","title":{"rendered":"Ribanceira comemora quase uma d\u00e9cada de vit\u00f3ria contra exploradores"},"content":{"rendered":"<p><img fetchpriority=\"high\" decoding=\"async\" class=\"aligncenter  wp-image-10093\" src=\"http:\/\/sulsc.com\/wp-content\/uploads\/2024\/03\/4-8.jpg\" alt=\"\" width=\"1009\" height=\"738\" \/><\/p>\n<p>Em outubro de 2014, um processo de destrui\u00e7\u00e3o que amea\u00e7ava um dos tesouros naturais mais preciosos de <strong>Imbituba<\/strong> foi finalmente interrompido. As Dunas da Ribanceira, situadas na praia de mesmo nome, haviam sido submetidas a d\u00e9cadas de explora\u00e7\u00e3o para a produ\u00e7\u00e3o de materiais de constru\u00e7\u00e3o e at\u00e9 mesmo como aterro em obras governamentais.<\/p>\n<p>O Movimento SOS Dunas liderou a luta pela preserva\u00e7\u00e3o dessas dunas desde o in\u00edcio dos anos 90, com uma persist\u00eancia que ecoou at\u00e9 os dias atuais. O marco dessa preserva\u00e7\u00e3o ocorreu quando a justi\u00e7a federal, juntamente com o ICMBio e a Prefeitura de Imbituba, determinou o cessar da extra\u00e7\u00e3o de areia das Dunas da Ribanceira. Este foi um momento crucial n\u00e3o s\u00f3 para a prote\u00e7\u00e3o dessas dunas, mas tamb\u00e9m para sensibilizar a comunidade sobre a import\u00e2ncia da preserva\u00e7\u00e3o ambiental.<\/p>\n<p>Ao longo das d\u00e9cadas, a extra\u00e7\u00e3o de areia havia sido intensificada, chegando a cerca de 80 caminh\u00f5es por dia durante os anos 2000, conforme denunciado pelo Minist\u00e9rio P\u00fablico. Essa explora\u00e7\u00e3o desenfreada ocorria sem os devidos cuidados ambientais, como o tratamento adequado para uso na constru\u00e7\u00e3o civil, e sem os estudos necess\u00e1rios de impacto ambiental.<\/p>\n<p>Apesar de enfrentar 12 embargos ao longo dos anos, a empresa respons\u00e1vel pela extra\u00e7\u00e3o continuava suas atividades, amea\u00e7ando a exist\u00eancia das Dunas da Ribanceira. No entanto, a resist\u00eancia de alguns cidad\u00e3os imbitubenses, que consideravam essa atividade uma verdadeira agress\u00e3o ambiental, foi fundamental para deter esse processo de destrui\u00e7\u00e3o.<\/p>\n<p>O ano de 2024 marca uma d\u00e9cada desde que as Dunas da Ribanceira foram finalmente protegidas. O SOS Dunas da Ribanceira celebra esse marco, agradecendo a todos que contribu\u00edram para p\u00f4r fim a esse crime ambiental. Nas redes sociais, o movimento destaca suas conquistas ao longo desses anos, acompanhadas pelo som da Banda local Fishmen, em um tributo \u00e0 perseveran\u00e7a e \u00e0 determina\u00e7\u00e3o na defesa do meio ambiente.<\/p>\n<p><em>Fonte: Surfmais<\/em><\/p>\n<p>&nbsp;<\/p>\n<p>&nbsp;<\/p>\n<p>&nbsp;<\/p>\n","protected":false},"excerpt":{"rendered":"<p>Em outubro de 2014, um processo de destrui\u00e7\u00e3o que amea\u00e7ava um dos tesouros naturais mais preciosos de Imbituba foi finalmente interrompido. As Dunas da Ribanceira, situadas na praia de mesmo nome, haviam sido submetidas a d\u00e9cadas de explora\u00e7\u00e3o para a produ\u00e7\u00e3o de materiais de constru\u00e7\u00e3o e at\u00e9 mesmo como aterro em obras governamentais. O Movimento &hellip;<\/p>\n<p class=\"read-more\"> <a class=\"\" href=\"https:\/\/sulsc.com\/index.php\/2024\/03\/14\/ribanceira-comemora-quase-uma-decada-de-vitoria-contra-exploradores\/\"> <span class=\"screen-reader-text\">Ribanceira comemora quase uma d\u00e9cada de vit\u00f3ria contra exploradores<\/span> Read More &raquo;<\/a><\/p>\n","protected":false},"author":3,"featured_media":10093,"comment_status":"open","ping_status":"open","sticky":false,"template":"","format":"standard","meta":{"site-sidebar-layout":"default","site-content-layout":"","ast-site-content-layout":"default","site-content-style":"default","site-sidebar-style":"default","ast-global-header-display":"","ast-banner-title-visibility":"","ast-main-header-display":"","ast-hfb-above-header-display":"","ast-hfb-below-header-display":"","ast-hfb-mobile-header-display":"","site-post-title":"","ast-breadcrumbs-content":"","ast-featured-img":"","footer-sml-layout":"","theme-transparent-header-meta":"default","adv-header-id-meta":"","stick-header-meta":"","header-above-stick-meta":"","header-main-stick-meta":"","header-below-stick-meta":"","astra-migrate-meta-layouts":"set","footnotes":""},"categories":[17],"tags":[],"yoast_head":"<!-- This site is optimized with the Yoast SEO plugin v21.4 - https:\/\/yoast.com\/wordpress\/plugins\/seo\/ -->\n<title>Ribanceira comemora quase uma d\u00e9cada de vit\u00f3ria contra exploradores -<\/title>\n<meta name=\"description\" content=\"O marco dessa preserva\u00e7\u00e3o ocorreu quando a justi\u00e7a federal, juntamente com o ICMBio e a Prefeitura de Imbituba, determinou o cessar da extra\u00e7\u00e3o de areia das Dunas da Ribanceira.\" \/>\n<meta name=\"robots\" content=\"index, follow, max-snippet:-1, max-image-preview:large, max-video-preview:-1\" \/>\n<link rel=\"canonical\" href=\"https:\/\/sulsc.com\/index.php\/2024\/03\/14\/ribanceira-comemora-quase-uma-decada-de-vitoria-contra-exploradores\/\" \/>\n<meta property=\"og:locale\" content=\"en_US\" \/>\n<meta property=\"og:type\" content=\"article\" \/>\n<meta property=\"og:title\" content=\"Ribanceira comemora quase uma d\u00e9cada de vit\u00f3ria contra exploradores -\" \/>\n<meta property=\"og:description\" content=\"O marco dessa preserva\u00e7\u00e3o ocorreu quando a justi\u00e7a federal, juntamente com o ICMBio e a Prefeitura de Imbituba, determinou o cessar da extra\u00e7\u00e3o de areia das Dunas da Ribanceira.\" \/>\n<meta property=\"og:url\" content=\"https:\/\/sulsc.com\/index.php\/2024\/03\/14\/ribanceira-comemora-quase-uma-decada-de-vitoria-contra-exploradores\/\" \/>\n<meta property=\"article:author\" content=\"https:\/\/www.facebook.com\/profile.php?id=61559278119680\" \/>\n<meta property=\"article:published_time\" content=\"2024-03-14T18:27:01+00:00\" \/>\n<meta property=\"og:image\" content=\"http:\/\/sulsc.com\/wp-content\/uploads\/2024\/03\/4-8.jpg\" \/>\n\t<meta property=\"og:image:width\" content=\"768\" \/>\n\t<meta property=\"og:image:height\" content=\"576\" \/>\n\t<meta property=\"og:image:type\" content=\"image\/jpeg\" \/>\n<meta name=\"author\" content=\"Reda\u00e7\u00e3o Sul SC\" \/>\n<meta name=\"twitter:card\" content=\"summary_large_image\" \/>\n<meta name=\"twitter:creator\" content=\"@https:\/\/twitter.com\/PortalSulSC\" \/>\n<meta name=\"twitter:label1\" content=\"Written by\" \/>\n\t<meta name=\"twitter:data1\" content=\"Reda\u00e7\u00e3o Sul SC\" \/>\n\t<meta name=\"twitter:label2\" content=\"Est. reading time\" \/>\n\t<meta name=\"twitter:data2\" content=\"2 minutes\" \/>\n<script type=\"application\/ld+json\" class=\"yoast-schema-graph\">{\"@context\":\"https:\/\/schema.org\",\"@graph\":[{\"@type\":\"WebPage\",\"@id\":\"https:\/\/sulsc.com\/index.php\/2024\/03\/14\/ribanceira-comemora-quase-uma-decada-de-vitoria-contra-exploradores\/\",\"url\":\"https:\/\/sulsc.com\/index.php\/2024\/03\/14\/ribanceira-comemora-quase-uma-decada-de-vitoria-contra-exploradores\/\",\"name\":\"Ribanceira comemora quase uma d\u00e9cada de vit\u00f3ria contra exploradores -\",\"isPartOf\":{\"@id\":\"https:\/\/sulsc.com\/#website\"},\"datePublished\":\"2024-03-14T18:27:01+00:00\",\"dateModified\":\"2024-03-14T18:27:01+00:00\",\"author\":{\"@id\":\"https:\/\/sulsc.com\/#\/schema\/person\/84d2fc571684f6248ba83092f07750a3\"},\"description\":\"O marco dessa preserva\u00e7\u00e3o ocorreu quando a justi\u00e7a federal, juntamente com o ICMBio e a Prefeitura de Imbituba, determinou o cessar da extra\u00e7\u00e3o de areia das Dunas da Ribanceira.\",\"breadcrumb\":{\"@id\":\"https:\/\/sulsc.com\/index.php\/2024\/03\/14\/ribanceira-comemora-quase-uma-decada-de-vitoria-contra-exploradores\/#breadcrumb\"},\"inLanguage\":\"en-US\",\"potentialAction\":[{\"@type\":\"ReadAction\",\"target\":[\"https:\/\/sulsc.com\/index.php\/2024\/03\/14\/ribanceira-comemora-quase-uma-decada-de-vitoria-contra-exploradores\/\"]}]},{\"@type\":\"BreadcrumbList\",\"@id\":\"https:\/\/sulsc.com\/index.php\/2024\/03\/14\/ribanceira-comemora-quase-uma-decada-de-vitoria-contra-exploradores\/#breadcrumb\",\"itemListElement\":[{\"@type\":\"ListItem\",\"position\":1,\"name\":\"In\u00edcio\",\"item\":\"https:\/\/sulsc.com\/\"},{\"@type\":\"ListItem\",\"position\":2,\"name\":\"Ribanceira comemora quase uma d\u00e9cada de vit\u00f3ria contra exploradores\"}]},{\"@type\":\"WebSite\",\"@id\":\"https:\/\/sulsc.com\/#website\",\"url\":\"https:\/\/sulsc.com\/\",\"name\":\"\",\"description\":\"\",\"potentialAction\":[{\"@type\":\"SearchAction\",\"target\":{\"@type\":\"EntryPoint\",\"urlTemplate\":\"https:\/\/sulsc.com\/?s={search_term_string}\"},\"query-input\":\"required name=search_term_string\"}],\"inLanguage\":\"en-US\"},{\"@type\":\"Person\",\"@id\":\"https:\/\/sulsc.com\/#\/schema\/person\/84d2fc571684f6248ba83092f07750a3\",\"name\":\"Reda\u00e7\u00e3o Sul SC\",\"image\":{\"@type\":\"ImageObject\",\"inLanguage\":\"en-US\",\"@id\":\"https:\/\/sulsc.com\/#\/schema\/person\/image\/e08d7fe2cc4ed596372063bbe852b8d0\",\"url\":\"https:\/\/sulsc.com\/wp-content\/uploads\/2023\/09\/redacao.png\",\"contentUrl\":\"https:\/\/sulsc.com\/wp-content\/uploads\/2023\/09\/redacao.png\",\"caption\":\"Reda\u00e7\u00e3o Sul SC\"},\"description\":\"Foco em um jornalismo imparcial, voltado \u00e0 qualidade dos seus conte\u00fados e, assim, levar informa\u00e7\u00e3o de valor que agregue \u00e0 vida dos leitores. Esta \u00e9 grande miss\u00e3o do Portal de Not\u00edcias Sul SC. N\u00e3o \u00e9 quantidade que muda o mundo, sempre foi e seguir\u00e1 sendo qualidade!\",\"sameAs\":[\"https:\/\/sulsc.com\/\",\"https:\/\/www.facebook.com\/profile.php?id=61559278119680\",\"https:\/\/www.instagram.com\/sulscportal\/?hl=pt-br\",\"https:\/\/twitter.com\/https:\/\/twitter.com\/PortalSulSC\",\"https:\/\/www.youtube.com\/channel\/UCv_BE8GeySluDov2n8qhVmw\"],\"url\":\"https:\/\/sulsc.com\/index.php\/author\/redacao\/\"}]}<\/script>\n<!-- \/ Yoast SEO plugin. -->","yoast_head_json":{"title":"Ribanceira comemora quase uma d\u00e9cada de vit\u00f3ria contra exploradores -","description":"O marco dessa preserva\u00e7\u00e3o ocorreu quando a justi\u00e7a federal, juntamente com o ICMBio e a Prefeitura de Imbituba, determinou o cessar da extra\u00e7\u00e3o de areia das Dunas da Ribanceira.","robots":{"index":"index","follow":"follow","max-snippet":"max-snippet:-1","max-image-preview":"max-image-preview:large","max-video-preview":"max-video-preview:-1"},"canonical":"https:\/\/sulsc.com\/index.php\/2024\/03\/14\/ribanceira-comemora-quase-uma-decada-de-vitoria-contra-exploradores\/","og_locale":"en_US","og_type":"article","og_title":"Ribanceira comemora quase uma d\u00e9cada de vit\u00f3ria contra exploradores -","og_description":"O marco dessa preserva\u00e7\u00e3o ocorreu quando a justi\u00e7a federal, juntamente com o ICMBio e a Prefeitura de Imbituba, determinou o cessar da extra\u00e7\u00e3o de areia das Dunas da Ribanceira.","og_url":"https:\/\/sulsc.com\/index.php\/2024\/03\/14\/ribanceira-comemora-quase-uma-decada-de-vitoria-contra-exploradores\/","article_author":"https:\/\/www.facebook.com\/profile.php?id=61559278119680","article_published_time":"2024-03-14T18:27:01+00:00","og_image":[{"width":768,"height":576,"url":"http:\/\/sulsc.com\/wp-content\/uploads\/2024\/03\/4-8.jpg","type":"image\/jpeg"}],"author":"Reda\u00e7\u00e3o Sul SC","twitter_card":"summary_large_image","twitter_creator":"@https:\/\/twitter.com\/PortalSulSC","twitter_misc":{"Written by":"Reda\u00e7\u00e3o Sul SC","Est. reading time":"2 minutes"},"schema":{"@context":"https:\/\/schema.org","@graph":[{"@type":"WebPage","@id":"https:\/\/sulsc.com\/index.php\/2024\/03\/14\/ribanceira-comemora-quase-uma-decada-de-vitoria-contra-exploradores\/","url":"https:\/\/sulsc.com\/index.php\/2024\/03\/14\/ribanceira-comemora-quase-uma-decada-de-vitoria-contra-exploradores\/","name":"Ribanceira comemora quase uma d\u00e9cada de vit\u00f3ria contra exploradores -","isPartOf":{"@id":"https:\/\/sulsc.com\/#website"},"datePublished":"2024-03-14T18:27:01+00:00","dateModified":"2024-03-14T18:27:01+00:00","author":{"@id":"https:\/\/sulsc.com\/#\/schema\/person\/84d2fc571684f6248ba83092f07750a3"},"description":"O marco dessa preserva\u00e7\u00e3o ocorreu quando a justi\u00e7a federal, juntamente com o ICMBio e a Prefeitura de Imbituba, determinou o cessar da extra\u00e7\u00e3o de areia das Dunas da Ribanceira.","breadcrumb":{"@id":"https:\/\/sulsc.com\/index.php\/2024\/03\/14\/ribanceira-comemora-quase-uma-decada-de-vitoria-contra-exploradores\/#breadcrumb"},"inLanguage":"en-US","potentialAction":[{"@type":"ReadAction","target":["https:\/\/sulsc.com\/index.php\/2024\/03\/14\/ribanceira-comemora-quase-uma-decada-de-vitoria-contra-exploradores\/"]}]},{"@type":"BreadcrumbList","@id":"https:\/\/sulsc.com\/index.php\/2024\/03\/14\/ribanceira-comemora-quase-uma-decada-de-vitoria-contra-exploradores\/#breadcrumb","itemListElement":[{"@type":"ListItem","position":1,"name":"In\u00edcio","item":"https:\/\/sulsc.com\/"},{"@type":"ListItem","position":2,"name":"Ribanceira comemora quase uma d\u00e9cada de vit\u00f3ria contra exploradores"}]},{"@type":"WebSite","@id":"https:\/\/sulsc.com\/#website","url":"https:\/\/sulsc.com\/","name":"","description":"","potentialAction":[{"@type":"SearchAction","target":{"@type":"EntryPoint","urlTemplate":"https:\/\/sulsc.com\/?s={search_term_string}"},"query-input":"required name=search_term_string"}],"inLanguage":"en-US"},{"@type":"Person","@id":"https:\/\/sulsc.com\/#\/schema\/person\/84d2fc571684f6248ba83092f07750a3","name":"Reda\u00e7\u00e3o Sul SC","image":{"@type":"ImageObject","inLanguage":"en-US","@id":"https:\/\/sulsc.com\/#\/schema\/person\/image\/e08d7fe2cc4ed596372063bbe852b8d0","url":"https:\/\/sulsc.com\/wp-content\/uploads\/2023\/09\/redacao.png","contentUrl":"https:\/\/sulsc.com\/wp-content\/uploads\/2023\/09\/redacao.png","caption":"Reda\u00e7\u00e3o Sul SC"},"description":"Foco em um jornalismo imparcial, voltado \u00e0 qualidade dos seus conte\u00fados e, assim, levar informa\u00e7\u00e3o de valor que agregue \u00e0 vida dos leitores. Esta \u00e9 grande miss\u00e3o do Portal de Not\u00edcias Sul SC. N\u00e3o \u00e9 quantidade que muda o mundo, sempre foi e seguir\u00e1 sendo qualidade!","sameAs":["https:\/\/sulsc.com\/","https:\/\/www.facebook.com\/profile.php?id=61559278119680","https:\/\/www.instagram.com\/sulscportal\/?hl=pt-br","https:\/\/twitter.com\/https:\/\/twitter.com\/PortalSulSC","https:\/\/www.youtube.com\/channel\/UCv_BE8GeySluDov2n8qhVmw"],"url":"https:\/\/sulsc.com\/index.php\/author\/redacao\/"}]}},"authors":[],"_links":{"self":[{"href":"https:\/\/sulsc.com\/index.php\/wp-json\/wp\/v2\/posts\/10092"}],"collection":[{"href":"https:\/\/sulsc.com\/index.php\/wp-json\/wp\/v2\/posts"}],"about":[{"href":"https:\/\/sulsc.com\/index.php\/wp-json\/wp\/v2\/types\/post"}],"author":[{"embeddable":true,"href":"https:\/\/sulsc.com\/index.php\/wp-json\/wp\/v2\/users\/3"}],"replies":[{"embeddable":true,"href":"https:\/\/sulsc.com\/index.php\/wp-json\/wp\/v2\/comments?post=10092"}],"version-history":[{"count":3,"href":"https:\/\/sulsc.com\/index.php\/wp-json\/wp\/v2\/posts\/10092\/revisions"}],"predecessor-version":[{"id":10096,"href":"https:\/\/sulsc.com\/index.php\/wp-json\/wp\/v2\/posts\/10092\/revisions\/10096"}],"wp:featuredmedia":[{"embeddable":true,"href":"https:\/\/sulsc.com\/index.php\/wp-json\/wp\/v2\/media\/10093"}],"wp:attachment":[{"href":"https:\/\/sulsc.com\/index.php\/wp-json\/wp\/v2\/media?parent=10092"}],"wp:term":[{"taxonomy":"category","embeddable":true,"href":"https:\/\/sulsc.com\/index.php\/wp-json\/wp\/v2\/categories?post=10092"},{"taxonomy":"post_tag","embeddable":true,"href":"https:\/\/sulsc.com\/index.php\/wp-json\/wp\/v2\/tags?post=10092"}],"curies":[{"name":"wp","href":"https:\/\/api.w.org\/{rel}","templated":true}]}}