{"id":10128,"date":"2024-03-15T16:32:58","date_gmt":"2024-03-15T19:32:58","guid":{"rendered":"https:\/\/sulsc.com\/?p=10128"},"modified":"2024-03-15T16:32:58","modified_gmt":"2024-03-15T19:32:58","slug":"multidao-deve-se-reunir-em-procissao-centenaria-neste-domingo-17","status":"publish","type":"post","link":"https:\/\/sulsc.com\/index.php\/2024\/03\/15\/multidao-deve-se-reunir-em-procissao-centenaria-neste-domingo-17\/","title":{"rendered":"Multid\u00e3o deve se reunir em prociss\u00e3o centen\u00e1ria neste domingo (17)"},"content":{"rendered":"<p><img fetchpriority=\"high\" decoding=\"async\" class=\"aligncenter size-full wp-image-10129\" src=\"http:\/\/sulsc.com\/wp-content\/uploads\/2024\/03\/22.jpg\" alt=\"\" width=\"985\" height=\"638\" srcset=\"https:\/\/sulsc.com\/wp-content\/uploads\/2024\/03\/22.jpg 985w, https:\/\/sulsc.com\/wp-content\/uploads\/2024\/03\/22-300x194.jpg 300w, https:\/\/sulsc.com\/wp-content\/uploads\/2024\/03\/22-768x497.jpg 768w\" sizes=\"(max-width: 985px) 100vw, 985px\" \/><\/p>\n<p>Neste domingo (17), \u00e0s 16h, ocorre em <strong>Tubar\u00e3o<\/strong> a 133\u00aa Prociss\u00e3o de Nosso Senhor dos Passos. A conhecida Prociss\u00e3o do Encontro, promovida pela Catedral de Tubar\u00e3o, deve reunir um grande n\u00famero de fi\u00e9is.<\/p>\n<p>A devo\u00e7\u00e3o gira em torno das bel\u00edssimas e hist\u00f3ricas imagens de Nosso Senhor dos Passos e de Nossa Senhora das Dores, chegadas em Tubar\u00e3o em 1890, sendo a primeira prociss\u00e3o realizada em 22 de mar\u00e7o de 1891.<\/p>\n<p>Independentemente da religi\u00e3o, a Prociss\u00e3o de Nosso Senhor do Passos e a Prociss\u00e3o do Senhor Morto, bem como a Festa de Nossa Senhora da Piedade, s\u00e3o declaradas Patrim\u00f4nio Imaterial, Cultural e Intang\u00edvel do munic\u00edpio de Tubar\u00e3o e est\u00e3o inclu\u00eddas no calend\u00e1rio de eventos oficiais da cidade.<\/p>\n<p>Em 27 de junho de 2022, entrou em vigor a lei ordin\u00e1ria 132\/2022, que concedeu a condi\u00e7\u00e3o de patrim\u00f4nio \u00e0s tr\u00eas manifesta\u00e7\u00f5es religiosas.<\/p>\n<p>Contudo,<em>\u00a0<\/em>a tradi\u00e7\u00e3o da prociss\u00e3o com a imagem de Nosso Senhor dos Passos, surgiu muito tempo antes, sobretudo, na regi\u00e3o de Portugal e Espanha. Segundo o padre Eduardo Rocha, p\u00e1roco da Catedral de Tubar\u00e3o, \u00e9 uma tradi\u00e7\u00e3o muito comum at\u00e9 hoje nesses dois pa\u00edses e que chegou ao Brasil por meio dos imigrantes, sobretudo os portugueses. \u201cOs imigrantes portugueses trouxeram a tradi\u00e7\u00e3o e imagens, despertando a devo\u00e7\u00e3o em regi\u00f5es catarinenses, como Tubar\u00e3o, Laguna, Imaru\u00ed, Imbituba, Jaguaruna, Florian\u00f3polis, Governador Celso Ramos, entre outras cidades do litoral\u201d, contextualiza.<\/p>\n<p>Padre Eduardo explica que o Senhor dos Passos retrata uma das quedas de Jesus durante o caminho do Calv\u00e1rio, que n\u00e3o est\u00e1 narrada na Sagrada Escritura, mas faz parte da tradi\u00e7\u00e3o. \u201cN\u00f3s entendemos que v\u00e1rios elementos da vida de Jesus n\u00e3o foram compilados, n\u00e3o est\u00e3o presentes na Sagrada Escritura, porque a pr\u00f3pria Sagrada Escritura \u00e9 fruto de uma tradi\u00e7\u00e3o. Ent\u00e3o, a tradi\u00e7\u00e3o n\u00e3o foi toda absorvida no livro. Existem elementos que transcendem o pr\u00f3prio livro\u201d, pontua.<\/p>\n<p>Segundo a palavra oral, Jesus tombou algumas vezes no caminho em dire\u00e7\u00e3o ao calv\u00e1rio. \u201cA imagem de Nosso Senhor dos Passos, ent\u00e3o, retrata Jesus que est\u00e1 no ch\u00e3o ajoelhado, porque foi o momento da queda, do tombo, segurando o madeiro. \u00c9 um momento de afli\u00e7\u00e3o, de dor, mais ao mesmo tempo se percebe a presen\u00e7a de Jesus que fez aquele sacrif\u00edcio por todos n\u00f3s. A presen\u00e7a de Nossa Senhora da Dores tamb\u00e9m \u00e9 parte dessa devo\u00e7\u00e3o popular\u201d, conta Padre Eduardo.<\/p>\n<p>Em Tubar\u00e3o, uma imagem sai de Oficinas e as duas imagens se encontram em frente \u00e0 Catedral. Padre Eduardo explica o que esse ato representa: \u201cSegundo a tradi\u00e7\u00e3o, no trajeto que Jesus fez at\u00e9 fora da cidade onde foi crucificado, encontrou com sua m\u00e3e e h\u00e1 o momento daquela profecia de Sime\u00e3o que est\u00e1 na Sagrada Escritura, que diz que uma espada de dor haveria de transpassar o cora\u00e7\u00e3o de Maria, a dor da m\u00e3e que v\u00ea o filho naquela condi\u00e7\u00e3o, a humilha\u00e7\u00e3o, a tortura e a cruz. Ent\u00e3o, ao mesmo tempo, a imagem de Nosso Senhor dos Passos mostra a queda de Jesus e o encontro da m\u00e3e aflita, da m\u00e3e das dores, porque ela sente a dor da m\u00e3e diante daquela cena do filho padecendo e a espada que transpassa sua alma \u00e9 uma espada de dor e por isso chamamos de prociss\u00e3o do encontro, o encontro da aflita m\u00e3e com seu filho, no caminho do calv\u00e1rio.<\/p>\n<p><strong>Mais de 100 anos de tradi\u00e7\u00e3o \u2013\u00a0<\/strong>Em Tubar\u00e3o, essa tradi\u00e7\u00e3o completar\u00e1 no pr\u00f3ximo dia 22 de mar\u00e7o, 133 anos. As duas imagens s\u00e3o hist\u00f3ricas. A do Senhor dos Passos, neste ano, precisou de alguns restauros realizados em um laborat\u00f3rio especializado. \u201c\u00c9 uma devo\u00e7\u00e3o muito forte na cidade de Tubar\u00e3o, porque, de alguma forma, a cena retrata a dor de tantas pessoas. Seja a dor de Jesus e a dor do justo, que leva sobre si os pecados as dores da humanidade, mas tamb\u00e9m de tantas pessoas justas que sofrem, que padecem. Ent\u00e3o, h\u00e1 um reconhecimento da condi\u00e7\u00e3o humana, do sofrimento em rela\u00e7\u00e3o a Jesus, mas tamb\u00e9m em Nossa Senhora, que representa tantas m\u00e3es que padecem, que sofrem por conta de seus filhos na prostitui\u00e7\u00e3o, nas drogas, no desvio\u201d, compara Padre Eduardo, ao acrescentar que a quaresma \u00e9 o tempo em que a Igreja se prepara para a maior e mais especial de todas as semanas: a Semana Santa.<\/p>\n<p><strong>PROCISS\u00c3O DO SENHOR DOS PASSOS: F\u00c9 E DEVO\u00c7\u00c3O QUE ATRAVESSAM O TEMPO<\/strong><\/p>\n<p>O tubaronense Juarez Porto Cardoso possui fotos sobre evento e lembra que a tradi\u00e7\u00e3o centen\u00e1ria cresceu junto com a cidade, sendo que o momento mais alto \u00e9 mesmo o encontro de M\u00e3e e Filho. \u201cFalarmos desta prociss\u00e3o centen\u00e1ria \u00e9 uma forma de relembrar a hist\u00f3ria e os nossos antepassados. Pelos registros deste encontro que atravessa anos, \u00e9 poss\u00edvel verificar a mudan\u00e7a nos costumes e o desenvolvimento da cidade. Mas a tradi\u00e7\u00e3o e a f\u00e9 permanecem com a realiza\u00e7\u00e3o anual desta piedosa devo\u00e7\u00e3o em honra a Nosso Senhor dos Passos e \u00e0 Nossa Senhora das Dores, mantendo viva a f\u00e9, a devo\u00e7\u00e3o e a tradi\u00e7\u00e3o\u201d, conta Juarez.<\/p>\n","protected":false},"excerpt":{"rendered":"<p>Neste domingo (17), \u00e0s 16h, ocorre em Tubar\u00e3o a 133\u00aa Prociss\u00e3o de Nosso Senhor dos Passos. A conhecida Prociss\u00e3o do Encontro, promovida pela Catedral de Tubar\u00e3o, deve reunir um grande n\u00famero de fi\u00e9is. A devo\u00e7\u00e3o gira em torno das bel\u00edssimas e hist\u00f3ricas imagens de Nosso Senhor dos Passos e de Nossa Senhora das Dores, chegadas &hellip;<\/p>\n<p class=\"read-more\"> <a class=\"\" href=\"https:\/\/sulsc.com\/index.php\/2024\/03\/15\/multidao-deve-se-reunir-em-procissao-centenaria-neste-domingo-17\/\"> <span class=\"screen-reader-text\">Multid\u00e3o deve se reunir em prociss\u00e3o centen\u00e1ria neste domingo (17)<\/span> Read More &raquo;<\/a><\/p>\n","protected":false},"author":3,"featured_media":10129,"comment_status":"open","ping_status":"open","sticky":false,"template":"","format":"standard","meta":{"site-sidebar-layout":"default","site-content-layout":"","ast-site-content-layout":"default","site-content-style":"default","site-sidebar-style":"default","ast-global-header-display":"","ast-banner-title-visibility":"","ast-main-header-display":"","ast-hfb-above-header-display":"","ast-hfb-below-header-display":"","ast-hfb-mobile-header-display":"","site-post-title":"","ast-breadcrumbs-content":"","ast-featured-img":"","footer-sml-layout":"","theme-transparent-header-meta":"default","adv-header-id-meta":"","stick-header-meta":"","header-above-stick-meta":"","header-main-stick-meta":"","header-below-stick-meta":"","astra-migrate-meta-layouts":"set","footnotes":""},"categories":[1],"tags":[],"yoast_head":"<!-- This site is optimized with the Yoast SEO plugin v21.4 - https:\/\/yoast.com\/wordpress\/plugins\/seo\/ -->\n<title>Multid\u00e3o deve se reunir em prociss\u00e3o centen\u00e1ria neste domingo (17) -<\/title>\n<meta name=\"robots\" content=\"index, follow, max-snippet:-1, max-image-preview:large, max-video-preview:-1\" \/>\n<link rel=\"canonical\" href=\"https:\/\/sulsc.com\/index.php\/2024\/03\/15\/multidao-deve-se-reunir-em-procissao-centenaria-neste-domingo-17\/\" \/>\n<meta property=\"og:locale\" content=\"en_US\" \/>\n<meta property=\"og:type\" content=\"article\" \/>\n<meta property=\"og:title\" content=\"Multid\u00e3o deve se reunir em prociss\u00e3o centen\u00e1ria neste domingo (17) -\" \/>\n<meta property=\"og:description\" content=\"Neste domingo (17), \u00e0s 16h, ocorre em Tubar\u00e3o a 133\u00aa Prociss\u00e3o de Nosso Senhor dos Passos. A conhecida Prociss\u00e3o do Encontro, promovida pela Catedral de Tubar\u00e3o, deve reunir um grande n\u00famero de fi\u00e9is. A devo\u00e7\u00e3o gira em torno das bel\u00edssimas e hist\u00f3ricas imagens de Nosso Senhor dos Passos e de Nossa Senhora das Dores, chegadas &hellip; Multid\u00e3o deve se reunir em prociss\u00e3o centen\u00e1ria neste domingo (17) Read More &raquo;\" \/>\n<meta property=\"og:url\" content=\"https:\/\/sulsc.com\/index.php\/2024\/03\/15\/multidao-deve-se-reunir-em-procissao-centenaria-neste-domingo-17\/\" \/>\n<meta property=\"article:author\" content=\"https:\/\/www.facebook.com\/profile.php?id=61559278119680\" \/>\n<meta property=\"article:published_time\" content=\"2024-03-15T19:32:58+00:00\" \/>\n<meta property=\"og:image\" content=\"http:\/\/sulsc.com\/wp-content\/uploads\/2024\/03\/22.jpg\" \/>\n\t<meta property=\"og:image:width\" content=\"985\" \/>\n\t<meta property=\"og:image:height\" content=\"638\" \/>\n\t<meta property=\"og:image:type\" content=\"image\/jpeg\" \/>\n<meta name=\"author\" content=\"Reda\u00e7\u00e3o Sul SC\" \/>\n<meta name=\"twitter:card\" content=\"summary_large_image\" \/>\n<meta name=\"twitter:creator\" content=\"@https:\/\/twitter.com\/PortalSulSC\" \/>\n<meta name=\"twitter:label1\" content=\"Written by\" \/>\n\t<meta name=\"twitter:data1\" content=\"Reda\u00e7\u00e3o Sul SC\" \/>\n\t<meta name=\"twitter:label2\" content=\"Est. reading time\" \/>\n\t<meta name=\"twitter:data2\" content=\"5 minutes\" \/>\n<script type=\"application\/ld+json\" class=\"yoast-schema-graph\">{\"@context\":\"https:\/\/schema.org\",\"@graph\":[{\"@type\":\"WebPage\",\"@id\":\"https:\/\/sulsc.com\/index.php\/2024\/03\/15\/multidao-deve-se-reunir-em-procissao-centenaria-neste-domingo-17\/\",\"url\":\"https:\/\/sulsc.com\/index.php\/2024\/03\/15\/multidao-deve-se-reunir-em-procissao-centenaria-neste-domingo-17\/\",\"name\":\"Multid\u00e3o deve se reunir em prociss\u00e3o centen\u00e1ria neste domingo (17) -\",\"isPartOf\":{\"@id\":\"https:\/\/sulsc.com\/#website\"},\"datePublished\":\"2024-03-15T19:32:58+00:00\",\"dateModified\":\"2024-03-15T19:32:58+00:00\",\"author\":{\"@id\":\"https:\/\/sulsc.com\/#\/schema\/person\/84d2fc571684f6248ba83092f07750a3\"},\"breadcrumb\":{\"@id\":\"https:\/\/sulsc.com\/index.php\/2024\/03\/15\/multidao-deve-se-reunir-em-procissao-centenaria-neste-domingo-17\/#breadcrumb\"},\"inLanguage\":\"en-US\",\"potentialAction\":[{\"@type\":\"ReadAction\",\"target\":[\"https:\/\/sulsc.com\/index.php\/2024\/03\/15\/multidao-deve-se-reunir-em-procissao-centenaria-neste-domingo-17\/\"]}]},{\"@type\":\"BreadcrumbList\",\"@id\":\"https:\/\/sulsc.com\/index.php\/2024\/03\/15\/multidao-deve-se-reunir-em-procissao-centenaria-neste-domingo-17\/#breadcrumb\",\"itemListElement\":[{\"@type\":\"ListItem\",\"position\":1,\"name\":\"In\u00edcio\",\"item\":\"https:\/\/sulsc.com\/\"},{\"@type\":\"ListItem\",\"position\":2,\"name\":\"Multid\u00e3o deve se reunir em prociss\u00e3o centen\u00e1ria neste domingo (17)\"}]},{\"@type\":\"WebSite\",\"@id\":\"https:\/\/sulsc.com\/#website\",\"url\":\"https:\/\/sulsc.com\/\",\"name\":\"\",\"description\":\"\",\"potentialAction\":[{\"@type\":\"SearchAction\",\"target\":{\"@type\":\"EntryPoint\",\"urlTemplate\":\"https:\/\/sulsc.com\/?s={search_term_string}\"},\"query-input\":\"required name=search_term_string\"}],\"inLanguage\":\"en-US\"},{\"@type\":\"Person\",\"@id\":\"https:\/\/sulsc.com\/#\/schema\/person\/84d2fc571684f6248ba83092f07750a3\",\"name\":\"Reda\u00e7\u00e3o Sul SC\",\"image\":{\"@type\":\"ImageObject\",\"inLanguage\":\"en-US\",\"@id\":\"https:\/\/sulsc.com\/#\/schema\/person\/image\/e08d7fe2cc4ed596372063bbe852b8d0\",\"url\":\"https:\/\/sulsc.com\/wp-content\/uploads\/2023\/09\/redacao.png\",\"contentUrl\":\"https:\/\/sulsc.com\/wp-content\/uploads\/2023\/09\/redacao.png\",\"caption\":\"Reda\u00e7\u00e3o Sul SC\"},\"description\":\"Foco em um jornalismo imparcial, voltado \u00e0 qualidade dos seus conte\u00fados e, assim, levar informa\u00e7\u00e3o de valor que agregue \u00e0 vida dos leitores. Esta \u00e9 grande miss\u00e3o do Portal de Not\u00edcias Sul SC. N\u00e3o \u00e9 quantidade que muda o mundo, sempre foi e seguir\u00e1 sendo qualidade!\",\"sameAs\":[\"https:\/\/sulsc.com\/\",\"https:\/\/www.facebook.com\/profile.php?id=61559278119680\",\"https:\/\/www.instagram.com\/sulscportal\/?hl=pt-br\",\"https:\/\/twitter.com\/https:\/\/twitter.com\/PortalSulSC\",\"https:\/\/www.youtube.com\/channel\/UCv_BE8GeySluDov2n8qhVmw\"],\"url\":\"https:\/\/sulsc.com\/index.php\/author\/redacao\/\"}]}<\/script>\n<!-- \/ Yoast SEO plugin. -->","yoast_head_json":{"title":"Multid\u00e3o deve se reunir em prociss\u00e3o centen\u00e1ria neste domingo (17) -","robots":{"index":"index","follow":"follow","max-snippet":"max-snippet:-1","max-image-preview":"max-image-preview:large","max-video-preview":"max-video-preview:-1"},"canonical":"https:\/\/sulsc.com\/index.php\/2024\/03\/15\/multidao-deve-se-reunir-em-procissao-centenaria-neste-domingo-17\/","og_locale":"en_US","og_type":"article","og_title":"Multid\u00e3o deve se reunir em prociss\u00e3o centen\u00e1ria neste domingo (17) -","og_description":"Neste domingo (17), \u00e0s 16h, ocorre em Tubar\u00e3o a 133\u00aa Prociss\u00e3o de Nosso Senhor dos Passos. A conhecida Prociss\u00e3o do Encontro, promovida pela Catedral de Tubar\u00e3o, deve reunir um grande n\u00famero de fi\u00e9is. A devo\u00e7\u00e3o gira em torno das bel\u00edssimas e hist\u00f3ricas imagens de Nosso Senhor dos Passos e de Nossa Senhora das Dores, chegadas &hellip; Multid\u00e3o deve se reunir em prociss\u00e3o centen\u00e1ria neste domingo (17) Read More &raquo;","og_url":"https:\/\/sulsc.com\/index.php\/2024\/03\/15\/multidao-deve-se-reunir-em-procissao-centenaria-neste-domingo-17\/","article_author":"https:\/\/www.facebook.com\/profile.php?id=61559278119680","article_published_time":"2024-03-15T19:32:58+00:00","og_image":[{"width":985,"height":638,"url":"http:\/\/sulsc.com\/wp-content\/uploads\/2024\/03\/22.jpg","type":"image\/jpeg"}],"author":"Reda\u00e7\u00e3o Sul SC","twitter_card":"summary_large_image","twitter_creator":"@https:\/\/twitter.com\/PortalSulSC","twitter_misc":{"Written by":"Reda\u00e7\u00e3o Sul SC","Est. reading time":"5 minutes"},"schema":{"@context":"https:\/\/schema.org","@graph":[{"@type":"WebPage","@id":"https:\/\/sulsc.com\/index.php\/2024\/03\/15\/multidao-deve-se-reunir-em-procissao-centenaria-neste-domingo-17\/","url":"https:\/\/sulsc.com\/index.php\/2024\/03\/15\/multidao-deve-se-reunir-em-procissao-centenaria-neste-domingo-17\/","name":"Multid\u00e3o deve se reunir em prociss\u00e3o centen\u00e1ria neste domingo (17) -","isPartOf":{"@id":"https:\/\/sulsc.com\/#website"},"datePublished":"2024-03-15T19:32:58+00:00","dateModified":"2024-03-15T19:32:58+00:00","author":{"@id":"https:\/\/sulsc.com\/#\/schema\/person\/84d2fc571684f6248ba83092f07750a3"},"breadcrumb":{"@id":"https:\/\/sulsc.com\/index.php\/2024\/03\/15\/multidao-deve-se-reunir-em-procissao-centenaria-neste-domingo-17\/#breadcrumb"},"inLanguage":"en-US","potentialAction":[{"@type":"ReadAction","target":["https:\/\/sulsc.com\/index.php\/2024\/03\/15\/multidao-deve-se-reunir-em-procissao-centenaria-neste-domingo-17\/"]}]},{"@type":"BreadcrumbList","@id":"https:\/\/sulsc.com\/index.php\/2024\/03\/15\/multidao-deve-se-reunir-em-procissao-centenaria-neste-domingo-17\/#breadcrumb","itemListElement":[{"@type":"ListItem","position":1,"name":"In\u00edcio","item":"https:\/\/sulsc.com\/"},{"@type":"ListItem","position":2,"name":"Multid\u00e3o deve se reunir em prociss\u00e3o centen\u00e1ria neste domingo (17)"}]},{"@type":"WebSite","@id":"https:\/\/sulsc.com\/#website","url":"https:\/\/sulsc.com\/","name":"","description":"","potentialAction":[{"@type":"SearchAction","target":{"@type":"EntryPoint","urlTemplate":"https:\/\/sulsc.com\/?s={search_term_string}"},"query-input":"required name=search_term_string"}],"inLanguage":"en-US"},{"@type":"Person","@id":"https:\/\/sulsc.com\/#\/schema\/person\/84d2fc571684f6248ba83092f07750a3","name":"Reda\u00e7\u00e3o Sul SC","image":{"@type":"ImageObject","inLanguage":"en-US","@id":"https:\/\/sulsc.com\/#\/schema\/person\/image\/e08d7fe2cc4ed596372063bbe852b8d0","url":"https:\/\/sulsc.com\/wp-content\/uploads\/2023\/09\/redacao.png","contentUrl":"https:\/\/sulsc.com\/wp-content\/uploads\/2023\/09\/redacao.png","caption":"Reda\u00e7\u00e3o Sul SC"},"description":"Foco em um jornalismo imparcial, voltado \u00e0 qualidade dos seus conte\u00fados e, assim, levar informa\u00e7\u00e3o de valor que agregue \u00e0 vida dos leitores. Esta \u00e9 grande miss\u00e3o do Portal de Not\u00edcias Sul SC. N\u00e3o \u00e9 quantidade que muda o mundo, sempre foi e seguir\u00e1 sendo qualidade!","sameAs":["https:\/\/sulsc.com\/","https:\/\/www.facebook.com\/profile.php?id=61559278119680","https:\/\/www.instagram.com\/sulscportal\/?hl=pt-br","https:\/\/twitter.com\/https:\/\/twitter.com\/PortalSulSC","https:\/\/www.youtube.com\/channel\/UCv_BE8GeySluDov2n8qhVmw"],"url":"https:\/\/sulsc.com\/index.php\/author\/redacao\/"}]}},"authors":[],"_links":{"self":[{"href":"https:\/\/sulsc.com\/index.php\/wp-json\/wp\/v2\/posts\/10128"}],"collection":[{"href":"https:\/\/sulsc.com\/index.php\/wp-json\/wp\/v2\/posts"}],"about":[{"href":"https:\/\/sulsc.com\/index.php\/wp-json\/wp\/v2\/types\/post"}],"author":[{"embeddable":true,"href":"https:\/\/sulsc.com\/index.php\/wp-json\/wp\/v2\/users\/3"}],"replies":[{"embeddable":true,"href":"https:\/\/sulsc.com\/index.php\/wp-json\/wp\/v2\/comments?post=10128"}],"version-history":[{"count":1,"href":"https:\/\/sulsc.com\/index.php\/wp-json\/wp\/v2\/posts\/10128\/revisions"}],"predecessor-version":[{"id":10130,"href":"https:\/\/sulsc.com\/index.php\/wp-json\/wp\/v2\/posts\/10128\/revisions\/10130"}],"wp:featuredmedia":[{"embeddable":true,"href":"https:\/\/sulsc.com\/index.php\/wp-json\/wp\/v2\/media\/10129"}],"wp:attachment":[{"href":"https:\/\/sulsc.com\/index.php\/wp-json\/wp\/v2\/media?parent=10128"}],"wp:term":[{"taxonomy":"category","embeddable":true,"href":"https:\/\/sulsc.com\/index.php\/wp-json\/wp\/v2\/categories?post=10128"},{"taxonomy":"post_tag","embeddable":true,"href":"https:\/\/sulsc.com\/index.php\/wp-json\/wp\/v2\/tags?post=10128"}],"curies":[{"name":"wp","href":"https:\/\/api.w.org\/{rel}","templated":true}]}}