{"id":10160,"date":"2024-03-18T11:17:39","date_gmt":"2024-03-18T14:17:39","guid":{"rendered":"https:\/\/sulsc.com\/?p=10160"},"modified":"2024-03-18T11:17:39","modified_gmt":"2024-03-18T14:17:39","slug":"plano-visionario-de-prevencao-as-cheias-e-inundacoes-e-apresentado-em-tubarao","status":"publish","type":"post","link":"https:\/\/sulsc.com\/index.php\/2024\/03\/18\/plano-visionario-de-prevencao-as-cheias-e-inundacoes-e-apresentado-em-tubarao\/","title":{"rendered":"Plano vision\u00e1rio de preven\u00e7\u00e3o \u00e0s cheias e inunda\u00e7\u00f5es \u00e9 apresentado em Tubar\u00e3o"},"content":{"rendered":"<p><img fetchpriority=\"high\" decoding=\"async\" class=\"aligncenter size-full wp-image-10161\" src=\"http:\/\/sulsc.com\/wp-content\/uploads\/2024\/03\/4-10.jpg\" alt=\"\" width=\"1438\" height=\"876\" srcset=\"https:\/\/sulsc.com\/wp-content\/uploads\/2024\/03\/4-10.jpg 1438w, https:\/\/sulsc.com\/wp-content\/uploads\/2024\/03\/4-10-300x183.jpg 300w, https:\/\/sulsc.com\/wp-content\/uploads\/2024\/03\/4-10-1024x624.jpg 1024w, https:\/\/sulsc.com\/wp-content\/uploads\/2024\/03\/4-10-768x468.jpg 768w\" sizes=\"(max-width: 1438px) 100vw, 1438px\" \/><\/p>\n<p>Um encontro do Conselho das Entidades de Classe de <strong>Tubar\u00e3o<\/strong> e Regi\u00e3o ocorre na Associa\u00e7\u00e3o Empresarial de Tubar\u00e3o (Acit) nesta segunda-feira (18), quando ser\u00e1 apresentado um plano para prevenir cheias e inunda\u00e7\u00f5es no munic\u00edpio, pelo engenheiro Marc\u00edlio Zanella.<\/p>\n<p>Com base em dados t\u00e9cnicos s\u00f3lidos e uma vis\u00e3o perspicaz, o engenheiro Zanella delineou um caminho vision\u00e1rio para enfrentar uma das maiores amea\u00e7as naturais de Tubar\u00e3o: as cheias e inunda\u00e7\u00f5es. &#8220;Esta situa\u00e7\u00e3o demanda uma abordagem t\u00e9cnica e especializada, envolvendo engenheiros e entidades competentes&#8221;, enfatiza Zanella, ressaltando a import\u00e2ncia de uma an\u00e1lise criteriosa.<\/p>\n<p>O documento chave, intitulado &#8220;Relat\u00f3rio de A\u00e7\u00f5es de Preven\u00e7\u00e3o e Enfrentamento aos Danos Causados pelas Enchentes do Rio Tubar\u00e3o em seu Percurso pelo Munic\u00edpio de Tubar\u00e3o\/SC&#8221;, ser\u00e1 disposto em duas sess\u00f5es cruciais. \u00c0s 16h30, l\u00edderes pol\u00edticos e representantes de entidades p\u00fablicas ter\u00e3o acesso exclusivo ao plano, seguido por uma segunda sess\u00e3o \u00e0s 19h, na qual os deputados da bancada do Sul, Est\u00eaner Soratto Junior, Pep\u00ea Colla\u00e7o e Volnei Weber, receber\u00e3o uma exposi\u00e7\u00e3o detalhada.<\/p>\n<p>O Conselho das Entidades de Classe de Tubar\u00e3o e Regi\u00e3o, um conglomerado de entidades proeminentes como CDL, Acit, Sindilojas, Amurel, entre outros, e \u00e9 a for\u00e7a motriz por tr\u00e1s dessa iniciativa.<\/p>\n","protected":false},"excerpt":{"rendered":"<p>Um encontro do Conselho das Entidades de Classe de Tubar\u00e3o e Regi\u00e3o ocorre na Associa\u00e7\u00e3o Empresarial de Tubar\u00e3o (Acit) nesta segunda-feira (18), quando ser\u00e1 apresentado um plano para prevenir cheias e inunda\u00e7\u00f5es no munic\u00edpio, pelo engenheiro Marc\u00edlio Zanella. Com base em dados t\u00e9cnicos s\u00f3lidos e uma vis\u00e3o perspicaz, o engenheiro Zanella delineou um caminho vision\u00e1rio &hellip;<\/p>\n<p class=\"read-more\"> <a class=\"\" href=\"https:\/\/sulsc.com\/index.php\/2024\/03\/18\/plano-visionario-de-prevencao-as-cheias-e-inundacoes-e-apresentado-em-tubarao\/\"> <span class=\"screen-reader-text\">Plano vision\u00e1rio de preven\u00e7\u00e3o \u00e0s cheias e inunda\u00e7\u00f5es \u00e9 apresentado em Tubar\u00e3o<\/span> Read More &raquo;<\/a><\/p>\n","protected":false},"author":3,"featured_media":10161,"comment_status":"open","ping_status":"open","sticky":false,"template":"","format":"standard","meta":{"site-sidebar-layout":"default","site-content-layout":"","ast-site-content-layout":"default","site-content-style":"default","site-sidebar-style":"default","ast-global-header-display":"","ast-banner-title-visibility":"","ast-main-header-display":"","ast-hfb-above-header-display":"","ast-hfb-below-header-display":"","ast-hfb-mobile-header-display":"","site-post-title":"","ast-breadcrumbs-content":"","ast-featured-img":"","footer-sml-layout":"","theme-transparent-header-meta":"default","adv-header-id-meta":"","stick-header-meta":"","header-above-stick-meta":"","header-main-stick-meta":"","header-below-stick-meta":"","astra-migrate-meta-layouts":"set","footnotes":""},"categories":[1],"tags":[1577,1575,1576,72],"yoast_head":"<!-- This site is optimized with the Yoast SEO plugin v21.4 - https:\/\/yoast.com\/wordpress\/plugins\/seo\/ -->\n<title>Plano vision\u00e1rio de preven\u00e7\u00e3o \u00e0s cheias e inunda\u00e7\u00f5es \u00e9 apresentado em Tubar\u00e3o -<\/title>\n<meta name=\"description\" content=\"O documento chave, intitulado &quot;Relat\u00f3rio de A\u00e7\u00f5es de Preven\u00e7\u00e3o e Enfrentamento aos Danos Causados pelas Enchentes do Rio Tubar\u00e3o em seu Percurso pelo Munic\u00edpio de Tubar\u00e3o\/SC&quot;, ser\u00e1 disposto em duas sess\u00f5es cruciais.\" \/>\n<meta name=\"robots\" content=\"index, follow, max-snippet:-1, max-image-preview:large, max-video-preview:-1\" \/>\n<link rel=\"canonical\" href=\"https:\/\/sulsc.com\/index.php\/2024\/03\/18\/plano-visionario-de-prevencao-as-cheias-e-inundacoes-e-apresentado-em-tubarao\/\" \/>\n<meta property=\"og:locale\" content=\"en_US\" \/>\n<meta property=\"og:type\" content=\"article\" \/>\n<meta property=\"og:title\" content=\"Plano vision\u00e1rio de preven\u00e7\u00e3o \u00e0s cheias e inunda\u00e7\u00f5es \u00e9 apresentado em Tubar\u00e3o -\" \/>\n<meta property=\"og:description\" content=\"O documento chave, intitulado &quot;Relat\u00f3rio de A\u00e7\u00f5es de Preven\u00e7\u00e3o e Enfrentamento aos Danos Causados pelas Enchentes do Rio Tubar\u00e3o em seu Percurso pelo Munic\u00edpio de Tubar\u00e3o\/SC&quot;, ser\u00e1 disposto em duas sess\u00f5es cruciais.\" \/>\n<meta property=\"og:url\" content=\"https:\/\/sulsc.com\/index.php\/2024\/03\/18\/plano-visionario-de-prevencao-as-cheias-e-inundacoes-e-apresentado-em-tubarao\/\" \/>\n<meta property=\"article:author\" content=\"https:\/\/www.facebook.com\/profile.php?id=61559278119680\" \/>\n<meta property=\"article:published_time\" content=\"2024-03-18T14:17:39+00:00\" \/>\n<meta property=\"og:image\" content=\"http:\/\/sulsc.com\/wp-content\/uploads\/2024\/03\/4-10.jpg\" \/>\n\t<meta property=\"og:image:width\" content=\"1438\" \/>\n\t<meta property=\"og:image:height\" content=\"876\" \/>\n\t<meta property=\"og:image:type\" content=\"image\/jpeg\" \/>\n<meta name=\"author\" content=\"Reda\u00e7\u00e3o Sul SC\" \/>\n<meta name=\"twitter:card\" content=\"summary_large_image\" \/>\n<meta name=\"twitter:creator\" content=\"@https:\/\/twitter.com\/PortalSulSC\" \/>\n<meta name=\"twitter:label1\" content=\"Written by\" \/>\n\t<meta name=\"twitter:data1\" content=\"Reda\u00e7\u00e3o Sul SC\" \/>\n\t<meta name=\"twitter:label2\" content=\"Est. reading time\" \/>\n\t<meta name=\"twitter:data2\" content=\"2 minutes\" \/>\n<script type=\"application\/ld+json\" class=\"yoast-schema-graph\">{\"@context\":\"https:\/\/schema.org\",\"@graph\":[{\"@type\":\"WebPage\",\"@id\":\"https:\/\/sulsc.com\/index.php\/2024\/03\/18\/plano-visionario-de-prevencao-as-cheias-e-inundacoes-e-apresentado-em-tubarao\/\",\"url\":\"https:\/\/sulsc.com\/index.php\/2024\/03\/18\/plano-visionario-de-prevencao-as-cheias-e-inundacoes-e-apresentado-em-tubarao\/\",\"name\":\"Plano vision\u00e1rio de preven\u00e7\u00e3o \u00e0s cheias e inunda\u00e7\u00f5es \u00e9 apresentado em Tubar\u00e3o -\",\"isPartOf\":{\"@id\":\"https:\/\/sulsc.com\/#website\"},\"datePublished\":\"2024-03-18T14:17:39+00:00\",\"dateModified\":\"2024-03-18T14:17:39+00:00\",\"author\":{\"@id\":\"https:\/\/sulsc.com\/#\/schema\/person\/84d2fc571684f6248ba83092f07750a3\"},\"description\":\"O documento chave, intitulado \\\"Relat\u00f3rio de A\u00e7\u00f5es de Preven\u00e7\u00e3o e Enfrentamento aos Danos Causados pelas Enchentes do Rio Tubar\u00e3o em seu Percurso pelo Munic\u00edpio de Tubar\u00e3o\/SC\\\", ser\u00e1 disposto em duas sess\u00f5es cruciais.\",\"breadcrumb\":{\"@id\":\"https:\/\/sulsc.com\/index.php\/2024\/03\/18\/plano-visionario-de-prevencao-as-cheias-e-inundacoes-e-apresentado-em-tubarao\/#breadcrumb\"},\"inLanguage\":\"en-US\",\"potentialAction\":[{\"@type\":\"ReadAction\",\"target\":[\"https:\/\/sulsc.com\/index.php\/2024\/03\/18\/plano-visionario-de-prevencao-as-cheias-e-inundacoes-e-apresentado-em-tubarao\/\"]}]},{\"@type\":\"BreadcrumbList\",\"@id\":\"https:\/\/sulsc.com\/index.php\/2024\/03\/18\/plano-visionario-de-prevencao-as-cheias-e-inundacoes-e-apresentado-em-tubarao\/#breadcrumb\",\"itemListElement\":[{\"@type\":\"ListItem\",\"position\":1,\"name\":\"In\u00edcio\",\"item\":\"https:\/\/sulsc.com\/\"},{\"@type\":\"ListItem\",\"position\":2,\"name\":\"Plano vision\u00e1rio de preven\u00e7\u00e3o \u00e0s cheias e inunda\u00e7\u00f5es \u00e9 apresentado em Tubar\u00e3o\"}]},{\"@type\":\"WebSite\",\"@id\":\"https:\/\/sulsc.com\/#website\",\"url\":\"https:\/\/sulsc.com\/\",\"name\":\"\",\"description\":\"\",\"potentialAction\":[{\"@type\":\"SearchAction\",\"target\":{\"@type\":\"EntryPoint\",\"urlTemplate\":\"https:\/\/sulsc.com\/?s={search_term_string}\"},\"query-input\":\"required name=search_term_string\"}],\"inLanguage\":\"en-US\"},{\"@type\":\"Person\",\"@id\":\"https:\/\/sulsc.com\/#\/schema\/person\/84d2fc571684f6248ba83092f07750a3\",\"name\":\"Reda\u00e7\u00e3o Sul SC\",\"image\":{\"@type\":\"ImageObject\",\"inLanguage\":\"en-US\",\"@id\":\"https:\/\/sulsc.com\/#\/schema\/person\/image\/e08d7fe2cc4ed596372063bbe852b8d0\",\"url\":\"https:\/\/sulsc.com\/wp-content\/uploads\/2023\/09\/redacao.png\",\"contentUrl\":\"https:\/\/sulsc.com\/wp-content\/uploads\/2023\/09\/redacao.png\",\"caption\":\"Reda\u00e7\u00e3o Sul SC\"},\"description\":\"Foco em um jornalismo imparcial, voltado \u00e0 qualidade dos seus conte\u00fados e, assim, levar informa\u00e7\u00e3o de valor que agregue \u00e0 vida dos leitores. Esta \u00e9 grande miss\u00e3o do Portal de Not\u00edcias Sul SC. N\u00e3o \u00e9 quantidade que muda o mundo, sempre foi e seguir\u00e1 sendo qualidade!\",\"sameAs\":[\"https:\/\/sulsc.com\/\",\"https:\/\/www.facebook.com\/profile.php?id=61559278119680\",\"https:\/\/www.instagram.com\/sulscportal\/?hl=pt-br\",\"https:\/\/twitter.com\/https:\/\/twitter.com\/PortalSulSC\",\"https:\/\/www.youtube.com\/channel\/UCv_BE8GeySluDov2n8qhVmw\"],\"url\":\"https:\/\/sulsc.com\/index.php\/author\/redacao\/\"}]}<\/script>\n<!-- \/ Yoast SEO plugin. -->","yoast_head_json":{"title":"Plano vision\u00e1rio de preven\u00e7\u00e3o \u00e0s cheias e inunda\u00e7\u00f5es \u00e9 apresentado em Tubar\u00e3o -","description":"O documento chave, intitulado \"Relat\u00f3rio de A\u00e7\u00f5es de Preven\u00e7\u00e3o e Enfrentamento aos Danos Causados pelas Enchentes do Rio Tubar\u00e3o em seu Percurso pelo Munic\u00edpio de Tubar\u00e3o\/SC\", ser\u00e1 disposto em duas sess\u00f5es cruciais.","robots":{"index":"index","follow":"follow","max-snippet":"max-snippet:-1","max-image-preview":"max-image-preview:large","max-video-preview":"max-video-preview:-1"},"canonical":"https:\/\/sulsc.com\/index.php\/2024\/03\/18\/plano-visionario-de-prevencao-as-cheias-e-inundacoes-e-apresentado-em-tubarao\/","og_locale":"en_US","og_type":"article","og_title":"Plano vision\u00e1rio de preven\u00e7\u00e3o \u00e0s cheias e inunda\u00e7\u00f5es \u00e9 apresentado em Tubar\u00e3o -","og_description":"O documento chave, intitulado \"Relat\u00f3rio de A\u00e7\u00f5es de Preven\u00e7\u00e3o e Enfrentamento aos Danos Causados pelas Enchentes do Rio Tubar\u00e3o em seu Percurso pelo Munic\u00edpio de Tubar\u00e3o\/SC\", ser\u00e1 disposto em duas sess\u00f5es cruciais.","og_url":"https:\/\/sulsc.com\/index.php\/2024\/03\/18\/plano-visionario-de-prevencao-as-cheias-e-inundacoes-e-apresentado-em-tubarao\/","article_author":"https:\/\/www.facebook.com\/profile.php?id=61559278119680","article_published_time":"2024-03-18T14:17:39+00:00","og_image":[{"width":1438,"height":876,"url":"http:\/\/sulsc.com\/wp-content\/uploads\/2024\/03\/4-10.jpg","type":"image\/jpeg"}],"author":"Reda\u00e7\u00e3o Sul SC","twitter_card":"summary_large_image","twitter_creator":"@https:\/\/twitter.com\/PortalSulSC","twitter_misc":{"Written by":"Reda\u00e7\u00e3o Sul SC","Est. reading time":"2 minutes"},"schema":{"@context":"https:\/\/schema.org","@graph":[{"@type":"WebPage","@id":"https:\/\/sulsc.com\/index.php\/2024\/03\/18\/plano-visionario-de-prevencao-as-cheias-e-inundacoes-e-apresentado-em-tubarao\/","url":"https:\/\/sulsc.com\/index.php\/2024\/03\/18\/plano-visionario-de-prevencao-as-cheias-e-inundacoes-e-apresentado-em-tubarao\/","name":"Plano vision\u00e1rio de preven\u00e7\u00e3o \u00e0s cheias e inunda\u00e7\u00f5es \u00e9 apresentado em Tubar\u00e3o -","isPartOf":{"@id":"https:\/\/sulsc.com\/#website"},"datePublished":"2024-03-18T14:17:39+00:00","dateModified":"2024-03-18T14:17:39+00:00","author":{"@id":"https:\/\/sulsc.com\/#\/schema\/person\/84d2fc571684f6248ba83092f07750a3"},"description":"O documento chave, intitulado \"Relat\u00f3rio de A\u00e7\u00f5es de Preven\u00e7\u00e3o e Enfrentamento aos Danos Causados pelas Enchentes do Rio Tubar\u00e3o em seu Percurso pelo Munic\u00edpio de Tubar\u00e3o\/SC\", ser\u00e1 disposto em duas sess\u00f5es cruciais.","breadcrumb":{"@id":"https:\/\/sulsc.com\/index.php\/2024\/03\/18\/plano-visionario-de-prevencao-as-cheias-e-inundacoes-e-apresentado-em-tubarao\/#breadcrumb"},"inLanguage":"en-US","potentialAction":[{"@type":"ReadAction","target":["https:\/\/sulsc.com\/index.php\/2024\/03\/18\/plano-visionario-de-prevencao-as-cheias-e-inundacoes-e-apresentado-em-tubarao\/"]}]},{"@type":"BreadcrumbList","@id":"https:\/\/sulsc.com\/index.php\/2024\/03\/18\/plano-visionario-de-prevencao-as-cheias-e-inundacoes-e-apresentado-em-tubarao\/#breadcrumb","itemListElement":[{"@type":"ListItem","position":1,"name":"In\u00edcio","item":"https:\/\/sulsc.com\/"},{"@type":"ListItem","position":2,"name":"Plano vision\u00e1rio de preven\u00e7\u00e3o \u00e0s cheias e inunda\u00e7\u00f5es \u00e9 apresentado em Tubar\u00e3o"}]},{"@type":"WebSite","@id":"https:\/\/sulsc.com\/#website","url":"https:\/\/sulsc.com\/","name":"","description":"","potentialAction":[{"@type":"SearchAction","target":{"@type":"EntryPoint","urlTemplate":"https:\/\/sulsc.com\/?s={search_term_string}"},"query-input":"required name=search_term_string"}],"inLanguage":"en-US"},{"@type":"Person","@id":"https:\/\/sulsc.com\/#\/schema\/person\/84d2fc571684f6248ba83092f07750a3","name":"Reda\u00e7\u00e3o Sul SC","image":{"@type":"ImageObject","inLanguage":"en-US","@id":"https:\/\/sulsc.com\/#\/schema\/person\/image\/e08d7fe2cc4ed596372063bbe852b8d0","url":"https:\/\/sulsc.com\/wp-content\/uploads\/2023\/09\/redacao.png","contentUrl":"https:\/\/sulsc.com\/wp-content\/uploads\/2023\/09\/redacao.png","caption":"Reda\u00e7\u00e3o Sul SC"},"description":"Foco em um jornalismo imparcial, voltado \u00e0 qualidade dos seus conte\u00fados e, assim, levar informa\u00e7\u00e3o de valor que agregue \u00e0 vida dos leitores. Esta \u00e9 grande miss\u00e3o do Portal de Not\u00edcias Sul SC. N\u00e3o \u00e9 quantidade que muda o mundo, sempre foi e seguir\u00e1 sendo qualidade!","sameAs":["https:\/\/sulsc.com\/","https:\/\/www.facebook.com\/profile.php?id=61559278119680","https:\/\/www.instagram.com\/sulscportal\/?hl=pt-br","https:\/\/twitter.com\/https:\/\/twitter.com\/PortalSulSC","https:\/\/www.youtube.com\/channel\/UCv_BE8GeySluDov2n8qhVmw"],"url":"https:\/\/sulsc.com\/index.php\/author\/redacao\/"}]}},"authors":[],"_links":{"self":[{"href":"https:\/\/sulsc.com\/index.php\/wp-json\/wp\/v2\/posts\/10160"}],"collection":[{"href":"https:\/\/sulsc.com\/index.php\/wp-json\/wp\/v2\/posts"}],"about":[{"href":"https:\/\/sulsc.com\/index.php\/wp-json\/wp\/v2\/types\/post"}],"author":[{"embeddable":true,"href":"https:\/\/sulsc.com\/index.php\/wp-json\/wp\/v2\/users\/3"}],"replies":[{"embeddable":true,"href":"https:\/\/sulsc.com\/index.php\/wp-json\/wp\/v2\/comments?post=10160"}],"version-history":[{"count":1,"href":"https:\/\/sulsc.com\/index.php\/wp-json\/wp\/v2\/posts\/10160\/revisions"}],"predecessor-version":[{"id":10162,"href":"https:\/\/sulsc.com\/index.php\/wp-json\/wp\/v2\/posts\/10160\/revisions\/10162"}],"wp:featuredmedia":[{"embeddable":true,"href":"https:\/\/sulsc.com\/index.php\/wp-json\/wp\/v2\/media\/10161"}],"wp:attachment":[{"href":"https:\/\/sulsc.com\/index.php\/wp-json\/wp\/v2\/media?parent=10160"}],"wp:term":[{"taxonomy":"category","embeddable":true,"href":"https:\/\/sulsc.com\/index.php\/wp-json\/wp\/v2\/categories?post=10160"},{"taxonomy":"post_tag","embeddable":true,"href":"https:\/\/sulsc.com\/index.php\/wp-json\/wp\/v2\/tags?post=10160"}],"curies":[{"name":"wp","href":"https:\/\/api.w.org\/{rel}","templated":true}]}}