{"id":1024,"date":"2023-09-12T15:30:14","date_gmt":"2023-09-12T18:30:14","guid":{"rendered":"https:\/\/sulsc.com\/?p=1024"},"modified":"2023-09-12T14:54:45","modified_gmt":"2023-09-12T17:54:45","slug":"ftc-e-entidades-da-seguranca-publica-planejam-simulado-de-emergencia","status":"publish","type":"post","link":"https:\/\/sulsc.com\/index.php\/2023\/09\/12\/ftc-e-entidades-da-seguranca-publica-planejam-simulado-de-emergencia\/","title":{"rendered":"FTC e entidades da seguran\u00e7a p\u00fablica planejam simulado de emerg\u00eancia"},"content":{"rendered":"<p>A Ferrovia Tereza Cristina participou na manh\u00e3 desta segunda-feira da reuni\u00e3o com representantes das entidades de seguran\u00e7a p\u00fablica da regi\u00e3o de Crici\u00fama, para o planejamento de um simulado de emerg\u00eancia de acidente ferrovi\u00e1rio, em alus\u00e3o \u00e0 Semana Nacional do Tr\u00e2nsito.<\/p>\n<p>Segundo o t\u00e9cnico em seguran\u00e7a do trabalho da FTC, Felipe Martins, a a\u00e7\u00e3o visa a conscientizar condutores, pedestres e ciclistas sobre os cuidados ao transpor a linha f\u00e9rrea. \u201cAl\u00e9m de promover a conscientiza\u00e7\u00e3o, o simulado permite manter um padr\u00e3o de qualidade em cen\u00e1rios de socorros e emerg\u00eancias, quando de ocorr\u00eancias ferrovi\u00e1rias\u201d.<\/p>\n<p>&nbsp;<\/p>\n<p><img fetchpriority=\"high\" decoding=\"async\" class=\"alignnone size-medium wp-image-1025\" src=\"http:\/\/sulsc.com\/wp-content\/uploads\/2023\/09\/FTC-300x225.jpeg\" alt=\"\" width=\"300\" height=\"225\" srcset=\"https:\/\/sulsc.com\/wp-content\/uploads\/2023\/09\/FTC-300x225.jpeg 300w, https:\/\/sulsc.com\/wp-content\/uploads\/2023\/09\/FTC-1024x768.jpeg 1024w, https:\/\/sulsc.com\/wp-content\/uploads\/2023\/09\/FTC-768x576.jpeg 768w, https:\/\/sulsc.com\/wp-content\/uploads\/2023\/09\/FTC-1536x1152.jpeg 1536w, https:\/\/sulsc.com\/wp-content\/uploads\/2023\/09\/FTC.jpeg 1600w\" sizes=\"(max-width: 300px) 100vw, 300px\" \/><\/p>\n<p>Na pr\u00e1tica, a a\u00e7\u00e3o alertar\u00e1 aos motoristas sobre a import\u00e2ncia de respeitar as sinaliza\u00e7\u00f5es de tr\u00e2nsito para evitar acidentes. De acordo com o C\u00f3digo de Tr\u00e2nsito Brasileiro, os ve\u00edculos que se deslocam sobre os trilhos t\u00eam prefer\u00eancia de passagem sobre os demais meios de transporte nas passagens em n\u00edvel rodoferrovi\u00e1rias. N\u00e3o cumprir as normas de circula\u00e7\u00e3o \u00e9 considerado infra\u00e7\u00e3o grav\u00edssima.<\/p>\n<p>O simulado ser\u00e1 realizado a partir de uma colis\u00e3o por abalroamento com v\u00edtima aparente, entre a locomotiva e um ve\u00edculo de passeio. A data e o local da a\u00e7\u00e3o ser\u00e3o divulgados nas pr\u00f3ximas semanas. A iniciativa vai contar tamb\u00e9m com a participa\u00e7\u00e3o da Pol\u00edcia Civil, Pol\u00edcia Militar, Defesa Civil, Servi\u00e7o de Atendimento e Resgate Aerom\u00e9dico (Saer), Corpo de Bombeiros, Servi\u00e7o de Atendimento M\u00f3vel de Urg\u00eancia (Samu), Instituto M\u00e9dico Legal (IML), Pol\u00edcia Cient\u00edfica e Departamento de Tr\u00e2nsito e Transporte de Crici\u00fama (DTT).<\/p>\n","protected":false},"excerpt":{"rendered":"<p>A Ferrovia Tereza Cristina participou na manh\u00e3 desta segunda-feira da reuni\u00e3o com representantes das entidades de seguran\u00e7a p\u00fablica da regi\u00e3o de Crici\u00fama, para o planejamento de um simulado de emerg\u00eancia de acidente ferrovi\u00e1rio, em alus\u00e3o \u00e0 Semana Nacional do Tr\u00e2nsito. Segundo o t\u00e9cnico em seguran\u00e7a do trabalho da FTC, Felipe Martins, a a\u00e7\u00e3o visa a &hellip;<\/p>\n<p class=\"read-more\"> <a class=\"\" href=\"https:\/\/sulsc.com\/index.php\/2023\/09\/12\/ftc-e-entidades-da-seguranca-publica-planejam-simulado-de-emergencia\/\"> <span class=\"screen-reader-text\">FTC e entidades da seguran\u00e7a p\u00fablica planejam simulado de emerg\u00eancia<\/span> Read More &raquo;<\/a><\/p>\n","protected":false},"author":3,"featured_media":1026,"comment_status":"open","ping_status":"open","sticky":false,"template":"","format":"standard","meta":{"site-sidebar-layout":"default","site-content-layout":"default","ast-site-content-layout":"","site-content-style":"default","site-sidebar-style":"default","ast-global-header-display":"","ast-banner-title-visibility":"","ast-main-header-display":"","ast-hfb-above-header-display":"","ast-hfb-below-header-display":"","ast-hfb-mobile-header-display":"","site-post-title":"","ast-breadcrumbs-content":"","ast-featured-img":"","footer-sml-layout":"","theme-transparent-header-meta":"default","adv-header-id-meta":"","stick-header-meta":"","header-above-stick-meta":"","header-main-stick-meta":"","header-below-stick-meta":"","astra-migrate-meta-layouts":"","footnotes":""},"categories":[1],"tags":[],"yoast_head":"<!-- This site is optimized with the Yoast SEO plugin v21.4 - https:\/\/yoast.com\/wordpress\/plugins\/seo\/ -->\n<title>FTC e entidades da seguran\u00e7a p\u00fablica planejam simulado de emerg\u00eancia -<\/title>\n<meta name=\"robots\" content=\"index, follow, max-snippet:-1, max-image-preview:large, max-video-preview:-1\" \/>\n<link rel=\"canonical\" href=\"https:\/\/sulsc.com\/index.php\/2023\/09\/12\/ftc-e-entidades-da-seguranca-publica-planejam-simulado-de-emergencia\/\" \/>\n<meta property=\"og:locale\" content=\"en_US\" \/>\n<meta property=\"og:type\" content=\"article\" \/>\n<meta property=\"og:title\" content=\"FTC e entidades da seguran\u00e7a p\u00fablica planejam simulado de emerg\u00eancia -\" \/>\n<meta property=\"og:description\" content=\"A Ferrovia Tereza Cristina participou na manh\u00e3 desta segunda-feira da reuni\u00e3o com representantes das entidades de seguran\u00e7a p\u00fablica da regi\u00e3o de Crici\u00fama, para o planejamento de um simulado de emerg\u00eancia de acidente ferrovi\u00e1rio, em alus\u00e3o \u00e0 Semana Nacional do Tr\u00e2nsito. Segundo o t\u00e9cnico em seguran\u00e7a do trabalho da FTC, Felipe Martins, a a\u00e7\u00e3o visa a &hellip; FTC e entidades da seguran\u00e7a p\u00fablica planejam simulado de emerg\u00eancia Read More &raquo;\" \/>\n<meta property=\"og:url\" content=\"https:\/\/sulsc.com\/index.php\/2023\/09\/12\/ftc-e-entidades-da-seguranca-publica-planejam-simulado-de-emergencia\/\" \/>\n<meta property=\"article:author\" content=\"https:\/\/www.facebook.com\/profile.php?id=61559278119680\" \/>\n<meta property=\"article:published_time\" content=\"2023-09-12T18:30:14+00:00\" \/>\n<meta property=\"article:modified_time\" content=\"2023-09-12T17:54:45+00:00\" \/>\n<meta property=\"og:image\" content=\"https:\/\/sulsc.com\/wp-content\/uploads\/2023\/09\/FTC-1.jpeg\" \/>\n\t<meta property=\"og:image:width\" content=\"1280\" \/>\n\t<meta property=\"og:image:height\" content=\"960\" \/>\n\t<meta property=\"og:image:type\" content=\"image\/jpeg\" \/>\n<meta name=\"author\" content=\"Reda\u00e7\u00e3o Sul SC\" \/>\n<meta name=\"twitter:card\" content=\"summary_large_image\" \/>\n<meta name=\"twitter:creator\" content=\"@https:\/\/twitter.com\/PortalSulSC\" \/>\n<meta name=\"twitter:label1\" content=\"Written by\" \/>\n\t<meta name=\"twitter:data1\" content=\"Reda\u00e7\u00e3o Sul SC\" \/>\n\t<meta name=\"twitter:label2\" content=\"Est. reading time\" \/>\n\t<meta name=\"twitter:data2\" content=\"1 minute\" \/>\n<script type=\"application\/ld+json\" class=\"yoast-schema-graph\">{\"@context\":\"https:\/\/schema.org\",\"@graph\":[{\"@type\":\"WebPage\",\"@id\":\"https:\/\/sulsc.com\/index.php\/2023\/09\/12\/ftc-e-entidades-da-seguranca-publica-planejam-simulado-de-emergencia\/\",\"url\":\"https:\/\/sulsc.com\/index.php\/2023\/09\/12\/ftc-e-entidades-da-seguranca-publica-planejam-simulado-de-emergencia\/\",\"name\":\"FTC e entidades da seguran\u00e7a p\u00fablica planejam simulado de emerg\u00eancia -\",\"isPartOf\":{\"@id\":\"https:\/\/sulsc.com\/#website\"},\"datePublished\":\"2023-09-12T18:30:14+00:00\",\"dateModified\":\"2023-09-12T17:54:45+00:00\",\"author\":{\"@id\":\"https:\/\/sulsc.com\/#\/schema\/person\/84d2fc571684f6248ba83092f07750a3\"},\"breadcrumb\":{\"@id\":\"https:\/\/sulsc.com\/index.php\/2023\/09\/12\/ftc-e-entidades-da-seguranca-publica-planejam-simulado-de-emergencia\/#breadcrumb\"},\"inLanguage\":\"en-US\",\"potentialAction\":[{\"@type\":\"ReadAction\",\"target\":[\"https:\/\/sulsc.com\/index.php\/2023\/09\/12\/ftc-e-entidades-da-seguranca-publica-planejam-simulado-de-emergencia\/\"]}]},{\"@type\":\"BreadcrumbList\",\"@id\":\"https:\/\/sulsc.com\/index.php\/2023\/09\/12\/ftc-e-entidades-da-seguranca-publica-planejam-simulado-de-emergencia\/#breadcrumb\",\"itemListElement\":[{\"@type\":\"ListItem\",\"position\":1,\"name\":\"In\u00edcio\",\"item\":\"https:\/\/sulsc.com\/\"},{\"@type\":\"ListItem\",\"position\":2,\"name\":\"FTC e entidades da seguran\u00e7a p\u00fablica planejam simulado de emerg\u00eancia\"}]},{\"@type\":\"WebSite\",\"@id\":\"https:\/\/sulsc.com\/#website\",\"url\":\"https:\/\/sulsc.com\/\",\"name\":\"\",\"description\":\"\",\"potentialAction\":[{\"@type\":\"SearchAction\",\"target\":{\"@type\":\"EntryPoint\",\"urlTemplate\":\"https:\/\/sulsc.com\/?s={search_term_string}\"},\"query-input\":\"required name=search_term_string\"}],\"inLanguage\":\"en-US\"},{\"@type\":\"Person\",\"@id\":\"https:\/\/sulsc.com\/#\/schema\/person\/84d2fc571684f6248ba83092f07750a3\",\"name\":\"Reda\u00e7\u00e3o Sul SC\",\"image\":{\"@type\":\"ImageObject\",\"inLanguage\":\"en-US\",\"@id\":\"https:\/\/sulsc.com\/#\/schema\/person\/image\/e08d7fe2cc4ed596372063bbe852b8d0\",\"url\":\"https:\/\/sulsc.com\/wp-content\/uploads\/2023\/09\/redacao.png\",\"contentUrl\":\"https:\/\/sulsc.com\/wp-content\/uploads\/2023\/09\/redacao.png\",\"caption\":\"Reda\u00e7\u00e3o Sul SC\"},\"description\":\"Foco em um jornalismo imparcial, voltado \u00e0 qualidade dos seus conte\u00fados e, assim, levar informa\u00e7\u00e3o de valor que agregue \u00e0 vida dos leitores. Esta \u00e9 grande miss\u00e3o do Portal de Not\u00edcias Sul SC. N\u00e3o \u00e9 quantidade que muda o mundo, sempre foi e seguir\u00e1 sendo qualidade!\",\"sameAs\":[\"https:\/\/sulsc.com\/\",\"https:\/\/www.facebook.com\/profile.php?id=61559278119680\",\"https:\/\/www.instagram.com\/sulscportal\/?hl=pt-br\",\"https:\/\/twitter.com\/https:\/\/twitter.com\/PortalSulSC\",\"https:\/\/www.youtube.com\/channel\/UCv_BE8GeySluDov2n8qhVmw\"],\"url\":\"https:\/\/sulsc.com\/index.php\/author\/redacao\/\"}]}<\/script>\n<!-- \/ Yoast SEO plugin. -->","yoast_head_json":{"title":"FTC e entidades da seguran\u00e7a p\u00fablica planejam simulado de emerg\u00eancia -","robots":{"index":"index","follow":"follow","max-snippet":"max-snippet:-1","max-image-preview":"max-image-preview:large","max-video-preview":"max-video-preview:-1"},"canonical":"https:\/\/sulsc.com\/index.php\/2023\/09\/12\/ftc-e-entidades-da-seguranca-publica-planejam-simulado-de-emergencia\/","og_locale":"en_US","og_type":"article","og_title":"FTC e entidades da seguran\u00e7a p\u00fablica planejam simulado de emerg\u00eancia -","og_description":"A Ferrovia Tereza Cristina participou na manh\u00e3 desta segunda-feira da reuni\u00e3o com representantes das entidades de seguran\u00e7a p\u00fablica da regi\u00e3o de Crici\u00fama, para o planejamento de um simulado de emerg\u00eancia de acidente ferrovi\u00e1rio, em alus\u00e3o \u00e0 Semana Nacional do Tr\u00e2nsito. Segundo o t\u00e9cnico em seguran\u00e7a do trabalho da FTC, Felipe Martins, a a\u00e7\u00e3o visa a &hellip; FTC e entidades da seguran\u00e7a p\u00fablica planejam simulado de emerg\u00eancia Read More &raquo;","og_url":"https:\/\/sulsc.com\/index.php\/2023\/09\/12\/ftc-e-entidades-da-seguranca-publica-planejam-simulado-de-emergencia\/","article_author":"https:\/\/www.facebook.com\/profile.php?id=61559278119680","article_published_time":"2023-09-12T18:30:14+00:00","article_modified_time":"2023-09-12T17:54:45+00:00","og_image":[{"width":1280,"height":960,"url":"https:\/\/sulsc.com\/wp-content\/uploads\/2023\/09\/FTC-1.jpeg","type":"image\/jpeg"}],"author":"Reda\u00e7\u00e3o Sul SC","twitter_card":"summary_large_image","twitter_creator":"@https:\/\/twitter.com\/PortalSulSC","twitter_misc":{"Written by":"Reda\u00e7\u00e3o Sul SC","Est. reading time":"1 minute"},"schema":{"@context":"https:\/\/schema.org","@graph":[{"@type":"WebPage","@id":"https:\/\/sulsc.com\/index.php\/2023\/09\/12\/ftc-e-entidades-da-seguranca-publica-planejam-simulado-de-emergencia\/","url":"https:\/\/sulsc.com\/index.php\/2023\/09\/12\/ftc-e-entidades-da-seguranca-publica-planejam-simulado-de-emergencia\/","name":"FTC e entidades da seguran\u00e7a p\u00fablica planejam simulado de emerg\u00eancia -","isPartOf":{"@id":"https:\/\/sulsc.com\/#website"},"datePublished":"2023-09-12T18:30:14+00:00","dateModified":"2023-09-12T17:54:45+00:00","author":{"@id":"https:\/\/sulsc.com\/#\/schema\/person\/84d2fc571684f6248ba83092f07750a3"},"breadcrumb":{"@id":"https:\/\/sulsc.com\/index.php\/2023\/09\/12\/ftc-e-entidades-da-seguranca-publica-planejam-simulado-de-emergencia\/#breadcrumb"},"inLanguage":"en-US","potentialAction":[{"@type":"ReadAction","target":["https:\/\/sulsc.com\/index.php\/2023\/09\/12\/ftc-e-entidades-da-seguranca-publica-planejam-simulado-de-emergencia\/"]}]},{"@type":"BreadcrumbList","@id":"https:\/\/sulsc.com\/index.php\/2023\/09\/12\/ftc-e-entidades-da-seguranca-publica-planejam-simulado-de-emergencia\/#breadcrumb","itemListElement":[{"@type":"ListItem","position":1,"name":"In\u00edcio","item":"https:\/\/sulsc.com\/"},{"@type":"ListItem","position":2,"name":"FTC e entidades da seguran\u00e7a p\u00fablica planejam simulado de emerg\u00eancia"}]},{"@type":"WebSite","@id":"https:\/\/sulsc.com\/#website","url":"https:\/\/sulsc.com\/","name":"","description":"","potentialAction":[{"@type":"SearchAction","target":{"@type":"EntryPoint","urlTemplate":"https:\/\/sulsc.com\/?s={search_term_string}"},"query-input":"required name=search_term_string"}],"inLanguage":"en-US"},{"@type":"Person","@id":"https:\/\/sulsc.com\/#\/schema\/person\/84d2fc571684f6248ba83092f07750a3","name":"Reda\u00e7\u00e3o Sul SC","image":{"@type":"ImageObject","inLanguage":"en-US","@id":"https:\/\/sulsc.com\/#\/schema\/person\/image\/e08d7fe2cc4ed596372063bbe852b8d0","url":"https:\/\/sulsc.com\/wp-content\/uploads\/2023\/09\/redacao.png","contentUrl":"https:\/\/sulsc.com\/wp-content\/uploads\/2023\/09\/redacao.png","caption":"Reda\u00e7\u00e3o Sul SC"},"description":"Foco em um jornalismo imparcial, voltado \u00e0 qualidade dos seus conte\u00fados e, assim, levar informa\u00e7\u00e3o de valor que agregue \u00e0 vida dos leitores. Esta \u00e9 grande miss\u00e3o do Portal de Not\u00edcias Sul SC. N\u00e3o \u00e9 quantidade que muda o mundo, sempre foi e seguir\u00e1 sendo qualidade!","sameAs":["https:\/\/sulsc.com\/","https:\/\/www.facebook.com\/profile.php?id=61559278119680","https:\/\/www.instagram.com\/sulscportal\/?hl=pt-br","https:\/\/twitter.com\/https:\/\/twitter.com\/PortalSulSC","https:\/\/www.youtube.com\/channel\/UCv_BE8GeySluDov2n8qhVmw"],"url":"https:\/\/sulsc.com\/index.php\/author\/redacao\/"}]}},"authors":[],"_links":{"self":[{"href":"https:\/\/sulsc.com\/index.php\/wp-json\/wp\/v2\/posts\/1024"}],"collection":[{"href":"https:\/\/sulsc.com\/index.php\/wp-json\/wp\/v2\/posts"}],"about":[{"href":"https:\/\/sulsc.com\/index.php\/wp-json\/wp\/v2\/types\/post"}],"author":[{"embeddable":true,"href":"https:\/\/sulsc.com\/index.php\/wp-json\/wp\/v2\/users\/3"}],"replies":[{"embeddable":true,"href":"https:\/\/sulsc.com\/index.php\/wp-json\/wp\/v2\/comments?post=1024"}],"version-history":[{"count":1,"href":"https:\/\/sulsc.com\/index.php\/wp-json\/wp\/v2\/posts\/1024\/revisions"}],"predecessor-version":[{"id":1027,"href":"https:\/\/sulsc.com\/index.php\/wp-json\/wp\/v2\/posts\/1024\/revisions\/1027"}],"wp:featuredmedia":[{"embeddable":true,"href":"https:\/\/sulsc.com\/index.php\/wp-json\/wp\/v2\/media\/1026"}],"wp:attachment":[{"href":"https:\/\/sulsc.com\/index.php\/wp-json\/wp\/v2\/media?parent=1024"}],"wp:term":[{"taxonomy":"category","embeddable":true,"href":"https:\/\/sulsc.com\/index.php\/wp-json\/wp\/v2\/categories?post=1024"},{"taxonomy":"post_tag","embeddable":true,"href":"https:\/\/sulsc.com\/index.php\/wp-json\/wp\/v2\/tags?post=1024"}],"curies":[{"name":"wp","href":"https:\/\/api.w.org\/{rel}","templated":true}]}}