{"id":10270,"date":"2024-03-20T17:29:57","date_gmt":"2024-03-20T20:29:57","guid":{"rendered":"https:\/\/sulsc.com\/?p=10270"},"modified":"2024-03-20T17:31:45","modified_gmt":"2024-03-20T20:31:45","slug":"feira-agropecuaria-de-tubarao-retorna-com-edicao-promissora-em-maio","status":"publish","type":"post","link":"https:\/\/sulsc.com\/index.php\/2024\/03\/20\/feira-agropecuaria-de-tubarao-retorna-com-edicao-promissora-em-maio\/","title":{"rendered":"Feira Agropecu\u00e1ria de Tubar\u00e3o retorna com edi\u00e7\u00e3o promissora em maio"},"content":{"rendered":"<p><img fetchpriority=\"high\" decoding=\"async\" class=\"aligncenter size-full wp-image-10271\" src=\"http:\/\/sulsc.com\/wp-content\/uploads\/2024\/03\/1-23.jpg\" alt=\"\" width=\"1024\" height=\"682\" srcset=\"https:\/\/sulsc.com\/wp-content\/uploads\/2024\/03\/1-23.jpg 1024w, https:\/\/sulsc.com\/wp-content\/uploads\/2024\/03\/1-23-300x200.jpg 300w, https:\/\/sulsc.com\/wp-content\/uploads\/2024\/03\/1-23-768x512.jpg 768w\" sizes=\"(max-width: 1024px) 100vw, 1024px\" \/><\/p>\n<p><strong>Tubar\u00e3o<\/strong> se prepara para receber um dos eventos mais aguardados pelos profissionais e entusiastas da agropecu\u00e1ria. Com a promessa de apresentar as mais recentes inova\u00e7\u00f5es e tend\u00eancias do setor, a Feira Agropecu\u00e1ria de Tubar\u00e3o retorna este ano com uma edi\u00e7\u00e3o que promete superar as expectativas de seus participantes.<\/p>\n<p>Agendada para ocorrer no Centro de Treinamento da Epagri (Cetuba) entre os dias 22 e 26 de maio, a feira ser\u00e1 um verdadeiro ponto de encontro para aqueles que buscam se manter atualizados sobre as novidades em equipamentos agr\u00edcolas, tecnologias de ponta para a produ\u00e7\u00e3o animal e demais avan\u00e7os no campo.<\/p>\n<p>Al\u00e9m das exposi\u00e7\u00f5es de \u00faltima gera\u00e7\u00e3o, os visitantes ter\u00e3o a oportunidade de participar de palestras ministradas por especialistas renomados, abordando uma ampla gama de temas relacionados \u00e0 agropecu\u00e1ria. Tais palestras n\u00e3o apenas oferecer\u00e3o valiosos insights para os presentes, mas tamb\u00e9m servir\u00e3o como plataforma para a troca de conhecimentos e experi\u00eancias entre os participantes.<\/p>\n<p>Os semin\u00e1rios especializados, por sua vez, proporcionar\u00e3o uma imers\u00e3o ainda mais profunda em quest\u00f5es espec\u00edficas do setor, desde t\u00e9cnicas avan\u00e7adas de manejo do solo at\u00e9 an\u00e1lises detalhadas das \u00faltimas tend\u00eancias de mercado. Esses eventos prometem capacitar os participantes com o conhecimento necess\u00e1rio para enfrentar os desafios e aproveitar as oportunidades que surgem no cen\u00e1rio agropecu\u00e1rio atual.<\/p>\n<p>Al\u00e9m do aspecto educacional, a feira tamb\u00e9m ser\u00e1 uma excelente oportunidade para estabelecer conex\u00f5es e parcerias estrat\u00e9gicas. Com a presen\u00e7a dos principais players do mercado, os participantes ter\u00e3o a chance de expandir suas redes de contatos e explorar novas oportunidades de neg\u00f3cios.<\/p>\n<p>Para completar a experi\u00eancia, a Feira Agropecu\u00e1ria de Tubar\u00e3o contar\u00e1 com uma variedade de atividades para toda a fam\u00edlia, incluindo desfiles de animais, competi\u00e7\u00f5es emocionantes e shows musicais que prometem entreter e encantar os presentes.<\/p>\n","protected":false},"excerpt":{"rendered":"<p>Tubar\u00e3o se prepara para receber um dos eventos mais aguardados pelos profissionais e entusiastas da agropecu\u00e1ria. Com a promessa de apresentar as mais recentes inova\u00e7\u00f5es e tend\u00eancias do setor, a Feira Agropecu\u00e1ria de Tubar\u00e3o retorna este ano com uma edi\u00e7\u00e3o que promete superar as expectativas de seus participantes. Agendada para ocorrer no Centro de Treinamento &hellip;<\/p>\n<p class=\"read-more\"> <a class=\"\" href=\"https:\/\/sulsc.com\/index.php\/2024\/03\/20\/feira-agropecuaria-de-tubarao-retorna-com-edicao-promissora-em-maio\/\"> <span class=\"screen-reader-text\">Feira Agropecu\u00e1ria de Tubar\u00e3o retorna com edi\u00e7\u00e3o promissora em maio<\/span> Read More &raquo;<\/a><\/p>\n","protected":false},"author":3,"featured_media":10271,"comment_status":"open","ping_status":"open","sticky":false,"template":"","format":"standard","meta":{"site-sidebar-layout":"default","site-content-layout":"","ast-site-content-layout":"default","site-content-style":"default","site-sidebar-style":"default","ast-global-header-display":"","ast-banner-title-visibility":"","ast-main-header-display":"","ast-hfb-above-header-display":"","ast-hfb-below-header-display":"","ast-hfb-mobile-header-display":"","site-post-title":"","ast-breadcrumbs-content":"","ast-featured-img":"","footer-sml-layout":"","theme-transparent-header-meta":"default","adv-header-id-meta":"","stick-header-meta":"","header-above-stick-meta":"","header-main-stick-meta":"","header-below-stick-meta":"","astra-migrate-meta-layouts":"set","footnotes":""},"categories":[40],"tags":[826,1605,202,1604],"yoast_head":"<!-- This site is optimized with the Yoast SEO plugin v21.4 - https:\/\/yoast.com\/wordpress\/plugins\/seo\/ -->\n<title>Feira Agropecu\u00e1ria de Tubar\u00e3o retorna com edi\u00e7\u00e3o promissora em maio -<\/title>\n<meta name=\"description\" content=\"Agendada para ocorrer no Centro de Treinamento da Epagri (Cetuba) entre os dias 22 e 26 de maio, a feira ser\u00e1 um verdadeiro ponto de encontro para aqueles que buscam se manter atualizados sobre as novidades em equipamentos agr\u00edcolas, tecnologias de ponta para a produ\u00e7\u00e3o animal e demais avan\u00e7os no campo.\" \/>\n<meta name=\"robots\" content=\"index, follow, max-snippet:-1, max-image-preview:large, max-video-preview:-1\" \/>\n<link rel=\"canonical\" href=\"https:\/\/sulsc.com\/index.php\/2024\/03\/20\/feira-agropecuaria-de-tubarao-retorna-com-edicao-promissora-em-maio\/\" \/>\n<meta property=\"og:locale\" content=\"en_US\" \/>\n<meta property=\"og:type\" content=\"article\" \/>\n<meta property=\"og:title\" content=\"Feira Agropecu\u00e1ria de Tubar\u00e3o retorna com edi\u00e7\u00e3o promissora em maio -\" \/>\n<meta property=\"og:description\" content=\"Agendada para ocorrer no Centro de Treinamento da Epagri (Cetuba) entre os dias 22 e 26 de maio, a feira ser\u00e1 um verdadeiro ponto de encontro para aqueles que buscam se manter atualizados sobre as novidades em equipamentos agr\u00edcolas, tecnologias de ponta para a produ\u00e7\u00e3o animal e demais avan\u00e7os no campo.\" \/>\n<meta property=\"og:url\" content=\"https:\/\/sulsc.com\/index.php\/2024\/03\/20\/feira-agropecuaria-de-tubarao-retorna-com-edicao-promissora-em-maio\/\" \/>\n<meta property=\"article:author\" content=\"https:\/\/www.facebook.com\/profile.php?id=61559278119680\" \/>\n<meta property=\"article:published_time\" content=\"2024-03-20T20:29:57+00:00\" \/>\n<meta property=\"article:modified_time\" content=\"2024-03-20T20:31:45+00:00\" \/>\n<meta property=\"og:image\" content=\"http:\/\/sulsc.com\/wp-content\/uploads\/2024\/03\/1-23.jpg\" \/>\n\t<meta property=\"og:image:width\" content=\"1024\" \/>\n\t<meta property=\"og:image:height\" content=\"682\" \/>\n\t<meta property=\"og:image:type\" content=\"image\/jpeg\" \/>\n<meta name=\"author\" content=\"Reda\u00e7\u00e3o Sul SC\" \/>\n<meta name=\"twitter:card\" content=\"summary_large_image\" \/>\n<meta name=\"twitter:creator\" content=\"@https:\/\/twitter.com\/PortalSulSC\" \/>\n<meta name=\"twitter:label1\" content=\"Written by\" \/>\n\t<meta name=\"twitter:data1\" content=\"Reda\u00e7\u00e3o Sul SC\" \/>\n\t<meta name=\"twitter:label2\" content=\"Est. reading time\" \/>\n\t<meta name=\"twitter:data2\" content=\"2 minutes\" \/>\n<script type=\"application\/ld+json\" class=\"yoast-schema-graph\">{\"@context\":\"https:\/\/schema.org\",\"@graph\":[{\"@type\":\"WebPage\",\"@id\":\"https:\/\/sulsc.com\/index.php\/2024\/03\/20\/feira-agropecuaria-de-tubarao-retorna-com-edicao-promissora-em-maio\/\",\"url\":\"https:\/\/sulsc.com\/index.php\/2024\/03\/20\/feira-agropecuaria-de-tubarao-retorna-com-edicao-promissora-em-maio\/\",\"name\":\"Feira Agropecu\u00e1ria de Tubar\u00e3o retorna com edi\u00e7\u00e3o promissora em maio -\",\"isPartOf\":{\"@id\":\"https:\/\/sulsc.com\/#website\"},\"datePublished\":\"2024-03-20T20:29:57+00:00\",\"dateModified\":\"2024-03-20T20:31:45+00:00\",\"author\":{\"@id\":\"https:\/\/sulsc.com\/#\/schema\/person\/84d2fc571684f6248ba83092f07750a3\"},\"description\":\"Agendada para ocorrer no Centro de Treinamento da Epagri (Cetuba) entre os dias 22 e 26 de maio, a feira ser\u00e1 um verdadeiro ponto de encontro para aqueles que buscam se manter atualizados sobre as novidades em equipamentos agr\u00edcolas, tecnologias de ponta para a produ\u00e7\u00e3o animal e demais avan\u00e7os no campo.\",\"breadcrumb\":{\"@id\":\"https:\/\/sulsc.com\/index.php\/2024\/03\/20\/feira-agropecuaria-de-tubarao-retorna-com-edicao-promissora-em-maio\/#breadcrumb\"},\"inLanguage\":\"en-US\",\"potentialAction\":[{\"@type\":\"ReadAction\",\"target\":[\"https:\/\/sulsc.com\/index.php\/2024\/03\/20\/feira-agropecuaria-de-tubarao-retorna-com-edicao-promissora-em-maio\/\"]}]},{\"@type\":\"BreadcrumbList\",\"@id\":\"https:\/\/sulsc.com\/index.php\/2024\/03\/20\/feira-agropecuaria-de-tubarao-retorna-com-edicao-promissora-em-maio\/#breadcrumb\",\"itemListElement\":[{\"@type\":\"ListItem\",\"position\":1,\"name\":\"In\u00edcio\",\"item\":\"https:\/\/sulsc.com\/\"},{\"@type\":\"ListItem\",\"position\":2,\"name\":\"Feira Agropecu\u00e1ria de Tubar\u00e3o retorna com edi\u00e7\u00e3o promissora em maio\"}]},{\"@type\":\"WebSite\",\"@id\":\"https:\/\/sulsc.com\/#website\",\"url\":\"https:\/\/sulsc.com\/\",\"name\":\"\",\"description\":\"\",\"potentialAction\":[{\"@type\":\"SearchAction\",\"target\":{\"@type\":\"EntryPoint\",\"urlTemplate\":\"https:\/\/sulsc.com\/?s={search_term_string}\"},\"query-input\":\"required name=search_term_string\"}],\"inLanguage\":\"en-US\"},{\"@type\":\"Person\",\"@id\":\"https:\/\/sulsc.com\/#\/schema\/person\/84d2fc571684f6248ba83092f07750a3\",\"name\":\"Reda\u00e7\u00e3o Sul SC\",\"image\":{\"@type\":\"ImageObject\",\"inLanguage\":\"en-US\",\"@id\":\"https:\/\/sulsc.com\/#\/schema\/person\/image\/e08d7fe2cc4ed596372063bbe852b8d0\",\"url\":\"https:\/\/sulsc.com\/wp-content\/uploads\/2023\/09\/redacao.png\",\"contentUrl\":\"https:\/\/sulsc.com\/wp-content\/uploads\/2023\/09\/redacao.png\",\"caption\":\"Reda\u00e7\u00e3o Sul SC\"},\"description\":\"Foco em um jornalismo imparcial, voltado \u00e0 qualidade dos seus conte\u00fados e, assim, levar informa\u00e7\u00e3o de valor que agregue \u00e0 vida dos leitores. Esta \u00e9 grande miss\u00e3o do Portal de Not\u00edcias Sul SC. N\u00e3o \u00e9 quantidade que muda o mundo, sempre foi e seguir\u00e1 sendo qualidade!\",\"sameAs\":[\"https:\/\/sulsc.com\/\",\"https:\/\/www.facebook.com\/profile.php?id=61559278119680\",\"https:\/\/www.instagram.com\/sulscportal\/?hl=pt-br\",\"https:\/\/twitter.com\/https:\/\/twitter.com\/PortalSulSC\",\"https:\/\/www.youtube.com\/channel\/UCv_BE8GeySluDov2n8qhVmw\"],\"url\":\"https:\/\/sulsc.com\/index.php\/author\/redacao\/\"}]}<\/script>\n<!-- \/ Yoast SEO plugin. -->","yoast_head_json":{"title":"Feira Agropecu\u00e1ria de Tubar\u00e3o retorna com edi\u00e7\u00e3o promissora em maio -","description":"Agendada para ocorrer no Centro de Treinamento da Epagri (Cetuba) entre os dias 22 e 26 de maio, a feira ser\u00e1 um verdadeiro ponto de encontro para aqueles que buscam se manter atualizados sobre as novidades em equipamentos agr\u00edcolas, tecnologias de ponta para a produ\u00e7\u00e3o animal e demais avan\u00e7os no campo.","robots":{"index":"index","follow":"follow","max-snippet":"max-snippet:-1","max-image-preview":"max-image-preview:large","max-video-preview":"max-video-preview:-1"},"canonical":"https:\/\/sulsc.com\/index.php\/2024\/03\/20\/feira-agropecuaria-de-tubarao-retorna-com-edicao-promissora-em-maio\/","og_locale":"en_US","og_type":"article","og_title":"Feira Agropecu\u00e1ria de Tubar\u00e3o retorna com edi\u00e7\u00e3o promissora em maio -","og_description":"Agendada para ocorrer no Centro de Treinamento da Epagri (Cetuba) entre os dias 22 e 26 de maio, a feira ser\u00e1 um verdadeiro ponto de encontro para aqueles que buscam se manter atualizados sobre as novidades em equipamentos agr\u00edcolas, tecnologias de ponta para a produ\u00e7\u00e3o animal e demais avan\u00e7os no campo.","og_url":"https:\/\/sulsc.com\/index.php\/2024\/03\/20\/feira-agropecuaria-de-tubarao-retorna-com-edicao-promissora-em-maio\/","article_author":"https:\/\/www.facebook.com\/profile.php?id=61559278119680","article_published_time":"2024-03-20T20:29:57+00:00","article_modified_time":"2024-03-20T20:31:45+00:00","og_image":[{"width":1024,"height":682,"url":"http:\/\/sulsc.com\/wp-content\/uploads\/2024\/03\/1-23.jpg","type":"image\/jpeg"}],"author":"Reda\u00e7\u00e3o Sul SC","twitter_card":"summary_large_image","twitter_creator":"@https:\/\/twitter.com\/PortalSulSC","twitter_misc":{"Written by":"Reda\u00e7\u00e3o Sul SC","Est. reading time":"2 minutes"},"schema":{"@context":"https:\/\/schema.org","@graph":[{"@type":"WebPage","@id":"https:\/\/sulsc.com\/index.php\/2024\/03\/20\/feira-agropecuaria-de-tubarao-retorna-com-edicao-promissora-em-maio\/","url":"https:\/\/sulsc.com\/index.php\/2024\/03\/20\/feira-agropecuaria-de-tubarao-retorna-com-edicao-promissora-em-maio\/","name":"Feira Agropecu\u00e1ria de Tubar\u00e3o retorna com edi\u00e7\u00e3o promissora em maio -","isPartOf":{"@id":"https:\/\/sulsc.com\/#website"},"datePublished":"2024-03-20T20:29:57+00:00","dateModified":"2024-03-20T20:31:45+00:00","author":{"@id":"https:\/\/sulsc.com\/#\/schema\/person\/84d2fc571684f6248ba83092f07750a3"},"description":"Agendada para ocorrer no Centro de Treinamento da Epagri (Cetuba) entre os dias 22 e 26 de maio, a feira ser\u00e1 um verdadeiro ponto de encontro para aqueles que buscam se manter atualizados sobre as novidades em equipamentos agr\u00edcolas, tecnologias de ponta para a produ\u00e7\u00e3o animal e demais avan\u00e7os no campo.","breadcrumb":{"@id":"https:\/\/sulsc.com\/index.php\/2024\/03\/20\/feira-agropecuaria-de-tubarao-retorna-com-edicao-promissora-em-maio\/#breadcrumb"},"inLanguage":"en-US","potentialAction":[{"@type":"ReadAction","target":["https:\/\/sulsc.com\/index.php\/2024\/03\/20\/feira-agropecuaria-de-tubarao-retorna-com-edicao-promissora-em-maio\/"]}]},{"@type":"BreadcrumbList","@id":"https:\/\/sulsc.com\/index.php\/2024\/03\/20\/feira-agropecuaria-de-tubarao-retorna-com-edicao-promissora-em-maio\/#breadcrumb","itemListElement":[{"@type":"ListItem","position":1,"name":"In\u00edcio","item":"https:\/\/sulsc.com\/"},{"@type":"ListItem","position":2,"name":"Feira Agropecu\u00e1ria de Tubar\u00e3o retorna com edi\u00e7\u00e3o promissora em maio"}]},{"@type":"WebSite","@id":"https:\/\/sulsc.com\/#website","url":"https:\/\/sulsc.com\/","name":"","description":"","potentialAction":[{"@type":"SearchAction","target":{"@type":"EntryPoint","urlTemplate":"https:\/\/sulsc.com\/?s={search_term_string}"},"query-input":"required name=search_term_string"}],"inLanguage":"en-US"},{"@type":"Person","@id":"https:\/\/sulsc.com\/#\/schema\/person\/84d2fc571684f6248ba83092f07750a3","name":"Reda\u00e7\u00e3o Sul SC","image":{"@type":"ImageObject","inLanguage":"en-US","@id":"https:\/\/sulsc.com\/#\/schema\/person\/image\/e08d7fe2cc4ed596372063bbe852b8d0","url":"https:\/\/sulsc.com\/wp-content\/uploads\/2023\/09\/redacao.png","contentUrl":"https:\/\/sulsc.com\/wp-content\/uploads\/2023\/09\/redacao.png","caption":"Reda\u00e7\u00e3o Sul SC"},"description":"Foco em um jornalismo imparcial, voltado \u00e0 qualidade dos seus conte\u00fados e, assim, levar informa\u00e7\u00e3o de valor que agregue \u00e0 vida dos leitores. Esta \u00e9 grande miss\u00e3o do Portal de Not\u00edcias Sul SC. N\u00e3o \u00e9 quantidade que muda o mundo, sempre foi e seguir\u00e1 sendo qualidade!","sameAs":["https:\/\/sulsc.com\/","https:\/\/www.facebook.com\/profile.php?id=61559278119680","https:\/\/www.instagram.com\/sulscportal\/?hl=pt-br","https:\/\/twitter.com\/https:\/\/twitter.com\/PortalSulSC","https:\/\/www.youtube.com\/channel\/UCv_BE8GeySluDov2n8qhVmw"],"url":"https:\/\/sulsc.com\/index.php\/author\/redacao\/"}]}},"authors":[],"_links":{"self":[{"href":"https:\/\/sulsc.com\/index.php\/wp-json\/wp\/v2\/posts\/10270"}],"collection":[{"href":"https:\/\/sulsc.com\/index.php\/wp-json\/wp\/v2\/posts"}],"about":[{"href":"https:\/\/sulsc.com\/index.php\/wp-json\/wp\/v2\/types\/post"}],"author":[{"embeddable":true,"href":"https:\/\/sulsc.com\/index.php\/wp-json\/wp\/v2\/users\/3"}],"replies":[{"embeddable":true,"href":"https:\/\/sulsc.com\/index.php\/wp-json\/wp\/v2\/comments?post=10270"}],"version-history":[{"count":1,"href":"https:\/\/sulsc.com\/index.php\/wp-json\/wp\/v2\/posts\/10270\/revisions"}],"predecessor-version":[{"id":10272,"href":"https:\/\/sulsc.com\/index.php\/wp-json\/wp\/v2\/posts\/10270\/revisions\/10272"}],"wp:featuredmedia":[{"embeddable":true,"href":"https:\/\/sulsc.com\/index.php\/wp-json\/wp\/v2\/media\/10271"}],"wp:attachment":[{"href":"https:\/\/sulsc.com\/index.php\/wp-json\/wp\/v2\/media?parent=10270"}],"wp:term":[{"taxonomy":"category","embeddable":true,"href":"https:\/\/sulsc.com\/index.php\/wp-json\/wp\/v2\/categories?post=10270"},{"taxonomy":"post_tag","embeddable":true,"href":"https:\/\/sulsc.com\/index.php\/wp-json\/wp\/v2\/tags?post=10270"}],"curies":[{"name":"wp","href":"https:\/\/api.w.org\/{rel}","templated":true}]}}