{"id":10284,"date":"2024-03-21T10:25:40","date_gmt":"2024-03-21T13:25:40","guid":{"rendered":"https:\/\/sulsc.com\/?p=10284"},"modified":"2024-03-21T10:25:40","modified_gmt":"2024-03-21T13:25:40","slug":"estuprador-e-preso-em-imbituba-apos-invadir-casa-de-cueca","status":"publish","type":"post","link":"https:\/\/sulsc.com\/index.php\/2024\/03\/21\/estuprador-e-preso-em-imbituba-apos-invadir-casa-de-cueca\/","title":{"rendered":"Estuprador \u00e9 preso em Imbituba ap\u00f3s invadir casa de cueca"},"content":{"rendered":"<p><img fetchpriority=\"high\" decoding=\"async\" class=\"size-full wp-image-10285\" src=\"http:\/\/sulsc.com\/wp-content\/uploads\/2024\/03\/estupro.jpg\" alt=\"\" width=\"1200\" height=\"630\" srcset=\"https:\/\/sulsc.com\/wp-content\/uploads\/2024\/03\/estupro.jpg 1200w, https:\/\/sulsc.com\/wp-content\/uploads\/2024\/03\/estupro-300x158.jpg 300w, https:\/\/sulsc.com\/wp-content\/uploads\/2024\/03\/estupro-1024x538.jpg 1024w, https:\/\/sulsc.com\/wp-content\/uploads\/2024\/03\/estupro-768x403.jpg 768w\" sizes=\"(max-width: 1200px) 100vw, 1200px\" \/><\/p>\n<p>Ap\u00f3s cerca de tr\u00eas meses de investiga\u00e7\u00e3o, a Pol\u00edcia Civil de <strong>Imbituba<\/strong> prendeu um indiv\u00edduo que invadiu a casa de uma m\u00e3e e sua filha, vestindo apenas cueca, na tentativa de perpetrar uma rela\u00e7\u00e3o sexual for\u00e7ada. A pris\u00e3o preventiva foi autorizada pelo Judici\u00e1rio devido \u00e0 suposta pr\u00e1tica dos crimes de tentativa de estupro e les\u00e3o corporal.<\/p>\n<p>No final de 2023, um boletim de ocorr\u00eancia foi registrado na Sala Lil\u00e1s da Delegacia de Pol\u00edcia, descrevendo que, durante a madrugada, o investigado invadiu a resid\u00eancia das v\u00edtimas vestindo apenas roupa de baixo, arrastou a v\u00edtima e a agrediu fisicamente com socos e chutes, tentando cometer abuso sexual. Na ocasi\u00e3o, a penetra\u00e7\u00e3o n\u00e3o ocorreu devido \u00e0 interven\u00e7\u00e3o da m\u00e3e da menina, que ouviu os gritos e socorreu sua filha.<\/p>\n<p>A genitora tamb\u00e9m foi agredida fisicamente pelo agressor. Ap\u00f3s a instaura\u00e7\u00e3o de inqu\u00e9rito policial e coleta de evid\u00eancias, o delegado solicitou ao Judici\u00e1rio a pris\u00e3o preventiva, que foi deferida ap\u00f3s parecer favor\u00e1vel do Minist\u00e9rio P\u00fablico.<\/p>\n<p>O homem foi detido nesta ter\u00e7a-feira (19) ap\u00f3s o cumprimento do mandado. Atualmente, encontra-se sob cust\u00f3dia na Unidade Prisional Avan\u00e7ada (UPA) de Imbituba, onde est\u00e1 sendo possivelmente bem cuidado por seus colegas de c\u00e1rcere.<\/p>\n","protected":false},"excerpt":{"rendered":"<p>Ap\u00f3s cerca de tr\u00eas meses de investiga\u00e7\u00e3o, a Pol\u00edcia Civil de Imbituba prendeu um indiv\u00edduo que invadiu a casa de uma m\u00e3e e sua filha, vestindo apenas cueca, na tentativa de perpetrar uma rela\u00e7\u00e3o sexual for\u00e7ada. A pris\u00e3o preventiva foi autorizada pelo Judici\u00e1rio devido \u00e0 suposta pr\u00e1tica dos crimes de tentativa de estupro e les\u00e3o &hellip;<\/p>\n<p class=\"read-more\"> <a class=\"\" href=\"https:\/\/sulsc.com\/index.php\/2024\/03\/21\/estuprador-e-preso-em-imbituba-apos-invadir-casa-de-cueca\/\"> <span class=\"screen-reader-text\">Estuprador \u00e9 preso em Imbituba ap\u00f3s invadir casa de cueca<\/span> Read More &raquo;<\/a><\/p>\n","protected":false},"author":3,"featured_media":10285,"comment_status":"open","ping_status":"open","sticky":false,"template":"","format":"standard","meta":{"site-sidebar-layout":"default","site-content-layout":"","ast-site-content-layout":"default","site-content-style":"default","site-sidebar-style":"default","ast-global-header-display":"","ast-banner-title-visibility":"","ast-main-header-display":"","ast-hfb-above-header-display":"","ast-hfb-below-header-display":"","ast-hfb-mobile-header-display":"","site-post-title":"","ast-breadcrumbs-content":"","ast-featured-img":"","footer-sml-layout":"","theme-transparent-header-meta":"default","adv-header-id-meta":"","stick-header-meta":"","header-above-stick-meta":"","header-main-stick-meta":"","header-below-stick-meta":"","astra-migrate-meta-layouts":"set","footnotes":""},"categories":[8],"tags":[],"yoast_head":"<!-- This site is optimized with the Yoast SEO plugin v21.4 - https:\/\/yoast.com\/wordpress\/plugins\/seo\/ -->\n<title>Estuprador \u00e9 preso em Imbituba ap\u00f3s invadir casa de cueca -<\/title>\n<meta name=\"description\" content=\"O homem foi detido nesta ter\u00e7a-feira (19) ap\u00f3s o cumprimento do mandado. Atualmente, encontra-se sob cust\u00f3dia na Unidade Prisional Avan\u00e7ada (UPA) de Imbituba, onde est\u00e1 sendo possivelmente bem cuidado por seus colegas de c\u00e1rcere.\" \/>\n<meta name=\"robots\" content=\"index, follow, max-snippet:-1, max-image-preview:large, max-video-preview:-1\" \/>\n<link rel=\"canonical\" href=\"https:\/\/sulsc.com\/index.php\/2024\/03\/21\/estuprador-e-preso-em-imbituba-apos-invadir-casa-de-cueca\/\" \/>\n<meta property=\"og:locale\" content=\"en_US\" \/>\n<meta property=\"og:type\" content=\"article\" \/>\n<meta property=\"og:title\" content=\"Estuprador \u00e9 preso em Imbituba ap\u00f3s invadir casa de cueca -\" \/>\n<meta property=\"og:description\" content=\"O homem foi detido nesta ter\u00e7a-feira (19) ap\u00f3s o cumprimento do mandado. Atualmente, encontra-se sob cust\u00f3dia na Unidade Prisional Avan\u00e7ada (UPA) de Imbituba, onde est\u00e1 sendo possivelmente bem cuidado por seus colegas de c\u00e1rcere.\" \/>\n<meta property=\"og:url\" content=\"https:\/\/sulsc.com\/index.php\/2024\/03\/21\/estuprador-e-preso-em-imbituba-apos-invadir-casa-de-cueca\/\" \/>\n<meta property=\"article:author\" content=\"https:\/\/www.facebook.com\/profile.php?id=61559278119680\" \/>\n<meta property=\"article:published_time\" content=\"2024-03-21T13:25:40+00:00\" \/>\n<meta property=\"og:image\" content=\"http:\/\/sulsc.com\/wp-content\/uploads\/2024\/03\/estupro.jpg\" \/>\n\t<meta property=\"og:image:width\" content=\"1200\" \/>\n\t<meta property=\"og:image:height\" content=\"630\" \/>\n\t<meta property=\"og:image:type\" content=\"image\/jpeg\" \/>\n<meta name=\"author\" content=\"Reda\u00e7\u00e3o Sul SC\" \/>\n<meta name=\"twitter:card\" content=\"summary_large_image\" \/>\n<meta name=\"twitter:creator\" content=\"@https:\/\/twitter.com\/PortalSulSC\" \/>\n<meta name=\"twitter:label1\" content=\"Written by\" \/>\n\t<meta name=\"twitter:data1\" content=\"Reda\u00e7\u00e3o Sul SC\" \/>\n\t<meta name=\"twitter:label2\" content=\"Est. reading time\" \/>\n\t<meta name=\"twitter:data2\" content=\"2 minutes\" \/>\n<script type=\"application\/ld+json\" class=\"yoast-schema-graph\">{\"@context\":\"https:\/\/schema.org\",\"@graph\":[{\"@type\":\"WebPage\",\"@id\":\"https:\/\/sulsc.com\/index.php\/2024\/03\/21\/estuprador-e-preso-em-imbituba-apos-invadir-casa-de-cueca\/\",\"url\":\"https:\/\/sulsc.com\/index.php\/2024\/03\/21\/estuprador-e-preso-em-imbituba-apos-invadir-casa-de-cueca\/\",\"name\":\"Estuprador \u00e9 preso em Imbituba ap\u00f3s invadir casa de cueca -\",\"isPartOf\":{\"@id\":\"https:\/\/sulsc.com\/#website\"},\"datePublished\":\"2024-03-21T13:25:40+00:00\",\"dateModified\":\"2024-03-21T13:25:40+00:00\",\"author\":{\"@id\":\"https:\/\/sulsc.com\/#\/schema\/person\/84d2fc571684f6248ba83092f07750a3\"},\"description\":\"O homem foi detido nesta ter\u00e7a-feira (19) ap\u00f3s o cumprimento do mandado. Atualmente, encontra-se sob cust\u00f3dia na Unidade Prisional Avan\u00e7ada (UPA) de Imbituba, onde est\u00e1 sendo possivelmente bem cuidado por seus colegas de c\u00e1rcere.\",\"breadcrumb\":{\"@id\":\"https:\/\/sulsc.com\/index.php\/2024\/03\/21\/estuprador-e-preso-em-imbituba-apos-invadir-casa-de-cueca\/#breadcrumb\"},\"inLanguage\":\"en-US\",\"potentialAction\":[{\"@type\":\"ReadAction\",\"target\":[\"https:\/\/sulsc.com\/index.php\/2024\/03\/21\/estuprador-e-preso-em-imbituba-apos-invadir-casa-de-cueca\/\"]}]},{\"@type\":\"BreadcrumbList\",\"@id\":\"https:\/\/sulsc.com\/index.php\/2024\/03\/21\/estuprador-e-preso-em-imbituba-apos-invadir-casa-de-cueca\/#breadcrumb\",\"itemListElement\":[{\"@type\":\"ListItem\",\"position\":1,\"name\":\"In\u00edcio\",\"item\":\"https:\/\/sulsc.com\/\"},{\"@type\":\"ListItem\",\"position\":2,\"name\":\"Estuprador \u00e9 preso em Imbituba ap\u00f3s invadir casa de cueca\"}]},{\"@type\":\"WebSite\",\"@id\":\"https:\/\/sulsc.com\/#website\",\"url\":\"https:\/\/sulsc.com\/\",\"name\":\"\",\"description\":\"\",\"potentialAction\":[{\"@type\":\"SearchAction\",\"target\":{\"@type\":\"EntryPoint\",\"urlTemplate\":\"https:\/\/sulsc.com\/?s={search_term_string}\"},\"query-input\":\"required name=search_term_string\"}],\"inLanguage\":\"en-US\"},{\"@type\":\"Person\",\"@id\":\"https:\/\/sulsc.com\/#\/schema\/person\/84d2fc571684f6248ba83092f07750a3\",\"name\":\"Reda\u00e7\u00e3o Sul SC\",\"image\":{\"@type\":\"ImageObject\",\"inLanguage\":\"en-US\",\"@id\":\"https:\/\/sulsc.com\/#\/schema\/person\/image\/e08d7fe2cc4ed596372063bbe852b8d0\",\"url\":\"https:\/\/sulsc.com\/wp-content\/uploads\/2023\/09\/redacao.png\",\"contentUrl\":\"https:\/\/sulsc.com\/wp-content\/uploads\/2023\/09\/redacao.png\",\"caption\":\"Reda\u00e7\u00e3o Sul SC\"},\"description\":\"Foco em um jornalismo imparcial, voltado \u00e0 qualidade dos seus conte\u00fados e, assim, levar informa\u00e7\u00e3o de valor que agregue \u00e0 vida dos leitores. Esta \u00e9 grande miss\u00e3o do Portal de Not\u00edcias Sul SC. N\u00e3o \u00e9 quantidade que muda o mundo, sempre foi e seguir\u00e1 sendo qualidade!\",\"sameAs\":[\"https:\/\/sulsc.com\/\",\"https:\/\/www.facebook.com\/profile.php?id=61559278119680\",\"https:\/\/www.instagram.com\/sulscportal\/?hl=pt-br\",\"https:\/\/twitter.com\/https:\/\/twitter.com\/PortalSulSC\",\"https:\/\/www.youtube.com\/channel\/UCv_BE8GeySluDov2n8qhVmw\"],\"url\":\"https:\/\/sulsc.com\/index.php\/author\/redacao\/\"}]}<\/script>\n<!-- \/ Yoast SEO plugin. -->","yoast_head_json":{"title":"Estuprador \u00e9 preso em Imbituba ap\u00f3s invadir casa de cueca -","description":"O homem foi detido nesta ter\u00e7a-feira (19) ap\u00f3s o cumprimento do mandado. Atualmente, encontra-se sob cust\u00f3dia na Unidade Prisional Avan\u00e7ada (UPA) de Imbituba, onde est\u00e1 sendo possivelmente bem cuidado por seus colegas de c\u00e1rcere.","robots":{"index":"index","follow":"follow","max-snippet":"max-snippet:-1","max-image-preview":"max-image-preview:large","max-video-preview":"max-video-preview:-1"},"canonical":"https:\/\/sulsc.com\/index.php\/2024\/03\/21\/estuprador-e-preso-em-imbituba-apos-invadir-casa-de-cueca\/","og_locale":"en_US","og_type":"article","og_title":"Estuprador \u00e9 preso em Imbituba ap\u00f3s invadir casa de cueca -","og_description":"O homem foi detido nesta ter\u00e7a-feira (19) ap\u00f3s o cumprimento do mandado. Atualmente, encontra-se sob cust\u00f3dia na Unidade Prisional Avan\u00e7ada (UPA) de Imbituba, onde est\u00e1 sendo possivelmente bem cuidado por seus colegas de c\u00e1rcere.","og_url":"https:\/\/sulsc.com\/index.php\/2024\/03\/21\/estuprador-e-preso-em-imbituba-apos-invadir-casa-de-cueca\/","article_author":"https:\/\/www.facebook.com\/profile.php?id=61559278119680","article_published_time":"2024-03-21T13:25:40+00:00","og_image":[{"width":1200,"height":630,"url":"http:\/\/sulsc.com\/wp-content\/uploads\/2024\/03\/estupro.jpg","type":"image\/jpeg"}],"author":"Reda\u00e7\u00e3o Sul SC","twitter_card":"summary_large_image","twitter_creator":"@https:\/\/twitter.com\/PortalSulSC","twitter_misc":{"Written by":"Reda\u00e7\u00e3o Sul SC","Est. reading time":"2 minutes"},"schema":{"@context":"https:\/\/schema.org","@graph":[{"@type":"WebPage","@id":"https:\/\/sulsc.com\/index.php\/2024\/03\/21\/estuprador-e-preso-em-imbituba-apos-invadir-casa-de-cueca\/","url":"https:\/\/sulsc.com\/index.php\/2024\/03\/21\/estuprador-e-preso-em-imbituba-apos-invadir-casa-de-cueca\/","name":"Estuprador \u00e9 preso em Imbituba ap\u00f3s invadir casa de cueca -","isPartOf":{"@id":"https:\/\/sulsc.com\/#website"},"datePublished":"2024-03-21T13:25:40+00:00","dateModified":"2024-03-21T13:25:40+00:00","author":{"@id":"https:\/\/sulsc.com\/#\/schema\/person\/84d2fc571684f6248ba83092f07750a3"},"description":"O homem foi detido nesta ter\u00e7a-feira (19) ap\u00f3s o cumprimento do mandado. Atualmente, encontra-se sob cust\u00f3dia na Unidade Prisional Avan\u00e7ada (UPA) de Imbituba, onde est\u00e1 sendo possivelmente bem cuidado por seus colegas de c\u00e1rcere.","breadcrumb":{"@id":"https:\/\/sulsc.com\/index.php\/2024\/03\/21\/estuprador-e-preso-em-imbituba-apos-invadir-casa-de-cueca\/#breadcrumb"},"inLanguage":"en-US","potentialAction":[{"@type":"ReadAction","target":["https:\/\/sulsc.com\/index.php\/2024\/03\/21\/estuprador-e-preso-em-imbituba-apos-invadir-casa-de-cueca\/"]}]},{"@type":"BreadcrumbList","@id":"https:\/\/sulsc.com\/index.php\/2024\/03\/21\/estuprador-e-preso-em-imbituba-apos-invadir-casa-de-cueca\/#breadcrumb","itemListElement":[{"@type":"ListItem","position":1,"name":"In\u00edcio","item":"https:\/\/sulsc.com\/"},{"@type":"ListItem","position":2,"name":"Estuprador \u00e9 preso em Imbituba ap\u00f3s invadir casa de cueca"}]},{"@type":"WebSite","@id":"https:\/\/sulsc.com\/#website","url":"https:\/\/sulsc.com\/","name":"","description":"","potentialAction":[{"@type":"SearchAction","target":{"@type":"EntryPoint","urlTemplate":"https:\/\/sulsc.com\/?s={search_term_string}"},"query-input":"required name=search_term_string"}],"inLanguage":"en-US"},{"@type":"Person","@id":"https:\/\/sulsc.com\/#\/schema\/person\/84d2fc571684f6248ba83092f07750a3","name":"Reda\u00e7\u00e3o Sul SC","image":{"@type":"ImageObject","inLanguage":"en-US","@id":"https:\/\/sulsc.com\/#\/schema\/person\/image\/e08d7fe2cc4ed596372063bbe852b8d0","url":"https:\/\/sulsc.com\/wp-content\/uploads\/2023\/09\/redacao.png","contentUrl":"https:\/\/sulsc.com\/wp-content\/uploads\/2023\/09\/redacao.png","caption":"Reda\u00e7\u00e3o Sul SC"},"description":"Foco em um jornalismo imparcial, voltado \u00e0 qualidade dos seus conte\u00fados e, assim, levar informa\u00e7\u00e3o de valor que agregue \u00e0 vida dos leitores. Esta \u00e9 grande miss\u00e3o do Portal de Not\u00edcias Sul SC. N\u00e3o \u00e9 quantidade que muda o mundo, sempre foi e seguir\u00e1 sendo qualidade!","sameAs":["https:\/\/sulsc.com\/","https:\/\/www.facebook.com\/profile.php?id=61559278119680","https:\/\/www.instagram.com\/sulscportal\/?hl=pt-br","https:\/\/twitter.com\/https:\/\/twitter.com\/PortalSulSC","https:\/\/www.youtube.com\/channel\/UCv_BE8GeySluDov2n8qhVmw"],"url":"https:\/\/sulsc.com\/index.php\/author\/redacao\/"}]}},"authors":[],"_links":{"self":[{"href":"https:\/\/sulsc.com\/index.php\/wp-json\/wp\/v2\/posts\/10284"}],"collection":[{"href":"https:\/\/sulsc.com\/index.php\/wp-json\/wp\/v2\/posts"}],"about":[{"href":"https:\/\/sulsc.com\/index.php\/wp-json\/wp\/v2\/types\/post"}],"author":[{"embeddable":true,"href":"https:\/\/sulsc.com\/index.php\/wp-json\/wp\/v2\/users\/3"}],"replies":[{"embeddable":true,"href":"https:\/\/sulsc.com\/index.php\/wp-json\/wp\/v2\/comments?post=10284"}],"version-history":[{"count":1,"href":"https:\/\/sulsc.com\/index.php\/wp-json\/wp\/v2\/posts\/10284\/revisions"}],"predecessor-version":[{"id":10286,"href":"https:\/\/sulsc.com\/index.php\/wp-json\/wp\/v2\/posts\/10284\/revisions\/10286"}],"wp:featuredmedia":[{"embeddable":true,"href":"https:\/\/sulsc.com\/index.php\/wp-json\/wp\/v2\/media\/10285"}],"wp:attachment":[{"href":"https:\/\/sulsc.com\/index.php\/wp-json\/wp\/v2\/media?parent=10284"}],"wp:term":[{"taxonomy":"category","embeddable":true,"href":"https:\/\/sulsc.com\/index.php\/wp-json\/wp\/v2\/categories?post=10284"},{"taxonomy":"post_tag","embeddable":true,"href":"https:\/\/sulsc.com\/index.php\/wp-json\/wp\/v2\/tags?post=10284"}],"curies":[{"name":"wp","href":"https:\/\/api.w.org\/{rel}","templated":true}]}}