{"id":10317,"date":"2024-03-21T17:30:51","date_gmt":"2024-03-21T20:30:51","guid":{"rendered":"https:\/\/sulsc.com\/?p=10317"},"modified":"2024-03-21T17:30:51","modified_gmt":"2024-03-21T20:30:51","slug":"tubarao-abre-nesta-sexta-feira-22-o-ciclo-de-seminarios-sobre-autismo","status":"publish","type":"post","link":"https:\/\/sulsc.com\/index.php\/2024\/03\/21\/tubarao-abre-nesta-sexta-feira-22-o-ciclo-de-seminarios-sobre-autismo\/","title":{"rendered":"Tubar\u00e3o abre nesta sexta-feira (22) o ciclo de semin\u00e1rios sobre autismo"},"content":{"rendered":"<p><img fetchpriority=\"high\" decoding=\"async\" class=\"aligncenter size-full wp-image-10318\" src=\"http:\/\/sulsc.com\/wp-content\/uploads\/2024\/03\/9-1.jpg\" alt=\"\" width=\"1920\" height=\"1200\" srcset=\"https:\/\/sulsc.com\/wp-content\/uploads\/2024\/03\/9-1.jpg 1920w, https:\/\/sulsc.com\/wp-content\/uploads\/2024\/03\/9-1-300x188.jpg 300w, https:\/\/sulsc.com\/wp-content\/uploads\/2024\/03\/9-1-1024x640.jpg 1024w, https:\/\/sulsc.com\/wp-content\/uploads\/2024\/03\/9-1-768x480.jpg 768w, https:\/\/sulsc.com\/wp-content\/uploads\/2024\/03\/9-1-1536x960.jpg 1536w\" sizes=\"(max-width: 1920px) 100vw, 1920px\" \/><\/p>\n<p><strong>Tubar\u00e3o<\/strong> ser\u00e1 o primeiro dos sete munic\u00edpios catarinenses que receber\u00e3o o semin\u00e1rio estadual \u201cAutismo: Diagn\u00f3stico, Interven\u00e7\u00e3o Precoce e Comportamento\u201d. O evento ser\u00e1 nesta sexta-feira (22), no Espa\u00e7o Integrado de Artes da Unisul, a partir das 7h30.<\/p>\n<p>A proposta \u00e9 discutir pol\u00edticas p\u00fablicas de inclus\u00e3o escolar e fomentar informa\u00e7\u00f5es sobre a interven\u00e7\u00e3o precoce e comportamento de alunos com autismo. As cinco palestras abordar\u00e3o aspectos gerais e espec\u00edficos do espectro, pr\u00e1ticas educacionais, desafios e possibilidades, entre outros temas.<\/p>\n<p>&#8220;Enfrentamos um cen\u00e1rio desafiador, em que buscamos proporcionar uma educa\u00e7\u00e3o inclusiva e adaptada \u00e0s necessidades de todos os alunos. \u00c9 nosso dever garantir que a escola seja um espa\u00e7o acolhedor e inclusivo, onde o conhecimento seja acess\u00edvel a todos, sem distin\u00e7\u00f5es&#8221;, destaca o deputado estadual Pep\u00ea Colla\u00e7o, presidente da Frente Parlamentar em Defesa da Pessoa com Espectro Autista, que organiza o evento junto com a Assembleia Legislativa, Escola do Legislativo, Governo de Santa Catarina, Funda\u00e7\u00e3o Catarinense de Educa\u00e7\u00e3o Especial, Tribunal de Contas, Fecam, Udesc, Funda\u00e7\u00e3o InoversaSul e Federa\u00e7\u00e3o das Amas de Santa Catarina (Feamas).<\/p>\n<p>As inscri\u00e7\u00f5es para participar do semin\u00e1rio podem ser feitas pelo link <a href=\"http:\/\/escola.alesc.sc.gov.br\/evento\/?eid=2457\">http:\/\/escola.alesc.sc.gov.br\/evento\/?eid=2457<\/a>. Depois de Tubar\u00e3o, sediar\u00e3o o evento Fraiburgo (26\/3), Balne\u00e1rio Cambori\u00fa (29\/4), S\u00e3o Miguel do Oeste (24\/5), Rio do Sul (7\/6), Crici\u00fama (14\/6) e Joinville (27\/6).<\/p>\n<p><img decoding=\"async\" class=\"aligncenter wp-image-10319 size-full\" src=\"http:\/\/sulsc.com\/wp-content\/uploads\/2024\/03\/8-4-e1711053005621.jpg\" alt=\"\" width=\"1077\" height=\"1154\" srcset=\"https:\/\/sulsc.com\/wp-content\/uploads\/2024\/03\/8-4-e1711053005621.jpg 1077w, https:\/\/sulsc.com\/wp-content\/uploads\/2024\/03\/8-4-e1711053005621-280x300.jpg 280w, https:\/\/sulsc.com\/wp-content\/uploads\/2024\/03\/8-4-e1711053005621-956x1024.jpg 956w, https:\/\/sulsc.com\/wp-content\/uploads\/2024\/03\/8-4-e1711053005621-768x823.jpg 768w\" sizes=\"(max-width: 1077px) 100vw, 1077px\" \/><\/p>\n","protected":false},"excerpt":{"rendered":"<p>Tubar\u00e3o ser\u00e1 o primeiro dos sete munic\u00edpios catarinenses que receber\u00e3o o semin\u00e1rio estadual \u201cAutismo: Diagn\u00f3stico, Interven\u00e7\u00e3o Precoce e Comportamento\u201d. O evento ser\u00e1 nesta sexta-feira (22), no Espa\u00e7o Integrado de Artes da Unisul, a partir das 7h30. A proposta \u00e9 discutir pol\u00edticas p\u00fablicas de inclus\u00e3o escolar e fomentar informa\u00e7\u00f5es sobre a interven\u00e7\u00e3o precoce e comportamento de &hellip;<\/p>\n<p class=\"read-more\"> <a class=\"\" href=\"https:\/\/sulsc.com\/index.php\/2024\/03\/21\/tubarao-abre-nesta-sexta-feira-22-o-ciclo-de-seminarios-sobre-autismo\/\"> <span class=\"screen-reader-text\">Tubar\u00e3o abre nesta sexta-feira (22) o ciclo de semin\u00e1rios sobre autismo<\/span> Read More &raquo;<\/a><\/p>\n","protected":false},"author":3,"featured_media":10318,"comment_status":"open","ping_status":"open","sticky":false,"template":"","format":"standard","meta":{"site-sidebar-layout":"default","site-content-layout":"","ast-site-content-layout":"default","site-content-style":"default","site-sidebar-style":"default","ast-global-header-display":"","ast-banner-title-visibility":"","ast-main-header-display":"","ast-hfb-above-header-display":"","ast-hfb-below-header-display":"","ast-hfb-mobile-header-display":"","site-post-title":"","ast-breadcrumbs-content":"","ast-featured-img":"","footer-sml-layout":"","theme-transparent-header-meta":"default","adv-header-id-meta":"","stick-header-meta":"","header-above-stick-meta":"","header-main-stick-meta":"","header-below-stick-meta":"","astra-migrate-meta-layouts":"set","footnotes":""},"categories":[1],"tags":[1622,1623,72],"yoast_head":"<!-- This site is optimized with the Yoast SEO plugin v21.4 - https:\/\/yoast.com\/wordpress\/plugins\/seo\/ -->\n<title>Tubar\u00e3o abre nesta sexta-feira (22) o ciclo de semin\u00e1rios sobre autismo -<\/title>\n<meta name=\"description\" content=\"A proposta \u00e9 discutir pol\u00edticas p\u00fablicas de inclus\u00e3o escolar e fomentar informa\u00e7\u00f5es sobre a interven\u00e7\u00e3o precoce e comportamento de alunos com autismo. As cinco palestras abordar\u00e3o aspectos gerais e espec\u00edficos do espectro, pr\u00e1ticas educacionais, desafios e possibilidades, entre outros temas.\" \/>\n<meta name=\"robots\" content=\"index, follow, max-snippet:-1, max-image-preview:large, max-video-preview:-1\" \/>\n<link rel=\"canonical\" href=\"https:\/\/sulsc.com\/index.php\/2024\/03\/21\/tubarao-abre-nesta-sexta-feira-22-o-ciclo-de-seminarios-sobre-autismo\/\" \/>\n<meta property=\"og:locale\" content=\"en_US\" \/>\n<meta property=\"og:type\" content=\"article\" \/>\n<meta property=\"og:title\" content=\"Tubar\u00e3o abre nesta sexta-feira (22) o ciclo de semin\u00e1rios sobre autismo -\" \/>\n<meta property=\"og:description\" content=\"A proposta \u00e9 discutir pol\u00edticas p\u00fablicas de inclus\u00e3o escolar e fomentar informa\u00e7\u00f5es sobre a interven\u00e7\u00e3o precoce e comportamento de alunos com autismo. As cinco palestras abordar\u00e3o aspectos gerais e espec\u00edficos do espectro, pr\u00e1ticas educacionais, desafios e possibilidades, entre outros temas.\" \/>\n<meta property=\"og:url\" content=\"https:\/\/sulsc.com\/index.php\/2024\/03\/21\/tubarao-abre-nesta-sexta-feira-22-o-ciclo-de-seminarios-sobre-autismo\/\" \/>\n<meta property=\"article:author\" content=\"https:\/\/www.facebook.com\/profile.php?id=61559278119680\" \/>\n<meta property=\"article:published_time\" content=\"2024-03-21T20:30:51+00:00\" \/>\n<meta property=\"og:image\" content=\"http:\/\/sulsc.com\/wp-content\/uploads\/2024\/03\/9-1.jpg\" \/>\n\t<meta property=\"og:image:width\" content=\"1920\" \/>\n\t<meta property=\"og:image:height\" content=\"1200\" \/>\n\t<meta property=\"og:image:type\" content=\"image\/jpeg\" \/>\n<meta name=\"author\" content=\"Reda\u00e7\u00e3o Sul SC\" \/>\n<meta name=\"twitter:card\" content=\"summary_large_image\" \/>\n<meta name=\"twitter:creator\" content=\"@https:\/\/twitter.com\/PortalSulSC\" \/>\n<meta name=\"twitter:label1\" content=\"Written by\" \/>\n\t<meta name=\"twitter:data1\" content=\"Reda\u00e7\u00e3o Sul SC\" \/>\n\t<meta name=\"twitter:label2\" content=\"Est. reading time\" \/>\n\t<meta name=\"twitter:data2\" content=\"2 minutes\" \/>\n<script type=\"application\/ld+json\" class=\"yoast-schema-graph\">{\"@context\":\"https:\/\/schema.org\",\"@graph\":[{\"@type\":\"WebPage\",\"@id\":\"https:\/\/sulsc.com\/index.php\/2024\/03\/21\/tubarao-abre-nesta-sexta-feira-22-o-ciclo-de-seminarios-sobre-autismo\/\",\"url\":\"https:\/\/sulsc.com\/index.php\/2024\/03\/21\/tubarao-abre-nesta-sexta-feira-22-o-ciclo-de-seminarios-sobre-autismo\/\",\"name\":\"Tubar\u00e3o abre nesta sexta-feira (22) o ciclo de semin\u00e1rios sobre autismo -\",\"isPartOf\":{\"@id\":\"https:\/\/sulsc.com\/#website\"},\"datePublished\":\"2024-03-21T20:30:51+00:00\",\"dateModified\":\"2024-03-21T20:30:51+00:00\",\"author\":{\"@id\":\"https:\/\/sulsc.com\/#\/schema\/person\/84d2fc571684f6248ba83092f07750a3\"},\"description\":\"A proposta \u00e9 discutir pol\u00edticas p\u00fablicas de inclus\u00e3o escolar e fomentar informa\u00e7\u00f5es sobre a interven\u00e7\u00e3o precoce e comportamento de alunos com autismo. As cinco palestras abordar\u00e3o aspectos gerais e espec\u00edficos do espectro, pr\u00e1ticas educacionais, desafios e possibilidades, entre outros temas.\",\"breadcrumb\":{\"@id\":\"https:\/\/sulsc.com\/index.php\/2024\/03\/21\/tubarao-abre-nesta-sexta-feira-22-o-ciclo-de-seminarios-sobre-autismo\/#breadcrumb\"},\"inLanguage\":\"en-US\",\"potentialAction\":[{\"@type\":\"ReadAction\",\"target\":[\"https:\/\/sulsc.com\/index.php\/2024\/03\/21\/tubarao-abre-nesta-sexta-feira-22-o-ciclo-de-seminarios-sobre-autismo\/\"]}]},{\"@type\":\"BreadcrumbList\",\"@id\":\"https:\/\/sulsc.com\/index.php\/2024\/03\/21\/tubarao-abre-nesta-sexta-feira-22-o-ciclo-de-seminarios-sobre-autismo\/#breadcrumb\",\"itemListElement\":[{\"@type\":\"ListItem\",\"position\":1,\"name\":\"In\u00edcio\",\"item\":\"https:\/\/sulsc.com\/\"},{\"@type\":\"ListItem\",\"position\":2,\"name\":\"Tubar\u00e3o abre nesta sexta-feira (22) o ciclo de semin\u00e1rios sobre autismo\"}]},{\"@type\":\"WebSite\",\"@id\":\"https:\/\/sulsc.com\/#website\",\"url\":\"https:\/\/sulsc.com\/\",\"name\":\"\",\"description\":\"\",\"potentialAction\":[{\"@type\":\"SearchAction\",\"target\":{\"@type\":\"EntryPoint\",\"urlTemplate\":\"https:\/\/sulsc.com\/?s={search_term_string}\"},\"query-input\":\"required name=search_term_string\"}],\"inLanguage\":\"en-US\"},{\"@type\":\"Person\",\"@id\":\"https:\/\/sulsc.com\/#\/schema\/person\/84d2fc571684f6248ba83092f07750a3\",\"name\":\"Reda\u00e7\u00e3o Sul SC\",\"image\":{\"@type\":\"ImageObject\",\"inLanguage\":\"en-US\",\"@id\":\"https:\/\/sulsc.com\/#\/schema\/person\/image\/e08d7fe2cc4ed596372063bbe852b8d0\",\"url\":\"https:\/\/sulsc.com\/wp-content\/uploads\/2023\/09\/redacao.png\",\"contentUrl\":\"https:\/\/sulsc.com\/wp-content\/uploads\/2023\/09\/redacao.png\",\"caption\":\"Reda\u00e7\u00e3o Sul SC\"},\"description\":\"Foco em um jornalismo imparcial, voltado \u00e0 qualidade dos seus conte\u00fados e, assim, levar informa\u00e7\u00e3o de valor que agregue \u00e0 vida dos leitores. Esta \u00e9 grande miss\u00e3o do Portal de Not\u00edcias Sul SC. N\u00e3o \u00e9 quantidade que muda o mundo, sempre foi e seguir\u00e1 sendo qualidade!\",\"sameAs\":[\"https:\/\/sulsc.com\/\",\"https:\/\/www.facebook.com\/profile.php?id=61559278119680\",\"https:\/\/www.instagram.com\/sulscportal\/?hl=pt-br\",\"https:\/\/twitter.com\/https:\/\/twitter.com\/PortalSulSC\",\"https:\/\/www.youtube.com\/channel\/UCv_BE8GeySluDov2n8qhVmw\"],\"url\":\"https:\/\/sulsc.com\/index.php\/author\/redacao\/\"}]}<\/script>\n<!-- \/ Yoast SEO plugin. -->","yoast_head_json":{"title":"Tubar\u00e3o abre nesta sexta-feira (22) o ciclo de semin\u00e1rios sobre autismo -","description":"A proposta \u00e9 discutir pol\u00edticas p\u00fablicas de inclus\u00e3o escolar e fomentar informa\u00e7\u00f5es sobre a interven\u00e7\u00e3o precoce e comportamento de alunos com autismo. As cinco palestras abordar\u00e3o aspectos gerais e espec\u00edficos do espectro, pr\u00e1ticas educacionais, desafios e possibilidades, entre outros temas.","robots":{"index":"index","follow":"follow","max-snippet":"max-snippet:-1","max-image-preview":"max-image-preview:large","max-video-preview":"max-video-preview:-1"},"canonical":"https:\/\/sulsc.com\/index.php\/2024\/03\/21\/tubarao-abre-nesta-sexta-feira-22-o-ciclo-de-seminarios-sobre-autismo\/","og_locale":"en_US","og_type":"article","og_title":"Tubar\u00e3o abre nesta sexta-feira (22) o ciclo de semin\u00e1rios sobre autismo -","og_description":"A proposta \u00e9 discutir pol\u00edticas p\u00fablicas de inclus\u00e3o escolar e fomentar informa\u00e7\u00f5es sobre a interven\u00e7\u00e3o precoce e comportamento de alunos com autismo. As cinco palestras abordar\u00e3o aspectos gerais e espec\u00edficos do espectro, pr\u00e1ticas educacionais, desafios e possibilidades, entre outros temas.","og_url":"https:\/\/sulsc.com\/index.php\/2024\/03\/21\/tubarao-abre-nesta-sexta-feira-22-o-ciclo-de-seminarios-sobre-autismo\/","article_author":"https:\/\/www.facebook.com\/profile.php?id=61559278119680","article_published_time":"2024-03-21T20:30:51+00:00","og_image":[{"width":1920,"height":1200,"url":"http:\/\/sulsc.com\/wp-content\/uploads\/2024\/03\/9-1.jpg","type":"image\/jpeg"}],"author":"Reda\u00e7\u00e3o Sul SC","twitter_card":"summary_large_image","twitter_creator":"@https:\/\/twitter.com\/PortalSulSC","twitter_misc":{"Written by":"Reda\u00e7\u00e3o Sul SC","Est. reading time":"2 minutes"},"schema":{"@context":"https:\/\/schema.org","@graph":[{"@type":"WebPage","@id":"https:\/\/sulsc.com\/index.php\/2024\/03\/21\/tubarao-abre-nesta-sexta-feira-22-o-ciclo-de-seminarios-sobre-autismo\/","url":"https:\/\/sulsc.com\/index.php\/2024\/03\/21\/tubarao-abre-nesta-sexta-feira-22-o-ciclo-de-seminarios-sobre-autismo\/","name":"Tubar\u00e3o abre nesta sexta-feira (22) o ciclo de semin\u00e1rios sobre autismo -","isPartOf":{"@id":"https:\/\/sulsc.com\/#website"},"datePublished":"2024-03-21T20:30:51+00:00","dateModified":"2024-03-21T20:30:51+00:00","author":{"@id":"https:\/\/sulsc.com\/#\/schema\/person\/84d2fc571684f6248ba83092f07750a3"},"description":"A proposta \u00e9 discutir pol\u00edticas p\u00fablicas de inclus\u00e3o escolar e fomentar informa\u00e7\u00f5es sobre a interven\u00e7\u00e3o precoce e comportamento de alunos com autismo. As cinco palestras abordar\u00e3o aspectos gerais e espec\u00edficos do espectro, pr\u00e1ticas educacionais, desafios e possibilidades, entre outros temas.","breadcrumb":{"@id":"https:\/\/sulsc.com\/index.php\/2024\/03\/21\/tubarao-abre-nesta-sexta-feira-22-o-ciclo-de-seminarios-sobre-autismo\/#breadcrumb"},"inLanguage":"en-US","potentialAction":[{"@type":"ReadAction","target":["https:\/\/sulsc.com\/index.php\/2024\/03\/21\/tubarao-abre-nesta-sexta-feira-22-o-ciclo-de-seminarios-sobre-autismo\/"]}]},{"@type":"BreadcrumbList","@id":"https:\/\/sulsc.com\/index.php\/2024\/03\/21\/tubarao-abre-nesta-sexta-feira-22-o-ciclo-de-seminarios-sobre-autismo\/#breadcrumb","itemListElement":[{"@type":"ListItem","position":1,"name":"In\u00edcio","item":"https:\/\/sulsc.com\/"},{"@type":"ListItem","position":2,"name":"Tubar\u00e3o abre nesta sexta-feira (22) o ciclo de semin\u00e1rios sobre autismo"}]},{"@type":"WebSite","@id":"https:\/\/sulsc.com\/#website","url":"https:\/\/sulsc.com\/","name":"","description":"","potentialAction":[{"@type":"SearchAction","target":{"@type":"EntryPoint","urlTemplate":"https:\/\/sulsc.com\/?s={search_term_string}"},"query-input":"required name=search_term_string"}],"inLanguage":"en-US"},{"@type":"Person","@id":"https:\/\/sulsc.com\/#\/schema\/person\/84d2fc571684f6248ba83092f07750a3","name":"Reda\u00e7\u00e3o Sul SC","image":{"@type":"ImageObject","inLanguage":"en-US","@id":"https:\/\/sulsc.com\/#\/schema\/person\/image\/e08d7fe2cc4ed596372063bbe852b8d0","url":"https:\/\/sulsc.com\/wp-content\/uploads\/2023\/09\/redacao.png","contentUrl":"https:\/\/sulsc.com\/wp-content\/uploads\/2023\/09\/redacao.png","caption":"Reda\u00e7\u00e3o Sul SC"},"description":"Foco em um jornalismo imparcial, voltado \u00e0 qualidade dos seus conte\u00fados e, assim, levar informa\u00e7\u00e3o de valor que agregue \u00e0 vida dos leitores. Esta \u00e9 grande miss\u00e3o do Portal de Not\u00edcias Sul SC. N\u00e3o \u00e9 quantidade que muda o mundo, sempre foi e seguir\u00e1 sendo qualidade!","sameAs":["https:\/\/sulsc.com\/","https:\/\/www.facebook.com\/profile.php?id=61559278119680","https:\/\/www.instagram.com\/sulscportal\/?hl=pt-br","https:\/\/twitter.com\/https:\/\/twitter.com\/PortalSulSC","https:\/\/www.youtube.com\/channel\/UCv_BE8GeySluDov2n8qhVmw"],"url":"https:\/\/sulsc.com\/index.php\/author\/redacao\/"}]}},"authors":[],"_links":{"self":[{"href":"https:\/\/sulsc.com\/index.php\/wp-json\/wp\/v2\/posts\/10317"}],"collection":[{"href":"https:\/\/sulsc.com\/index.php\/wp-json\/wp\/v2\/posts"}],"about":[{"href":"https:\/\/sulsc.com\/index.php\/wp-json\/wp\/v2\/types\/post"}],"author":[{"embeddable":true,"href":"https:\/\/sulsc.com\/index.php\/wp-json\/wp\/v2\/users\/3"}],"replies":[{"embeddable":true,"href":"https:\/\/sulsc.com\/index.php\/wp-json\/wp\/v2\/comments?post=10317"}],"version-history":[{"count":1,"href":"https:\/\/sulsc.com\/index.php\/wp-json\/wp\/v2\/posts\/10317\/revisions"}],"predecessor-version":[{"id":10320,"href":"https:\/\/sulsc.com\/index.php\/wp-json\/wp\/v2\/posts\/10317\/revisions\/10320"}],"wp:featuredmedia":[{"embeddable":true,"href":"https:\/\/sulsc.com\/index.php\/wp-json\/wp\/v2\/media\/10318"}],"wp:attachment":[{"href":"https:\/\/sulsc.com\/index.php\/wp-json\/wp\/v2\/media?parent=10317"}],"wp:term":[{"taxonomy":"category","embeddable":true,"href":"https:\/\/sulsc.com\/index.php\/wp-json\/wp\/v2\/categories?post=10317"},{"taxonomy":"post_tag","embeddable":true,"href":"https:\/\/sulsc.com\/index.php\/wp-json\/wp\/v2\/tags?post=10317"}],"curies":[{"name":"wp","href":"https:\/\/api.w.org\/{rel}","templated":true}]}}