{"id":10332,"date":"2024-03-22T11:45:11","date_gmt":"2024-03-22T14:45:11","guid":{"rendered":"https:\/\/sulsc.com\/?p=10332"},"modified":"2024-03-22T11:45:11","modified_gmt":"2024-03-22T14:45:11","slug":"qualidade-das-aguas-de-9-rios-de-tubarao-sera-aferida-por-12-meses","status":"publish","type":"post","link":"https:\/\/sulsc.com\/index.php\/2024\/03\/22\/qualidade-das-aguas-de-9-rios-de-tubarao-sera-aferida-por-12-meses\/","title":{"rendered":"Qualidade das \u00e1guas de 9 rios de Tubar\u00e3o ser\u00e1 aferida por 12 meses"},"content":{"rendered":"<p><img fetchpriority=\"high\" decoding=\"async\" class=\"aligncenter  wp-image-10336\" src=\"http:\/\/sulsc.com\/wp-content\/uploads\/2024\/03\/5-4.jpg\" alt=\"\" width=\"1085\" height=\"786\" \/><\/p>\n<p>No Dia Mundial da \u00c1gua, celebrado nesta sexta-feira (22), a Funda\u00e7\u00e3o do Meio Ambiente de <strong>Tubar\u00e3o<\/strong> (Funat) e a Ag\u00eancia Reguladora de Saneamento (AGR) lan\u00e7am um projeto de monitoramento da qualidade das \u00e1guas de nove rios do munic\u00edpio. A iniciativa ter\u00e1 dura\u00e7\u00e3o de 12 meses.<\/p>\n<p>Tubar\u00e3o tem hist\u00f3ricos problemas relacionados aos mananciais, polui\u00e7\u00e3o das \u00e1guas, destrui\u00e7\u00e3o de nascentes e desmatamentos nas matas ciliares. &#8220;Essas situa\u00e7\u00f5es contribuem para a perda da qualidade da \u00e1gua, o que, al\u00e9m dos danos ambientais, contribui para o aparecimento de determinadas doen\u00e7as transmitidas pelas \u00e1guas&#8221;, destaca o diretor-presidente da Funat, J\u00falio C\u00e9sar \u00c2ngelo Rodrigues.<\/p>\n<p>&#8220;A implanta\u00e7\u00e3o deste projeto contribuir\u00e1 para o conhecimento das reais condi\u00e7\u00f5es dos principais recursos h\u00eddricos da nossa cidade, tornando-se uma importante ferramenta para a tomada de decis\u00f5es e a\u00e7\u00f5es que busquem conservar ou recuperar os mananciais existentes no munic\u00edpio&#8221;, acrescenta a superintendente-geral interina da AGR, Madelo Peters, e lembra que a ag\u00eancia j\u00e1 realiza periodicamente an\u00e1lises de \u00e1gua e esgoto para acompanhar os servi\u00e7os da concession\u00e1ria.<\/p>\n<p>Ser\u00e3o analisados coliformes totais, DBO, fosfato, nitrato, OD, PH, STD, temperatura, turbidez, cadmio, chumbo, cobre, cromo, ferro, mangan\u00eas, merc\u00fario, n\u00edquel e zinco. Os mananciais em que o projeto ser\u00e1 desenvolvido s\u00e3o o Rio Tubar\u00e3o, Rio do Pouso, Rio Caruru, Rio Capivari, Rio dos Corr\u00eaas, Rio Ilhota, Rio da Madre, Rio Pinheiros e C\u00f3rrego do Mesquita.<\/p>\n<p><img decoding=\"async\" class=\"aligncenter size-full wp-image-10337\" src=\"http:\/\/sulsc.com\/wp-content\/uploads\/2024\/03\/4-11.jpg\" alt=\"\" width=\"987\" height=\"740\" srcset=\"https:\/\/sulsc.com\/wp-content\/uploads\/2024\/03\/4-11.jpg 987w, https:\/\/sulsc.com\/wp-content\/uploads\/2024\/03\/4-11-300x225.jpg 300w, https:\/\/sulsc.com\/wp-content\/uploads\/2024\/03\/4-11-768x576.jpg 768w\" sizes=\"(max-width: 987px) 100vw, 987px\" \/><\/p>\n","protected":false},"excerpt":{"rendered":"<p>No Dia Mundial da \u00c1gua, celebrado nesta sexta-feira (22), a Funda\u00e7\u00e3o do Meio Ambiente de Tubar\u00e3o (Funat) e a Ag\u00eancia Reguladora de Saneamento (AGR) lan\u00e7am um projeto de monitoramento da qualidade das \u00e1guas de nove rios do munic\u00edpio. A iniciativa ter\u00e1 dura\u00e7\u00e3o de 12 meses. Tubar\u00e3o tem hist\u00f3ricos problemas relacionados aos mananciais, polui\u00e7\u00e3o das \u00e1guas, &hellip;<\/p>\n<p class=\"read-more\"> <a class=\"\" href=\"https:\/\/sulsc.com\/index.php\/2024\/03\/22\/qualidade-das-aguas-de-9-rios-de-tubarao-sera-aferida-por-12-meses\/\"> <span class=\"screen-reader-text\">Qualidade das \u00e1guas de 9 rios de Tubar\u00e3o ser\u00e1 aferida por 12 meses<\/span> Read More &raquo;<\/a><\/p>\n","protected":false},"author":3,"featured_media":10336,"comment_status":"open","ping_status":"open","sticky":false,"template":"","format":"standard","meta":{"site-sidebar-layout":"default","site-content-layout":"","ast-site-content-layout":"default","site-content-style":"default","site-sidebar-style":"default","ast-global-header-display":"","ast-banner-title-visibility":"","ast-main-header-display":"","ast-hfb-above-header-display":"","ast-hfb-below-header-display":"","ast-hfb-mobile-header-display":"","site-post-title":"","ast-breadcrumbs-content":"","ast-featured-img":"","footer-sml-layout":"","theme-transparent-header-meta":"default","adv-header-id-meta":"","stick-header-meta":"","header-above-stick-meta":"","header-main-stick-meta":"","header-below-stick-meta":"","astra-migrate-meta-layouts":"set","footnotes":""},"categories":[17],"tags":[],"yoast_head":"<!-- This site is optimized with the Yoast SEO plugin v21.4 - https:\/\/yoast.com\/wordpress\/plugins\/seo\/ -->\n<title>Qualidade das \u00e1guas de 9 rios de Tubar\u00e3o ser\u00e1 aferida por 12 meses -<\/title>\n<meta name=\"description\" content=\"Os mananciais em que o projeto ser\u00e1 desenvolvido s\u00e3o o Rio Tubar\u00e3o, Rio do Pouso, Rio Caruru, Rio Capivari, Rio dos Corr\u00eaas, Rio Ilhota, Rio da Madre, Rio Pinheiros e C\u00f3rrego do Mesquita.\" \/>\n<meta name=\"robots\" content=\"index, follow, max-snippet:-1, max-image-preview:large, max-video-preview:-1\" \/>\n<link rel=\"canonical\" href=\"https:\/\/sulsc.com\/index.php\/2024\/03\/22\/qualidade-das-aguas-de-9-rios-de-tubarao-sera-aferida-por-12-meses\/\" \/>\n<meta property=\"og:locale\" content=\"en_US\" \/>\n<meta property=\"og:type\" content=\"article\" \/>\n<meta property=\"og:title\" content=\"Qualidade das \u00e1guas de 9 rios de Tubar\u00e3o ser\u00e1 aferida por 12 meses -\" \/>\n<meta property=\"og:description\" content=\"Os mananciais em que o projeto ser\u00e1 desenvolvido s\u00e3o o Rio Tubar\u00e3o, Rio do Pouso, Rio Caruru, Rio Capivari, Rio dos Corr\u00eaas, Rio Ilhota, Rio da Madre, Rio Pinheiros e C\u00f3rrego do Mesquita.\" \/>\n<meta property=\"og:url\" content=\"https:\/\/sulsc.com\/index.php\/2024\/03\/22\/qualidade-das-aguas-de-9-rios-de-tubarao-sera-aferida-por-12-meses\/\" \/>\n<meta property=\"article:author\" content=\"https:\/\/www.facebook.com\/profile.php?id=61559278119680\" \/>\n<meta property=\"article:published_time\" content=\"2024-03-22T14:45:11+00:00\" \/>\n<meta property=\"og:image\" content=\"http:\/\/sulsc.com\/wp-content\/uploads\/2024\/03\/5-4.jpg\" \/>\n\t<meta property=\"og:image:width\" content=\"954\" \/>\n\t<meta property=\"og:image:height\" content=\"715\" \/>\n\t<meta property=\"og:image:type\" content=\"image\/jpeg\" \/>\n<meta name=\"author\" content=\"Reda\u00e7\u00e3o Sul SC\" \/>\n<meta name=\"twitter:card\" content=\"summary_large_image\" \/>\n<meta name=\"twitter:creator\" content=\"@https:\/\/twitter.com\/PortalSulSC\" \/>\n<meta name=\"twitter:label1\" content=\"Written by\" \/>\n\t<meta name=\"twitter:data1\" content=\"Reda\u00e7\u00e3o Sul SC\" \/>\n\t<meta name=\"twitter:label2\" content=\"Est. reading time\" \/>\n\t<meta name=\"twitter:data2\" content=\"2 minutes\" \/>\n<script type=\"application\/ld+json\" class=\"yoast-schema-graph\">{\"@context\":\"https:\/\/schema.org\",\"@graph\":[{\"@type\":\"WebPage\",\"@id\":\"https:\/\/sulsc.com\/index.php\/2024\/03\/22\/qualidade-das-aguas-de-9-rios-de-tubarao-sera-aferida-por-12-meses\/\",\"url\":\"https:\/\/sulsc.com\/index.php\/2024\/03\/22\/qualidade-das-aguas-de-9-rios-de-tubarao-sera-aferida-por-12-meses\/\",\"name\":\"Qualidade das \u00e1guas de 9 rios de Tubar\u00e3o ser\u00e1 aferida por 12 meses -\",\"isPartOf\":{\"@id\":\"https:\/\/sulsc.com\/#website\"},\"datePublished\":\"2024-03-22T14:45:11+00:00\",\"dateModified\":\"2024-03-22T14:45:11+00:00\",\"author\":{\"@id\":\"https:\/\/sulsc.com\/#\/schema\/person\/84d2fc571684f6248ba83092f07750a3\"},\"description\":\"Os mananciais em que o projeto ser\u00e1 desenvolvido s\u00e3o o Rio Tubar\u00e3o, Rio do Pouso, Rio Caruru, Rio Capivari, Rio dos Corr\u00eaas, Rio Ilhota, Rio da Madre, Rio Pinheiros e C\u00f3rrego do Mesquita.\",\"breadcrumb\":{\"@id\":\"https:\/\/sulsc.com\/index.php\/2024\/03\/22\/qualidade-das-aguas-de-9-rios-de-tubarao-sera-aferida-por-12-meses\/#breadcrumb\"},\"inLanguage\":\"en-US\",\"potentialAction\":[{\"@type\":\"ReadAction\",\"target\":[\"https:\/\/sulsc.com\/index.php\/2024\/03\/22\/qualidade-das-aguas-de-9-rios-de-tubarao-sera-aferida-por-12-meses\/\"]}]},{\"@type\":\"BreadcrumbList\",\"@id\":\"https:\/\/sulsc.com\/index.php\/2024\/03\/22\/qualidade-das-aguas-de-9-rios-de-tubarao-sera-aferida-por-12-meses\/#breadcrumb\",\"itemListElement\":[{\"@type\":\"ListItem\",\"position\":1,\"name\":\"In\u00edcio\",\"item\":\"https:\/\/sulsc.com\/\"},{\"@type\":\"ListItem\",\"position\":2,\"name\":\"Qualidade das \u00e1guas de 9 rios de Tubar\u00e3o ser\u00e1 aferida por 12 meses\"}]},{\"@type\":\"WebSite\",\"@id\":\"https:\/\/sulsc.com\/#website\",\"url\":\"https:\/\/sulsc.com\/\",\"name\":\"\",\"description\":\"\",\"potentialAction\":[{\"@type\":\"SearchAction\",\"target\":{\"@type\":\"EntryPoint\",\"urlTemplate\":\"https:\/\/sulsc.com\/?s={search_term_string}\"},\"query-input\":\"required name=search_term_string\"}],\"inLanguage\":\"en-US\"},{\"@type\":\"Person\",\"@id\":\"https:\/\/sulsc.com\/#\/schema\/person\/84d2fc571684f6248ba83092f07750a3\",\"name\":\"Reda\u00e7\u00e3o Sul SC\",\"image\":{\"@type\":\"ImageObject\",\"inLanguage\":\"en-US\",\"@id\":\"https:\/\/sulsc.com\/#\/schema\/person\/image\/e08d7fe2cc4ed596372063bbe852b8d0\",\"url\":\"https:\/\/sulsc.com\/wp-content\/uploads\/2023\/09\/redacao.png\",\"contentUrl\":\"https:\/\/sulsc.com\/wp-content\/uploads\/2023\/09\/redacao.png\",\"caption\":\"Reda\u00e7\u00e3o Sul SC\"},\"description\":\"Foco em um jornalismo imparcial, voltado \u00e0 qualidade dos seus conte\u00fados e, assim, levar informa\u00e7\u00e3o de valor que agregue \u00e0 vida dos leitores. Esta \u00e9 grande miss\u00e3o do Portal de Not\u00edcias Sul SC. N\u00e3o \u00e9 quantidade que muda o mundo, sempre foi e seguir\u00e1 sendo qualidade!\",\"sameAs\":[\"https:\/\/sulsc.com\/\",\"https:\/\/www.facebook.com\/profile.php?id=61559278119680\",\"https:\/\/www.instagram.com\/sulscportal\/?hl=pt-br\",\"https:\/\/twitter.com\/https:\/\/twitter.com\/PortalSulSC\",\"https:\/\/www.youtube.com\/channel\/UCv_BE8GeySluDov2n8qhVmw\"],\"url\":\"https:\/\/sulsc.com\/index.php\/author\/redacao\/\"}]}<\/script>\n<!-- \/ Yoast SEO plugin. -->","yoast_head_json":{"title":"Qualidade das \u00e1guas de 9 rios de Tubar\u00e3o ser\u00e1 aferida por 12 meses -","description":"Os mananciais em que o projeto ser\u00e1 desenvolvido s\u00e3o o Rio Tubar\u00e3o, Rio do Pouso, Rio Caruru, Rio Capivari, Rio dos Corr\u00eaas, Rio Ilhota, Rio da Madre, Rio Pinheiros e C\u00f3rrego do Mesquita.","robots":{"index":"index","follow":"follow","max-snippet":"max-snippet:-1","max-image-preview":"max-image-preview:large","max-video-preview":"max-video-preview:-1"},"canonical":"https:\/\/sulsc.com\/index.php\/2024\/03\/22\/qualidade-das-aguas-de-9-rios-de-tubarao-sera-aferida-por-12-meses\/","og_locale":"en_US","og_type":"article","og_title":"Qualidade das \u00e1guas de 9 rios de Tubar\u00e3o ser\u00e1 aferida por 12 meses -","og_description":"Os mananciais em que o projeto ser\u00e1 desenvolvido s\u00e3o o Rio Tubar\u00e3o, Rio do Pouso, Rio Caruru, Rio Capivari, Rio dos Corr\u00eaas, Rio Ilhota, Rio da Madre, Rio Pinheiros e C\u00f3rrego do Mesquita.","og_url":"https:\/\/sulsc.com\/index.php\/2024\/03\/22\/qualidade-das-aguas-de-9-rios-de-tubarao-sera-aferida-por-12-meses\/","article_author":"https:\/\/www.facebook.com\/profile.php?id=61559278119680","article_published_time":"2024-03-22T14:45:11+00:00","og_image":[{"width":954,"height":715,"url":"http:\/\/sulsc.com\/wp-content\/uploads\/2024\/03\/5-4.jpg","type":"image\/jpeg"}],"author":"Reda\u00e7\u00e3o Sul SC","twitter_card":"summary_large_image","twitter_creator":"@https:\/\/twitter.com\/PortalSulSC","twitter_misc":{"Written by":"Reda\u00e7\u00e3o Sul SC","Est. reading time":"2 minutes"},"schema":{"@context":"https:\/\/schema.org","@graph":[{"@type":"WebPage","@id":"https:\/\/sulsc.com\/index.php\/2024\/03\/22\/qualidade-das-aguas-de-9-rios-de-tubarao-sera-aferida-por-12-meses\/","url":"https:\/\/sulsc.com\/index.php\/2024\/03\/22\/qualidade-das-aguas-de-9-rios-de-tubarao-sera-aferida-por-12-meses\/","name":"Qualidade das \u00e1guas de 9 rios de Tubar\u00e3o ser\u00e1 aferida por 12 meses -","isPartOf":{"@id":"https:\/\/sulsc.com\/#website"},"datePublished":"2024-03-22T14:45:11+00:00","dateModified":"2024-03-22T14:45:11+00:00","author":{"@id":"https:\/\/sulsc.com\/#\/schema\/person\/84d2fc571684f6248ba83092f07750a3"},"description":"Os mananciais em que o projeto ser\u00e1 desenvolvido s\u00e3o o Rio Tubar\u00e3o, Rio do Pouso, Rio Caruru, Rio Capivari, Rio dos Corr\u00eaas, Rio Ilhota, Rio da Madre, Rio Pinheiros e C\u00f3rrego do Mesquita.","breadcrumb":{"@id":"https:\/\/sulsc.com\/index.php\/2024\/03\/22\/qualidade-das-aguas-de-9-rios-de-tubarao-sera-aferida-por-12-meses\/#breadcrumb"},"inLanguage":"en-US","potentialAction":[{"@type":"ReadAction","target":["https:\/\/sulsc.com\/index.php\/2024\/03\/22\/qualidade-das-aguas-de-9-rios-de-tubarao-sera-aferida-por-12-meses\/"]}]},{"@type":"BreadcrumbList","@id":"https:\/\/sulsc.com\/index.php\/2024\/03\/22\/qualidade-das-aguas-de-9-rios-de-tubarao-sera-aferida-por-12-meses\/#breadcrumb","itemListElement":[{"@type":"ListItem","position":1,"name":"In\u00edcio","item":"https:\/\/sulsc.com\/"},{"@type":"ListItem","position":2,"name":"Qualidade das \u00e1guas de 9 rios de Tubar\u00e3o ser\u00e1 aferida por 12 meses"}]},{"@type":"WebSite","@id":"https:\/\/sulsc.com\/#website","url":"https:\/\/sulsc.com\/","name":"","description":"","potentialAction":[{"@type":"SearchAction","target":{"@type":"EntryPoint","urlTemplate":"https:\/\/sulsc.com\/?s={search_term_string}"},"query-input":"required name=search_term_string"}],"inLanguage":"en-US"},{"@type":"Person","@id":"https:\/\/sulsc.com\/#\/schema\/person\/84d2fc571684f6248ba83092f07750a3","name":"Reda\u00e7\u00e3o Sul SC","image":{"@type":"ImageObject","inLanguage":"en-US","@id":"https:\/\/sulsc.com\/#\/schema\/person\/image\/e08d7fe2cc4ed596372063bbe852b8d0","url":"https:\/\/sulsc.com\/wp-content\/uploads\/2023\/09\/redacao.png","contentUrl":"https:\/\/sulsc.com\/wp-content\/uploads\/2023\/09\/redacao.png","caption":"Reda\u00e7\u00e3o Sul SC"},"description":"Foco em um jornalismo imparcial, voltado \u00e0 qualidade dos seus conte\u00fados e, assim, levar informa\u00e7\u00e3o de valor que agregue \u00e0 vida dos leitores. Esta \u00e9 grande miss\u00e3o do Portal de Not\u00edcias Sul SC. N\u00e3o \u00e9 quantidade que muda o mundo, sempre foi e seguir\u00e1 sendo qualidade!","sameAs":["https:\/\/sulsc.com\/","https:\/\/www.facebook.com\/profile.php?id=61559278119680","https:\/\/www.instagram.com\/sulscportal\/?hl=pt-br","https:\/\/twitter.com\/https:\/\/twitter.com\/PortalSulSC","https:\/\/www.youtube.com\/channel\/UCv_BE8GeySluDov2n8qhVmw"],"url":"https:\/\/sulsc.com\/index.php\/author\/redacao\/"}]}},"authors":[],"_links":{"self":[{"href":"https:\/\/sulsc.com\/index.php\/wp-json\/wp\/v2\/posts\/10332"}],"collection":[{"href":"https:\/\/sulsc.com\/index.php\/wp-json\/wp\/v2\/posts"}],"about":[{"href":"https:\/\/sulsc.com\/index.php\/wp-json\/wp\/v2\/types\/post"}],"author":[{"embeddable":true,"href":"https:\/\/sulsc.com\/index.php\/wp-json\/wp\/v2\/users\/3"}],"replies":[{"embeddable":true,"href":"https:\/\/sulsc.com\/index.php\/wp-json\/wp\/v2\/comments?post=10332"}],"version-history":[{"count":1,"href":"https:\/\/sulsc.com\/index.php\/wp-json\/wp\/v2\/posts\/10332\/revisions"}],"predecessor-version":[{"id":10338,"href":"https:\/\/sulsc.com\/index.php\/wp-json\/wp\/v2\/posts\/10332\/revisions\/10338"}],"wp:featuredmedia":[{"embeddable":true,"href":"https:\/\/sulsc.com\/index.php\/wp-json\/wp\/v2\/media\/10336"}],"wp:attachment":[{"href":"https:\/\/sulsc.com\/index.php\/wp-json\/wp\/v2\/media?parent=10332"}],"wp:term":[{"taxonomy":"category","embeddable":true,"href":"https:\/\/sulsc.com\/index.php\/wp-json\/wp\/v2\/categories?post=10332"},{"taxonomy":"post_tag","embeddable":true,"href":"https:\/\/sulsc.com\/index.php\/wp-json\/wp\/v2\/tags?post=10332"}],"curies":[{"name":"wp","href":"https:\/\/api.w.org\/{rel}","templated":true}]}}