{"id":10344,"date":"2024-03-22T12:44:56","date_gmt":"2024-03-22T15:44:56","guid":{"rendered":"https:\/\/sulsc.com\/?p=10344"},"modified":"2024-03-22T12:44:56","modified_gmt":"2024-03-22T15:44:56","slug":"capital-das-aguas-termominerais-enaltece-data-especial-envolvendo-estudantes","status":"publish","type":"post","link":"https:\/\/sulsc.com\/index.php\/2024\/03\/22\/capital-das-aguas-termominerais-enaltece-data-especial-envolvendo-estudantes\/","title":{"rendered":"Capital das \u00c1guas Termominerais enaltece data especial envolvendo estudantes"},"content":{"rendered":"<p><img fetchpriority=\"high\" decoding=\"async\" class=\"aligncenter  wp-image-10345\" src=\"http:\/\/sulsc.com\/wp-content\/uploads\/2024\/03\/22.jpeg\" alt=\"\" width=\"1030\" height=\"797\" \/><\/p>\n<p>Para comemorar o Dia Mundial da \u00c1gua, lembrado nesta sexta-feira (22), alunos da rede municipal de ensino de Gravatal realizaram, ao longo da semana, uma s\u00e9rie de atividades para conscientizar sobre o uso adequado da \u00e1gua. Gravatal \u00e9 conhecida como a Capital Catarinense das \u00c1guas Termominerais.<\/p>\n<p>Os estudantes mobilizaram-se fazendo cartazes sobre o tema, brincadeiras l\u00fadicas, entre outras. Falas como escovar os dentes com a torneira desligada, tomar banhos r\u00e1pidos, utilizar a m\u00e1quina de lavar roupas na capacidade m\u00e1xima, levaram a mensagem sobre o cuidado com o bem que \u00e9 t\u00e3o precioso.<\/p>\n<p>De acordo com o secret\u00e1rio de Educa\u00e7\u00e3o de Gravatal, Jader Salazar, foram organizados trabalhos de pesquisa sobre o tema, jogos pedag\u00f3gicos, desenhos e cartazes e outros promovendo as intera\u00e7\u00f5es dos alunos e constantes discuss\u00f5es das quest\u00f5es, marcando a data nas escolas.<\/p>\n<p>\u201cEsse \u00e9 um tema importante e que merece toda a nossa aten\u00e7\u00e3o. Por meio da nossa equipe de educa\u00e7\u00e3o, os alunos foram orientados sobre a import\u00e2ncia de preservar a \u00e1gua. S\u00e3o trabalhos que v\u00e3o desde os mais pequenos at\u00e9 os estudantes mais velhos\u201d, destaca o secret\u00e1rio.<\/p>\n<p>Esta data internacional foi criada em 1992, visando alertar a popula\u00e7\u00e3o sobre a import\u00e2ncia da preserva\u00e7\u00e3o da \u00e1gua para a manuten\u00e7\u00e3o de todos os ecossistemas no planeta.<\/p>\n","protected":false},"excerpt":{"rendered":"<p>Para comemorar o Dia Mundial da \u00c1gua, lembrado nesta sexta-feira (22), alunos da rede municipal de ensino de Gravatal realizaram, ao longo da semana, uma s\u00e9rie de atividades para conscientizar sobre o uso adequado da \u00e1gua. Gravatal \u00e9 conhecida como a Capital Catarinense das \u00c1guas Termominerais. Os estudantes mobilizaram-se fazendo cartazes sobre o tema, brincadeiras &hellip;<\/p>\n<p class=\"read-more\"> <a class=\"\" href=\"https:\/\/sulsc.com\/index.php\/2024\/03\/22\/capital-das-aguas-termominerais-enaltece-data-especial-envolvendo-estudantes\/\"> <span class=\"screen-reader-text\">Capital das \u00c1guas Termominerais enaltece data especial envolvendo estudantes<\/span> Read More &raquo;<\/a><\/p>\n","protected":false},"author":3,"featured_media":10345,"comment_status":"open","ping_status":"open","sticky":false,"template":"","format":"standard","meta":{"site-sidebar-layout":"default","site-content-layout":"","ast-site-content-layout":"default","site-content-style":"default","site-sidebar-style":"default","ast-global-header-display":"","ast-banner-title-visibility":"","ast-main-header-display":"","ast-hfb-above-header-display":"","ast-hfb-below-header-display":"","ast-hfb-mobile-header-display":"","site-post-title":"","ast-breadcrumbs-content":"","ast-featured-img":"","footer-sml-layout":"","theme-transparent-header-meta":"default","adv-header-id-meta":"","stick-header-meta":"","header-above-stick-meta":"","header-main-stick-meta":"","header-below-stick-meta":"","astra-migrate-meta-layouts":"set","footnotes":""},"categories":[17],"tags":[1630,1628,1629,233,753],"yoast_head":"<!-- This site is optimized with the Yoast SEO plugin v21.4 - https:\/\/yoast.com\/wordpress\/plugins\/seo\/ -->\n<title>Capital das \u00c1guas Termominerais enaltece data especial envolvendo estudantes -<\/title>\n<meta name=\"description\" content=\"Os estudantes mobilizaram-se fazendo cartazes sobre o tema, brincadeiras l\u00fadicas, entre outras. Falas como escovar os dentes com a torneira desligada, tomar banhos r\u00e1pidos, utilizar a m\u00e1quina de lavar roupas na capacidade m\u00e1xima, levaram a mensagem sobre o cuidado com o bem que \u00e9 t\u00e3o precioso.\" \/>\n<meta name=\"robots\" content=\"index, follow, max-snippet:-1, max-image-preview:large, max-video-preview:-1\" \/>\n<link rel=\"canonical\" href=\"https:\/\/sulsc.com\/index.php\/2024\/03\/22\/capital-das-aguas-termominerais-enaltece-data-especial-envolvendo-estudantes\/\" \/>\n<meta property=\"og:locale\" content=\"en_US\" \/>\n<meta property=\"og:type\" content=\"article\" \/>\n<meta property=\"og:title\" content=\"Capital das \u00c1guas Termominerais enaltece data especial envolvendo estudantes -\" \/>\n<meta property=\"og:description\" content=\"Os estudantes mobilizaram-se fazendo cartazes sobre o tema, brincadeiras l\u00fadicas, entre outras. Falas como escovar os dentes com a torneira desligada, tomar banhos r\u00e1pidos, utilizar a m\u00e1quina de lavar roupas na capacidade m\u00e1xima, levaram a mensagem sobre o cuidado com o bem que \u00e9 t\u00e3o precioso.\" \/>\n<meta property=\"og:url\" content=\"https:\/\/sulsc.com\/index.php\/2024\/03\/22\/capital-das-aguas-termominerais-enaltece-data-especial-envolvendo-estudantes\/\" \/>\n<meta property=\"article:author\" content=\"https:\/\/www.facebook.com\/profile.php?id=61559278119680\" \/>\n<meta property=\"article:published_time\" content=\"2024-03-22T15:44:56+00:00\" \/>\n<meta property=\"og:image\" content=\"http:\/\/sulsc.com\/wp-content\/uploads\/2024\/03\/22.jpeg\" \/>\n\t<meta property=\"og:image:width\" content=\"779\" \/>\n\t<meta property=\"og:image:height\" content=\"710\" \/>\n\t<meta property=\"og:image:type\" content=\"image\/jpeg\" \/>\n<meta name=\"author\" content=\"Reda\u00e7\u00e3o Sul SC\" \/>\n<meta name=\"twitter:card\" content=\"summary_large_image\" \/>\n<meta name=\"twitter:creator\" content=\"@https:\/\/twitter.com\/PortalSulSC\" \/>\n<meta name=\"twitter:label1\" content=\"Written by\" \/>\n\t<meta name=\"twitter:data1\" content=\"Reda\u00e7\u00e3o Sul SC\" \/>\n\t<meta name=\"twitter:label2\" content=\"Est. reading time\" \/>\n\t<meta name=\"twitter:data2\" content=\"2 minutes\" \/>\n<script type=\"application\/ld+json\" class=\"yoast-schema-graph\">{\"@context\":\"https:\/\/schema.org\",\"@graph\":[{\"@type\":\"WebPage\",\"@id\":\"https:\/\/sulsc.com\/index.php\/2024\/03\/22\/capital-das-aguas-termominerais-enaltece-data-especial-envolvendo-estudantes\/\",\"url\":\"https:\/\/sulsc.com\/index.php\/2024\/03\/22\/capital-das-aguas-termominerais-enaltece-data-especial-envolvendo-estudantes\/\",\"name\":\"Capital das \u00c1guas Termominerais enaltece data especial envolvendo estudantes -\",\"isPartOf\":{\"@id\":\"https:\/\/sulsc.com\/#website\"},\"datePublished\":\"2024-03-22T15:44:56+00:00\",\"dateModified\":\"2024-03-22T15:44:56+00:00\",\"author\":{\"@id\":\"https:\/\/sulsc.com\/#\/schema\/person\/84d2fc571684f6248ba83092f07750a3\"},\"description\":\"Os estudantes mobilizaram-se fazendo cartazes sobre o tema, brincadeiras l\u00fadicas, entre outras. Falas como escovar os dentes com a torneira desligada, tomar banhos r\u00e1pidos, utilizar a m\u00e1quina de lavar roupas na capacidade m\u00e1xima, levaram a mensagem sobre o cuidado com o bem que \u00e9 t\u00e3o precioso.\",\"breadcrumb\":{\"@id\":\"https:\/\/sulsc.com\/index.php\/2024\/03\/22\/capital-das-aguas-termominerais-enaltece-data-especial-envolvendo-estudantes\/#breadcrumb\"},\"inLanguage\":\"en-US\",\"potentialAction\":[{\"@type\":\"ReadAction\",\"target\":[\"https:\/\/sulsc.com\/index.php\/2024\/03\/22\/capital-das-aguas-termominerais-enaltece-data-especial-envolvendo-estudantes\/\"]}]},{\"@type\":\"BreadcrumbList\",\"@id\":\"https:\/\/sulsc.com\/index.php\/2024\/03\/22\/capital-das-aguas-termominerais-enaltece-data-especial-envolvendo-estudantes\/#breadcrumb\",\"itemListElement\":[{\"@type\":\"ListItem\",\"position\":1,\"name\":\"In\u00edcio\",\"item\":\"https:\/\/sulsc.com\/\"},{\"@type\":\"ListItem\",\"position\":2,\"name\":\"Capital das \u00c1guas Termominerais enaltece data especial envolvendo estudantes\"}]},{\"@type\":\"WebSite\",\"@id\":\"https:\/\/sulsc.com\/#website\",\"url\":\"https:\/\/sulsc.com\/\",\"name\":\"\",\"description\":\"\",\"potentialAction\":[{\"@type\":\"SearchAction\",\"target\":{\"@type\":\"EntryPoint\",\"urlTemplate\":\"https:\/\/sulsc.com\/?s={search_term_string}\"},\"query-input\":\"required name=search_term_string\"}],\"inLanguage\":\"en-US\"},{\"@type\":\"Person\",\"@id\":\"https:\/\/sulsc.com\/#\/schema\/person\/84d2fc571684f6248ba83092f07750a3\",\"name\":\"Reda\u00e7\u00e3o Sul SC\",\"image\":{\"@type\":\"ImageObject\",\"inLanguage\":\"en-US\",\"@id\":\"https:\/\/sulsc.com\/#\/schema\/person\/image\/e08d7fe2cc4ed596372063bbe852b8d0\",\"url\":\"https:\/\/sulsc.com\/wp-content\/uploads\/2023\/09\/redacao.png\",\"contentUrl\":\"https:\/\/sulsc.com\/wp-content\/uploads\/2023\/09\/redacao.png\",\"caption\":\"Reda\u00e7\u00e3o Sul SC\"},\"description\":\"Foco em um jornalismo imparcial, voltado \u00e0 qualidade dos seus conte\u00fados e, assim, levar informa\u00e7\u00e3o de valor que agregue \u00e0 vida dos leitores. Esta \u00e9 grande miss\u00e3o do Portal de Not\u00edcias Sul SC. N\u00e3o \u00e9 quantidade que muda o mundo, sempre foi e seguir\u00e1 sendo qualidade!\",\"sameAs\":[\"https:\/\/sulsc.com\/\",\"https:\/\/www.facebook.com\/profile.php?id=61559278119680\",\"https:\/\/www.instagram.com\/sulscportal\/?hl=pt-br\",\"https:\/\/twitter.com\/https:\/\/twitter.com\/PortalSulSC\",\"https:\/\/www.youtube.com\/channel\/UCv_BE8GeySluDov2n8qhVmw\"],\"url\":\"https:\/\/sulsc.com\/index.php\/author\/redacao\/\"}]}<\/script>\n<!-- \/ Yoast SEO plugin. -->","yoast_head_json":{"title":"Capital das \u00c1guas Termominerais enaltece data especial envolvendo estudantes -","description":"Os estudantes mobilizaram-se fazendo cartazes sobre o tema, brincadeiras l\u00fadicas, entre outras. Falas como escovar os dentes com a torneira desligada, tomar banhos r\u00e1pidos, utilizar a m\u00e1quina de lavar roupas na capacidade m\u00e1xima, levaram a mensagem sobre o cuidado com o bem que \u00e9 t\u00e3o precioso.","robots":{"index":"index","follow":"follow","max-snippet":"max-snippet:-1","max-image-preview":"max-image-preview:large","max-video-preview":"max-video-preview:-1"},"canonical":"https:\/\/sulsc.com\/index.php\/2024\/03\/22\/capital-das-aguas-termominerais-enaltece-data-especial-envolvendo-estudantes\/","og_locale":"en_US","og_type":"article","og_title":"Capital das \u00c1guas Termominerais enaltece data especial envolvendo estudantes -","og_description":"Os estudantes mobilizaram-se fazendo cartazes sobre o tema, brincadeiras l\u00fadicas, entre outras. Falas como escovar os dentes com a torneira desligada, tomar banhos r\u00e1pidos, utilizar a m\u00e1quina de lavar roupas na capacidade m\u00e1xima, levaram a mensagem sobre o cuidado com o bem que \u00e9 t\u00e3o precioso.","og_url":"https:\/\/sulsc.com\/index.php\/2024\/03\/22\/capital-das-aguas-termominerais-enaltece-data-especial-envolvendo-estudantes\/","article_author":"https:\/\/www.facebook.com\/profile.php?id=61559278119680","article_published_time":"2024-03-22T15:44:56+00:00","og_image":[{"width":779,"height":710,"url":"http:\/\/sulsc.com\/wp-content\/uploads\/2024\/03\/22.jpeg","type":"image\/jpeg"}],"author":"Reda\u00e7\u00e3o Sul SC","twitter_card":"summary_large_image","twitter_creator":"@https:\/\/twitter.com\/PortalSulSC","twitter_misc":{"Written by":"Reda\u00e7\u00e3o Sul SC","Est. reading time":"2 minutes"},"schema":{"@context":"https:\/\/schema.org","@graph":[{"@type":"WebPage","@id":"https:\/\/sulsc.com\/index.php\/2024\/03\/22\/capital-das-aguas-termominerais-enaltece-data-especial-envolvendo-estudantes\/","url":"https:\/\/sulsc.com\/index.php\/2024\/03\/22\/capital-das-aguas-termominerais-enaltece-data-especial-envolvendo-estudantes\/","name":"Capital das \u00c1guas Termominerais enaltece data especial envolvendo estudantes -","isPartOf":{"@id":"https:\/\/sulsc.com\/#website"},"datePublished":"2024-03-22T15:44:56+00:00","dateModified":"2024-03-22T15:44:56+00:00","author":{"@id":"https:\/\/sulsc.com\/#\/schema\/person\/84d2fc571684f6248ba83092f07750a3"},"description":"Os estudantes mobilizaram-se fazendo cartazes sobre o tema, brincadeiras l\u00fadicas, entre outras. Falas como escovar os dentes com a torneira desligada, tomar banhos r\u00e1pidos, utilizar a m\u00e1quina de lavar roupas na capacidade m\u00e1xima, levaram a mensagem sobre o cuidado com o bem que \u00e9 t\u00e3o precioso.","breadcrumb":{"@id":"https:\/\/sulsc.com\/index.php\/2024\/03\/22\/capital-das-aguas-termominerais-enaltece-data-especial-envolvendo-estudantes\/#breadcrumb"},"inLanguage":"en-US","potentialAction":[{"@type":"ReadAction","target":["https:\/\/sulsc.com\/index.php\/2024\/03\/22\/capital-das-aguas-termominerais-enaltece-data-especial-envolvendo-estudantes\/"]}]},{"@type":"BreadcrumbList","@id":"https:\/\/sulsc.com\/index.php\/2024\/03\/22\/capital-das-aguas-termominerais-enaltece-data-especial-envolvendo-estudantes\/#breadcrumb","itemListElement":[{"@type":"ListItem","position":1,"name":"In\u00edcio","item":"https:\/\/sulsc.com\/"},{"@type":"ListItem","position":2,"name":"Capital das \u00c1guas Termominerais enaltece data especial envolvendo estudantes"}]},{"@type":"WebSite","@id":"https:\/\/sulsc.com\/#website","url":"https:\/\/sulsc.com\/","name":"","description":"","potentialAction":[{"@type":"SearchAction","target":{"@type":"EntryPoint","urlTemplate":"https:\/\/sulsc.com\/?s={search_term_string}"},"query-input":"required name=search_term_string"}],"inLanguage":"en-US"},{"@type":"Person","@id":"https:\/\/sulsc.com\/#\/schema\/person\/84d2fc571684f6248ba83092f07750a3","name":"Reda\u00e7\u00e3o Sul SC","image":{"@type":"ImageObject","inLanguage":"en-US","@id":"https:\/\/sulsc.com\/#\/schema\/person\/image\/e08d7fe2cc4ed596372063bbe852b8d0","url":"https:\/\/sulsc.com\/wp-content\/uploads\/2023\/09\/redacao.png","contentUrl":"https:\/\/sulsc.com\/wp-content\/uploads\/2023\/09\/redacao.png","caption":"Reda\u00e7\u00e3o Sul SC"},"description":"Foco em um jornalismo imparcial, voltado \u00e0 qualidade dos seus conte\u00fados e, assim, levar informa\u00e7\u00e3o de valor que agregue \u00e0 vida dos leitores. Esta \u00e9 grande miss\u00e3o do Portal de Not\u00edcias Sul SC. N\u00e3o \u00e9 quantidade que muda o mundo, sempre foi e seguir\u00e1 sendo qualidade!","sameAs":["https:\/\/sulsc.com\/","https:\/\/www.facebook.com\/profile.php?id=61559278119680","https:\/\/www.instagram.com\/sulscportal\/?hl=pt-br","https:\/\/twitter.com\/https:\/\/twitter.com\/PortalSulSC","https:\/\/www.youtube.com\/channel\/UCv_BE8GeySluDov2n8qhVmw"],"url":"https:\/\/sulsc.com\/index.php\/author\/redacao\/"}]}},"authors":[],"_links":{"self":[{"href":"https:\/\/sulsc.com\/index.php\/wp-json\/wp\/v2\/posts\/10344"}],"collection":[{"href":"https:\/\/sulsc.com\/index.php\/wp-json\/wp\/v2\/posts"}],"about":[{"href":"https:\/\/sulsc.com\/index.php\/wp-json\/wp\/v2\/types\/post"}],"author":[{"embeddable":true,"href":"https:\/\/sulsc.com\/index.php\/wp-json\/wp\/v2\/users\/3"}],"replies":[{"embeddable":true,"href":"https:\/\/sulsc.com\/index.php\/wp-json\/wp\/v2\/comments?post=10344"}],"version-history":[{"count":1,"href":"https:\/\/sulsc.com\/index.php\/wp-json\/wp\/v2\/posts\/10344\/revisions"}],"predecessor-version":[{"id":10346,"href":"https:\/\/sulsc.com\/index.php\/wp-json\/wp\/v2\/posts\/10344\/revisions\/10346"}],"wp:featuredmedia":[{"embeddable":true,"href":"https:\/\/sulsc.com\/index.php\/wp-json\/wp\/v2\/media\/10345"}],"wp:attachment":[{"href":"https:\/\/sulsc.com\/index.php\/wp-json\/wp\/v2\/media?parent=10344"}],"wp:term":[{"taxonomy":"category","embeddable":true,"href":"https:\/\/sulsc.com\/index.php\/wp-json\/wp\/v2\/categories?post=10344"},{"taxonomy":"post_tag","embeddable":true,"href":"https:\/\/sulsc.com\/index.php\/wp-json\/wp\/v2\/tags?post=10344"}],"curies":[{"name":"wp","href":"https:\/\/api.w.org\/{rel}","templated":true}]}}