{"id":1035,"date":"2023-09-12T18:26:44","date_gmt":"2023-09-12T21:26:44","guid":{"rendered":"https:\/\/sulsc.com\/?p=1035"},"modified":"2023-09-12T18:26:44","modified_gmt":"2023-09-12T21:26:44","slug":"programa-saude-na-escola-atende-cerca-de-5-400-criancas-em-imbituba","status":"publish","type":"post","link":"https:\/\/sulsc.com\/index.php\/2023\/09\/12\/programa-saude-na-escola-atende-cerca-de-5-400-criancas-em-imbituba\/","title":{"rendered":"Programa Sa\u00fade na Escola atende cerca de 5.400 crian\u00e7as em Imbituba"},"content":{"rendered":"<p>O Programa Sa\u00fade na Escola (PSE) encerrou as visitas nas escolas do munic\u00edpio no final do m\u00eas de agosto. Por meio de profissionais de sa\u00fade da aten\u00e7\u00e3o prim\u00e1ria e de profissionais da educa\u00e7\u00e3o, o programa busca fortalecer as a\u00e7\u00f5es de enfrentamento de vulnerabilidades, e amplia o acesso aos servi\u00e7os de sa\u00fade e contribuindo para melhoria da qualidade de vida dos estudantes.<\/p>\n<p>O PSE \u00e9 uma iniciativa intersetorial dos Minist\u00e9rios da Sa\u00fade e da Educa\u00e7\u00e3o realizado pela Secretaria de Sa\u00fade de Imbituba (Semusa) com apoio da Secretaria de Educa\u00e7\u00e3o Cultura e Esporte (Seduce). O projeto iniciou as atividades dia 3 de maio e atendeu de 5.427 crian\u00e7as de 30 escolas municipais e estaduais. As a\u00e7\u00f5es realizadas foram a Promo\u00e7\u00e3o da Atividade F\u00edsica, Promo\u00e7\u00e3o da Alimenta\u00e7\u00e3o Saud\u00e1vel, Promo\u00e7\u00e3o da Sa\u00fade Bucal e Preven\u00e7\u00e3o de Acidentes Dom\u00e9sticos.<\/p>\n<p>Atrav\u00e9s da Promo\u00e7\u00e3o da Sa\u00fade Bucal, onde foram realizadas avalia\u00e7\u00f5es odontol\u00f3gicas nos estudantes, foi observado que 450 crian\u00e7as apresentaram a necessidades de encaminhamento para atendimento odontol\u00f3gico. \u201cVimos que muitas crian\u00e7as n\u00e3o realizam a escova\u00e7\u00e3o e foi detectado c\u00e1rie em 30% das crian\u00e7as atendidas. As mais graves foram encaminhadas para o dentista do Posto de Sa\u00fade de cada bairro\u201d, explica Ingrid Pineiro, coordenadora do projeto e T\u00e9cnica em Enfermagem.<\/p>\n<p><img fetchpriority=\"high\" decoding=\"async\" class=\"alignnone size-medium wp-image-1036\" src=\"http:\/\/sulsc.com\/wp-content\/uploads\/2023\/09\/Programa-Saude-na-Escola-atende-cerca-de-5.400-criancas-em-Imbituba02-300x224.jpeg\" alt=\"\" width=\"300\" height=\"224\" srcset=\"https:\/\/sulsc.com\/wp-content\/uploads\/2023\/09\/Programa-Saude-na-Escola-atende-cerca-de-5.400-criancas-em-Imbituba02-300x224.jpeg 300w, https:\/\/sulsc.com\/wp-content\/uploads\/2023\/09\/Programa-Saude-na-Escola-atende-cerca-de-5.400-criancas-em-Imbituba02-1024x766.jpeg 1024w, https:\/\/sulsc.com\/wp-content\/uploads\/2023\/09\/Programa-Saude-na-Escola-atende-cerca-de-5.400-criancas-em-Imbituba02-768x575.jpeg 768w, https:\/\/sulsc.com\/wp-content\/uploads\/2023\/09\/Programa-Saude-na-Escola-atende-cerca-de-5.400-criancas-em-Imbituba02.jpeg 1536w\" sizes=\"(max-width: 300px) 100vw, 300px\" \/><\/p>\n<p>Nas a\u00e7\u00f5es de Promo\u00e7\u00e3o da Alimenta\u00e7\u00e3o Saud\u00e1vel e Atividade F\u00edsica, foi observado que as crian\u00e7as possuem entendimento sobre os alimentos adequados e possuem grande interesse em praticar as atividades, em especial quando est\u00e3o em grupo. \u201cNa preven\u00e7\u00e3o de acidentes dom\u00e9sticos observamos que as crian\u00e7as possuem entendimento b\u00e1sico sobre preven\u00e7\u00e3o e que possuem grande potencial para se tornarem multiplicadores das boas pr\u00e1ticas\u201d, comenta Ingrid.<\/p>\n<p>O programa foi realizado atrav\u00e9s de uma equipe t\u00e9cnica de trabalho que contou com as enfermeiras Beatriz Oliveira e Rosana Brito, a nutricionista Ana L\u00facia Dornelles, a educadora f\u00edsica Tha\u00eds Gon\u00e7alves, as odont\u00f3logas Dayana Dam\u00e1zio e Bianca Carvalho. Al\u00e9m de contar com os socorristas Humberto de Almeida, Daniel Valerio e Lu\u00eds Felipe Silv\u00e9rio, fonoaudi\u00f3logo Guilherme Lemos e a pedagoga Rosemeri Beza.<\/p>\n<p>\u201cA Coordenadora de Aten\u00e7\u00e3o B\u00e1sica, a enfermeira Mariana Pires, o coordenador do SAMU Elder dos Reis, o coordenador da sa\u00fade bucal Filipe Ferreira e o secret\u00e1rio de sa\u00fade Emanoel Matos e a secret\u00e1ria de educa\u00e7\u00e3o Rafaela Pereira de Mello, n\u00e3o mediram esfor\u00e7os para que tudo fosse poss\u00edvel\u201d, ressaltou a Coordenadora Ingrid.<\/p>\n<p>&nbsp;<\/p>\n<p>Fonte: Pref. de Imbituba<\/p>\n","protected":false},"excerpt":{"rendered":"<p>O Programa Sa\u00fade na Escola (PSE) encerrou as visitas nas escolas do munic\u00edpio no final do m\u00eas de agosto. Por meio de profissionais de sa\u00fade da aten\u00e7\u00e3o prim\u00e1ria e de profissionais da educa\u00e7\u00e3o, o programa busca fortalecer as a\u00e7\u00f5es de enfrentamento de vulnerabilidades, e amplia o acesso aos servi\u00e7os de sa\u00fade e contribuindo para melhoria &hellip;<\/p>\n<p class=\"read-more\"> <a class=\"\" href=\"https:\/\/sulsc.com\/index.php\/2023\/09\/12\/programa-saude-na-escola-atende-cerca-de-5-400-criancas-em-imbituba\/\"> <span class=\"screen-reader-text\">Programa Sa\u00fade na Escola atende cerca de 5.400 crian\u00e7as em Imbituba<\/span> Read More &raquo;<\/a><\/p>\n","protected":false},"author":3,"featured_media":1037,"comment_status":"open","ping_status":"open","sticky":false,"template":"","format":"standard","meta":{"site-sidebar-layout":"default","site-content-layout":"default","ast-site-content-layout":"","site-content-style":"default","site-sidebar-style":"default","ast-global-header-display":"","ast-banner-title-visibility":"","ast-main-header-display":"","ast-hfb-above-header-display":"","ast-hfb-below-header-display":"","ast-hfb-mobile-header-display":"","site-post-title":"","ast-breadcrumbs-content":"","ast-featured-img":"","footer-sml-layout":"","theme-transparent-header-meta":"default","adv-header-id-meta":"","stick-header-meta":"","header-above-stick-meta":"","header-main-stick-meta":"","header-below-stick-meta":"","astra-migrate-meta-layouts":"","footnotes":""},"categories":[1,41],"tags":[],"yoast_head":"<!-- This site is optimized with the Yoast SEO plugin v21.4 - https:\/\/yoast.com\/wordpress\/plugins\/seo\/ -->\n<title>Programa Sa\u00fade na Escola atende cerca de 5.400 crian\u00e7as em Imbituba -<\/title>\n<meta name=\"robots\" content=\"index, follow, max-snippet:-1, max-image-preview:large, max-video-preview:-1\" \/>\n<link rel=\"canonical\" href=\"https:\/\/sulsc.com\/index.php\/2023\/09\/12\/programa-saude-na-escola-atende-cerca-de-5-400-criancas-em-imbituba\/\" \/>\n<meta property=\"og:locale\" content=\"en_US\" \/>\n<meta property=\"og:type\" content=\"article\" \/>\n<meta property=\"og:title\" content=\"Programa Sa\u00fade na Escola atende cerca de 5.400 crian\u00e7as em Imbituba -\" \/>\n<meta property=\"og:description\" content=\"O Programa Sa\u00fade na Escola (PSE) encerrou as visitas nas escolas do munic\u00edpio no final do m\u00eas de agosto. Por meio de profissionais de sa\u00fade da aten\u00e7\u00e3o prim\u00e1ria e de profissionais da educa\u00e7\u00e3o, o programa busca fortalecer as a\u00e7\u00f5es de enfrentamento de vulnerabilidades, e amplia o acesso aos servi\u00e7os de sa\u00fade e contribuindo para melhoria &hellip; Programa Sa\u00fade na Escola atende cerca de 5.400 crian\u00e7as em Imbituba Read More &raquo;\" \/>\n<meta property=\"og:url\" content=\"https:\/\/sulsc.com\/index.php\/2023\/09\/12\/programa-saude-na-escola-atende-cerca-de-5-400-criancas-em-imbituba\/\" \/>\n<meta property=\"article:author\" content=\"https:\/\/www.facebook.com\/profile.php?id=61559278119680\" \/>\n<meta property=\"article:published_time\" content=\"2023-09-12T21:26:44+00:00\" \/>\n<meta property=\"og:image\" content=\"https:\/\/sulsc.com\/wp-content\/uploads\/2023\/09\/Programa-Saude-na-Escola-atende-cerca-de-5.400-criancas-em-Imbituba.jpeg\" \/>\n\t<meta property=\"og:image:width\" content=\"800\" \/>\n\t<meta property=\"og:image:height\" content=\"445\" \/>\n\t<meta property=\"og:image:type\" content=\"image\/jpeg\" \/>\n<meta name=\"author\" content=\"Reda\u00e7\u00e3o Sul SC\" \/>\n<meta name=\"twitter:card\" content=\"summary_large_image\" \/>\n<meta name=\"twitter:creator\" content=\"@https:\/\/twitter.com\/PortalSulSC\" \/>\n<meta name=\"twitter:label1\" content=\"Written by\" \/>\n\t<meta name=\"twitter:data1\" content=\"Reda\u00e7\u00e3o Sul SC\" \/>\n\t<meta name=\"twitter:label2\" content=\"Est. reading time\" \/>\n\t<meta name=\"twitter:data2\" content=\"2 minutes\" \/>\n<script type=\"application\/ld+json\" class=\"yoast-schema-graph\">{\"@context\":\"https:\/\/schema.org\",\"@graph\":[{\"@type\":\"WebPage\",\"@id\":\"https:\/\/sulsc.com\/index.php\/2023\/09\/12\/programa-saude-na-escola-atende-cerca-de-5-400-criancas-em-imbituba\/\",\"url\":\"https:\/\/sulsc.com\/index.php\/2023\/09\/12\/programa-saude-na-escola-atende-cerca-de-5-400-criancas-em-imbituba\/\",\"name\":\"Programa Sa\u00fade na Escola atende cerca de 5.400 crian\u00e7as em Imbituba -\",\"isPartOf\":{\"@id\":\"https:\/\/sulsc.com\/#website\"},\"datePublished\":\"2023-09-12T21:26:44+00:00\",\"dateModified\":\"2023-09-12T21:26:44+00:00\",\"author\":{\"@id\":\"https:\/\/sulsc.com\/#\/schema\/person\/84d2fc571684f6248ba83092f07750a3\"},\"breadcrumb\":{\"@id\":\"https:\/\/sulsc.com\/index.php\/2023\/09\/12\/programa-saude-na-escola-atende-cerca-de-5-400-criancas-em-imbituba\/#breadcrumb\"},\"inLanguage\":\"en-US\",\"potentialAction\":[{\"@type\":\"ReadAction\",\"target\":[\"https:\/\/sulsc.com\/index.php\/2023\/09\/12\/programa-saude-na-escola-atende-cerca-de-5-400-criancas-em-imbituba\/\"]}]},{\"@type\":\"BreadcrumbList\",\"@id\":\"https:\/\/sulsc.com\/index.php\/2023\/09\/12\/programa-saude-na-escola-atende-cerca-de-5-400-criancas-em-imbituba\/#breadcrumb\",\"itemListElement\":[{\"@type\":\"ListItem\",\"position\":1,\"name\":\"In\u00edcio\",\"item\":\"https:\/\/sulsc.com\/\"},{\"@type\":\"ListItem\",\"position\":2,\"name\":\"Programa Sa\u00fade na Escola atende cerca de 5.400 crian\u00e7as em Imbituba\"}]},{\"@type\":\"WebSite\",\"@id\":\"https:\/\/sulsc.com\/#website\",\"url\":\"https:\/\/sulsc.com\/\",\"name\":\"\",\"description\":\"\",\"potentialAction\":[{\"@type\":\"SearchAction\",\"target\":{\"@type\":\"EntryPoint\",\"urlTemplate\":\"https:\/\/sulsc.com\/?s={search_term_string}\"},\"query-input\":\"required name=search_term_string\"}],\"inLanguage\":\"en-US\"},{\"@type\":\"Person\",\"@id\":\"https:\/\/sulsc.com\/#\/schema\/person\/84d2fc571684f6248ba83092f07750a3\",\"name\":\"Reda\u00e7\u00e3o Sul SC\",\"image\":{\"@type\":\"ImageObject\",\"inLanguage\":\"en-US\",\"@id\":\"https:\/\/sulsc.com\/#\/schema\/person\/image\/e08d7fe2cc4ed596372063bbe852b8d0\",\"url\":\"https:\/\/sulsc.com\/wp-content\/uploads\/2023\/09\/redacao.png\",\"contentUrl\":\"https:\/\/sulsc.com\/wp-content\/uploads\/2023\/09\/redacao.png\",\"caption\":\"Reda\u00e7\u00e3o Sul SC\"},\"description\":\"Foco em um jornalismo imparcial, voltado \u00e0 qualidade dos seus conte\u00fados e, assim, levar informa\u00e7\u00e3o de valor que agregue \u00e0 vida dos leitores. Esta \u00e9 grande miss\u00e3o do Portal de Not\u00edcias Sul SC. N\u00e3o \u00e9 quantidade que muda o mundo, sempre foi e seguir\u00e1 sendo qualidade!\",\"sameAs\":[\"https:\/\/sulsc.com\/\",\"https:\/\/www.facebook.com\/profile.php?id=61559278119680\",\"https:\/\/www.instagram.com\/sulscportal\/?hl=pt-br\",\"https:\/\/twitter.com\/https:\/\/twitter.com\/PortalSulSC\",\"https:\/\/www.youtube.com\/channel\/UCv_BE8GeySluDov2n8qhVmw\"],\"url\":\"https:\/\/sulsc.com\/index.php\/author\/redacao\/\"}]}<\/script>\n<!-- \/ Yoast SEO plugin. -->","yoast_head_json":{"title":"Programa Sa\u00fade na Escola atende cerca de 5.400 crian\u00e7as em Imbituba -","robots":{"index":"index","follow":"follow","max-snippet":"max-snippet:-1","max-image-preview":"max-image-preview:large","max-video-preview":"max-video-preview:-1"},"canonical":"https:\/\/sulsc.com\/index.php\/2023\/09\/12\/programa-saude-na-escola-atende-cerca-de-5-400-criancas-em-imbituba\/","og_locale":"en_US","og_type":"article","og_title":"Programa Sa\u00fade na Escola atende cerca de 5.400 crian\u00e7as em Imbituba -","og_description":"O Programa Sa\u00fade na Escola (PSE) encerrou as visitas nas escolas do munic\u00edpio no final do m\u00eas de agosto. Por meio de profissionais de sa\u00fade da aten\u00e7\u00e3o prim\u00e1ria e de profissionais da educa\u00e7\u00e3o, o programa busca fortalecer as a\u00e7\u00f5es de enfrentamento de vulnerabilidades, e amplia o acesso aos servi\u00e7os de sa\u00fade e contribuindo para melhoria &hellip; Programa Sa\u00fade na Escola atende cerca de 5.400 crian\u00e7as em Imbituba Read More &raquo;","og_url":"https:\/\/sulsc.com\/index.php\/2023\/09\/12\/programa-saude-na-escola-atende-cerca-de-5-400-criancas-em-imbituba\/","article_author":"https:\/\/www.facebook.com\/profile.php?id=61559278119680","article_published_time":"2023-09-12T21:26:44+00:00","og_image":[{"width":800,"height":445,"url":"https:\/\/sulsc.com\/wp-content\/uploads\/2023\/09\/Programa-Saude-na-Escola-atende-cerca-de-5.400-criancas-em-Imbituba.jpeg","type":"image\/jpeg"}],"author":"Reda\u00e7\u00e3o Sul SC","twitter_card":"summary_large_image","twitter_creator":"@https:\/\/twitter.com\/PortalSulSC","twitter_misc":{"Written by":"Reda\u00e7\u00e3o Sul SC","Est. reading time":"2 minutes"},"schema":{"@context":"https:\/\/schema.org","@graph":[{"@type":"WebPage","@id":"https:\/\/sulsc.com\/index.php\/2023\/09\/12\/programa-saude-na-escola-atende-cerca-de-5-400-criancas-em-imbituba\/","url":"https:\/\/sulsc.com\/index.php\/2023\/09\/12\/programa-saude-na-escola-atende-cerca-de-5-400-criancas-em-imbituba\/","name":"Programa Sa\u00fade na Escola atende cerca de 5.400 crian\u00e7as em Imbituba -","isPartOf":{"@id":"https:\/\/sulsc.com\/#website"},"datePublished":"2023-09-12T21:26:44+00:00","dateModified":"2023-09-12T21:26:44+00:00","author":{"@id":"https:\/\/sulsc.com\/#\/schema\/person\/84d2fc571684f6248ba83092f07750a3"},"breadcrumb":{"@id":"https:\/\/sulsc.com\/index.php\/2023\/09\/12\/programa-saude-na-escola-atende-cerca-de-5-400-criancas-em-imbituba\/#breadcrumb"},"inLanguage":"en-US","potentialAction":[{"@type":"ReadAction","target":["https:\/\/sulsc.com\/index.php\/2023\/09\/12\/programa-saude-na-escola-atende-cerca-de-5-400-criancas-em-imbituba\/"]}]},{"@type":"BreadcrumbList","@id":"https:\/\/sulsc.com\/index.php\/2023\/09\/12\/programa-saude-na-escola-atende-cerca-de-5-400-criancas-em-imbituba\/#breadcrumb","itemListElement":[{"@type":"ListItem","position":1,"name":"In\u00edcio","item":"https:\/\/sulsc.com\/"},{"@type":"ListItem","position":2,"name":"Programa Sa\u00fade na Escola atende cerca de 5.400 crian\u00e7as em Imbituba"}]},{"@type":"WebSite","@id":"https:\/\/sulsc.com\/#website","url":"https:\/\/sulsc.com\/","name":"","description":"","potentialAction":[{"@type":"SearchAction","target":{"@type":"EntryPoint","urlTemplate":"https:\/\/sulsc.com\/?s={search_term_string}"},"query-input":"required name=search_term_string"}],"inLanguage":"en-US"},{"@type":"Person","@id":"https:\/\/sulsc.com\/#\/schema\/person\/84d2fc571684f6248ba83092f07750a3","name":"Reda\u00e7\u00e3o Sul SC","image":{"@type":"ImageObject","inLanguage":"en-US","@id":"https:\/\/sulsc.com\/#\/schema\/person\/image\/e08d7fe2cc4ed596372063bbe852b8d0","url":"https:\/\/sulsc.com\/wp-content\/uploads\/2023\/09\/redacao.png","contentUrl":"https:\/\/sulsc.com\/wp-content\/uploads\/2023\/09\/redacao.png","caption":"Reda\u00e7\u00e3o Sul SC"},"description":"Foco em um jornalismo imparcial, voltado \u00e0 qualidade dos seus conte\u00fados e, assim, levar informa\u00e7\u00e3o de valor que agregue \u00e0 vida dos leitores. Esta \u00e9 grande miss\u00e3o do Portal de Not\u00edcias Sul SC. N\u00e3o \u00e9 quantidade que muda o mundo, sempre foi e seguir\u00e1 sendo qualidade!","sameAs":["https:\/\/sulsc.com\/","https:\/\/www.facebook.com\/profile.php?id=61559278119680","https:\/\/www.instagram.com\/sulscportal\/?hl=pt-br","https:\/\/twitter.com\/https:\/\/twitter.com\/PortalSulSC","https:\/\/www.youtube.com\/channel\/UCv_BE8GeySluDov2n8qhVmw"],"url":"https:\/\/sulsc.com\/index.php\/author\/redacao\/"}]}},"authors":[],"_links":{"self":[{"href":"https:\/\/sulsc.com\/index.php\/wp-json\/wp\/v2\/posts\/1035"}],"collection":[{"href":"https:\/\/sulsc.com\/index.php\/wp-json\/wp\/v2\/posts"}],"about":[{"href":"https:\/\/sulsc.com\/index.php\/wp-json\/wp\/v2\/types\/post"}],"author":[{"embeddable":true,"href":"https:\/\/sulsc.com\/index.php\/wp-json\/wp\/v2\/users\/3"}],"replies":[{"embeddable":true,"href":"https:\/\/sulsc.com\/index.php\/wp-json\/wp\/v2\/comments?post=1035"}],"version-history":[{"count":1,"href":"https:\/\/sulsc.com\/index.php\/wp-json\/wp\/v2\/posts\/1035\/revisions"}],"predecessor-version":[{"id":1038,"href":"https:\/\/sulsc.com\/index.php\/wp-json\/wp\/v2\/posts\/1035\/revisions\/1038"}],"wp:featuredmedia":[{"embeddable":true,"href":"https:\/\/sulsc.com\/index.php\/wp-json\/wp\/v2\/media\/1037"}],"wp:attachment":[{"href":"https:\/\/sulsc.com\/index.php\/wp-json\/wp\/v2\/media?parent=1035"}],"wp:term":[{"taxonomy":"category","embeddable":true,"href":"https:\/\/sulsc.com\/index.php\/wp-json\/wp\/v2\/categories?post=1035"},{"taxonomy":"post_tag","embeddable":true,"href":"https:\/\/sulsc.com\/index.php\/wp-json\/wp\/v2\/tags?post=1035"}],"curies":[{"name":"wp","href":"https:\/\/api.w.org\/{rel}","templated":true}]}}