{"id":1041,"date":"2023-09-13T08:00:27","date_gmt":"2023-09-13T11:00:27","guid":{"rendered":"https:\/\/sulsc.com\/?p=1041"},"modified":"2023-09-13T08:17:56","modified_gmt":"2023-09-13T11:17:56","slug":"homem-e-morto-a-facadas-em-aniversario-da-namorada-em-grao-para","status":"publish","type":"post","link":"https:\/\/sulsc.com\/index.php\/2023\/09\/13\/homem-e-morto-a-facadas-em-aniversario-da-namorada-em-grao-para\/","title":{"rendered":"Homem \u00e9 morto a facadas em anivers\u00e1rio da namorada em Gr\u00e3o-Par\u00e1"},"content":{"rendered":"<p>Um homem foi morto a facadas nessa ter\u00e7a-feira (12), durante um churrasco que fazia para comemorar o anivers\u00e1rio da namorada, em Gr\u00e3o-Par\u00e1. Apontado por testemunhas, o suspeito de ser autor do crime foi preso pela Pol\u00edcia Militar (PM).<\/p>\n<p>Segundo a PM, quando a guarni\u00e7\u00e3o chegou ao local da ocorr\u00eancia, a v\u00edtima estava sentada na porta da resid\u00eancia, j\u00e1 inconsciente, com duas perfura\u00e7\u00f5es no peito. Um segundo homem prestava ajuda e tamb\u00e9m tinha um corte e escoria\u00e7\u00f5es no bra\u00e7o direito. Com a chegada do Corpo de Bombeiros e do Servi\u00e7o de Atendimento M\u00f3vel de Urg\u00eancia (Samu) foi constatada a morte da v\u00edtima.<\/p>\n<p>Um morador de uma das casas vizinhas relatou \u00e0 PM que o autor pegou uma faca e foi at\u00e9 a casa da v\u00edtima pedir dinheiro. A testemunha teria encontrado o agressor saindo da resid\u00eancia, e ele teria lhe confessado o crime.<\/p>\n<p>Outro popular afirmou \u00e0 pol\u00edcia que o homem comemorava o anivers\u00e1rio da companheira quando o autor se aproximou dizendo que ele tinha dinheiro para fazer festa mas n\u00e3o para pagar o que lhe devia, desferindo os golpes de faca na sequ\u00eancia. Ao tentar ajudar a cessar a agress\u00e3o, a testemunha tamb\u00e9m teria sofrido les\u00f5es no bra\u00e7o e na m\u00e3o. De acordo com o morador, o homem fugiu em dire\u00e7\u00e3o a um matagal nos fundos da resid\u00eancia.<\/p>\n<p>A namorada da v\u00edtima relatou aos policiais que o companheiro fazia um churrasco para comemorar o anivers\u00e1rio dela quando o autor entrou na casa e deu uma facada na barriga de seu namorado. Segundo ela, o suspeito trabalhava para seu namorado e queria antecipa\u00e7\u00e3o de um pagamento, o que teria motivado a agress\u00e3o.<\/p>\n<p>A Pol\u00edcia Civil e a Pol\u00edcia Cient\u00edfica foram acionadas para realizar a per\u00edcia no local, enquanto a PM fez buscas nas proximidades e encontrou o homem apontado pelas testemunhas como autor do homic\u00eddio, o conduzindo at\u00e9 a Delegacia de Pol\u00edcia Civil.<\/p>\n<p>&nbsp;<\/p>\n<p>Fonte: Engeplus<\/p>\n","protected":false},"excerpt":{"rendered":"<p>Um homem foi morto a facadas nessa ter\u00e7a-feira (12), durante um churrasco que fazia para comemorar o anivers\u00e1rio da namorada, em Gr\u00e3o-Par\u00e1. Apontado por testemunhas, o suspeito de ser autor do crime foi preso pela Pol\u00edcia Militar (PM). Segundo a PM, quando a guarni\u00e7\u00e3o chegou ao local da ocorr\u00eancia, a v\u00edtima estava sentada na porta &hellip;<\/p>\n<p class=\"read-more\"> <a class=\"\" href=\"https:\/\/sulsc.com\/index.php\/2023\/09\/13\/homem-e-morto-a-facadas-em-aniversario-da-namorada-em-grao-para\/\"> <span class=\"screen-reader-text\">Homem \u00e9 morto a facadas em anivers\u00e1rio da namorada em Gr\u00e3o-Par\u00e1<\/span> Read More &raquo;<\/a><\/p>\n","protected":false},"author":3,"featured_media":1001,"comment_status":"open","ping_status":"open","sticky":false,"template":"","format":"standard","meta":{"site-sidebar-layout":"default","site-content-layout":"default","ast-site-content-layout":"","site-content-style":"default","site-sidebar-style":"default","ast-global-header-display":"","ast-banner-title-visibility":"","ast-main-header-display":"","ast-hfb-above-header-display":"","ast-hfb-below-header-display":"","ast-hfb-mobile-header-display":"","site-post-title":"","ast-breadcrumbs-content":"","ast-featured-img":"","footer-sml-layout":"","theme-transparent-header-meta":"default","adv-header-id-meta":"","stick-header-meta":"","header-above-stick-meta":"","header-main-stick-meta":"","header-below-stick-meta":"","astra-migrate-meta-layouts":"","footnotes":""},"categories":[8],"tags":[],"yoast_head":"<!-- This site is optimized with the Yoast SEO plugin v21.4 - https:\/\/yoast.com\/wordpress\/plugins\/seo\/ -->\n<title>Homem \u00e9 morto a facadas em anivers\u00e1rio da namorada em Gr\u00e3o-Par\u00e1 -<\/title>\n<meta name=\"robots\" content=\"index, follow, max-snippet:-1, max-image-preview:large, max-video-preview:-1\" \/>\n<link rel=\"canonical\" href=\"https:\/\/sulsc.com\/index.php\/2023\/09\/13\/homem-e-morto-a-facadas-em-aniversario-da-namorada-em-grao-para\/\" \/>\n<meta property=\"og:locale\" content=\"en_US\" \/>\n<meta property=\"og:type\" content=\"article\" \/>\n<meta property=\"og:title\" content=\"Homem \u00e9 morto a facadas em anivers\u00e1rio da namorada em Gr\u00e3o-Par\u00e1 -\" \/>\n<meta property=\"og:description\" content=\"Um homem foi morto a facadas nessa ter\u00e7a-feira (12), durante um churrasco que fazia para comemorar o anivers\u00e1rio da namorada, em Gr\u00e3o-Par\u00e1. Apontado por testemunhas, o suspeito de ser autor do crime foi preso pela Pol\u00edcia Militar (PM). Segundo a PM, quando a guarni\u00e7\u00e3o chegou ao local da ocorr\u00eancia, a v\u00edtima estava sentada na porta &hellip; Homem \u00e9 morto a facadas em anivers\u00e1rio da namorada em Gr\u00e3o-Par\u00e1 Read More &raquo;\" \/>\n<meta property=\"og:url\" content=\"https:\/\/sulsc.com\/index.php\/2023\/09\/13\/homem-e-morto-a-facadas-em-aniversario-da-namorada-em-grao-para\/\" \/>\n<meta property=\"article:author\" content=\"https:\/\/www.facebook.com\/profile.php?id=61559278119680\" \/>\n<meta property=\"article:published_time\" content=\"2023-09-13T11:00:27+00:00\" \/>\n<meta property=\"article:modified_time\" content=\"2023-09-13T11:17:56+00:00\" \/>\n<meta property=\"og:image\" content=\"https:\/\/sulsc.com\/wp-content\/uploads\/2023\/09\/Viatura.jpg\" \/>\n\t<meta property=\"og:image:width\" content=\"714\" \/>\n\t<meta property=\"og:image:height\" content=\"480\" \/>\n\t<meta property=\"og:image:type\" content=\"image\/jpeg\" \/>\n<meta name=\"author\" content=\"Reda\u00e7\u00e3o Sul SC\" \/>\n<meta name=\"twitter:card\" content=\"summary_large_image\" \/>\n<meta name=\"twitter:creator\" content=\"@https:\/\/twitter.com\/PortalSulSC\" \/>\n<meta name=\"twitter:label1\" content=\"Written by\" \/>\n\t<meta name=\"twitter:data1\" content=\"Reda\u00e7\u00e3o Sul SC\" \/>\n\t<meta name=\"twitter:label2\" content=\"Est. reading time\" \/>\n\t<meta name=\"twitter:data2\" content=\"2 minutes\" \/>\n<script type=\"application\/ld+json\" class=\"yoast-schema-graph\">{\"@context\":\"https:\/\/schema.org\",\"@graph\":[{\"@type\":\"WebPage\",\"@id\":\"https:\/\/sulsc.com\/index.php\/2023\/09\/13\/homem-e-morto-a-facadas-em-aniversario-da-namorada-em-grao-para\/\",\"url\":\"https:\/\/sulsc.com\/index.php\/2023\/09\/13\/homem-e-morto-a-facadas-em-aniversario-da-namorada-em-grao-para\/\",\"name\":\"Homem \u00e9 morto a facadas em anivers\u00e1rio da namorada em Gr\u00e3o-Par\u00e1 -\",\"isPartOf\":{\"@id\":\"https:\/\/sulsc.com\/#website\"},\"datePublished\":\"2023-09-13T11:00:27+00:00\",\"dateModified\":\"2023-09-13T11:17:56+00:00\",\"author\":{\"@id\":\"https:\/\/sulsc.com\/#\/schema\/person\/84d2fc571684f6248ba83092f07750a3\"},\"breadcrumb\":{\"@id\":\"https:\/\/sulsc.com\/index.php\/2023\/09\/13\/homem-e-morto-a-facadas-em-aniversario-da-namorada-em-grao-para\/#breadcrumb\"},\"inLanguage\":\"en-US\",\"potentialAction\":[{\"@type\":\"ReadAction\",\"target\":[\"https:\/\/sulsc.com\/index.php\/2023\/09\/13\/homem-e-morto-a-facadas-em-aniversario-da-namorada-em-grao-para\/\"]}]},{\"@type\":\"BreadcrumbList\",\"@id\":\"https:\/\/sulsc.com\/index.php\/2023\/09\/13\/homem-e-morto-a-facadas-em-aniversario-da-namorada-em-grao-para\/#breadcrumb\",\"itemListElement\":[{\"@type\":\"ListItem\",\"position\":1,\"name\":\"In\u00edcio\",\"item\":\"https:\/\/sulsc.com\/\"},{\"@type\":\"ListItem\",\"position\":2,\"name\":\"Homem \u00e9 morto a facadas em anivers\u00e1rio da namorada em Gr\u00e3o-Par\u00e1\"}]},{\"@type\":\"WebSite\",\"@id\":\"https:\/\/sulsc.com\/#website\",\"url\":\"https:\/\/sulsc.com\/\",\"name\":\"\",\"description\":\"\",\"potentialAction\":[{\"@type\":\"SearchAction\",\"target\":{\"@type\":\"EntryPoint\",\"urlTemplate\":\"https:\/\/sulsc.com\/?s={search_term_string}\"},\"query-input\":\"required name=search_term_string\"}],\"inLanguage\":\"en-US\"},{\"@type\":\"Person\",\"@id\":\"https:\/\/sulsc.com\/#\/schema\/person\/84d2fc571684f6248ba83092f07750a3\",\"name\":\"Reda\u00e7\u00e3o Sul SC\",\"image\":{\"@type\":\"ImageObject\",\"inLanguage\":\"en-US\",\"@id\":\"https:\/\/sulsc.com\/#\/schema\/person\/image\/e08d7fe2cc4ed596372063bbe852b8d0\",\"url\":\"https:\/\/sulsc.com\/wp-content\/uploads\/2023\/09\/redacao.png\",\"contentUrl\":\"https:\/\/sulsc.com\/wp-content\/uploads\/2023\/09\/redacao.png\",\"caption\":\"Reda\u00e7\u00e3o Sul SC\"},\"description\":\"Foco em um jornalismo imparcial, voltado \u00e0 qualidade dos seus conte\u00fados e, assim, levar informa\u00e7\u00e3o de valor que agregue \u00e0 vida dos leitores. Esta \u00e9 grande miss\u00e3o do Portal de Not\u00edcias Sul SC. N\u00e3o \u00e9 quantidade que muda o mundo, sempre foi e seguir\u00e1 sendo qualidade!\",\"sameAs\":[\"https:\/\/sulsc.com\/\",\"https:\/\/www.facebook.com\/profile.php?id=61559278119680\",\"https:\/\/www.instagram.com\/sulscportal\/?hl=pt-br\",\"https:\/\/twitter.com\/https:\/\/twitter.com\/PortalSulSC\",\"https:\/\/www.youtube.com\/channel\/UCv_BE8GeySluDov2n8qhVmw\"],\"url\":\"https:\/\/sulsc.com\/index.php\/author\/redacao\/\"}]}<\/script>\n<!-- \/ Yoast SEO plugin. -->","yoast_head_json":{"title":"Homem \u00e9 morto a facadas em anivers\u00e1rio da namorada em Gr\u00e3o-Par\u00e1 -","robots":{"index":"index","follow":"follow","max-snippet":"max-snippet:-1","max-image-preview":"max-image-preview:large","max-video-preview":"max-video-preview:-1"},"canonical":"https:\/\/sulsc.com\/index.php\/2023\/09\/13\/homem-e-morto-a-facadas-em-aniversario-da-namorada-em-grao-para\/","og_locale":"en_US","og_type":"article","og_title":"Homem \u00e9 morto a facadas em anivers\u00e1rio da namorada em Gr\u00e3o-Par\u00e1 -","og_description":"Um homem foi morto a facadas nessa ter\u00e7a-feira (12), durante um churrasco que fazia para comemorar o anivers\u00e1rio da namorada, em Gr\u00e3o-Par\u00e1. Apontado por testemunhas, o suspeito de ser autor do crime foi preso pela Pol\u00edcia Militar (PM). Segundo a PM, quando a guarni\u00e7\u00e3o chegou ao local da ocorr\u00eancia, a v\u00edtima estava sentada na porta &hellip; Homem \u00e9 morto a facadas em anivers\u00e1rio da namorada em Gr\u00e3o-Par\u00e1 Read More &raquo;","og_url":"https:\/\/sulsc.com\/index.php\/2023\/09\/13\/homem-e-morto-a-facadas-em-aniversario-da-namorada-em-grao-para\/","article_author":"https:\/\/www.facebook.com\/profile.php?id=61559278119680","article_published_time":"2023-09-13T11:00:27+00:00","article_modified_time":"2023-09-13T11:17:56+00:00","og_image":[{"width":714,"height":480,"url":"https:\/\/sulsc.com\/wp-content\/uploads\/2023\/09\/Viatura.jpg","type":"image\/jpeg"}],"author":"Reda\u00e7\u00e3o Sul SC","twitter_card":"summary_large_image","twitter_creator":"@https:\/\/twitter.com\/PortalSulSC","twitter_misc":{"Written by":"Reda\u00e7\u00e3o Sul SC","Est. reading time":"2 minutes"},"schema":{"@context":"https:\/\/schema.org","@graph":[{"@type":"WebPage","@id":"https:\/\/sulsc.com\/index.php\/2023\/09\/13\/homem-e-morto-a-facadas-em-aniversario-da-namorada-em-grao-para\/","url":"https:\/\/sulsc.com\/index.php\/2023\/09\/13\/homem-e-morto-a-facadas-em-aniversario-da-namorada-em-grao-para\/","name":"Homem \u00e9 morto a facadas em anivers\u00e1rio da namorada em Gr\u00e3o-Par\u00e1 -","isPartOf":{"@id":"https:\/\/sulsc.com\/#website"},"datePublished":"2023-09-13T11:00:27+00:00","dateModified":"2023-09-13T11:17:56+00:00","author":{"@id":"https:\/\/sulsc.com\/#\/schema\/person\/84d2fc571684f6248ba83092f07750a3"},"breadcrumb":{"@id":"https:\/\/sulsc.com\/index.php\/2023\/09\/13\/homem-e-morto-a-facadas-em-aniversario-da-namorada-em-grao-para\/#breadcrumb"},"inLanguage":"en-US","potentialAction":[{"@type":"ReadAction","target":["https:\/\/sulsc.com\/index.php\/2023\/09\/13\/homem-e-morto-a-facadas-em-aniversario-da-namorada-em-grao-para\/"]}]},{"@type":"BreadcrumbList","@id":"https:\/\/sulsc.com\/index.php\/2023\/09\/13\/homem-e-morto-a-facadas-em-aniversario-da-namorada-em-grao-para\/#breadcrumb","itemListElement":[{"@type":"ListItem","position":1,"name":"In\u00edcio","item":"https:\/\/sulsc.com\/"},{"@type":"ListItem","position":2,"name":"Homem \u00e9 morto a facadas em anivers\u00e1rio da namorada em Gr\u00e3o-Par\u00e1"}]},{"@type":"WebSite","@id":"https:\/\/sulsc.com\/#website","url":"https:\/\/sulsc.com\/","name":"","description":"","potentialAction":[{"@type":"SearchAction","target":{"@type":"EntryPoint","urlTemplate":"https:\/\/sulsc.com\/?s={search_term_string}"},"query-input":"required name=search_term_string"}],"inLanguage":"en-US"},{"@type":"Person","@id":"https:\/\/sulsc.com\/#\/schema\/person\/84d2fc571684f6248ba83092f07750a3","name":"Reda\u00e7\u00e3o Sul SC","image":{"@type":"ImageObject","inLanguage":"en-US","@id":"https:\/\/sulsc.com\/#\/schema\/person\/image\/e08d7fe2cc4ed596372063bbe852b8d0","url":"https:\/\/sulsc.com\/wp-content\/uploads\/2023\/09\/redacao.png","contentUrl":"https:\/\/sulsc.com\/wp-content\/uploads\/2023\/09\/redacao.png","caption":"Reda\u00e7\u00e3o Sul SC"},"description":"Foco em um jornalismo imparcial, voltado \u00e0 qualidade dos seus conte\u00fados e, assim, levar informa\u00e7\u00e3o de valor que agregue \u00e0 vida dos leitores. Esta \u00e9 grande miss\u00e3o do Portal de Not\u00edcias Sul SC. N\u00e3o \u00e9 quantidade que muda o mundo, sempre foi e seguir\u00e1 sendo qualidade!","sameAs":["https:\/\/sulsc.com\/","https:\/\/www.facebook.com\/profile.php?id=61559278119680","https:\/\/www.instagram.com\/sulscportal\/?hl=pt-br","https:\/\/twitter.com\/https:\/\/twitter.com\/PortalSulSC","https:\/\/www.youtube.com\/channel\/UCv_BE8GeySluDov2n8qhVmw"],"url":"https:\/\/sulsc.com\/index.php\/author\/redacao\/"}]}},"authors":[],"_links":{"self":[{"href":"https:\/\/sulsc.com\/index.php\/wp-json\/wp\/v2\/posts\/1041"}],"collection":[{"href":"https:\/\/sulsc.com\/index.php\/wp-json\/wp\/v2\/posts"}],"about":[{"href":"https:\/\/sulsc.com\/index.php\/wp-json\/wp\/v2\/types\/post"}],"author":[{"embeddable":true,"href":"https:\/\/sulsc.com\/index.php\/wp-json\/wp\/v2\/users\/3"}],"replies":[{"embeddable":true,"href":"https:\/\/sulsc.com\/index.php\/wp-json\/wp\/v2\/comments?post=1041"}],"version-history":[{"count":1,"href":"https:\/\/sulsc.com\/index.php\/wp-json\/wp\/v2\/posts\/1041\/revisions"}],"predecessor-version":[{"id":1042,"href":"https:\/\/sulsc.com\/index.php\/wp-json\/wp\/v2\/posts\/1041\/revisions\/1042"}],"wp:featuredmedia":[{"embeddable":true,"href":"https:\/\/sulsc.com\/index.php\/wp-json\/wp\/v2\/media\/1001"}],"wp:attachment":[{"href":"https:\/\/sulsc.com\/index.php\/wp-json\/wp\/v2\/media?parent=1041"}],"wp:term":[{"taxonomy":"category","embeddable":true,"href":"https:\/\/sulsc.com\/index.php\/wp-json\/wp\/v2\/categories?post=1041"},{"taxonomy":"post_tag","embeddable":true,"href":"https:\/\/sulsc.com\/index.php\/wp-json\/wp\/v2\/tags?post=1041"}],"curies":[{"name":"wp","href":"https:\/\/api.w.org\/{rel}","templated":true}]}}