{"id":10450,"date":"2024-03-26T15:08:02","date_gmt":"2024-03-26T18:08:02","guid":{"rendered":"https:\/\/sulsc.com\/?p=10450"},"modified":"2024-03-26T15:08:02","modified_gmt":"2024-03-26T18:08:02","slug":"fora-dos-parametros-tribunal-suspende-processo-seletivo-do-instituto-do-meio-ambiente","status":"publish","type":"post","link":"https:\/\/sulsc.com\/index.php\/2024\/03\/26\/fora-dos-parametros-tribunal-suspende-processo-seletivo-do-instituto-do-meio-ambiente\/","title":{"rendered":"Fora dos par\u00e2metros: Tribunal suspende Processo Seletivo do Instituto do Meio Ambiente"},"content":{"rendered":"<p><img fetchpriority=\"high\" decoding=\"async\" class=\"aligncenter size-full wp-image-10452\" src=\"http:\/\/sulsc.com\/wp-content\/uploads\/2024\/03\/33-2.jpg\" alt=\"\" width=\"1280\" height=\"960\" srcset=\"https:\/\/sulsc.com\/wp-content\/uploads\/2024\/03\/33-2.jpg 1280w, https:\/\/sulsc.com\/wp-content\/uploads\/2024\/03\/33-2-300x225.jpg 300w, https:\/\/sulsc.com\/wp-content\/uploads\/2024\/03\/33-2-1024x768.jpg 1024w, https:\/\/sulsc.com\/wp-content\/uploads\/2024\/03\/33-2-768x576.jpg 768w\" sizes=\"(max-width: 1280px) 100vw, 1280px\" \/><\/p>\n<p>Em uma decis\u00e3o singular liderada pela conselheira substituta Sabrina Nunes Iocken, e posteriormente ratificada pelo Plen\u00e1rio do Tribunal de Contas de Santa Catarina (TCE\/SC) em uma sess\u00e3o virtual, foi determinada, de forma cautelar, a suspens\u00e3o do Processo Seletivo Simplificado n. 001\/2023 pelo Instituto de Meio Ambiente de Santa Catarina (IMA), que visava o preenchimento tempor\u00e1rio de <strong>91 cargos<\/strong>. A relatora do caso concedeu um prazo de 30 dias para que a presidente do \u00f3rg\u00e3o se manifeste e apresente sua defesa.<\/p>\n<p>A relatora justificou sua decis\u00e3o de suspens\u00e3o, tomada em 6 de mar\u00e7o, argumentando que a conclus\u00e3o do processo seletivo em 8 de mar\u00e7o comprometeria a efic\u00e1cia de uma futura decis\u00e3o de m\u00e9rito da Corte de Contas. O motivo dessa suspens\u00e3o \u00e9 a contrata\u00e7\u00e3o de pessoal em car\u00e1ter tempor\u00e1rio fora dos par\u00e2metros estabelecidos pela legisla\u00e7\u00e3o vigente (Lei Complementar estadual n. 260\/2004) e pela Constitui\u00e7\u00e3o Federal. O IMA alegou a necessidade de novos t\u00e9cnicos devido a um ac\u00famulo de processos de licenciamento ambiental, por\u00e9m, segundo a relatora, essa justificativa n\u00e3o se enquadra nos casos previstos para contrata\u00e7\u00e3o tempor\u00e1ria pela Lei.<\/p>\n<p>A conselheira observou que uma demanda tempor\u00e1ria mais alta de trabalho n\u00e3o justifica esse tipo de contrata\u00e7\u00e3o, nem mesmo o argumento de um hist\u00f3rico deficit\u00e1rio de pessoal do Instituto ao longo dos anos. Ela tamb\u00e9m apontou que a maioria dos cargos tempor\u00e1rios previstos no edital poderiam ser preenchidos atrav\u00e9s dos procedimentos regulares de investidura e nomea\u00e7\u00e3o no pr\u00f3prio quadro de pessoal da Autarquia Estadual, conforme estabelecido na Lei (estadual) n. 17.354\/2017.<\/p>\n<p>A decis\u00e3o da relatora foi embasada em jurisprud\u00eancia do Supremo Tribunal Federal (STF), que n\u00e3o considera justificativas como aumento de demanda ou ac\u00famulo de trabalho como fundamentos suficientes para a contrata\u00e7\u00e3o tempor\u00e1ria com base em necessidade tempor\u00e1ria de excepcional interesse p\u00fablico.<\/p>\n","protected":false},"excerpt":{"rendered":"<p>Em uma decis\u00e3o singular liderada pela conselheira substituta Sabrina Nunes Iocken, e posteriormente ratificada pelo Plen\u00e1rio do Tribunal de Contas de Santa Catarina (TCE\/SC) em uma sess\u00e3o virtual, foi determinada, de forma cautelar, a suspens\u00e3o do Processo Seletivo Simplificado n. 001\/2023 pelo Instituto de Meio Ambiente de Santa Catarina (IMA), que visava o preenchimento tempor\u00e1rio &hellip;<\/p>\n<p class=\"read-more\"> <a class=\"\" href=\"https:\/\/sulsc.com\/index.php\/2024\/03\/26\/fora-dos-parametros-tribunal-suspende-processo-seletivo-do-instituto-do-meio-ambiente\/\"> <span class=\"screen-reader-text\">Fora dos par\u00e2metros: Tribunal suspende Processo Seletivo do Instituto do Meio Ambiente<\/span> Read More &raquo;<\/a><\/p>\n","protected":false},"author":3,"featured_media":10452,"comment_status":"open","ping_status":"open","sticky":false,"template":"","format":"standard","meta":{"site-sidebar-layout":"default","site-content-layout":"","ast-site-content-layout":"default","site-content-style":"default","site-sidebar-style":"default","ast-global-header-display":"","ast-banner-title-visibility":"","ast-main-header-display":"","ast-hfb-above-header-display":"","ast-hfb-below-header-display":"","ast-hfb-mobile-header-display":"","site-post-title":"","ast-breadcrumbs-content":"","ast-featured-img":"","footer-sml-layout":"","theme-transparent-header-meta":"default","adv-header-id-meta":"","stick-header-meta":"","header-above-stick-meta":"","header-main-stick-meta":"","header-below-stick-meta":"","astra-migrate-meta-layouts":"set","footnotes":""},"categories":[17],"tags":[378,633,1655],"yoast_head":"<!-- This site is optimized with the Yoast SEO plugin v21.4 - https:\/\/yoast.com\/wordpress\/plugins\/seo\/ -->\n<title>Fora dos par\u00e2metros: Tribunal suspende Processo Seletivo do Instituto do Meio Ambiente -<\/title>\n<meta name=\"description\" content=\"A decis\u00e3o da relatora foi embasada em jurisprud\u00eancia do Supremo Tribunal Federal (STF), que n\u00e3o considera justificativas como aumento de demanda ou ac\u00famulo de trabalho como fundamentos suficientes para a contrata\u00e7\u00e3o tempor\u00e1ria com base em necessidade tempor\u00e1ria de excepcional interesse p\u00fablico.\" \/>\n<meta name=\"robots\" content=\"index, follow, max-snippet:-1, max-image-preview:large, max-video-preview:-1\" \/>\n<link rel=\"canonical\" href=\"https:\/\/sulsc.com\/index.php\/2024\/03\/26\/fora-dos-parametros-tribunal-suspende-processo-seletivo-do-instituto-do-meio-ambiente\/\" \/>\n<meta property=\"og:locale\" content=\"en_US\" \/>\n<meta property=\"og:type\" content=\"article\" \/>\n<meta property=\"og:title\" content=\"Fora dos par\u00e2metros: Tribunal suspende Processo Seletivo do Instituto do Meio Ambiente -\" \/>\n<meta property=\"og:description\" content=\"A decis\u00e3o da relatora foi embasada em jurisprud\u00eancia do Supremo Tribunal Federal (STF), que n\u00e3o considera justificativas como aumento de demanda ou ac\u00famulo de trabalho como fundamentos suficientes para a contrata\u00e7\u00e3o tempor\u00e1ria com base em necessidade tempor\u00e1ria de excepcional interesse p\u00fablico.\" \/>\n<meta property=\"og:url\" content=\"https:\/\/sulsc.com\/index.php\/2024\/03\/26\/fora-dos-parametros-tribunal-suspende-processo-seletivo-do-instituto-do-meio-ambiente\/\" \/>\n<meta property=\"article:author\" content=\"https:\/\/www.facebook.com\/profile.php?id=61559278119680\" \/>\n<meta property=\"article:published_time\" content=\"2024-03-26T18:08:02+00:00\" \/>\n<meta property=\"og:image\" content=\"http:\/\/sulsc.com\/wp-content\/uploads\/2024\/03\/33-2.jpg\" \/>\n\t<meta property=\"og:image:width\" content=\"1280\" \/>\n\t<meta property=\"og:image:height\" content=\"960\" \/>\n\t<meta property=\"og:image:type\" content=\"image\/jpeg\" \/>\n<meta name=\"author\" content=\"Reda\u00e7\u00e3o Sul SC\" \/>\n<meta name=\"twitter:card\" content=\"summary_large_image\" \/>\n<meta name=\"twitter:creator\" content=\"@https:\/\/twitter.com\/PortalSulSC\" \/>\n<meta name=\"twitter:label1\" content=\"Written by\" \/>\n\t<meta name=\"twitter:data1\" content=\"Reda\u00e7\u00e3o Sul SC\" \/>\n\t<meta name=\"twitter:label2\" content=\"Est. reading time\" \/>\n\t<meta name=\"twitter:data2\" content=\"2 minutes\" \/>\n<script type=\"application\/ld+json\" class=\"yoast-schema-graph\">{\"@context\":\"https:\/\/schema.org\",\"@graph\":[{\"@type\":\"WebPage\",\"@id\":\"https:\/\/sulsc.com\/index.php\/2024\/03\/26\/fora-dos-parametros-tribunal-suspende-processo-seletivo-do-instituto-do-meio-ambiente\/\",\"url\":\"https:\/\/sulsc.com\/index.php\/2024\/03\/26\/fora-dos-parametros-tribunal-suspende-processo-seletivo-do-instituto-do-meio-ambiente\/\",\"name\":\"Fora dos par\u00e2metros: Tribunal suspende Processo Seletivo do Instituto do Meio Ambiente -\",\"isPartOf\":{\"@id\":\"https:\/\/sulsc.com\/#website\"},\"datePublished\":\"2024-03-26T18:08:02+00:00\",\"dateModified\":\"2024-03-26T18:08:02+00:00\",\"author\":{\"@id\":\"https:\/\/sulsc.com\/#\/schema\/person\/84d2fc571684f6248ba83092f07750a3\"},\"description\":\"A decis\u00e3o da relatora foi embasada em jurisprud\u00eancia do Supremo Tribunal Federal (STF), que n\u00e3o considera justificativas como aumento de demanda ou ac\u00famulo de trabalho como fundamentos suficientes para a contrata\u00e7\u00e3o tempor\u00e1ria com base em necessidade tempor\u00e1ria de excepcional interesse p\u00fablico.\",\"breadcrumb\":{\"@id\":\"https:\/\/sulsc.com\/index.php\/2024\/03\/26\/fora-dos-parametros-tribunal-suspende-processo-seletivo-do-instituto-do-meio-ambiente\/#breadcrumb\"},\"inLanguage\":\"en-US\",\"potentialAction\":[{\"@type\":\"ReadAction\",\"target\":[\"https:\/\/sulsc.com\/index.php\/2024\/03\/26\/fora-dos-parametros-tribunal-suspende-processo-seletivo-do-instituto-do-meio-ambiente\/\"]}]},{\"@type\":\"BreadcrumbList\",\"@id\":\"https:\/\/sulsc.com\/index.php\/2024\/03\/26\/fora-dos-parametros-tribunal-suspende-processo-seletivo-do-instituto-do-meio-ambiente\/#breadcrumb\",\"itemListElement\":[{\"@type\":\"ListItem\",\"position\":1,\"name\":\"In\u00edcio\",\"item\":\"https:\/\/sulsc.com\/\"},{\"@type\":\"ListItem\",\"position\":2,\"name\":\"Fora dos par\u00e2metros: Tribunal suspende Processo Seletivo do Instituto do Meio Ambiente\"}]},{\"@type\":\"WebSite\",\"@id\":\"https:\/\/sulsc.com\/#website\",\"url\":\"https:\/\/sulsc.com\/\",\"name\":\"\",\"description\":\"\",\"potentialAction\":[{\"@type\":\"SearchAction\",\"target\":{\"@type\":\"EntryPoint\",\"urlTemplate\":\"https:\/\/sulsc.com\/?s={search_term_string}\"},\"query-input\":\"required name=search_term_string\"}],\"inLanguage\":\"en-US\"},{\"@type\":\"Person\",\"@id\":\"https:\/\/sulsc.com\/#\/schema\/person\/84d2fc571684f6248ba83092f07750a3\",\"name\":\"Reda\u00e7\u00e3o Sul SC\",\"image\":{\"@type\":\"ImageObject\",\"inLanguage\":\"en-US\",\"@id\":\"https:\/\/sulsc.com\/#\/schema\/person\/image\/e08d7fe2cc4ed596372063bbe852b8d0\",\"url\":\"https:\/\/sulsc.com\/wp-content\/uploads\/2023\/09\/redacao.png\",\"contentUrl\":\"https:\/\/sulsc.com\/wp-content\/uploads\/2023\/09\/redacao.png\",\"caption\":\"Reda\u00e7\u00e3o Sul SC\"},\"description\":\"Foco em um jornalismo imparcial, voltado \u00e0 qualidade dos seus conte\u00fados e, assim, levar informa\u00e7\u00e3o de valor que agregue \u00e0 vida dos leitores. Esta \u00e9 grande miss\u00e3o do Portal de Not\u00edcias Sul SC. N\u00e3o \u00e9 quantidade que muda o mundo, sempre foi e seguir\u00e1 sendo qualidade!\",\"sameAs\":[\"https:\/\/sulsc.com\/\",\"https:\/\/www.facebook.com\/profile.php?id=61559278119680\",\"https:\/\/www.instagram.com\/sulscportal\/?hl=pt-br\",\"https:\/\/twitter.com\/https:\/\/twitter.com\/PortalSulSC\",\"https:\/\/www.youtube.com\/channel\/UCv_BE8GeySluDov2n8qhVmw\"],\"url\":\"https:\/\/sulsc.com\/index.php\/author\/redacao\/\"}]}<\/script>\n<!-- \/ Yoast SEO plugin. -->","yoast_head_json":{"title":"Fora dos par\u00e2metros: Tribunal suspende Processo Seletivo do Instituto do Meio Ambiente -","description":"A decis\u00e3o da relatora foi embasada em jurisprud\u00eancia do Supremo Tribunal Federal (STF), que n\u00e3o considera justificativas como aumento de demanda ou ac\u00famulo de trabalho como fundamentos suficientes para a contrata\u00e7\u00e3o tempor\u00e1ria com base em necessidade tempor\u00e1ria de excepcional interesse p\u00fablico.","robots":{"index":"index","follow":"follow","max-snippet":"max-snippet:-1","max-image-preview":"max-image-preview:large","max-video-preview":"max-video-preview:-1"},"canonical":"https:\/\/sulsc.com\/index.php\/2024\/03\/26\/fora-dos-parametros-tribunal-suspende-processo-seletivo-do-instituto-do-meio-ambiente\/","og_locale":"en_US","og_type":"article","og_title":"Fora dos par\u00e2metros: Tribunal suspende Processo Seletivo do Instituto do Meio Ambiente -","og_description":"A decis\u00e3o da relatora foi embasada em jurisprud\u00eancia do Supremo Tribunal Federal (STF), que n\u00e3o considera justificativas como aumento de demanda ou ac\u00famulo de trabalho como fundamentos suficientes para a contrata\u00e7\u00e3o tempor\u00e1ria com base em necessidade tempor\u00e1ria de excepcional interesse p\u00fablico.","og_url":"https:\/\/sulsc.com\/index.php\/2024\/03\/26\/fora-dos-parametros-tribunal-suspende-processo-seletivo-do-instituto-do-meio-ambiente\/","article_author":"https:\/\/www.facebook.com\/profile.php?id=61559278119680","article_published_time":"2024-03-26T18:08:02+00:00","og_image":[{"width":1280,"height":960,"url":"http:\/\/sulsc.com\/wp-content\/uploads\/2024\/03\/33-2.jpg","type":"image\/jpeg"}],"author":"Reda\u00e7\u00e3o Sul SC","twitter_card":"summary_large_image","twitter_creator":"@https:\/\/twitter.com\/PortalSulSC","twitter_misc":{"Written by":"Reda\u00e7\u00e3o Sul SC","Est. reading time":"2 minutes"},"schema":{"@context":"https:\/\/schema.org","@graph":[{"@type":"WebPage","@id":"https:\/\/sulsc.com\/index.php\/2024\/03\/26\/fora-dos-parametros-tribunal-suspende-processo-seletivo-do-instituto-do-meio-ambiente\/","url":"https:\/\/sulsc.com\/index.php\/2024\/03\/26\/fora-dos-parametros-tribunal-suspende-processo-seletivo-do-instituto-do-meio-ambiente\/","name":"Fora dos par\u00e2metros: Tribunal suspende Processo Seletivo do Instituto do Meio Ambiente -","isPartOf":{"@id":"https:\/\/sulsc.com\/#website"},"datePublished":"2024-03-26T18:08:02+00:00","dateModified":"2024-03-26T18:08:02+00:00","author":{"@id":"https:\/\/sulsc.com\/#\/schema\/person\/84d2fc571684f6248ba83092f07750a3"},"description":"A decis\u00e3o da relatora foi embasada em jurisprud\u00eancia do Supremo Tribunal Federal (STF), que n\u00e3o considera justificativas como aumento de demanda ou ac\u00famulo de trabalho como fundamentos suficientes para a contrata\u00e7\u00e3o tempor\u00e1ria com base em necessidade tempor\u00e1ria de excepcional interesse p\u00fablico.","breadcrumb":{"@id":"https:\/\/sulsc.com\/index.php\/2024\/03\/26\/fora-dos-parametros-tribunal-suspende-processo-seletivo-do-instituto-do-meio-ambiente\/#breadcrumb"},"inLanguage":"en-US","potentialAction":[{"@type":"ReadAction","target":["https:\/\/sulsc.com\/index.php\/2024\/03\/26\/fora-dos-parametros-tribunal-suspende-processo-seletivo-do-instituto-do-meio-ambiente\/"]}]},{"@type":"BreadcrumbList","@id":"https:\/\/sulsc.com\/index.php\/2024\/03\/26\/fora-dos-parametros-tribunal-suspende-processo-seletivo-do-instituto-do-meio-ambiente\/#breadcrumb","itemListElement":[{"@type":"ListItem","position":1,"name":"In\u00edcio","item":"https:\/\/sulsc.com\/"},{"@type":"ListItem","position":2,"name":"Fora dos par\u00e2metros: Tribunal suspende Processo Seletivo do Instituto do Meio Ambiente"}]},{"@type":"WebSite","@id":"https:\/\/sulsc.com\/#website","url":"https:\/\/sulsc.com\/","name":"","description":"","potentialAction":[{"@type":"SearchAction","target":{"@type":"EntryPoint","urlTemplate":"https:\/\/sulsc.com\/?s={search_term_string}"},"query-input":"required name=search_term_string"}],"inLanguage":"en-US"},{"@type":"Person","@id":"https:\/\/sulsc.com\/#\/schema\/person\/84d2fc571684f6248ba83092f07750a3","name":"Reda\u00e7\u00e3o Sul SC","image":{"@type":"ImageObject","inLanguage":"en-US","@id":"https:\/\/sulsc.com\/#\/schema\/person\/image\/e08d7fe2cc4ed596372063bbe852b8d0","url":"https:\/\/sulsc.com\/wp-content\/uploads\/2023\/09\/redacao.png","contentUrl":"https:\/\/sulsc.com\/wp-content\/uploads\/2023\/09\/redacao.png","caption":"Reda\u00e7\u00e3o Sul SC"},"description":"Foco em um jornalismo imparcial, voltado \u00e0 qualidade dos seus conte\u00fados e, assim, levar informa\u00e7\u00e3o de valor que agregue \u00e0 vida dos leitores. Esta \u00e9 grande miss\u00e3o do Portal de Not\u00edcias Sul SC. N\u00e3o \u00e9 quantidade que muda o mundo, sempre foi e seguir\u00e1 sendo qualidade!","sameAs":["https:\/\/sulsc.com\/","https:\/\/www.facebook.com\/profile.php?id=61559278119680","https:\/\/www.instagram.com\/sulscportal\/?hl=pt-br","https:\/\/twitter.com\/https:\/\/twitter.com\/PortalSulSC","https:\/\/www.youtube.com\/channel\/UCv_BE8GeySluDov2n8qhVmw"],"url":"https:\/\/sulsc.com\/index.php\/author\/redacao\/"}]}},"authors":[],"_links":{"self":[{"href":"https:\/\/sulsc.com\/index.php\/wp-json\/wp\/v2\/posts\/10450"}],"collection":[{"href":"https:\/\/sulsc.com\/index.php\/wp-json\/wp\/v2\/posts"}],"about":[{"href":"https:\/\/sulsc.com\/index.php\/wp-json\/wp\/v2\/types\/post"}],"author":[{"embeddable":true,"href":"https:\/\/sulsc.com\/index.php\/wp-json\/wp\/v2\/users\/3"}],"replies":[{"embeddable":true,"href":"https:\/\/sulsc.com\/index.php\/wp-json\/wp\/v2\/comments?post=10450"}],"version-history":[{"count":1,"href":"https:\/\/sulsc.com\/index.php\/wp-json\/wp\/v2\/posts\/10450\/revisions"}],"predecessor-version":[{"id":10453,"href":"https:\/\/sulsc.com\/index.php\/wp-json\/wp\/v2\/posts\/10450\/revisions\/10453"}],"wp:featuredmedia":[{"embeddable":true,"href":"https:\/\/sulsc.com\/index.php\/wp-json\/wp\/v2\/media\/10452"}],"wp:attachment":[{"href":"https:\/\/sulsc.com\/index.php\/wp-json\/wp\/v2\/media?parent=10450"}],"wp:term":[{"taxonomy":"category","embeddable":true,"href":"https:\/\/sulsc.com\/index.php\/wp-json\/wp\/v2\/categories?post=10450"},{"taxonomy":"post_tag","embeddable":true,"href":"https:\/\/sulsc.com\/index.php\/wp-json\/wp\/v2\/tags?post=10450"}],"curies":[{"name":"wp","href":"https:\/\/api.w.org\/{rel}","templated":true}]}}