{"id":10531,"date":"2024-03-28T09:09:16","date_gmt":"2024-03-28T12:09:16","guid":{"rendered":"https:\/\/sulsc.com\/?p=10531"},"modified":"2024-03-28T09:09:16","modified_gmt":"2024-03-28T12:09:16","slug":"ccr-viacosteira-promove-acao-educativa-na-rodoviaria-de-tubarao","status":"publish","type":"post","link":"https:\/\/sulsc.com\/index.php\/2024\/03\/28\/ccr-viacosteira-promove-acao-educativa-na-rodoviaria-de-tubarao\/","title":{"rendered":"CCR ViaCosteira promove a\u00e7\u00e3o educativa na Rodovi\u00e1ria de Tubar\u00e3o"},"content":{"rendered":"<p><img fetchpriority=\"high\" decoding=\"async\" class=\"aligncenter size-full wp-image-10532\" src=\"http:\/\/sulsc.com\/wp-content\/uploads\/2024\/03\/3-15.jpg\" alt=\"\" width=\"1600\" height=\"1200\" srcset=\"https:\/\/sulsc.com\/wp-content\/uploads\/2024\/03\/3-15.jpg 1600w, https:\/\/sulsc.com\/wp-content\/uploads\/2024\/03\/3-15-300x225.jpg 300w, https:\/\/sulsc.com\/wp-content\/uploads\/2024\/03\/3-15-1024x768.jpg 1024w, https:\/\/sulsc.com\/wp-content\/uploads\/2024\/03\/3-15-768x576.jpg 768w, https:\/\/sulsc.com\/wp-content\/uploads\/2024\/03\/3-15-1536x1152.jpg 1536w\" sizes=\"(max-width: 1600px) 100vw, 1600px\" \/><\/p>\n<p>A CCR ViaCosteira, em parceria com a Pol\u00edcia Rodovi\u00e1ria Federal (PRF) e a Ag\u00eancia Nacional de Transportes Terrestres (ANTT), realiza uma a\u00e7\u00e3o educativa nesta quinta-feira (28), no Terminal Rodovi\u00e1rio Jos\u00e9 Ghizoni, em <strong>Tubar\u00e3o<\/strong>.<\/p>\n<p>A a\u00e7\u00e3o, intitulada &#8220;Seja o Her\u00f3i nesta Viagem&#8221;, tem como objetivo orientar motoristas e passageiros de \u00f4nibus sobre a obrigatoriedade e import\u00e2ncia do uso do cinto de seguran\u00e7a durante a viagem.<\/p>\n<p>Na ocasi\u00e3o, os agentes fornecer\u00e3o orienta\u00e7\u00f5es aos passageiros, e os colaboradores da concession\u00e1ria distribuir\u00e3o folhetos com informa\u00e7\u00f5es sobre como utilizar corretamente o cinto de seguran\u00e7a, como parte integrante do cronograma de a\u00e7\u00f5es da concession\u00e1ria para este per\u00edodo de viagens no feriado.<\/p>\n<p>O uso do cinto de seguran\u00e7a no transporte coletivo de passageiros \u00e9 previsto pelo C\u00f3digo Brasileiro de Tr\u00e2nsito, na Lei 9.503. Segundo levantamento feito pela ANTT, o uso do equipamento durante toda a viagem reduz em cerca de 75% o risco de morte ou les\u00e3o grave.<\/p>\n","protected":false},"excerpt":{"rendered":"<p>A CCR ViaCosteira, em parceria com a Pol\u00edcia Rodovi\u00e1ria Federal (PRF) e a Ag\u00eancia Nacional de Transportes Terrestres (ANTT), realiza uma a\u00e7\u00e3o educativa nesta quinta-feira (28), no Terminal Rodovi\u00e1rio Jos\u00e9 Ghizoni, em Tubar\u00e3o. A a\u00e7\u00e3o, intitulada &#8220;Seja o Her\u00f3i nesta Viagem&#8221;, tem como objetivo orientar motoristas e passageiros de \u00f4nibus sobre a obrigatoriedade e import\u00e2ncia &hellip;<\/p>\n<p class=\"read-more\"> <a class=\"\" href=\"https:\/\/sulsc.com\/index.php\/2024\/03\/28\/ccr-viacosteira-promove-acao-educativa-na-rodoviaria-de-tubarao\/\"> <span class=\"screen-reader-text\">CCR ViaCosteira promove a\u00e7\u00e3o educativa na Rodovi\u00e1ria de Tubar\u00e3o<\/span> Read More &raquo;<\/a><\/p>\n","protected":false},"author":3,"featured_media":10532,"comment_status":"open","ping_status":"open","sticky":false,"template":"","format":"standard","meta":{"site-sidebar-layout":"default","site-content-layout":"","ast-site-content-layout":"default","site-content-style":"default","site-sidebar-style":"default","ast-global-header-display":"","ast-banner-title-visibility":"","ast-main-header-display":"","ast-hfb-above-header-display":"","ast-hfb-below-header-display":"","ast-hfb-mobile-header-display":"","site-post-title":"","ast-breadcrumbs-content":"","ast-featured-img":"","footer-sml-layout":"","theme-transparent-header-meta":"default","adv-header-id-meta":"","stick-header-meta":"","header-above-stick-meta":"","header-main-stick-meta":"","header-below-stick-meta":"","astra-migrate-meta-layouts":"set","footnotes":""},"categories":[1],"tags":[1684,1148,476,1683],"yoast_head":"<!-- This site is optimized with the Yoast SEO plugin v21.4 - https:\/\/yoast.com\/wordpress\/plugins\/seo\/ -->\n<title>CCR ViaCosteira promove a\u00e7\u00e3o educativa na Rodovi\u00e1ria de Tubar\u00e3o -<\/title>\n<meta name=\"description\" content=\"Iniciativa refor\u00e7a a import\u00e2ncia do uso do cinto no transporte coletivo, em parceria com PRF e ANTT\" \/>\n<meta name=\"robots\" content=\"index, follow, max-snippet:-1, max-image-preview:large, max-video-preview:-1\" \/>\n<link rel=\"canonical\" href=\"https:\/\/sulsc.com\/index.php\/2024\/03\/28\/ccr-viacosteira-promove-acao-educativa-na-rodoviaria-de-tubarao\/\" \/>\n<meta property=\"og:locale\" content=\"en_US\" \/>\n<meta property=\"og:type\" content=\"article\" \/>\n<meta property=\"og:title\" content=\"CCR ViaCosteira promove a\u00e7\u00e3o educativa na Rodovi\u00e1ria de Tubar\u00e3o -\" \/>\n<meta property=\"og:description\" content=\"Iniciativa refor\u00e7a a import\u00e2ncia do uso do cinto no transporte coletivo, em parceria com PRF e ANTT\" \/>\n<meta property=\"og:url\" content=\"https:\/\/sulsc.com\/index.php\/2024\/03\/28\/ccr-viacosteira-promove-acao-educativa-na-rodoviaria-de-tubarao\/\" \/>\n<meta property=\"article:author\" content=\"https:\/\/www.facebook.com\/profile.php?id=61559278119680\" \/>\n<meta property=\"article:published_time\" content=\"2024-03-28T12:09:16+00:00\" \/>\n<meta property=\"og:image\" content=\"http:\/\/sulsc.com\/wp-content\/uploads\/2024\/03\/3-15.jpg\" \/>\n\t<meta property=\"og:image:width\" content=\"1600\" \/>\n\t<meta property=\"og:image:height\" content=\"1200\" \/>\n\t<meta property=\"og:image:type\" content=\"image\/jpeg\" \/>\n<meta name=\"author\" content=\"Reda\u00e7\u00e3o Sul SC\" \/>\n<meta name=\"twitter:card\" content=\"summary_large_image\" \/>\n<meta name=\"twitter:creator\" content=\"@https:\/\/twitter.com\/PortalSulSC\" \/>\n<meta name=\"twitter:label1\" content=\"Written by\" \/>\n\t<meta name=\"twitter:data1\" content=\"Reda\u00e7\u00e3o Sul SC\" \/>\n\t<meta name=\"twitter:label2\" content=\"Est. reading time\" \/>\n\t<meta name=\"twitter:data2\" content=\"2 minutes\" \/>\n<script type=\"application\/ld+json\" class=\"yoast-schema-graph\">{\"@context\":\"https:\/\/schema.org\",\"@graph\":[{\"@type\":\"WebPage\",\"@id\":\"https:\/\/sulsc.com\/index.php\/2024\/03\/28\/ccr-viacosteira-promove-acao-educativa-na-rodoviaria-de-tubarao\/\",\"url\":\"https:\/\/sulsc.com\/index.php\/2024\/03\/28\/ccr-viacosteira-promove-acao-educativa-na-rodoviaria-de-tubarao\/\",\"name\":\"CCR ViaCosteira promove a\u00e7\u00e3o educativa na Rodovi\u00e1ria de Tubar\u00e3o -\",\"isPartOf\":{\"@id\":\"https:\/\/sulsc.com\/#website\"},\"datePublished\":\"2024-03-28T12:09:16+00:00\",\"dateModified\":\"2024-03-28T12:09:16+00:00\",\"author\":{\"@id\":\"https:\/\/sulsc.com\/#\/schema\/person\/84d2fc571684f6248ba83092f07750a3\"},\"description\":\"Iniciativa refor\u00e7a a import\u00e2ncia do uso do cinto no transporte coletivo, em parceria com PRF e ANTT\",\"breadcrumb\":{\"@id\":\"https:\/\/sulsc.com\/index.php\/2024\/03\/28\/ccr-viacosteira-promove-acao-educativa-na-rodoviaria-de-tubarao\/#breadcrumb\"},\"inLanguage\":\"en-US\",\"potentialAction\":[{\"@type\":\"ReadAction\",\"target\":[\"https:\/\/sulsc.com\/index.php\/2024\/03\/28\/ccr-viacosteira-promove-acao-educativa-na-rodoviaria-de-tubarao\/\"]}]},{\"@type\":\"BreadcrumbList\",\"@id\":\"https:\/\/sulsc.com\/index.php\/2024\/03\/28\/ccr-viacosteira-promove-acao-educativa-na-rodoviaria-de-tubarao\/#breadcrumb\",\"itemListElement\":[{\"@type\":\"ListItem\",\"position\":1,\"name\":\"In\u00edcio\",\"item\":\"https:\/\/sulsc.com\/\"},{\"@type\":\"ListItem\",\"position\":2,\"name\":\"CCR ViaCosteira promove a\u00e7\u00e3o educativa na Rodovi\u00e1ria de Tubar\u00e3o\"}]},{\"@type\":\"WebSite\",\"@id\":\"https:\/\/sulsc.com\/#website\",\"url\":\"https:\/\/sulsc.com\/\",\"name\":\"\",\"description\":\"\",\"potentialAction\":[{\"@type\":\"SearchAction\",\"target\":{\"@type\":\"EntryPoint\",\"urlTemplate\":\"https:\/\/sulsc.com\/?s={search_term_string}\"},\"query-input\":\"required name=search_term_string\"}],\"inLanguage\":\"en-US\"},{\"@type\":\"Person\",\"@id\":\"https:\/\/sulsc.com\/#\/schema\/person\/84d2fc571684f6248ba83092f07750a3\",\"name\":\"Reda\u00e7\u00e3o Sul SC\",\"image\":{\"@type\":\"ImageObject\",\"inLanguage\":\"en-US\",\"@id\":\"https:\/\/sulsc.com\/#\/schema\/person\/image\/e08d7fe2cc4ed596372063bbe852b8d0\",\"url\":\"https:\/\/sulsc.com\/wp-content\/uploads\/2023\/09\/redacao.png\",\"contentUrl\":\"https:\/\/sulsc.com\/wp-content\/uploads\/2023\/09\/redacao.png\",\"caption\":\"Reda\u00e7\u00e3o Sul SC\"},\"description\":\"Foco em um jornalismo imparcial, voltado \u00e0 qualidade dos seus conte\u00fados e, assim, levar informa\u00e7\u00e3o de valor que agregue \u00e0 vida dos leitores. Esta \u00e9 grande miss\u00e3o do Portal de Not\u00edcias Sul SC. N\u00e3o \u00e9 quantidade que muda o mundo, sempre foi e seguir\u00e1 sendo qualidade!\",\"sameAs\":[\"https:\/\/sulsc.com\/\",\"https:\/\/www.facebook.com\/profile.php?id=61559278119680\",\"https:\/\/www.instagram.com\/sulscportal\/?hl=pt-br\",\"https:\/\/twitter.com\/https:\/\/twitter.com\/PortalSulSC\",\"https:\/\/www.youtube.com\/channel\/UCv_BE8GeySluDov2n8qhVmw\"],\"url\":\"https:\/\/sulsc.com\/index.php\/author\/redacao\/\"}]}<\/script>\n<!-- \/ Yoast SEO plugin. -->","yoast_head_json":{"title":"CCR ViaCosteira promove a\u00e7\u00e3o educativa na Rodovi\u00e1ria de Tubar\u00e3o -","description":"Iniciativa refor\u00e7a a import\u00e2ncia do uso do cinto no transporte coletivo, em parceria com PRF e ANTT","robots":{"index":"index","follow":"follow","max-snippet":"max-snippet:-1","max-image-preview":"max-image-preview:large","max-video-preview":"max-video-preview:-1"},"canonical":"https:\/\/sulsc.com\/index.php\/2024\/03\/28\/ccr-viacosteira-promove-acao-educativa-na-rodoviaria-de-tubarao\/","og_locale":"en_US","og_type":"article","og_title":"CCR ViaCosteira promove a\u00e7\u00e3o educativa na Rodovi\u00e1ria de Tubar\u00e3o -","og_description":"Iniciativa refor\u00e7a a import\u00e2ncia do uso do cinto no transporte coletivo, em parceria com PRF e ANTT","og_url":"https:\/\/sulsc.com\/index.php\/2024\/03\/28\/ccr-viacosteira-promove-acao-educativa-na-rodoviaria-de-tubarao\/","article_author":"https:\/\/www.facebook.com\/profile.php?id=61559278119680","article_published_time":"2024-03-28T12:09:16+00:00","og_image":[{"width":1600,"height":1200,"url":"http:\/\/sulsc.com\/wp-content\/uploads\/2024\/03\/3-15.jpg","type":"image\/jpeg"}],"author":"Reda\u00e7\u00e3o Sul SC","twitter_card":"summary_large_image","twitter_creator":"@https:\/\/twitter.com\/PortalSulSC","twitter_misc":{"Written by":"Reda\u00e7\u00e3o Sul SC","Est. reading time":"2 minutes"},"schema":{"@context":"https:\/\/schema.org","@graph":[{"@type":"WebPage","@id":"https:\/\/sulsc.com\/index.php\/2024\/03\/28\/ccr-viacosteira-promove-acao-educativa-na-rodoviaria-de-tubarao\/","url":"https:\/\/sulsc.com\/index.php\/2024\/03\/28\/ccr-viacosteira-promove-acao-educativa-na-rodoviaria-de-tubarao\/","name":"CCR ViaCosteira promove a\u00e7\u00e3o educativa na Rodovi\u00e1ria de Tubar\u00e3o -","isPartOf":{"@id":"https:\/\/sulsc.com\/#website"},"datePublished":"2024-03-28T12:09:16+00:00","dateModified":"2024-03-28T12:09:16+00:00","author":{"@id":"https:\/\/sulsc.com\/#\/schema\/person\/84d2fc571684f6248ba83092f07750a3"},"description":"Iniciativa refor\u00e7a a import\u00e2ncia do uso do cinto no transporte coletivo, em parceria com PRF e ANTT","breadcrumb":{"@id":"https:\/\/sulsc.com\/index.php\/2024\/03\/28\/ccr-viacosteira-promove-acao-educativa-na-rodoviaria-de-tubarao\/#breadcrumb"},"inLanguage":"en-US","potentialAction":[{"@type":"ReadAction","target":["https:\/\/sulsc.com\/index.php\/2024\/03\/28\/ccr-viacosteira-promove-acao-educativa-na-rodoviaria-de-tubarao\/"]}]},{"@type":"BreadcrumbList","@id":"https:\/\/sulsc.com\/index.php\/2024\/03\/28\/ccr-viacosteira-promove-acao-educativa-na-rodoviaria-de-tubarao\/#breadcrumb","itemListElement":[{"@type":"ListItem","position":1,"name":"In\u00edcio","item":"https:\/\/sulsc.com\/"},{"@type":"ListItem","position":2,"name":"CCR ViaCosteira promove a\u00e7\u00e3o educativa na Rodovi\u00e1ria de Tubar\u00e3o"}]},{"@type":"WebSite","@id":"https:\/\/sulsc.com\/#website","url":"https:\/\/sulsc.com\/","name":"","description":"","potentialAction":[{"@type":"SearchAction","target":{"@type":"EntryPoint","urlTemplate":"https:\/\/sulsc.com\/?s={search_term_string}"},"query-input":"required name=search_term_string"}],"inLanguage":"en-US"},{"@type":"Person","@id":"https:\/\/sulsc.com\/#\/schema\/person\/84d2fc571684f6248ba83092f07750a3","name":"Reda\u00e7\u00e3o Sul SC","image":{"@type":"ImageObject","inLanguage":"en-US","@id":"https:\/\/sulsc.com\/#\/schema\/person\/image\/e08d7fe2cc4ed596372063bbe852b8d0","url":"https:\/\/sulsc.com\/wp-content\/uploads\/2023\/09\/redacao.png","contentUrl":"https:\/\/sulsc.com\/wp-content\/uploads\/2023\/09\/redacao.png","caption":"Reda\u00e7\u00e3o Sul SC"},"description":"Foco em um jornalismo imparcial, voltado \u00e0 qualidade dos seus conte\u00fados e, assim, levar informa\u00e7\u00e3o de valor que agregue \u00e0 vida dos leitores. Esta \u00e9 grande miss\u00e3o do Portal de Not\u00edcias Sul SC. N\u00e3o \u00e9 quantidade que muda o mundo, sempre foi e seguir\u00e1 sendo qualidade!","sameAs":["https:\/\/sulsc.com\/","https:\/\/www.facebook.com\/profile.php?id=61559278119680","https:\/\/www.instagram.com\/sulscportal\/?hl=pt-br","https:\/\/twitter.com\/https:\/\/twitter.com\/PortalSulSC","https:\/\/www.youtube.com\/channel\/UCv_BE8GeySluDov2n8qhVmw"],"url":"https:\/\/sulsc.com\/index.php\/author\/redacao\/"}]}},"authors":[],"_links":{"self":[{"href":"https:\/\/sulsc.com\/index.php\/wp-json\/wp\/v2\/posts\/10531"}],"collection":[{"href":"https:\/\/sulsc.com\/index.php\/wp-json\/wp\/v2\/posts"}],"about":[{"href":"https:\/\/sulsc.com\/index.php\/wp-json\/wp\/v2\/types\/post"}],"author":[{"embeddable":true,"href":"https:\/\/sulsc.com\/index.php\/wp-json\/wp\/v2\/users\/3"}],"replies":[{"embeddable":true,"href":"https:\/\/sulsc.com\/index.php\/wp-json\/wp\/v2\/comments?post=10531"}],"version-history":[{"count":1,"href":"https:\/\/sulsc.com\/index.php\/wp-json\/wp\/v2\/posts\/10531\/revisions"}],"predecessor-version":[{"id":10533,"href":"https:\/\/sulsc.com\/index.php\/wp-json\/wp\/v2\/posts\/10531\/revisions\/10533"}],"wp:featuredmedia":[{"embeddable":true,"href":"https:\/\/sulsc.com\/index.php\/wp-json\/wp\/v2\/media\/10532"}],"wp:attachment":[{"href":"https:\/\/sulsc.com\/index.php\/wp-json\/wp\/v2\/media?parent=10531"}],"wp:term":[{"taxonomy":"category","embeddable":true,"href":"https:\/\/sulsc.com\/index.php\/wp-json\/wp\/v2\/categories?post=10531"},{"taxonomy":"post_tag","embeddable":true,"href":"https:\/\/sulsc.com\/index.php\/wp-json\/wp\/v2\/tags?post=10531"}],"curies":[{"name":"wp","href":"https:\/\/api.w.org\/{rel}","templated":true}]}}