{"id":10616,"date":"2024-03-29T16:49:01","date_gmt":"2024-03-29T19:49:01","guid":{"rendered":"https:\/\/sulsc.com\/?p=10616"},"modified":"2024-03-29T16:58:23","modified_gmt":"2024-03-29T19:58:23","slug":"capivari-de-baixo-completa-32-anos-de-emancipacao-neste-sabado","status":"publish","type":"post","link":"https:\/\/sulsc.com\/index.php\/2024\/03\/29\/capivari-de-baixo-completa-32-anos-de-emancipacao-neste-sabado\/","title":{"rendered":"Capivari de Baixo completa 32 anos de emancipa\u00e7\u00e3o neste s\u00e1bado"},"content":{"rendered":"<figure id=\"attachment_10617\" aria-describedby=\"caption-attachment-10617\" style=\"width: 700px\" class=\"wp-caption aligncenter\"><img fetchpriority=\"high\" decoding=\"async\" class=\"size-full wp-image-10617\" src=\"http:\/\/sulsc.com\/wp-content\/uploads\/2024\/03\/destaque-G.jpg\" alt=\"\" width=\"700\" height=\"550\" srcset=\"https:\/\/sulsc.com\/wp-content\/uploads\/2024\/03\/destaque-G.jpg 700w, https:\/\/sulsc.com\/wp-content\/uploads\/2024\/03\/destaque-G-300x236.jpg 300w\" sizes=\"(max-width: 700px) 100vw, 700px\" \/><figcaption id=\"caption-attachment-10617\" class=\"wp-caption-text\">Foto: Divulga\u00e7\u00e3o<\/figcaption><\/figure>\n<p>Capivari de Baixo completa neste s\u00e1bado, dia 30, 32 anos de emancipa\u00e7\u00e3o pol\u00edtico-administrativa. Para celebrar a data, a Administra\u00e7\u00e3o Municipal preparou v\u00e1rias atividades que iniciaram na quarta, dia 27, e prosseguem at\u00e9 este s\u00e1bado, quando acontece a maioria das a\u00e7\u00f5es.<\/p>\n<p>Neste s\u00e1bado, dia 30, as atividades v\u00e3o das 8h \u00e0s 13h. \u00c0s 8h ter\u00e1 a execu\u00e7\u00e3o do Hino do Munic\u00edpio feita pelas crian\u00e7as das turmas de 1\u00ba ano integral da Escola de Ensino B\u00e1sico Dom Anselmo Pietrulla. As crian\u00e7as tamb\u00e9m cantar\u00e3o o \u2018Parab\u00e9ns a voc\u00ea\u2019 e, na sequencia ser\u00e1 servido um bolo gigante \u00e0 popula\u00e7\u00e3o presente.<\/p>\n<p>Diversos brinquedos infl\u00e1veis estar\u00e3o \u00e0 disposi\u00e7\u00e3o da crian\u00e7ada durante o per\u00edodo, al\u00e9m de oferta de pipoca e algod\u00e3o doce. A Casa do Coelho de P\u00e1scoa tamb\u00e9m estar\u00e1 aberta \u00e0 visita\u00e7\u00e3o durante o dia todo. Desde cedo haver\u00e1 tamb\u00e9m, feira de artesanato, distribui\u00e7\u00e3o gratuita de mudas e venda de suculentas.<br \/>\nA Secretaria da Sa\u00fade tamb\u00e9m ofertar\u00e1 testes r\u00e1pidos, aferi\u00e7\u00e3o de press\u00e3o, glicemia e vacina\u00e7\u00e3o.<\/p>\n<p>Bailarinas do Micaella Martins est\u00fadio de dan\u00e7a far\u00e3o uma apresenta\u00e7\u00e3o especial. Haver\u00e1 ainda outras tr\u00eas apresenta\u00e7\u00f5es de dan\u00e7a: duas de jazz (solo e duo) e uma de dan\u00e7a em grupo, com os alunos da oficina de Jazz e Ballet do Parque Diamante +Energia.<\/p>\n<p>Tamb\u00e9m ter\u00e1 apresenta\u00e7\u00f5es circenses, com palha\u00e7o perna-de-pau, malabares e um n\u00famero de intera\u00e7\u00e3o com a plateia.<\/p>\n<h6>Premia\u00e7\u00e3o<\/h6>\n<p>A partir das 18h inicia a premia\u00e7\u00e3o de m\u00e9rito esportivo professor V\u00e2nio Esp\u00edndola, que premia destaques esportivos do ano anterior nas modalidades oferecidas pelo Departamento Municipal de Esportes e outras n\u00e3o oferecidas.<\/p>\n<p>\u00c0s 19h, o primeiro confronto do Campeonato Citadino de Futsal Masculino, no gin\u00e1sio municipal, que ser\u00e1 entre Falter e Diretoria. A competi\u00e7\u00e3o re\u00fane oito equipes que se enfrentar\u00e3o em jogos nas ter\u00e7as e quintas-feiras at\u00e9 o in\u00edcio de maio.<\/p>\n","protected":false},"excerpt":{"rendered":"<p>Capivari de Baixo completa neste s\u00e1bado, dia 30, 32 anos de emancipa\u00e7\u00e3o pol\u00edtico-administrativa. Para celebrar a data, a Administra\u00e7\u00e3o Municipal preparou v\u00e1rias atividades que iniciaram na quarta, dia 27, e prosseguem at\u00e9 este s\u00e1bado, quando acontece a maioria das a\u00e7\u00f5es. Neste s\u00e1bado, dia 30, as atividades v\u00e3o das 8h \u00e0s 13h. \u00c0s 8h ter\u00e1 a &hellip;<\/p>\n<p class=\"read-more\"> <a class=\"\" href=\"https:\/\/sulsc.com\/index.php\/2024\/03\/29\/capivari-de-baixo-completa-32-anos-de-emancipacao-neste-sabado\/\"> <span class=\"screen-reader-text\">Capivari de Baixo completa 32 anos de emancipa\u00e7\u00e3o neste s\u00e1bado<\/span> Read More &raquo;<\/a><\/p>\n","protected":false},"author":3,"featured_media":10617,"comment_status":"open","ping_status":"open","sticky":false,"template":"","format":"standard","meta":{"site-sidebar-layout":"default","site-content-layout":"","ast-site-content-layout":"default","site-content-style":"default","site-sidebar-style":"default","ast-global-header-display":"","ast-banner-title-visibility":"","ast-main-header-display":"","ast-hfb-above-header-display":"","ast-hfb-below-header-display":"","ast-hfb-mobile-header-display":"","site-post-title":"","ast-breadcrumbs-content":"","ast-featured-img":"","footer-sml-layout":"","theme-transparent-header-meta":"default","adv-header-id-meta":"","stick-header-meta":"","header-above-stick-meta":"","header-main-stick-meta":"","header-below-stick-meta":"","astra-migrate-meta-layouts":"set","footnotes":""},"categories":[1],"tags":[281,1715,104],"yoast_head":"<!-- This site is optimized with the Yoast SEO plugin v21.4 - https:\/\/yoast.com\/wordpress\/plugins\/seo\/ -->\n<title>Capivari de Baixo completa 32 anos de emancipa\u00e7\u00e3o neste s\u00e1bado -<\/title>\n<meta name=\"description\" content=\"Capivari de Baixo completa neste s\u00e1bado, dia 30, 32 anos de emancipa\u00e7\u00e3o pol\u00edtico-administrativa. Para celebrar a data, a Administra\u00e7\u00e3o Municipal preparou v\u00e1rias atividades que iniciaram na quarta, dia 27, e prosseguem at\u00e9 este s\u00e1bado, quando acontece a maioria das a\u00e7\u00f5es.\" \/>\n<meta name=\"robots\" content=\"index, follow, max-snippet:-1, max-image-preview:large, max-video-preview:-1\" \/>\n<link rel=\"canonical\" href=\"https:\/\/sulsc.com\/index.php\/2024\/03\/29\/capivari-de-baixo-completa-32-anos-de-emancipacao-neste-sabado\/\" \/>\n<meta property=\"og:locale\" content=\"en_US\" \/>\n<meta property=\"og:type\" content=\"article\" \/>\n<meta property=\"og:title\" content=\"Capivari de Baixo completa 32 anos de emancipa\u00e7\u00e3o neste s\u00e1bado -\" \/>\n<meta property=\"og:description\" content=\"Capivari de Baixo completa neste s\u00e1bado, dia 30, 32 anos de emancipa\u00e7\u00e3o pol\u00edtico-administrativa. Para celebrar a data, a Administra\u00e7\u00e3o Municipal preparou v\u00e1rias atividades que iniciaram na quarta, dia 27, e prosseguem at\u00e9 este s\u00e1bado, quando acontece a maioria das a\u00e7\u00f5es.\" \/>\n<meta property=\"og:url\" content=\"https:\/\/sulsc.com\/index.php\/2024\/03\/29\/capivari-de-baixo-completa-32-anos-de-emancipacao-neste-sabado\/\" \/>\n<meta property=\"article:author\" content=\"https:\/\/www.facebook.com\/profile.php?id=61559278119680\" \/>\n<meta property=\"article:published_time\" content=\"2024-03-29T19:49:01+00:00\" \/>\n<meta property=\"article:modified_time\" content=\"2024-03-29T19:58:23+00:00\" \/>\n<meta property=\"og:image\" content=\"http:\/\/sulsc.com\/wp-content\/uploads\/2024\/03\/destaque-G.jpg\" \/>\n\t<meta property=\"og:image:width\" content=\"700\" \/>\n\t<meta property=\"og:image:height\" content=\"550\" \/>\n\t<meta property=\"og:image:type\" content=\"image\/jpeg\" \/>\n<meta name=\"author\" content=\"Reda\u00e7\u00e3o Sul SC\" \/>\n<meta name=\"twitter:card\" content=\"summary_large_image\" \/>\n<meta name=\"twitter:creator\" content=\"@https:\/\/twitter.com\/PortalSulSC\" \/>\n<meta name=\"twitter:label1\" content=\"Written by\" \/>\n\t<meta name=\"twitter:data1\" content=\"Reda\u00e7\u00e3o Sul SC\" \/>\n\t<meta name=\"twitter:label2\" content=\"Est. reading time\" \/>\n\t<meta name=\"twitter:data2\" content=\"2 minutes\" \/>\n<script type=\"application\/ld+json\" class=\"yoast-schema-graph\">{\"@context\":\"https:\/\/schema.org\",\"@graph\":[{\"@type\":\"WebPage\",\"@id\":\"https:\/\/sulsc.com\/index.php\/2024\/03\/29\/capivari-de-baixo-completa-32-anos-de-emancipacao-neste-sabado\/\",\"url\":\"https:\/\/sulsc.com\/index.php\/2024\/03\/29\/capivari-de-baixo-completa-32-anos-de-emancipacao-neste-sabado\/\",\"name\":\"Capivari de Baixo completa 32 anos de emancipa\u00e7\u00e3o neste s\u00e1bado -\",\"isPartOf\":{\"@id\":\"https:\/\/sulsc.com\/#website\"},\"datePublished\":\"2024-03-29T19:49:01+00:00\",\"dateModified\":\"2024-03-29T19:58:23+00:00\",\"author\":{\"@id\":\"https:\/\/sulsc.com\/#\/schema\/person\/84d2fc571684f6248ba83092f07750a3\"},\"description\":\"Capivari de Baixo completa neste s\u00e1bado, dia 30, 32 anos de emancipa\u00e7\u00e3o pol\u00edtico-administrativa. Para celebrar a data, a Administra\u00e7\u00e3o Municipal preparou v\u00e1rias atividades que iniciaram na quarta, dia 27, e prosseguem at\u00e9 este s\u00e1bado, quando acontece a maioria das a\u00e7\u00f5es.\",\"breadcrumb\":{\"@id\":\"https:\/\/sulsc.com\/index.php\/2024\/03\/29\/capivari-de-baixo-completa-32-anos-de-emancipacao-neste-sabado\/#breadcrumb\"},\"inLanguage\":\"en-US\",\"potentialAction\":[{\"@type\":\"ReadAction\",\"target\":[\"https:\/\/sulsc.com\/index.php\/2024\/03\/29\/capivari-de-baixo-completa-32-anos-de-emancipacao-neste-sabado\/\"]}]},{\"@type\":\"BreadcrumbList\",\"@id\":\"https:\/\/sulsc.com\/index.php\/2024\/03\/29\/capivari-de-baixo-completa-32-anos-de-emancipacao-neste-sabado\/#breadcrumb\",\"itemListElement\":[{\"@type\":\"ListItem\",\"position\":1,\"name\":\"In\u00edcio\",\"item\":\"https:\/\/sulsc.com\/\"},{\"@type\":\"ListItem\",\"position\":2,\"name\":\"Capivari de Baixo completa 32 anos de emancipa\u00e7\u00e3o neste s\u00e1bado\"}]},{\"@type\":\"WebSite\",\"@id\":\"https:\/\/sulsc.com\/#website\",\"url\":\"https:\/\/sulsc.com\/\",\"name\":\"\",\"description\":\"\",\"potentialAction\":[{\"@type\":\"SearchAction\",\"target\":{\"@type\":\"EntryPoint\",\"urlTemplate\":\"https:\/\/sulsc.com\/?s={search_term_string}\"},\"query-input\":\"required name=search_term_string\"}],\"inLanguage\":\"en-US\"},{\"@type\":\"Person\",\"@id\":\"https:\/\/sulsc.com\/#\/schema\/person\/84d2fc571684f6248ba83092f07750a3\",\"name\":\"Reda\u00e7\u00e3o Sul SC\",\"image\":{\"@type\":\"ImageObject\",\"inLanguage\":\"en-US\",\"@id\":\"https:\/\/sulsc.com\/#\/schema\/person\/image\/e08d7fe2cc4ed596372063bbe852b8d0\",\"url\":\"https:\/\/sulsc.com\/wp-content\/uploads\/2023\/09\/redacao.png\",\"contentUrl\":\"https:\/\/sulsc.com\/wp-content\/uploads\/2023\/09\/redacao.png\",\"caption\":\"Reda\u00e7\u00e3o Sul SC\"},\"description\":\"Foco em um jornalismo imparcial, voltado \u00e0 qualidade dos seus conte\u00fados e, assim, levar informa\u00e7\u00e3o de valor que agregue \u00e0 vida dos leitores. Esta \u00e9 grande miss\u00e3o do Portal de Not\u00edcias Sul SC. N\u00e3o \u00e9 quantidade que muda o mundo, sempre foi e seguir\u00e1 sendo qualidade!\",\"sameAs\":[\"https:\/\/sulsc.com\/\",\"https:\/\/www.facebook.com\/profile.php?id=61559278119680\",\"https:\/\/www.instagram.com\/sulscportal\/?hl=pt-br\",\"https:\/\/twitter.com\/https:\/\/twitter.com\/PortalSulSC\",\"https:\/\/www.youtube.com\/channel\/UCv_BE8GeySluDov2n8qhVmw\"],\"url\":\"https:\/\/sulsc.com\/index.php\/author\/redacao\/\"}]}<\/script>\n<!-- \/ Yoast SEO plugin. -->","yoast_head_json":{"title":"Capivari de Baixo completa 32 anos de emancipa\u00e7\u00e3o neste s\u00e1bado -","description":"Capivari de Baixo completa neste s\u00e1bado, dia 30, 32 anos de emancipa\u00e7\u00e3o pol\u00edtico-administrativa. Para celebrar a data, a Administra\u00e7\u00e3o Municipal preparou v\u00e1rias atividades que iniciaram na quarta, dia 27, e prosseguem at\u00e9 este s\u00e1bado, quando acontece a maioria das a\u00e7\u00f5es.","robots":{"index":"index","follow":"follow","max-snippet":"max-snippet:-1","max-image-preview":"max-image-preview:large","max-video-preview":"max-video-preview:-1"},"canonical":"https:\/\/sulsc.com\/index.php\/2024\/03\/29\/capivari-de-baixo-completa-32-anos-de-emancipacao-neste-sabado\/","og_locale":"en_US","og_type":"article","og_title":"Capivari de Baixo completa 32 anos de emancipa\u00e7\u00e3o neste s\u00e1bado -","og_description":"Capivari de Baixo completa neste s\u00e1bado, dia 30, 32 anos de emancipa\u00e7\u00e3o pol\u00edtico-administrativa. Para celebrar a data, a Administra\u00e7\u00e3o Municipal preparou v\u00e1rias atividades que iniciaram na quarta, dia 27, e prosseguem at\u00e9 este s\u00e1bado, quando acontece a maioria das a\u00e7\u00f5es.","og_url":"https:\/\/sulsc.com\/index.php\/2024\/03\/29\/capivari-de-baixo-completa-32-anos-de-emancipacao-neste-sabado\/","article_author":"https:\/\/www.facebook.com\/profile.php?id=61559278119680","article_published_time":"2024-03-29T19:49:01+00:00","article_modified_time":"2024-03-29T19:58:23+00:00","og_image":[{"width":700,"height":550,"url":"http:\/\/sulsc.com\/wp-content\/uploads\/2024\/03\/destaque-G.jpg","type":"image\/jpeg"}],"author":"Reda\u00e7\u00e3o Sul SC","twitter_card":"summary_large_image","twitter_creator":"@https:\/\/twitter.com\/PortalSulSC","twitter_misc":{"Written by":"Reda\u00e7\u00e3o Sul SC","Est. reading time":"2 minutes"},"schema":{"@context":"https:\/\/schema.org","@graph":[{"@type":"WebPage","@id":"https:\/\/sulsc.com\/index.php\/2024\/03\/29\/capivari-de-baixo-completa-32-anos-de-emancipacao-neste-sabado\/","url":"https:\/\/sulsc.com\/index.php\/2024\/03\/29\/capivari-de-baixo-completa-32-anos-de-emancipacao-neste-sabado\/","name":"Capivari de Baixo completa 32 anos de emancipa\u00e7\u00e3o neste s\u00e1bado -","isPartOf":{"@id":"https:\/\/sulsc.com\/#website"},"datePublished":"2024-03-29T19:49:01+00:00","dateModified":"2024-03-29T19:58:23+00:00","author":{"@id":"https:\/\/sulsc.com\/#\/schema\/person\/84d2fc571684f6248ba83092f07750a3"},"description":"Capivari de Baixo completa neste s\u00e1bado, dia 30, 32 anos de emancipa\u00e7\u00e3o pol\u00edtico-administrativa. Para celebrar a data, a Administra\u00e7\u00e3o Municipal preparou v\u00e1rias atividades que iniciaram na quarta, dia 27, e prosseguem at\u00e9 este s\u00e1bado, quando acontece a maioria das a\u00e7\u00f5es.","breadcrumb":{"@id":"https:\/\/sulsc.com\/index.php\/2024\/03\/29\/capivari-de-baixo-completa-32-anos-de-emancipacao-neste-sabado\/#breadcrumb"},"inLanguage":"en-US","potentialAction":[{"@type":"ReadAction","target":["https:\/\/sulsc.com\/index.php\/2024\/03\/29\/capivari-de-baixo-completa-32-anos-de-emancipacao-neste-sabado\/"]}]},{"@type":"BreadcrumbList","@id":"https:\/\/sulsc.com\/index.php\/2024\/03\/29\/capivari-de-baixo-completa-32-anos-de-emancipacao-neste-sabado\/#breadcrumb","itemListElement":[{"@type":"ListItem","position":1,"name":"In\u00edcio","item":"https:\/\/sulsc.com\/"},{"@type":"ListItem","position":2,"name":"Capivari de Baixo completa 32 anos de emancipa\u00e7\u00e3o neste s\u00e1bado"}]},{"@type":"WebSite","@id":"https:\/\/sulsc.com\/#website","url":"https:\/\/sulsc.com\/","name":"","description":"","potentialAction":[{"@type":"SearchAction","target":{"@type":"EntryPoint","urlTemplate":"https:\/\/sulsc.com\/?s={search_term_string}"},"query-input":"required name=search_term_string"}],"inLanguage":"en-US"},{"@type":"Person","@id":"https:\/\/sulsc.com\/#\/schema\/person\/84d2fc571684f6248ba83092f07750a3","name":"Reda\u00e7\u00e3o Sul SC","image":{"@type":"ImageObject","inLanguage":"en-US","@id":"https:\/\/sulsc.com\/#\/schema\/person\/image\/e08d7fe2cc4ed596372063bbe852b8d0","url":"https:\/\/sulsc.com\/wp-content\/uploads\/2023\/09\/redacao.png","contentUrl":"https:\/\/sulsc.com\/wp-content\/uploads\/2023\/09\/redacao.png","caption":"Reda\u00e7\u00e3o Sul SC"},"description":"Foco em um jornalismo imparcial, voltado \u00e0 qualidade dos seus conte\u00fados e, assim, levar informa\u00e7\u00e3o de valor que agregue \u00e0 vida dos leitores. Esta \u00e9 grande miss\u00e3o do Portal de Not\u00edcias Sul SC. N\u00e3o \u00e9 quantidade que muda o mundo, sempre foi e seguir\u00e1 sendo qualidade!","sameAs":["https:\/\/sulsc.com\/","https:\/\/www.facebook.com\/profile.php?id=61559278119680","https:\/\/www.instagram.com\/sulscportal\/?hl=pt-br","https:\/\/twitter.com\/https:\/\/twitter.com\/PortalSulSC","https:\/\/www.youtube.com\/channel\/UCv_BE8GeySluDov2n8qhVmw"],"url":"https:\/\/sulsc.com\/index.php\/author\/redacao\/"}]}},"authors":[],"_links":{"self":[{"href":"https:\/\/sulsc.com\/index.php\/wp-json\/wp\/v2\/posts\/10616"}],"collection":[{"href":"https:\/\/sulsc.com\/index.php\/wp-json\/wp\/v2\/posts"}],"about":[{"href":"https:\/\/sulsc.com\/index.php\/wp-json\/wp\/v2\/types\/post"}],"author":[{"embeddable":true,"href":"https:\/\/sulsc.com\/index.php\/wp-json\/wp\/v2\/users\/3"}],"replies":[{"embeddable":true,"href":"https:\/\/sulsc.com\/index.php\/wp-json\/wp\/v2\/comments?post=10616"}],"version-history":[{"count":2,"href":"https:\/\/sulsc.com\/index.php\/wp-json\/wp\/v2\/posts\/10616\/revisions"}],"predecessor-version":[{"id":10619,"href":"https:\/\/sulsc.com\/index.php\/wp-json\/wp\/v2\/posts\/10616\/revisions\/10619"}],"wp:featuredmedia":[{"embeddable":true,"href":"https:\/\/sulsc.com\/index.php\/wp-json\/wp\/v2\/media\/10617"}],"wp:attachment":[{"href":"https:\/\/sulsc.com\/index.php\/wp-json\/wp\/v2\/media?parent=10616"}],"wp:term":[{"taxonomy":"category","embeddable":true,"href":"https:\/\/sulsc.com\/index.php\/wp-json\/wp\/v2\/categories?post=10616"},{"taxonomy":"post_tag","embeddable":true,"href":"https:\/\/sulsc.com\/index.php\/wp-json\/wp\/v2\/tags?post=10616"}],"curies":[{"name":"wp","href":"https:\/\/api.w.org\/{rel}","templated":true}]}}