{"id":1063,"date":"2023-09-13T16:00:45","date_gmt":"2023-09-13T19:00:45","guid":{"rendered":"https:\/\/sulsc.com\/?p=1063"},"modified":"2023-09-13T15:28:22","modified_gmt":"2023-09-13T18:28:22","slug":"setembro-amarelo-tubarao-saneamento-promove-palestra-para-os-colaboradores-sobre-a-conscientizacao-contra-o-suicidio","status":"publish","type":"post","link":"https:\/\/sulsc.com\/index.php\/2023\/09\/13\/setembro-amarelo-tubarao-saneamento-promove-palestra-para-os-colaboradores-sobre-a-conscientizacao-contra-o-suicidio\/","title":{"rendered":"Setembro Amarelo: Tubar\u00e3o Saneamento promove palestra para os colaboradores sobre a conscientiza\u00e7\u00e3o contra o suic\u00eddio"},"content":{"rendered":"<p>Amarelo de prosperidade, felicidade e vida. S\u00e3o esses os sentidos que a campanha nacional sobre a preven\u00e7\u00e3o ao suic\u00eddio, conhecida como Setembro Amarelo, busca refor\u00e7ar. Para efetivar a reflex\u00e3o sobre o tema, a Tubar\u00e3o Saneamento promoveu nesta quarta-feira (14), uma palestra com os colaboradores.<\/p>\n<p>O encontro, ministrado pelo psic\u00f3logo Daniel Cargnin da Silva, destacou sobre a import\u00e2ncia da escuta e acolhimento, como identificar sinais e sintomas e a necessidade do cuidado com a sa\u00fade mental.<\/p>\n<p>Foram duas palestras, que aconteceram no per\u00edodo matutino e vespertino. A estrat\u00e9gia, segundo o diretor Paulo Eduardo Canalles, \u00e9 para alcan\u00e7ar o maior n\u00famero de funcion\u00e1rios. \u201c\u00c9 um tema que precisamos monitorar o ano todo. E neste m\u00eas, \u00e9 tempo de fortalecimento das a\u00e7\u00f5es, a fim de auxiliar a identificar os sintomas e ajudar quem mais precisa. Seja ele um amigo ou um familiar\u201d complementa.<\/p>\n<p>&nbsp;<\/p>\n<p><img fetchpriority=\"high\" decoding=\"async\" class=\"alignnone size-medium wp-image-1064\" src=\"http:\/\/sulsc.com\/wp-content\/uploads\/2023\/09\/IMG_5857-300x200.jpg\" alt=\"\" width=\"300\" height=\"200\" srcset=\"https:\/\/sulsc.com\/wp-content\/uploads\/2023\/09\/IMG_5857-300x200.jpg 300w, https:\/\/sulsc.com\/wp-content\/uploads\/2023\/09\/IMG_5857-1024x683.jpg 1024w, https:\/\/sulsc.com\/wp-content\/uploads\/2023\/09\/IMG_5857-768x512.jpg 768w, https:\/\/sulsc.com\/wp-content\/uploads\/2023\/09\/IMG_5857.jpg 1500w\" sizes=\"(max-width: 300px) 100vw, 300px\" \/><\/p>\n<p><strong>Regi\u00e3o Sul tem dados preocupantes sobre suic\u00eddio<\/strong><\/p>\n<p>Em 2022, por dia, 44 pessoas tiraram a vida, o que representa quase 12% de aumento em rela\u00e7\u00e3o ao ano de 2021, segundo o Anu\u00e1rio Brasileiro de Seguran\u00e7a P\u00fablica. E tamb\u00e9m, conforme o Minist\u00e9rio da Sa\u00fade, a regi\u00e3o Sul \u00e9 a que possui a maior taxa de mortalidade de suic\u00eddio do pa\u00eds, onde Santa Catarina ocupa o 2\u00ba lugar regional.<\/p>\n<p>S\u00e3o dados preocupantes e que demonstram a necessidade da discuss\u00e3o e conscientiza\u00e7\u00e3o, como salienta o diretor da Concession\u00e1ria, Andr\u00e9 da Silva Souza. \u201cUm tema que deve ser debatido no trabalho, com os amigos e em casa. Precisamos alertar e falar disso para conseguir ajudar os que precisam e, principalmente, saber orientar para a busca profissional\u201d.<\/p>\n","protected":false},"excerpt":{"rendered":"<p>Amarelo de prosperidade, felicidade e vida. S\u00e3o esses os sentidos que a campanha nacional sobre a preven\u00e7\u00e3o ao suic\u00eddio, conhecida como Setembro Amarelo, busca refor\u00e7ar. Para efetivar a reflex\u00e3o sobre o tema, a Tubar\u00e3o Saneamento promoveu nesta quarta-feira (14), uma palestra com os colaboradores. O encontro, ministrado pelo psic\u00f3logo Daniel Cargnin da Silva, destacou sobre &hellip;<\/p>\n<p class=\"read-more\"> <a class=\"\" href=\"https:\/\/sulsc.com\/index.php\/2023\/09\/13\/setembro-amarelo-tubarao-saneamento-promove-palestra-para-os-colaboradores-sobre-a-conscientizacao-contra-o-suicidio\/\"> <span class=\"screen-reader-text\">Setembro Amarelo: Tubar\u00e3o Saneamento promove palestra para os colaboradores sobre a conscientiza\u00e7\u00e3o contra o suic\u00eddio<\/span> Read More &raquo;<\/a><\/p>\n","protected":false},"author":3,"featured_media":1065,"comment_status":"open","ping_status":"open","sticky":false,"template":"","format":"standard","meta":{"site-sidebar-layout":"default","site-content-layout":"default","ast-site-content-layout":"","site-content-style":"default","site-sidebar-style":"default","ast-global-header-display":"","ast-banner-title-visibility":"","ast-main-header-display":"","ast-hfb-above-header-display":"","ast-hfb-below-header-display":"","ast-hfb-mobile-header-display":"","site-post-title":"","ast-breadcrumbs-content":"","ast-featured-img":"","footer-sml-layout":"","theme-transparent-header-meta":"default","adv-header-id-meta":"","stick-header-meta":"","header-above-stick-meta":"","header-main-stick-meta":"","header-below-stick-meta":"","astra-migrate-meta-layouts":"","footnotes":""},"categories":[1,21],"tags":[],"yoast_head":"<!-- This site is optimized with the Yoast SEO plugin v21.4 - https:\/\/yoast.com\/wordpress\/plugins\/seo\/ -->\n<title>Setembro Amarelo: Tubar\u00e3o Saneamento promove palestra para os colaboradores sobre a conscientiza\u00e7\u00e3o contra o suic\u00eddio -<\/title>\n<meta name=\"robots\" content=\"index, follow, max-snippet:-1, max-image-preview:large, max-video-preview:-1\" \/>\n<link rel=\"canonical\" href=\"https:\/\/sulsc.com\/index.php\/2023\/09\/13\/setembro-amarelo-tubarao-saneamento-promove-palestra-para-os-colaboradores-sobre-a-conscientizacao-contra-o-suicidio\/\" \/>\n<meta property=\"og:locale\" content=\"en_US\" \/>\n<meta property=\"og:type\" content=\"article\" \/>\n<meta property=\"og:title\" content=\"Setembro Amarelo: Tubar\u00e3o Saneamento promove palestra para os colaboradores sobre a conscientiza\u00e7\u00e3o contra o suic\u00eddio -\" \/>\n<meta property=\"og:description\" content=\"Amarelo de prosperidade, felicidade e vida. S\u00e3o esses os sentidos que a campanha nacional sobre a preven\u00e7\u00e3o ao suic\u00eddio, conhecida como Setembro Amarelo, busca refor\u00e7ar. Para efetivar a reflex\u00e3o sobre o tema, a Tubar\u00e3o Saneamento promoveu nesta quarta-feira (14), uma palestra com os colaboradores. O encontro, ministrado pelo psic\u00f3logo Daniel Cargnin da Silva, destacou sobre &hellip; Setembro Amarelo: Tubar\u00e3o Saneamento promove palestra para os colaboradores sobre a conscientiza\u00e7\u00e3o contra o suic\u00eddio Read More &raquo;\" \/>\n<meta property=\"og:url\" content=\"https:\/\/sulsc.com\/index.php\/2023\/09\/13\/setembro-amarelo-tubarao-saneamento-promove-palestra-para-os-colaboradores-sobre-a-conscientizacao-contra-o-suicidio\/\" \/>\n<meta property=\"article:author\" content=\"https:\/\/www.facebook.com\/profile.php?id=61559278119680\" \/>\n<meta property=\"article:published_time\" content=\"2023-09-13T19:00:45+00:00\" \/>\n<meta property=\"article:modified_time\" content=\"2023-09-13T18:28:22+00:00\" \/>\n<meta property=\"og:image\" content=\"https:\/\/sulsc.com\/wp-content\/uploads\/2023\/09\/IMG_5879.jpg\" \/>\n\t<meta property=\"og:image:width\" content=\"1500\" \/>\n\t<meta property=\"og:image:height\" content=\"1000\" \/>\n\t<meta property=\"og:image:type\" content=\"image\/jpeg\" \/>\n<meta name=\"author\" content=\"Reda\u00e7\u00e3o Sul SC\" \/>\n<meta name=\"twitter:card\" content=\"summary_large_image\" \/>\n<meta name=\"twitter:creator\" content=\"@https:\/\/twitter.com\/PortalSulSC\" \/>\n<meta name=\"twitter:label1\" content=\"Written by\" \/>\n\t<meta name=\"twitter:data1\" content=\"Reda\u00e7\u00e3o Sul SC\" \/>\n\t<meta name=\"twitter:label2\" content=\"Est. reading time\" \/>\n\t<meta name=\"twitter:data2\" content=\"1 minute\" \/>\n<script type=\"application\/ld+json\" class=\"yoast-schema-graph\">{\"@context\":\"https:\/\/schema.org\",\"@graph\":[{\"@type\":\"WebPage\",\"@id\":\"https:\/\/sulsc.com\/index.php\/2023\/09\/13\/setembro-amarelo-tubarao-saneamento-promove-palestra-para-os-colaboradores-sobre-a-conscientizacao-contra-o-suicidio\/\",\"url\":\"https:\/\/sulsc.com\/index.php\/2023\/09\/13\/setembro-amarelo-tubarao-saneamento-promove-palestra-para-os-colaboradores-sobre-a-conscientizacao-contra-o-suicidio\/\",\"name\":\"Setembro Amarelo: Tubar\u00e3o Saneamento promove palestra para os colaboradores sobre a conscientiza\u00e7\u00e3o contra o suic\u00eddio -\",\"isPartOf\":{\"@id\":\"https:\/\/sulsc.com\/#website\"},\"datePublished\":\"2023-09-13T19:00:45+00:00\",\"dateModified\":\"2023-09-13T18:28:22+00:00\",\"author\":{\"@id\":\"https:\/\/sulsc.com\/#\/schema\/person\/84d2fc571684f6248ba83092f07750a3\"},\"breadcrumb\":{\"@id\":\"https:\/\/sulsc.com\/index.php\/2023\/09\/13\/setembro-amarelo-tubarao-saneamento-promove-palestra-para-os-colaboradores-sobre-a-conscientizacao-contra-o-suicidio\/#breadcrumb\"},\"inLanguage\":\"en-US\",\"potentialAction\":[{\"@type\":\"ReadAction\",\"target\":[\"https:\/\/sulsc.com\/index.php\/2023\/09\/13\/setembro-amarelo-tubarao-saneamento-promove-palestra-para-os-colaboradores-sobre-a-conscientizacao-contra-o-suicidio\/\"]}]},{\"@type\":\"BreadcrumbList\",\"@id\":\"https:\/\/sulsc.com\/index.php\/2023\/09\/13\/setembro-amarelo-tubarao-saneamento-promove-palestra-para-os-colaboradores-sobre-a-conscientizacao-contra-o-suicidio\/#breadcrumb\",\"itemListElement\":[{\"@type\":\"ListItem\",\"position\":1,\"name\":\"In\u00edcio\",\"item\":\"https:\/\/sulsc.com\/\"},{\"@type\":\"ListItem\",\"position\":2,\"name\":\"Setembro Amarelo: Tubar\u00e3o Saneamento promove palestra para os colaboradores sobre a conscientiza\u00e7\u00e3o contra o suic\u00eddio\"}]},{\"@type\":\"WebSite\",\"@id\":\"https:\/\/sulsc.com\/#website\",\"url\":\"https:\/\/sulsc.com\/\",\"name\":\"\",\"description\":\"\",\"potentialAction\":[{\"@type\":\"SearchAction\",\"target\":{\"@type\":\"EntryPoint\",\"urlTemplate\":\"https:\/\/sulsc.com\/?s={search_term_string}\"},\"query-input\":\"required name=search_term_string\"}],\"inLanguage\":\"en-US\"},{\"@type\":\"Person\",\"@id\":\"https:\/\/sulsc.com\/#\/schema\/person\/84d2fc571684f6248ba83092f07750a3\",\"name\":\"Reda\u00e7\u00e3o Sul SC\",\"image\":{\"@type\":\"ImageObject\",\"inLanguage\":\"en-US\",\"@id\":\"https:\/\/sulsc.com\/#\/schema\/person\/image\/e08d7fe2cc4ed596372063bbe852b8d0\",\"url\":\"https:\/\/sulsc.com\/wp-content\/uploads\/2023\/09\/redacao.png\",\"contentUrl\":\"https:\/\/sulsc.com\/wp-content\/uploads\/2023\/09\/redacao.png\",\"caption\":\"Reda\u00e7\u00e3o Sul SC\"},\"description\":\"Foco em um jornalismo imparcial, voltado \u00e0 qualidade dos seus conte\u00fados e, assim, levar informa\u00e7\u00e3o de valor que agregue \u00e0 vida dos leitores. Esta \u00e9 grande miss\u00e3o do Portal de Not\u00edcias Sul SC. N\u00e3o \u00e9 quantidade que muda o mundo, sempre foi e seguir\u00e1 sendo qualidade!\",\"sameAs\":[\"https:\/\/sulsc.com\/\",\"https:\/\/www.facebook.com\/profile.php?id=61559278119680\",\"https:\/\/www.instagram.com\/sulscportal\/?hl=pt-br\",\"https:\/\/twitter.com\/https:\/\/twitter.com\/PortalSulSC\",\"https:\/\/www.youtube.com\/channel\/UCv_BE8GeySluDov2n8qhVmw\"],\"url\":\"https:\/\/sulsc.com\/index.php\/author\/redacao\/\"}]}<\/script>\n<!-- \/ Yoast SEO plugin. -->","yoast_head_json":{"title":"Setembro Amarelo: Tubar\u00e3o Saneamento promove palestra para os colaboradores sobre a conscientiza\u00e7\u00e3o contra o suic\u00eddio -","robots":{"index":"index","follow":"follow","max-snippet":"max-snippet:-1","max-image-preview":"max-image-preview:large","max-video-preview":"max-video-preview:-1"},"canonical":"https:\/\/sulsc.com\/index.php\/2023\/09\/13\/setembro-amarelo-tubarao-saneamento-promove-palestra-para-os-colaboradores-sobre-a-conscientizacao-contra-o-suicidio\/","og_locale":"en_US","og_type":"article","og_title":"Setembro Amarelo: Tubar\u00e3o Saneamento promove palestra para os colaboradores sobre a conscientiza\u00e7\u00e3o contra o suic\u00eddio -","og_description":"Amarelo de prosperidade, felicidade e vida. S\u00e3o esses os sentidos que a campanha nacional sobre a preven\u00e7\u00e3o ao suic\u00eddio, conhecida como Setembro Amarelo, busca refor\u00e7ar. Para efetivar a reflex\u00e3o sobre o tema, a Tubar\u00e3o Saneamento promoveu nesta quarta-feira (14), uma palestra com os colaboradores. O encontro, ministrado pelo psic\u00f3logo Daniel Cargnin da Silva, destacou sobre &hellip; Setembro Amarelo: Tubar\u00e3o Saneamento promove palestra para os colaboradores sobre a conscientiza\u00e7\u00e3o contra o suic\u00eddio Read More &raquo;","og_url":"https:\/\/sulsc.com\/index.php\/2023\/09\/13\/setembro-amarelo-tubarao-saneamento-promove-palestra-para-os-colaboradores-sobre-a-conscientizacao-contra-o-suicidio\/","article_author":"https:\/\/www.facebook.com\/profile.php?id=61559278119680","article_published_time":"2023-09-13T19:00:45+00:00","article_modified_time":"2023-09-13T18:28:22+00:00","og_image":[{"width":1500,"height":1000,"url":"https:\/\/sulsc.com\/wp-content\/uploads\/2023\/09\/IMG_5879.jpg","type":"image\/jpeg"}],"author":"Reda\u00e7\u00e3o Sul SC","twitter_card":"summary_large_image","twitter_creator":"@https:\/\/twitter.com\/PortalSulSC","twitter_misc":{"Written by":"Reda\u00e7\u00e3o Sul SC","Est. reading time":"1 minute"},"schema":{"@context":"https:\/\/schema.org","@graph":[{"@type":"WebPage","@id":"https:\/\/sulsc.com\/index.php\/2023\/09\/13\/setembro-amarelo-tubarao-saneamento-promove-palestra-para-os-colaboradores-sobre-a-conscientizacao-contra-o-suicidio\/","url":"https:\/\/sulsc.com\/index.php\/2023\/09\/13\/setembro-amarelo-tubarao-saneamento-promove-palestra-para-os-colaboradores-sobre-a-conscientizacao-contra-o-suicidio\/","name":"Setembro Amarelo: Tubar\u00e3o Saneamento promove palestra para os colaboradores sobre a conscientiza\u00e7\u00e3o contra o suic\u00eddio -","isPartOf":{"@id":"https:\/\/sulsc.com\/#website"},"datePublished":"2023-09-13T19:00:45+00:00","dateModified":"2023-09-13T18:28:22+00:00","author":{"@id":"https:\/\/sulsc.com\/#\/schema\/person\/84d2fc571684f6248ba83092f07750a3"},"breadcrumb":{"@id":"https:\/\/sulsc.com\/index.php\/2023\/09\/13\/setembro-amarelo-tubarao-saneamento-promove-palestra-para-os-colaboradores-sobre-a-conscientizacao-contra-o-suicidio\/#breadcrumb"},"inLanguage":"en-US","potentialAction":[{"@type":"ReadAction","target":["https:\/\/sulsc.com\/index.php\/2023\/09\/13\/setembro-amarelo-tubarao-saneamento-promove-palestra-para-os-colaboradores-sobre-a-conscientizacao-contra-o-suicidio\/"]}]},{"@type":"BreadcrumbList","@id":"https:\/\/sulsc.com\/index.php\/2023\/09\/13\/setembro-amarelo-tubarao-saneamento-promove-palestra-para-os-colaboradores-sobre-a-conscientizacao-contra-o-suicidio\/#breadcrumb","itemListElement":[{"@type":"ListItem","position":1,"name":"In\u00edcio","item":"https:\/\/sulsc.com\/"},{"@type":"ListItem","position":2,"name":"Setembro Amarelo: Tubar\u00e3o Saneamento promove palestra para os colaboradores sobre a conscientiza\u00e7\u00e3o contra o suic\u00eddio"}]},{"@type":"WebSite","@id":"https:\/\/sulsc.com\/#website","url":"https:\/\/sulsc.com\/","name":"","description":"","potentialAction":[{"@type":"SearchAction","target":{"@type":"EntryPoint","urlTemplate":"https:\/\/sulsc.com\/?s={search_term_string}"},"query-input":"required name=search_term_string"}],"inLanguage":"en-US"},{"@type":"Person","@id":"https:\/\/sulsc.com\/#\/schema\/person\/84d2fc571684f6248ba83092f07750a3","name":"Reda\u00e7\u00e3o Sul SC","image":{"@type":"ImageObject","inLanguage":"en-US","@id":"https:\/\/sulsc.com\/#\/schema\/person\/image\/e08d7fe2cc4ed596372063bbe852b8d0","url":"https:\/\/sulsc.com\/wp-content\/uploads\/2023\/09\/redacao.png","contentUrl":"https:\/\/sulsc.com\/wp-content\/uploads\/2023\/09\/redacao.png","caption":"Reda\u00e7\u00e3o Sul SC"},"description":"Foco em um jornalismo imparcial, voltado \u00e0 qualidade dos seus conte\u00fados e, assim, levar informa\u00e7\u00e3o de valor que agregue \u00e0 vida dos leitores. Esta \u00e9 grande miss\u00e3o do Portal de Not\u00edcias Sul SC. N\u00e3o \u00e9 quantidade que muda o mundo, sempre foi e seguir\u00e1 sendo qualidade!","sameAs":["https:\/\/sulsc.com\/","https:\/\/www.facebook.com\/profile.php?id=61559278119680","https:\/\/www.instagram.com\/sulscportal\/?hl=pt-br","https:\/\/twitter.com\/https:\/\/twitter.com\/PortalSulSC","https:\/\/www.youtube.com\/channel\/UCv_BE8GeySluDov2n8qhVmw"],"url":"https:\/\/sulsc.com\/index.php\/author\/redacao\/"}]}},"authors":[],"_links":{"self":[{"href":"https:\/\/sulsc.com\/index.php\/wp-json\/wp\/v2\/posts\/1063"}],"collection":[{"href":"https:\/\/sulsc.com\/index.php\/wp-json\/wp\/v2\/posts"}],"about":[{"href":"https:\/\/sulsc.com\/index.php\/wp-json\/wp\/v2\/types\/post"}],"author":[{"embeddable":true,"href":"https:\/\/sulsc.com\/index.php\/wp-json\/wp\/v2\/users\/3"}],"replies":[{"embeddable":true,"href":"https:\/\/sulsc.com\/index.php\/wp-json\/wp\/v2\/comments?post=1063"}],"version-history":[{"count":1,"href":"https:\/\/sulsc.com\/index.php\/wp-json\/wp\/v2\/posts\/1063\/revisions"}],"predecessor-version":[{"id":1066,"href":"https:\/\/sulsc.com\/index.php\/wp-json\/wp\/v2\/posts\/1063\/revisions\/1066"}],"wp:featuredmedia":[{"embeddable":true,"href":"https:\/\/sulsc.com\/index.php\/wp-json\/wp\/v2\/media\/1065"}],"wp:attachment":[{"href":"https:\/\/sulsc.com\/index.php\/wp-json\/wp\/v2\/media?parent=1063"}],"wp:term":[{"taxonomy":"category","embeddable":true,"href":"https:\/\/sulsc.com\/index.php\/wp-json\/wp\/v2\/categories?post=1063"},{"taxonomy":"post_tag","embeddable":true,"href":"https:\/\/sulsc.com\/index.php\/wp-json\/wp\/v2\/tags?post=1063"}],"curies":[{"name":"wp","href":"https:\/\/api.w.org\/{rel}","templated":true}]}}