{"id":10676,"date":"2024-03-31T11:05:08","date_gmt":"2024-03-31T14:05:08","guid":{"rendered":"https:\/\/sulsc.com\/?p=10676"},"modified":"2024-03-31T11:05:08","modified_gmt":"2024-03-31T14:05:08","slug":"fabiano-soares-assume-o-comando-tecnico-do-atletico-tubarao","status":"publish","type":"post","link":"https:\/\/sulsc.com\/index.php\/2024\/03\/31\/fabiano-soares-assume-o-comando-tecnico-do-atletico-tubarao\/","title":{"rendered":"Fabiano Soares assume o comando t\u00e9cnico do Atl\u00e9tico Tubar\u00e3o"},"content":{"rendered":"<figure id=\"attachment_10677\" aria-describedby=\"caption-attachment-10677\" style=\"width: 984px\" class=\"wp-caption aligncenter\"><img fetchpriority=\"high\" decoding=\"async\" class=\"size-full wp-image-10677\" src=\"http:\/\/sulsc.com\/wp-content\/uploads\/2024\/03\/fabiano-soares-arquivo-pessoal.webp\" alt=\"\" width=\"984\" height=\"656\" srcset=\"https:\/\/sulsc.com\/wp-content\/uploads\/2024\/03\/fabiano-soares-arquivo-pessoal.webp 984w, https:\/\/sulsc.com\/wp-content\/uploads\/2024\/03\/fabiano-soares-arquivo-pessoal-300x200.webp 300w, https:\/\/sulsc.com\/wp-content\/uploads\/2024\/03\/fabiano-soares-arquivo-pessoal-768x512.webp 768w\" sizes=\"(max-width: 984px) 100vw, 984px\" \/><figcaption id=\"caption-attachment-10677\" class=\"wp-caption-text\">Foto: Divulga\u00e7\u00e3o<\/figcaption><\/figure>\n<p>O Atl\u00e9tico Tubar\u00e3o anunciou oficialmente Fabiano Soares como o novo t\u00e9cnico da equipe, com a miss\u00e3o de liderar a busca pelo retorno \u00e0 S\u00e9rie A do Campeonato Catarinense. A confirma\u00e7\u00e3o foi feita neste s\u00e1bado (30).<\/p>\n<p>Nascido em Mutum, Minas Gerais, Fabiano Soares, de 57 anos, traz consigo uma vasta bagagem no futebol. Como jogador, defendeu renomados clubes como Botafogo, Cruzeiro e S\u00e3o Jos\u00e9 (SP), antes de se aventurar no futebol espanhol, onde atuou pelo Celta de Vigo, Compostela e Racing de Ferrol, entre 1989 e 1992.<\/p>\n<p>Na sua trajet\u00f3ria como treinador, Soares se destacou especialmente durante sua passagem pelo Athl\u00e9tico (PR) em 2017. Al\u00e9m disso, acumula experi\u00eancias em clubes como Compostela, Berganti\u00f1os e Estradense na Espanha, Estoril em Portugal, Jeonnam Dragons na Coreia do Sul, Barra (SC), Vit\u00f3ria (BA) e River (PI).<\/p>\n","protected":false},"excerpt":{"rendered":"<p>O Atl\u00e9tico Tubar\u00e3o anunciou oficialmente Fabiano Soares como o novo t\u00e9cnico da equipe, com a miss\u00e3o de liderar a busca pelo retorno \u00e0 S\u00e9rie A do Campeonato Catarinense. A confirma\u00e7\u00e3o foi feita neste s\u00e1bado (30). Nascido em Mutum, Minas Gerais, Fabiano Soares, de 57 anos, traz consigo uma vasta bagagem no futebol. Como jogador, defendeu &hellip;<\/p>\n<p class=\"read-more\"> <a class=\"\" href=\"https:\/\/sulsc.com\/index.php\/2024\/03\/31\/fabiano-soares-assume-o-comando-tecnico-do-atletico-tubarao\/\"> <span class=\"screen-reader-text\">Fabiano Soares assume o comando t\u00e9cnico do Atl\u00e9tico Tubar\u00e3o<\/span> Read More &raquo;<\/a><\/p>\n","protected":false},"author":3,"featured_media":10677,"comment_status":"open","ping_status":"open","sticky":false,"template":"","format":"standard","meta":{"site-sidebar-layout":"default","site-content-layout":"","ast-site-content-layout":"default","site-content-style":"default","site-sidebar-style":"default","ast-global-header-display":"","ast-banner-title-visibility":"","ast-main-header-display":"","ast-hfb-above-header-display":"","ast-hfb-below-header-display":"","ast-hfb-mobile-header-display":"","site-post-title":"","ast-breadcrumbs-content":"","ast-featured-img":"","footer-sml-layout":"","theme-transparent-header-meta":"default","adv-header-id-meta":"","stick-header-meta":"","header-above-stick-meta":"","header-main-stick-meta":"","header-below-stick-meta":"","astra-migrate-meta-layouts":"set","footnotes":""},"categories":[1],"tags":[393,72],"yoast_head":"<!-- This site is optimized with the Yoast SEO plugin v21.4 - https:\/\/yoast.com\/wordpress\/plugins\/seo\/ -->\n<title>Fabiano Soares assume o comando t\u00e9cnico do Atl\u00e9tico Tubar\u00e3o -<\/title>\n<meta name=\"description\" content=\"O Atl\u00e9tico Tubar\u00e3o anunciou oficialmente Fabiano Soares como o novo t\u00e9cnico da equipe, com a miss\u00e3o de liderar a busca pelo retorno \u00e0 S\u00e9rie A do Campeonato Catarinense. A confirma\u00e7\u00e3o foi feita neste s\u00e1bado (30).\" \/>\n<meta name=\"robots\" content=\"index, follow, max-snippet:-1, max-image-preview:large, max-video-preview:-1\" \/>\n<link rel=\"canonical\" href=\"https:\/\/sulsc.com\/index.php\/2024\/03\/31\/fabiano-soares-assume-o-comando-tecnico-do-atletico-tubarao\/\" \/>\n<meta property=\"og:locale\" content=\"en_US\" \/>\n<meta property=\"og:type\" content=\"article\" \/>\n<meta property=\"og:title\" content=\"Fabiano Soares assume o comando t\u00e9cnico do Atl\u00e9tico Tubar\u00e3o -\" \/>\n<meta property=\"og:description\" content=\"O Atl\u00e9tico Tubar\u00e3o anunciou oficialmente Fabiano Soares como o novo t\u00e9cnico da equipe, com a miss\u00e3o de liderar a busca pelo retorno \u00e0 S\u00e9rie A do Campeonato Catarinense. A confirma\u00e7\u00e3o foi feita neste s\u00e1bado (30).\" \/>\n<meta property=\"og:url\" content=\"https:\/\/sulsc.com\/index.php\/2024\/03\/31\/fabiano-soares-assume-o-comando-tecnico-do-atletico-tubarao\/\" \/>\n<meta property=\"article:author\" content=\"https:\/\/www.facebook.com\/profile.php?id=61559278119680\" \/>\n<meta property=\"article:published_time\" content=\"2024-03-31T14:05:08+00:00\" \/>\n<meta property=\"og:image\" content=\"http:\/\/sulsc.com\/wp-content\/uploads\/2024\/03\/fabiano-soares-arquivo-pessoal.webp\" \/>\n\t<meta property=\"og:image:width\" content=\"984\" \/>\n\t<meta property=\"og:image:height\" content=\"656\" \/>\n\t<meta property=\"og:image:type\" content=\"image\/webp\" \/>\n<meta name=\"author\" content=\"Reda\u00e7\u00e3o Sul SC\" \/>\n<meta name=\"twitter:card\" content=\"summary_large_image\" \/>\n<meta name=\"twitter:creator\" content=\"@https:\/\/twitter.com\/PortalSulSC\" \/>\n<meta name=\"twitter:label1\" content=\"Written by\" \/>\n\t<meta name=\"twitter:data1\" content=\"Reda\u00e7\u00e3o Sul SC\" \/>\n\t<meta name=\"twitter:label2\" content=\"Est. reading time\" \/>\n\t<meta name=\"twitter:data2\" content=\"1 minute\" \/>\n<script type=\"application\/ld+json\" class=\"yoast-schema-graph\">{\"@context\":\"https:\/\/schema.org\",\"@graph\":[{\"@type\":\"WebPage\",\"@id\":\"https:\/\/sulsc.com\/index.php\/2024\/03\/31\/fabiano-soares-assume-o-comando-tecnico-do-atletico-tubarao\/\",\"url\":\"https:\/\/sulsc.com\/index.php\/2024\/03\/31\/fabiano-soares-assume-o-comando-tecnico-do-atletico-tubarao\/\",\"name\":\"Fabiano Soares assume o comando t\u00e9cnico do Atl\u00e9tico Tubar\u00e3o -\",\"isPartOf\":{\"@id\":\"https:\/\/sulsc.com\/#website\"},\"datePublished\":\"2024-03-31T14:05:08+00:00\",\"dateModified\":\"2024-03-31T14:05:08+00:00\",\"author\":{\"@id\":\"https:\/\/sulsc.com\/#\/schema\/person\/84d2fc571684f6248ba83092f07750a3\"},\"description\":\"O Atl\u00e9tico Tubar\u00e3o anunciou oficialmente Fabiano Soares como o novo t\u00e9cnico da equipe, com a miss\u00e3o de liderar a busca pelo retorno \u00e0 S\u00e9rie A do Campeonato Catarinense. A confirma\u00e7\u00e3o foi feita neste s\u00e1bado (30).\",\"breadcrumb\":{\"@id\":\"https:\/\/sulsc.com\/index.php\/2024\/03\/31\/fabiano-soares-assume-o-comando-tecnico-do-atletico-tubarao\/#breadcrumb\"},\"inLanguage\":\"en-US\",\"potentialAction\":[{\"@type\":\"ReadAction\",\"target\":[\"https:\/\/sulsc.com\/index.php\/2024\/03\/31\/fabiano-soares-assume-o-comando-tecnico-do-atletico-tubarao\/\"]}]},{\"@type\":\"BreadcrumbList\",\"@id\":\"https:\/\/sulsc.com\/index.php\/2024\/03\/31\/fabiano-soares-assume-o-comando-tecnico-do-atletico-tubarao\/#breadcrumb\",\"itemListElement\":[{\"@type\":\"ListItem\",\"position\":1,\"name\":\"In\u00edcio\",\"item\":\"https:\/\/sulsc.com\/\"},{\"@type\":\"ListItem\",\"position\":2,\"name\":\"Fabiano Soares assume o comando t\u00e9cnico do Atl\u00e9tico Tubar\u00e3o\"}]},{\"@type\":\"WebSite\",\"@id\":\"https:\/\/sulsc.com\/#website\",\"url\":\"https:\/\/sulsc.com\/\",\"name\":\"\",\"description\":\"\",\"potentialAction\":[{\"@type\":\"SearchAction\",\"target\":{\"@type\":\"EntryPoint\",\"urlTemplate\":\"https:\/\/sulsc.com\/?s={search_term_string}\"},\"query-input\":\"required name=search_term_string\"}],\"inLanguage\":\"en-US\"},{\"@type\":\"Person\",\"@id\":\"https:\/\/sulsc.com\/#\/schema\/person\/84d2fc571684f6248ba83092f07750a3\",\"name\":\"Reda\u00e7\u00e3o Sul SC\",\"image\":{\"@type\":\"ImageObject\",\"inLanguage\":\"en-US\",\"@id\":\"https:\/\/sulsc.com\/#\/schema\/person\/image\/e08d7fe2cc4ed596372063bbe852b8d0\",\"url\":\"https:\/\/sulsc.com\/wp-content\/uploads\/2023\/09\/redacao.png\",\"contentUrl\":\"https:\/\/sulsc.com\/wp-content\/uploads\/2023\/09\/redacao.png\",\"caption\":\"Reda\u00e7\u00e3o Sul SC\"},\"description\":\"Foco em um jornalismo imparcial, voltado \u00e0 qualidade dos seus conte\u00fados e, assim, levar informa\u00e7\u00e3o de valor que agregue \u00e0 vida dos leitores. Esta \u00e9 grande miss\u00e3o do Portal de Not\u00edcias Sul SC. N\u00e3o \u00e9 quantidade que muda o mundo, sempre foi e seguir\u00e1 sendo qualidade!\",\"sameAs\":[\"https:\/\/sulsc.com\/\",\"https:\/\/www.facebook.com\/profile.php?id=61559278119680\",\"https:\/\/www.instagram.com\/sulscportal\/?hl=pt-br\",\"https:\/\/twitter.com\/https:\/\/twitter.com\/PortalSulSC\",\"https:\/\/www.youtube.com\/channel\/UCv_BE8GeySluDov2n8qhVmw\"],\"url\":\"https:\/\/sulsc.com\/index.php\/author\/redacao\/\"}]}<\/script>\n<!-- \/ Yoast SEO plugin. -->","yoast_head_json":{"title":"Fabiano Soares assume o comando t\u00e9cnico do Atl\u00e9tico Tubar\u00e3o -","description":"O Atl\u00e9tico Tubar\u00e3o anunciou oficialmente Fabiano Soares como o novo t\u00e9cnico da equipe, com a miss\u00e3o de liderar a busca pelo retorno \u00e0 S\u00e9rie A do Campeonato Catarinense. A confirma\u00e7\u00e3o foi feita neste s\u00e1bado (30).","robots":{"index":"index","follow":"follow","max-snippet":"max-snippet:-1","max-image-preview":"max-image-preview:large","max-video-preview":"max-video-preview:-1"},"canonical":"https:\/\/sulsc.com\/index.php\/2024\/03\/31\/fabiano-soares-assume-o-comando-tecnico-do-atletico-tubarao\/","og_locale":"en_US","og_type":"article","og_title":"Fabiano Soares assume o comando t\u00e9cnico do Atl\u00e9tico Tubar\u00e3o -","og_description":"O Atl\u00e9tico Tubar\u00e3o anunciou oficialmente Fabiano Soares como o novo t\u00e9cnico da equipe, com a miss\u00e3o de liderar a busca pelo retorno \u00e0 S\u00e9rie A do Campeonato Catarinense. A confirma\u00e7\u00e3o foi feita neste s\u00e1bado (30).","og_url":"https:\/\/sulsc.com\/index.php\/2024\/03\/31\/fabiano-soares-assume-o-comando-tecnico-do-atletico-tubarao\/","article_author":"https:\/\/www.facebook.com\/profile.php?id=61559278119680","article_published_time":"2024-03-31T14:05:08+00:00","og_image":[{"width":984,"height":656,"url":"http:\/\/sulsc.com\/wp-content\/uploads\/2024\/03\/fabiano-soares-arquivo-pessoal.webp","type":"image\/webp"}],"author":"Reda\u00e7\u00e3o Sul SC","twitter_card":"summary_large_image","twitter_creator":"@https:\/\/twitter.com\/PortalSulSC","twitter_misc":{"Written by":"Reda\u00e7\u00e3o Sul SC","Est. reading time":"1 minute"},"schema":{"@context":"https:\/\/schema.org","@graph":[{"@type":"WebPage","@id":"https:\/\/sulsc.com\/index.php\/2024\/03\/31\/fabiano-soares-assume-o-comando-tecnico-do-atletico-tubarao\/","url":"https:\/\/sulsc.com\/index.php\/2024\/03\/31\/fabiano-soares-assume-o-comando-tecnico-do-atletico-tubarao\/","name":"Fabiano Soares assume o comando t\u00e9cnico do Atl\u00e9tico Tubar\u00e3o -","isPartOf":{"@id":"https:\/\/sulsc.com\/#website"},"datePublished":"2024-03-31T14:05:08+00:00","dateModified":"2024-03-31T14:05:08+00:00","author":{"@id":"https:\/\/sulsc.com\/#\/schema\/person\/84d2fc571684f6248ba83092f07750a3"},"description":"O Atl\u00e9tico Tubar\u00e3o anunciou oficialmente Fabiano Soares como o novo t\u00e9cnico da equipe, com a miss\u00e3o de liderar a busca pelo retorno \u00e0 S\u00e9rie A do Campeonato Catarinense. A confirma\u00e7\u00e3o foi feita neste s\u00e1bado (30).","breadcrumb":{"@id":"https:\/\/sulsc.com\/index.php\/2024\/03\/31\/fabiano-soares-assume-o-comando-tecnico-do-atletico-tubarao\/#breadcrumb"},"inLanguage":"en-US","potentialAction":[{"@type":"ReadAction","target":["https:\/\/sulsc.com\/index.php\/2024\/03\/31\/fabiano-soares-assume-o-comando-tecnico-do-atletico-tubarao\/"]}]},{"@type":"BreadcrumbList","@id":"https:\/\/sulsc.com\/index.php\/2024\/03\/31\/fabiano-soares-assume-o-comando-tecnico-do-atletico-tubarao\/#breadcrumb","itemListElement":[{"@type":"ListItem","position":1,"name":"In\u00edcio","item":"https:\/\/sulsc.com\/"},{"@type":"ListItem","position":2,"name":"Fabiano Soares assume o comando t\u00e9cnico do Atl\u00e9tico Tubar\u00e3o"}]},{"@type":"WebSite","@id":"https:\/\/sulsc.com\/#website","url":"https:\/\/sulsc.com\/","name":"","description":"","potentialAction":[{"@type":"SearchAction","target":{"@type":"EntryPoint","urlTemplate":"https:\/\/sulsc.com\/?s={search_term_string}"},"query-input":"required name=search_term_string"}],"inLanguage":"en-US"},{"@type":"Person","@id":"https:\/\/sulsc.com\/#\/schema\/person\/84d2fc571684f6248ba83092f07750a3","name":"Reda\u00e7\u00e3o Sul SC","image":{"@type":"ImageObject","inLanguage":"en-US","@id":"https:\/\/sulsc.com\/#\/schema\/person\/image\/e08d7fe2cc4ed596372063bbe852b8d0","url":"https:\/\/sulsc.com\/wp-content\/uploads\/2023\/09\/redacao.png","contentUrl":"https:\/\/sulsc.com\/wp-content\/uploads\/2023\/09\/redacao.png","caption":"Reda\u00e7\u00e3o Sul SC"},"description":"Foco em um jornalismo imparcial, voltado \u00e0 qualidade dos seus conte\u00fados e, assim, levar informa\u00e7\u00e3o de valor que agregue \u00e0 vida dos leitores. Esta \u00e9 grande miss\u00e3o do Portal de Not\u00edcias Sul SC. N\u00e3o \u00e9 quantidade que muda o mundo, sempre foi e seguir\u00e1 sendo qualidade!","sameAs":["https:\/\/sulsc.com\/","https:\/\/www.facebook.com\/profile.php?id=61559278119680","https:\/\/www.instagram.com\/sulscportal\/?hl=pt-br","https:\/\/twitter.com\/https:\/\/twitter.com\/PortalSulSC","https:\/\/www.youtube.com\/channel\/UCv_BE8GeySluDov2n8qhVmw"],"url":"https:\/\/sulsc.com\/index.php\/author\/redacao\/"}]}},"authors":[],"_links":{"self":[{"href":"https:\/\/sulsc.com\/index.php\/wp-json\/wp\/v2\/posts\/10676"}],"collection":[{"href":"https:\/\/sulsc.com\/index.php\/wp-json\/wp\/v2\/posts"}],"about":[{"href":"https:\/\/sulsc.com\/index.php\/wp-json\/wp\/v2\/types\/post"}],"author":[{"embeddable":true,"href":"https:\/\/sulsc.com\/index.php\/wp-json\/wp\/v2\/users\/3"}],"replies":[{"embeddable":true,"href":"https:\/\/sulsc.com\/index.php\/wp-json\/wp\/v2\/comments?post=10676"}],"version-history":[{"count":1,"href":"https:\/\/sulsc.com\/index.php\/wp-json\/wp\/v2\/posts\/10676\/revisions"}],"predecessor-version":[{"id":10678,"href":"https:\/\/sulsc.com\/index.php\/wp-json\/wp\/v2\/posts\/10676\/revisions\/10678"}],"wp:featuredmedia":[{"embeddable":true,"href":"https:\/\/sulsc.com\/index.php\/wp-json\/wp\/v2\/media\/10677"}],"wp:attachment":[{"href":"https:\/\/sulsc.com\/index.php\/wp-json\/wp\/v2\/media?parent=10676"}],"wp:term":[{"taxonomy":"category","embeddable":true,"href":"https:\/\/sulsc.com\/index.php\/wp-json\/wp\/v2\/categories?post=10676"},{"taxonomy":"post_tag","embeddable":true,"href":"https:\/\/sulsc.com\/index.php\/wp-json\/wp\/v2\/tags?post=10676"}],"curies":[{"name":"wp","href":"https:\/\/api.w.org\/{rel}","templated":true}]}}