{"id":10712,"date":"2024-04-01T16:33:31","date_gmt":"2024-04-01T19:33:31","guid":{"rendered":"https:\/\/sulsc.com\/?p=10712"},"modified":"2024-04-01T16:33:31","modified_gmt":"2024-04-01T19:33:31","slug":"iniciada-reforma-emergencial-de-ponte-na-rodovia-aggeu-medeiros","status":"publish","type":"post","link":"https:\/\/sulsc.com\/index.php\/2024\/04\/01\/iniciada-reforma-emergencial-de-ponte-na-rodovia-aggeu-medeiros\/","title":{"rendered":"Iniciada reforma emergencial de ponte na Rodovia Aggeu Medeiros"},"content":{"rendered":"<p><img fetchpriority=\"high\" decoding=\"async\" class=\"aligncenter size-full wp-image-10713\" src=\"http:\/\/sulsc.com\/wp-content\/uploads\/2024\/04\/6.jpeg\" alt=\"\" width=\"1600\" height=\"1200\" srcset=\"https:\/\/sulsc.com\/wp-content\/uploads\/2024\/04\/6.jpeg 1600w, https:\/\/sulsc.com\/wp-content\/uploads\/2024\/04\/6-300x225.jpeg 300w, https:\/\/sulsc.com\/wp-content\/uploads\/2024\/04\/6-1024x768.jpeg 1024w, https:\/\/sulsc.com\/wp-content\/uploads\/2024\/04\/6-768x576.jpeg 768w, https:\/\/sulsc.com\/wp-content\/uploads\/2024\/04\/6-1536x1152.jpeg 1536w\" sizes=\"(max-width: 1600px) 100vw, 1600px\" \/><\/p>\n<p>A Prefeitura de Tubar\u00e3o, por meio da Secretaria de Agricultura e Interior, iniciou nesta segunda-feira (1\u00ba), os trabalhos de reparos emergenciais na ponte de madeira na Rodovia Aggeu Medeiros. A travessia, no limite com o munic\u00edpio de Laguna, estava interditada h\u00e1 duas semanas por conta das p\u00e9ssimas condi\u00e7\u00f5es das estruturas.<\/p>\n<p>A ponte ser\u00e1 refeita toda em madeira, j\u00e1 que a rodovia Aggeu Medeiros est\u00e1 em obras de pavimenta\u00e7\u00e3o asf\u00e1ltica e o projeto prev\u00ea uma travessia de concreto no local. A estrutura provis\u00f3ria vai beneficiar, principalmente, a empreiteira respons\u00e1vel pelas obras e, tamb\u00e9m, produtores rurais da regi\u00e3o.<\/p>\n<p>Na remo\u00e7\u00e3o das madeiras da ponte interditada foi constatada que algumas vigas estavam completamente podres. Nesta ter\u00e7a-feira (2), ser\u00e3o colocadas novas vigas no local e a expectativa \u00e9 de que o tr\u00e1fego de ve\u00edculos possa ser restabelecido ainda nesta semana.<\/p>\n","protected":false},"excerpt":{"rendered":"<p>A Prefeitura de Tubar\u00e3o, por meio da Secretaria de Agricultura e Interior, iniciou nesta segunda-feira (1\u00ba), os trabalhos de reparos emergenciais na ponte de madeira na Rodovia Aggeu Medeiros. A travessia, no limite com o munic\u00edpio de Laguna, estava interditada h\u00e1 duas semanas por conta das p\u00e9ssimas condi\u00e7\u00f5es das estruturas. A ponte ser\u00e1 refeita toda &hellip;<\/p>\n<p class=\"read-more\"> <a class=\"\" href=\"https:\/\/sulsc.com\/index.php\/2024\/04\/01\/iniciada-reforma-emergencial-de-ponte-na-rodovia-aggeu-medeiros\/\"> <span class=\"screen-reader-text\">Iniciada reforma emergencial de ponte na Rodovia Aggeu Medeiros<\/span> Read More &raquo;<\/a><\/p>\n","protected":false},"author":3,"featured_media":10713,"comment_status":"open","ping_status":"open","sticky":false,"template":"","format":"standard","meta":{"site-sidebar-layout":"default","site-content-layout":"","ast-site-content-layout":"default","site-content-style":"default","site-sidebar-style":"default","ast-global-header-display":"","ast-banner-title-visibility":"","ast-main-header-display":"","ast-hfb-above-header-display":"","ast-hfb-below-header-display":"","ast-hfb-mobile-header-display":"","site-post-title":"","ast-breadcrumbs-content":"","ast-featured-img":"","footer-sml-layout":"","theme-transparent-header-meta":"default","adv-header-id-meta":"","stick-header-meta":"","header-above-stick-meta":"","header-main-stick-meta":"","header-below-stick-meta":"","astra-migrate-meta-layouts":"set","footnotes":""},"categories":[1],"tags":[65,1736,1582,72],"yoast_head":"<!-- This site is optimized with the Yoast SEO plugin v21.4 - https:\/\/yoast.com\/wordpress\/plugins\/seo\/ -->\n<title>Iniciada reforma emergencial de ponte na Rodovia Aggeu Medeiros -<\/title>\n<meta name=\"description\" content=\"A ponte ser\u00e1 refeita toda em madeira, j\u00e1 que a rodovia Aggeu Medeiros est\u00e1 em obras de pavimenta\u00e7\u00e3o asf\u00e1ltica e o projeto prev\u00ea uma travessia de concreto no local.\" \/>\n<meta name=\"robots\" content=\"index, follow, max-snippet:-1, max-image-preview:large, max-video-preview:-1\" \/>\n<link rel=\"canonical\" href=\"https:\/\/sulsc.com\/index.php\/2024\/04\/01\/iniciada-reforma-emergencial-de-ponte-na-rodovia-aggeu-medeiros\/\" \/>\n<meta property=\"og:locale\" content=\"en_US\" \/>\n<meta property=\"og:type\" content=\"article\" \/>\n<meta property=\"og:title\" content=\"Iniciada reforma emergencial de ponte na Rodovia Aggeu Medeiros -\" \/>\n<meta property=\"og:description\" content=\"A ponte ser\u00e1 refeita toda em madeira, j\u00e1 que a rodovia Aggeu Medeiros est\u00e1 em obras de pavimenta\u00e7\u00e3o asf\u00e1ltica e o projeto prev\u00ea uma travessia de concreto no local.\" \/>\n<meta property=\"og:url\" content=\"https:\/\/sulsc.com\/index.php\/2024\/04\/01\/iniciada-reforma-emergencial-de-ponte-na-rodovia-aggeu-medeiros\/\" \/>\n<meta property=\"article:author\" content=\"https:\/\/www.facebook.com\/profile.php?id=61559278119680\" \/>\n<meta property=\"article:published_time\" content=\"2024-04-01T19:33:31+00:00\" \/>\n<meta property=\"og:image\" content=\"http:\/\/sulsc.com\/wp-content\/uploads\/2024\/04\/6.jpeg\" \/>\n\t<meta property=\"og:image:width\" content=\"1600\" \/>\n\t<meta property=\"og:image:height\" content=\"1200\" \/>\n\t<meta property=\"og:image:type\" content=\"image\/jpeg\" \/>\n<meta name=\"author\" content=\"Reda\u00e7\u00e3o Sul SC\" \/>\n<meta name=\"twitter:card\" content=\"summary_large_image\" \/>\n<meta name=\"twitter:creator\" content=\"@https:\/\/twitter.com\/PortalSulSC\" \/>\n<meta name=\"twitter:label1\" content=\"Written by\" \/>\n\t<meta name=\"twitter:data1\" content=\"Reda\u00e7\u00e3o Sul SC\" \/>\n\t<meta name=\"twitter:label2\" content=\"Est. reading time\" \/>\n\t<meta name=\"twitter:data2\" content=\"1 minute\" \/>\n<script type=\"application\/ld+json\" class=\"yoast-schema-graph\">{\"@context\":\"https:\/\/schema.org\",\"@graph\":[{\"@type\":\"WebPage\",\"@id\":\"https:\/\/sulsc.com\/index.php\/2024\/04\/01\/iniciada-reforma-emergencial-de-ponte-na-rodovia-aggeu-medeiros\/\",\"url\":\"https:\/\/sulsc.com\/index.php\/2024\/04\/01\/iniciada-reforma-emergencial-de-ponte-na-rodovia-aggeu-medeiros\/\",\"name\":\"Iniciada reforma emergencial de ponte na Rodovia Aggeu Medeiros -\",\"isPartOf\":{\"@id\":\"https:\/\/sulsc.com\/#website\"},\"datePublished\":\"2024-04-01T19:33:31+00:00\",\"dateModified\":\"2024-04-01T19:33:31+00:00\",\"author\":{\"@id\":\"https:\/\/sulsc.com\/#\/schema\/person\/84d2fc571684f6248ba83092f07750a3\"},\"description\":\"A ponte ser\u00e1 refeita toda em madeira, j\u00e1 que a rodovia Aggeu Medeiros est\u00e1 em obras de pavimenta\u00e7\u00e3o asf\u00e1ltica e o projeto prev\u00ea uma travessia de concreto no local.\",\"breadcrumb\":{\"@id\":\"https:\/\/sulsc.com\/index.php\/2024\/04\/01\/iniciada-reforma-emergencial-de-ponte-na-rodovia-aggeu-medeiros\/#breadcrumb\"},\"inLanguage\":\"en-US\",\"potentialAction\":[{\"@type\":\"ReadAction\",\"target\":[\"https:\/\/sulsc.com\/index.php\/2024\/04\/01\/iniciada-reforma-emergencial-de-ponte-na-rodovia-aggeu-medeiros\/\"]}]},{\"@type\":\"BreadcrumbList\",\"@id\":\"https:\/\/sulsc.com\/index.php\/2024\/04\/01\/iniciada-reforma-emergencial-de-ponte-na-rodovia-aggeu-medeiros\/#breadcrumb\",\"itemListElement\":[{\"@type\":\"ListItem\",\"position\":1,\"name\":\"In\u00edcio\",\"item\":\"https:\/\/sulsc.com\/\"},{\"@type\":\"ListItem\",\"position\":2,\"name\":\"Iniciada reforma emergencial de ponte na Rodovia Aggeu Medeiros\"}]},{\"@type\":\"WebSite\",\"@id\":\"https:\/\/sulsc.com\/#website\",\"url\":\"https:\/\/sulsc.com\/\",\"name\":\"\",\"description\":\"\",\"potentialAction\":[{\"@type\":\"SearchAction\",\"target\":{\"@type\":\"EntryPoint\",\"urlTemplate\":\"https:\/\/sulsc.com\/?s={search_term_string}\"},\"query-input\":\"required name=search_term_string\"}],\"inLanguage\":\"en-US\"},{\"@type\":\"Person\",\"@id\":\"https:\/\/sulsc.com\/#\/schema\/person\/84d2fc571684f6248ba83092f07750a3\",\"name\":\"Reda\u00e7\u00e3o Sul SC\",\"image\":{\"@type\":\"ImageObject\",\"inLanguage\":\"en-US\",\"@id\":\"https:\/\/sulsc.com\/#\/schema\/person\/image\/e08d7fe2cc4ed596372063bbe852b8d0\",\"url\":\"https:\/\/sulsc.com\/wp-content\/uploads\/2023\/09\/redacao.png\",\"contentUrl\":\"https:\/\/sulsc.com\/wp-content\/uploads\/2023\/09\/redacao.png\",\"caption\":\"Reda\u00e7\u00e3o Sul SC\"},\"description\":\"Foco em um jornalismo imparcial, voltado \u00e0 qualidade dos seus conte\u00fados e, assim, levar informa\u00e7\u00e3o de valor que agregue \u00e0 vida dos leitores. Esta \u00e9 grande miss\u00e3o do Portal de Not\u00edcias Sul SC. N\u00e3o \u00e9 quantidade que muda o mundo, sempre foi e seguir\u00e1 sendo qualidade!\",\"sameAs\":[\"https:\/\/sulsc.com\/\",\"https:\/\/www.facebook.com\/profile.php?id=61559278119680\",\"https:\/\/www.instagram.com\/sulscportal\/?hl=pt-br\",\"https:\/\/twitter.com\/https:\/\/twitter.com\/PortalSulSC\",\"https:\/\/www.youtube.com\/channel\/UCv_BE8GeySluDov2n8qhVmw\"],\"url\":\"https:\/\/sulsc.com\/index.php\/author\/redacao\/\"}]}<\/script>\n<!-- \/ Yoast SEO plugin. -->","yoast_head_json":{"title":"Iniciada reforma emergencial de ponte na Rodovia Aggeu Medeiros -","description":"A ponte ser\u00e1 refeita toda em madeira, j\u00e1 que a rodovia Aggeu Medeiros est\u00e1 em obras de pavimenta\u00e7\u00e3o asf\u00e1ltica e o projeto prev\u00ea uma travessia de concreto no local.","robots":{"index":"index","follow":"follow","max-snippet":"max-snippet:-1","max-image-preview":"max-image-preview:large","max-video-preview":"max-video-preview:-1"},"canonical":"https:\/\/sulsc.com\/index.php\/2024\/04\/01\/iniciada-reforma-emergencial-de-ponte-na-rodovia-aggeu-medeiros\/","og_locale":"en_US","og_type":"article","og_title":"Iniciada reforma emergencial de ponte na Rodovia Aggeu Medeiros -","og_description":"A ponte ser\u00e1 refeita toda em madeira, j\u00e1 que a rodovia Aggeu Medeiros est\u00e1 em obras de pavimenta\u00e7\u00e3o asf\u00e1ltica e o projeto prev\u00ea uma travessia de concreto no local.","og_url":"https:\/\/sulsc.com\/index.php\/2024\/04\/01\/iniciada-reforma-emergencial-de-ponte-na-rodovia-aggeu-medeiros\/","article_author":"https:\/\/www.facebook.com\/profile.php?id=61559278119680","article_published_time":"2024-04-01T19:33:31+00:00","og_image":[{"width":1600,"height":1200,"url":"http:\/\/sulsc.com\/wp-content\/uploads\/2024\/04\/6.jpeg","type":"image\/jpeg"}],"author":"Reda\u00e7\u00e3o Sul SC","twitter_card":"summary_large_image","twitter_creator":"@https:\/\/twitter.com\/PortalSulSC","twitter_misc":{"Written by":"Reda\u00e7\u00e3o Sul SC","Est. reading time":"1 minute"},"schema":{"@context":"https:\/\/schema.org","@graph":[{"@type":"WebPage","@id":"https:\/\/sulsc.com\/index.php\/2024\/04\/01\/iniciada-reforma-emergencial-de-ponte-na-rodovia-aggeu-medeiros\/","url":"https:\/\/sulsc.com\/index.php\/2024\/04\/01\/iniciada-reforma-emergencial-de-ponte-na-rodovia-aggeu-medeiros\/","name":"Iniciada reforma emergencial de ponte na Rodovia Aggeu Medeiros -","isPartOf":{"@id":"https:\/\/sulsc.com\/#website"},"datePublished":"2024-04-01T19:33:31+00:00","dateModified":"2024-04-01T19:33:31+00:00","author":{"@id":"https:\/\/sulsc.com\/#\/schema\/person\/84d2fc571684f6248ba83092f07750a3"},"description":"A ponte ser\u00e1 refeita toda em madeira, j\u00e1 que a rodovia Aggeu Medeiros est\u00e1 em obras de pavimenta\u00e7\u00e3o asf\u00e1ltica e o projeto prev\u00ea uma travessia de concreto no local.","breadcrumb":{"@id":"https:\/\/sulsc.com\/index.php\/2024\/04\/01\/iniciada-reforma-emergencial-de-ponte-na-rodovia-aggeu-medeiros\/#breadcrumb"},"inLanguage":"en-US","potentialAction":[{"@type":"ReadAction","target":["https:\/\/sulsc.com\/index.php\/2024\/04\/01\/iniciada-reforma-emergencial-de-ponte-na-rodovia-aggeu-medeiros\/"]}]},{"@type":"BreadcrumbList","@id":"https:\/\/sulsc.com\/index.php\/2024\/04\/01\/iniciada-reforma-emergencial-de-ponte-na-rodovia-aggeu-medeiros\/#breadcrumb","itemListElement":[{"@type":"ListItem","position":1,"name":"In\u00edcio","item":"https:\/\/sulsc.com\/"},{"@type":"ListItem","position":2,"name":"Iniciada reforma emergencial de ponte na Rodovia Aggeu Medeiros"}]},{"@type":"WebSite","@id":"https:\/\/sulsc.com\/#website","url":"https:\/\/sulsc.com\/","name":"","description":"","potentialAction":[{"@type":"SearchAction","target":{"@type":"EntryPoint","urlTemplate":"https:\/\/sulsc.com\/?s={search_term_string}"},"query-input":"required name=search_term_string"}],"inLanguage":"en-US"},{"@type":"Person","@id":"https:\/\/sulsc.com\/#\/schema\/person\/84d2fc571684f6248ba83092f07750a3","name":"Reda\u00e7\u00e3o Sul SC","image":{"@type":"ImageObject","inLanguage":"en-US","@id":"https:\/\/sulsc.com\/#\/schema\/person\/image\/e08d7fe2cc4ed596372063bbe852b8d0","url":"https:\/\/sulsc.com\/wp-content\/uploads\/2023\/09\/redacao.png","contentUrl":"https:\/\/sulsc.com\/wp-content\/uploads\/2023\/09\/redacao.png","caption":"Reda\u00e7\u00e3o Sul SC"},"description":"Foco em um jornalismo imparcial, voltado \u00e0 qualidade dos seus conte\u00fados e, assim, levar informa\u00e7\u00e3o de valor que agregue \u00e0 vida dos leitores. Esta \u00e9 grande miss\u00e3o do Portal de Not\u00edcias Sul SC. N\u00e3o \u00e9 quantidade que muda o mundo, sempre foi e seguir\u00e1 sendo qualidade!","sameAs":["https:\/\/sulsc.com\/","https:\/\/www.facebook.com\/profile.php?id=61559278119680","https:\/\/www.instagram.com\/sulscportal\/?hl=pt-br","https:\/\/twitter.com\/https:\/\/twitter.com\/PortalSulSC","https:\/\/www.youtube.com\/channel\/UCv_BE8GeySluDov2n8qhVmw"],"url":"https:\/\/sulsc.com\/index.php\/author\/redacao\/"}]}},"authors":[],"_links":{"self":[{"href":"https:\/\/sulsc.com\/index.php\/wp-json\/wp\/v2\/posts\/10712"}],"collection":[{"href":"https:\/\/sulsc.com\/index.php\/wp-json\/wp\/v2\/posts"}],"about":[{"href":"https:\/\/sulsc.com\/index.php\/wp-json\/wp\/v2\/types\/post"}],"author":[{"embeddable":true,"href":"https:\/\/sulsc.com\/index.php\/wp-json\/wp\/v2\/users\/3"}],"replies":[{"embeddable":true,"href":"https:\/\/sulsc.com\/index.php\/wp-json\/wp\/v2\/comments?post=10712"}],"version-history":[{"count":1,"href":"https:\/\/sulsc.com\/index.php\/wp-json\/wp\/v2\/posts\/10712\/revisions"}],"predecessor-version":[{"id":10714,"href":"https:\/\/sulsc.com\/index.php\/wp-json\/wp\/v2\/posts\/10712\/revisions\/10714"}],"wp:featuredmedia":[{"embeddable":true,"href":"https:\/\/sulsc.com\/index.php\/wp-json\/wp\/v2\/media\/10713"}],"wp:attachment":[{"href":"https:\/\/sulsc.com\/index.php\/wp-json\/wp\/v2\/media?parent=10712"}],"wp:term":[{"taxonomy":"category","embeddable":true,"href":"https:\/\/sulsc.com\/index.php\/wp-json\/wp\/v2\/categories?post=10712"},{"taxonomy":"post_tag","embeddable":true,"href":"https:\/\/sulsc.com\/index.php\/wp-json\/wp\/v2\/tags?post=10712"}],"curies":[{"name":"wp","href":"https:\/\/api.w.org\/{rel}","templated":true}]}}