{"id":10732,"date":"2024-04-02T13:04:53","date_gmt":"2024-04-02T16:04:53","guid":{"rendered":"https:\/\/sulsc.com\/?p=10732"},"modified":"2024-04-02T13:04:53","modified_gmt":"2024-04-02T16:04:53","slug":"dunas-da-ribanceira-em-imbituba-sao-tombadas-e-finalmente-protegidas","status":"publish","type":"post","link":"https:\/\/sulsc.com\/index.php\/2024\/04\/02\/dunas-da-ribanceira-em-imbituba-sao-tombadas-e-finalmente-protegidas\/","title":{"rendered":"Dunas da Ribanceira, em Imbituba, s\u00e3o tombadas e finalmente protegidas"},"content":{"rendered":"<header class=\"entry-header\">\n<div class=\"header-details-wrapper\">\n<figure id=\"attachment_10733\" aria-describedby=\"caption-attachment-10733\" style=\"width: 985px\" class=\"wp-caption aligncenter\"><img fetchpriority=\"high\" decoding=\"async\" class=\" wp-image-10733\" src=\"http:\/\/sulsc.com\/wp-content\/uploads\/2024\/04\/10.jpg\" alt=\"\" width=\"985\" height=\"484\" \/><figcaption id=\"caption-attachment-10733\" class=\"wp-caption-text\">1\u00ba abra\u00e7o simb\u00f3lico \u00e0s Dunas da Ribanceira, em 2013, contou a presen\u00e7a de quase 200 pessoas (Foto: Eduardo Rosa\/Sul SC)<\/figcaption><\/figure>\n<div class=\"entry-header-details\">\n<div class=\"post-excerpt\">\n<p>Nesta segunda feira (1\u00ba) no Di\u00e1rio Oficial dos Munic\u00edpios (DOM) foi publicado com uma novidade, o Tombamento das Dunas da Ribanceira, em <strong>Imbituba<\/strong>, ainda que provis\u00f3rio. Ap\u00f3s uma luta incessante de um grupo de pessoas da cidade, entre 2013 e 2014, as dunas da Riba deixaram de ser exploradas. Esta corrida contra o tempo vem desde os anos 1980.<\/p>\n<\/div>\n<\/div>\n<\/div>\n<div class=\"aft-post-thumbnail-wrapper\">\n<div class=\"post-thumbnail full-width-image\"><span style=\"font-size: 16px;\">Em setembro deste ano, ser\u00e1 completada uma d\u00e9cada de preserva\u00e7\u00e3o das dunas da Ribanceira, um marco hist\u00f3rico para a conserva\u00e7\u00e3o de um dos maiores patrim\u00f4nios do munic\u00edpio litor\u00e2neo da Amurel, e que se tornou uma ressignificado para a luta pela preserva\u00e7\u00e3o de toda Imbituba.<\/span><\/div>\n<div><\/div>\n<div class=\"post-thumbnail full-width-image\"><span style=\"font-size: 16px;\">Casualmente, neste dia 1\u00ba abril, apesar de popularmente conhecido como \u2018Dia da Mentira\u2019, a no DOM de n\u00ba 5809673, referente \u00e0 Resolu\u00e7\u00e3o CMPC\/IMB N\u00ba 01, de 22 de setembro de 2023, ficou definido o \u2018<\/span><em style=\"font-size: 16px;\">Tombamento provis\u00f3rio do Conjunto Paisag\u00edstico e Arqueol\u00f3gico das Dunas da Ribanceira&#8217;<\/em><span style=\"font-size: 16px;\">.<\/span><\/div>\n<\/div>\n<\/header>\n<div class=\"entry-content\">\n<div class=\"wp-block-image\">\n<figure class=\"aligncenter size-large is-resized\"><img decoding=\"async\" class=\"wp-image-8923 lazyloaded\" src=\"https:\/\/surfemais.com.br\/wp-content\/uploads\/2024\/04\/waves_images-1024x650.jpg\" sizes=\"(max-width: 1024px) 100vw, 1024px\" srcset=\"https:\/\/surfemais.com.br\/wp-content\/uploads\/2024\/04\/waves_images-1024x650.jpg 1024w, https:\/\/surfemais.com.br\/wp-content\/uploads\/2024\/04\/waves_images-300x190.jpg 300w, https:\/\/surfemais.com.br\/wp-content\/uploads\/2024\/04\/waves_images-768x487.jpg 768w, https:\/\/surfemais.com.br\/wp-content\/uploads\/2024\/04\/waves_images.jpg 1500w\" alt=\"\" width=\"1024\" height=\"650\" data-srcset=\"https:\/\/surfemais.com.br\/wp-content\/uploads\/2024\/04\/waves_images-1024x650.jpg 1024w, https:\/\/surfemais.com.br\/wp-content\/uploads\/2024\/04\/waves_images-300x190.jpg 300w, https:\/\/surfemais.com.br\/wp-content\/uploads\/2024\/04\/waves_images-768x487.jpg 768w, https:\/\/surfemais.com.br\/wp-content\/uploads\/2024\/04\/waves_images.jpg 1500w\" data-src=\"https:\/\/surfemais.com.br\/wp-content\/uploads\/2024\/04\/waves_images-1024x650.jpg\" data-sizes=\"(max-width: 1024px) 100vw, 1024px\" \/><figcaption class=\"wp-element-caption\"><strong><em>A imensid\u00e3o das dunas da Ribanceira, s\u00f3 pode ser visto a dist\u00e2ncia. Foto: Eduardo Rosa.<\/em><\/strong><\/figcaption><\/figure>\n<\/div>\n<p>Al\u00e9m disso, no artigo 4\u00ba desta resolu\u00e7\u00e3o, define algo muito importante para a preserva\u00e7\u00e3o das dunas, em que o Conselho e Diretoria de Cultura da cidade chama para si a responsabilidade, a partir de agora, das dunas da Ribanceira: \u2018<em><strong>Qualquer interven\u00e7\u00e3o na \u00e1rea tombada e bem como no seu entorno ser\u00e1 submetida, previamente, \u00e0 an\u00e1lise do \u00d3rg\u00e3o Gestor da Cultura, que emitir\u00e1 parecer e submeter\u00e1 ao Conselho Municipal de Pol\u00edtica Cultural<\/strong><\/em>\u2018.<\/p>\n<p class=\"has-medium-font-size\"><strong><em>Tombamento \u2018provis\u00f3rio\u2019: Medida depende agora de medi\u00e7\u00f5es em campo<\/em><\/strong><\/p>\n<p>O processo de tombamento das dunas da Ribanceira foi uma delibera\u00e7\u00e3o do Conselho Municipal de Cultura de Imbituba e foi iniciado e aprovado em 4 de novembro de 2014. O referido \u2018Tombamento Provis\u00f3rio\u2019 foi assim definido para que estudos em campo agora possam ser feitos para delimitar a \u00e1rea do entorno do bem tombado. Segundo a Superintendente de Cultura de Imbituba, Alessandra Santos, \u201c<em><strong>Foi tombado provisoriamente para garantir a seguran\u00e7a do bem e agora ser\u00e1 feito o estudo do entorno das dunas para delimitar a \u00e1rea<\/strong><\/em>\u201c.<\/p>\n<p class=\"has-medium-font-size\"><strong><em>Integrantes do SOS Dunas da Ribanceira comemoram mais uma conquista<\/em><\/strong><\/p>\n<div class=\"wp-block-image\">\n<figure class=\"aligncenter size-full\"><img decoding=\"async\" class=\"wp-image-8925 lazyloaded\" src=\"https:\/\/surfemais.com.br\/wp-content\/uploads\/2024\/04\/SAM_8081-e1448378660752-1.jpg\" sizes=\"(max-width: 800px) 100vw, 800px\" srcset=\"https:\/\/surfemais.com.br\/wp-content\/uploads\/2024\/04\/SAM_8081-e1448378660752-1.jpg 800w, https:\/\/surfemais.com.br\/wp-content\/uploads\/2024\/04\/SAM_8081-e1448378660752-1-300x144.jpg 300w, https:\/\/surfemais.com.br\/wp-content\/uploads\/2024\/04\/SAM_8081-e1448378660752-1-768x370.jpg 768w\" alt=\"\" width=\"800\" height=\"385\" data-srcset=\"https:\/\/surfemais.com.br\/wp-content\/uploads\/2024\/04\/SAM_8081-e1448378660752-1.jpg 800w, https:\/\/surfemais.com.br\/wp-content\/uploads\/2024\/04\/SAM_8081-e1448378660752-1-300x144.jpg 300w, https:\/\/surfemais.com.br\/wp-content\/uploads\/2024\/04\/SAM_8081-e1448378660752-1-768x370.jpg 768w\" data-src=\"https:\/\/surfemais.com.br\/wp-content\/uploads\/2024\/04\/SAM_8081-e1448378660752-1.jpg\" data-sizes=\"(max-width: 800px) 100vw, 800px\" \/><figcaption class=\"wp-element-caption\"><strong><em>\u2018Subida pelo Fim\u2019 em 2014. Foto: Eduardo Rosa.<\/em><\/strong><\/figcaption><\/figure>\n<\/div>\n<p>Procurado pelo Surfemais, integrantes do SOS Dunas da Ribanceira, que acreditaram at\u00e9 o fim na preserva\u00e7\u00e3o daquele imenso patrim\u00f4nio, destacaram a import\u00e2ncia deste dia. D\u00e9bora Kieling, comemorou: <strong>\u201c<em>Que not\u00edcia maravilhosa! Esse tombamento al\u00e9m de garantir a preserva\u00e7\u00e3o contra futuras tentativas de minerar os recursos naturais, deveria preservar tamb\u00e9m de carros, motos, etc. de andarem nas dunas!&#8221;<\/em><\/strong>.<\/p>\n<p>D\u00e9bora \u00e9 moradora do bairro Vila Esperan\u00e7a, onde as dunas da Ribanceira est\u00e3o localizadas. Ela \u00e9 filha de Elizabeth Kieling que descobriu d\u00e9cadas atr\u00e1s a grande import\u00e2ncia arqueol\u00f3gica que as dunas continham, com achados hist\u00f3ricos com mais de 2 mil anos de exist\u00eancia, e que o Instituto do Patrim\u00f4nio Hist\u00f3rico e Cultural (IPhan) teve acesso durante pesquisa feita no local.<\/p>\n<div class=\"wp-block-image\">\n<figure class=\"aligncenter size-full is-resized\"><img loading=\"lazy\" decoding=\"async\" class=\"wp-image-8926 lazyloaded\" src=\"https:\/\/surfemais.com.br\/wp-content\/uploads\/2024\/04\/1545794.jpg\" sizes=\"(max-width: 980px) 100vw, 980px\" srcset=\"https:\/\/surfemais.com.br\/wp-content\/uploads\/2024\/04\/1545794.jpg 980w, https:\/\/surfemais.com.br\/wp-content\/uploads\/2024\/04\/1545794-300x182.jpg 300w, https:\/\/surfemais.com.br\/wp-content\/uploads\/2024\/04\/1545794-768x466.jpg 768w\" alt=\"\" width=\"980\" height=\"595\" data-srcset=\"https:\/\/surfemais.com.br\/wp-content\/uploads\/2024\/04\/1545794.jpg 980w, https:\/\/surfemais.com.br\/wp-content\/uploads\/2024\/04\/1545794-300x182.jpg 300w, https:\/\/surfemais.com.br\/wp-content\/uploads\/2024\/04\/1545794-768x466.jpg 768w\" data-src=\"https:\/\/surfemais.com.br\/wp-content\/uploads\/2024\/04\/1545794.jpg\" data-sizes=\"(max-width: 980px) 100vw, 980px\" \/><figcaption class=\"wp-element-caption\"><strong><em>Reuni\u00e3o do CMPC que aprovou as dunas da Ribanceira como patrim\u00f4nio cultural. Foto: Jo\u00e3o Batista Coelho J\u00fanior<\/em><\/strong><\/figcaption><\/figure>\n<\/div>\n<p>Beth Kieling, que estava em viagem no fechamento desta mat\u00e9ria, mesmo assim o Surfemais conseguiu contato com ela. Ela disse estar muito feliz com o Tombamento e que a luta foi \u00e1rdua desde quando j\u00e1 havia descoberto achados arqueol\u00f3gicos nas dunas de Itapirub\u00e1, ao sul de Imbituba, ainda em 2004. \u201c<em>As dunas em Imbituba t\u00eam uma import\u00e2ncia arqueol\u00f3gica inestim\u00e1vel e este tombamento veio para contribuir com a manuten\u00e7\u00e3o da beleza que as dunas tem no bioma de Imbituba<\/em>\u201c.<\/p>\n<p>\u201c<em><strong>Busquei sob todas as formas tentar a preserva\u00e7\u00e3o, n\u00e3o apenas o material hist\u00f3rico antropol\u00f3gico como tb o seu entorno. N\u00e3o tendo eco, encontrei o pessoal do SOS dunas. Ali unimos for\u00e7as e o resultado \u00e9 finalmente o reconhecimento como \u00e1rea de preserva\u00e7\u00e3o ( 2024). Importante a cronologia para se perceber o tempo que levou para se executar o \u00f3bvio<\/strong>!\u201d<\/em>, completou Beth Kieling.<\/p>\n<figure class=\"wp-block-gallery has-nested-images columns-default is-cropped wp-block-gallery-1 is-layout-flex wp-block-gallery-is-layout-flex\">\n<figure class=\"wp-block-image size-large\"><img loading=\"lazy\" decoding=\"async\" class=\"wp-image-8929 lazyloaded\" src=\"https:\/\/surfemais.com.br\/wp-content\/uploads\/2024\/04\/1546447-800x445-2.jpg\" sizes=\"(max-width: 800px) 100vw, 800px\" srcset=\"https:\/\/surfemais.com.br\/wp-content\/uploads\/2024\/04\/1546447-800x445-2.jpg 800w, https:\/\/surfemais.com.br\/wp-content\/uploads\/2024\/04\/1546447-800x445-2-300x167.jpg 300w, https:\/\/surfemais.com.br\/wp-content\/uploads\/2024\/04\/1546447-800x445-2-768x427.jpg 768w\" alt=\"\" width=\"800\" height=\"445\" data-id=\"8929\" data-srcset=\"https:\/\/surfemais.com.br\/wp-content\/uploads\/2024\/04\/1546447-800x445-2.jpg 800w, https:\/\/surfemais.com.br\/wp-content\/uploads\/2024\/04\/1546447-800x445-2-300x167.jpg 300w, https:\/\/surfemais.com.br\/wp-content\/uploads\/2024\/04\/1546447-800x445-2-768x427.jpg 768w\" data-src=\"https:\/\/surfemais.com.br\/wp-content\/uploads\/2024\/04\/1546447-800x445-2.jpg\" data-sizes=\"(max-width: 800px) 100vw, 800px\" \/><figcaption class=\"wp-element-caption\"><strong><em>Reuni\u00e3o na prefeitura de Imbituba sobre a import\u00e2ncia da preserva\u00e7\u00e3o das dunas da Ribanceira\u2026<\/em><\/strong><\/figcaption><\/figure>\n<figure class=\"wp-block-image size-large\"><img loading=\"lazy\" decoding=\"async\" class=\"wp-image-8928 lazyloaded\" src=\"https:\/\/surfemais.com.br\/wp-content\/uploads\/2024\/04\/waves_images-1.jpg\" sizes=\"(max-width: 919px) 100vw, 919px\" srcset=\"https:\/\/surfemais.com.br\/wp-content\/uploads\/2024\/04\/waves_images-1.jpg 919w, https:\/\/surfemais.com.br\/wp-content\/uploads\/2024\/04\/waves_images-1-300x176.jpg 300w, https:\/\/surfemais.com.br\/wp-content\/uploads\/2024\/04\/waves_images-1-768x450.jpg 768w\" alt=\"\" width=\"919\" height=\"538\" data-id=\"8928\" data-srcset=\"https:\/\/surfemais.com.br\/wp-content\/uploads\/2024\/04\/waves_images-1.jpg 919w, https:\/\/surfemais.com.br\/wp-content\/uploads\/2024\/04\/waves_images-1-300x176.jpg 300w, https:\/\/surfemais.com.br\/wp-content\/uploads\/2024\/04\/waves_images-1-768x450.jpg 768w\" data-src=\"https:\/\/surfemais.com.br\/wp-content\/uploads\/2024\/04\/waves_images-1.jpg\" data-sizes=\"(max-width: 919px) 100vw, 919px\" \/><figcaption class=\"wp-element-caption\"><strong><em>\u2026em que Beth Kieling apresentou alguns dos achados arqueol\u00f3gicos nas dunas. Fotos: Claudio Lima.<\/em><\/strong><\/figcaption><\/figure>\n<\/figure>\n<p>Seu Alvac\u00edrio, morador do bairro Arroio e um dos mais aguerridos na luta pela preserva\u00e7\u00e3o das dunas, quando uma mineradora retirava em torno de 80 caminh\u00f5es de areia por dia, e o movimento de caminh\u00f5es abria rachaduras em sua casa, al\u00e9m da poeira, comemorou, <strong>\u201c<\/strong><em><strong>Que not\u00edcia boa que eu recebi nesta tarde de 1\u00ba de abril. Que bom, vamos comemorar sim \u00e9 s\u00f3 me avisar que eu estou junto<\/strong><\/em>\u201c.<\/p>\n<p>Larissa Gabrieli que descobriu uma pequeno lagarto que est\u00e1 na lista vermelha internacional de extin\u00e7\u00e3o, comemorou mas, deixou o alerta: <strong>\u201c<em>Coisa boa hein!! Agora sim d\u00e1 pra respirar, na verdade a luta continua. Estou morando na Guaiuba, em Imbituba, e nas dunas l\u00e1 descobri tamb\u00e9m o mesmo lagarto da pesquisa, e deve ter muito material l\u00edtico com muitos sambaquis no entorno, e tenho denunciado a presen\u00e7a de ve\u00edculos andando nas dunas&#8221;.<\/em><\/strong><\/p>\n<p>Luiz Antonio Silva, um dos primeiros integrantes do SOS Dunas tamb\u00e9m deu seu recado: \u201c<em><strong>Depois de uma grande mobiliza\u00e7\u00e3o do movimento SOS Dunas Ribanceira, finalmente conseguimos nosso objetivo, a preserva\u00e7\u00e3o das Dunas da Ribanceira. Estive hoje na Secretaria da Cultura e da Educa\u00e7\u00e3o e tive a grande noticia que seria publicado o Tombamento das Dunas da Ribanceira, nesse momento compartilhei essa grande not\u00edcia para meu amigo e companheiro de luta Eduardo Rosa<\/strong><\/em>\u201c.<\/p>\n<p><strong>Para acessar o Di\u00e1rio Oficial dos Munic\u00edpios e ver a\u00a0<a href=\"https:\/\/www.diariomunicipal.sc.gov.br\/?r=site%2Fpesquisa&amp;q=dunas&amp;entidade=116&amp;dataInicial=01%2F04%2F2024&amp;dataFinal=01%2F04%2F2024\">Resolu\u00e7\u00e3o do CMPC \u00e9 s\u00f3 clicar aqui.<\/a><\/strong><\/p>\n<p><em>Fonte: Eduardo Rosa\/Surfemais<\/em><\/p>\n<\/div>\n","protected":false},"excerpt":{"rendered":"<p>Nesta segunda feira (1\u00ba) no Di\u00e1rio Oficial dos Munic\u00edpios (DOM) foi publicado com uma novidade, o Tombamento das Dunas da Ribanceira, em Imbituba, ainda que provis\u00f3rio. Ap\u00f3s uma luta incessante de um grupo de pessoas da cidade, entre 2013 e 2014, as dunas da Riba deixaram de ser exploradas. Esta corrida contra o tempo vem &hellip;<\/p>\n<p class=\"read-more\"> <a class=\"\" href=\"https:\/\/sulsc.com\/index.php\/2024\/04\/02\/dunas-da-ribanceira-em-imbituba-sao-tombadas-e-finalmente-protegidas\/\"> <span class=\"screen-reader-text\">Dunas da Ribanceira, em Imbituba, s\u00e3o tombadas e finalmente protegidas<\/span> Read More &raquo;<\/a><\/p>\n","protected":false},"author":3,"featured_media":10733,"comment_status":"open","ping_status":"open","sticky":false,"template":"","format":"standard","meta":{"site-sidebar-layout":"default","site-content-layout":"","ast-site-content-layout":"default","site-content-style":"default","site-sidebar-style":"default","ast-global-header-display":"","ast-banner-title-visibility":"","ast-main-header-display":"","ast-hfb-above-header-display":"","ast-hfb-below-header-display":"","ast-hfb-mobile-header-display":"","site-post-title":"","ast-breadcrumbs-content":"","ast-featured-img":"","footer-sml-layout":"","theme-transparent-header-meta":"default","adv-header-id-meta":"","stick-header-meta":"","header-above-stick-meta":"","header-main-stick-meta":"","header-below-stick-meta":"","astra-migrate-meta-layouts":"set","footnotes":""},"categories":[17],"tags":[],"yoast_head":"<!-- This site is optimized with the Yoast SEO plugin v21.4 - https:\/\/yoast.com\/wordpress\/plugins\/seo\/ -->\n<title>Dunas da Ribanceira, em Imbituba, s\u00e3o tombadas e finalmente protegidas -<\/title>\n<meta name=\"description\" content=\"Casualmente, neste dia 1\u00ba abril, apesar de popularmente conhecido como \u2018Dia da Mentira\u2019, a no DOM de n\u00ba 5809673, referente \u00e0 Resolu\u00e7\u00e3o CMPC\/IMB N\u00ba 01, de 22 de setembro de 2023, ficou definido o \u2018Tombamento provis\u00f3rio do Conjunto Paisag\u00edstico e Arqueol\u00f3gico das Dunas da Ribanceira&#039;.\" \/>\n<meta name=\"robots\" content=\"index, follow, max-snippet:-1, max-image-preview:large, max-video-preview:-1\" \/>\n<link rel=\"canonical\" href=\"https:\/\/sulsc.com\/index.php\/2024\/04\/02\/dunas-da-ribanceira-em-imbituba-sao-tombadas-e-finalmente-protegidas\/\" \/>\n<meta property=\"og:locale\" content=\"en_US\" \/>\n<meta property=\"og:type\" content=\"article\" \/>\n<meta property=\"og:title\" content=\"Dunas da Ribanceira, em Imbituba, s\u00e3o tombadas e finalmente protegidas -\" \/>\n<meta property=\"og:description\" content=\"Casualmente, neste dia 1\u00ba abril, apesar de popularmente conhecido como \u2018Dia da Mentira\u2019, a no DOM de n\u00ba 5809673, referente \u00e0 Resolu\u00e7\u00e3o CMPC\/IMB N\u00ba 01, de 22 de setembro de 2023, ficou definido o \u2018Tombamento provis\u00f3rio do Conjunto Paisag\u00edstico e Arqueol\u00f3gico das Dunas da Ribanceira&#039;.\" \/>\n<meta property=\"og:url\" content=\"https:\/\/sulsc.com\/index.php\/2024\/04\/02\/dunas-da-ribanceira-em-imbituba-sao-tombadas-e-finalmente-protegidas\/\" \/>\n<meta property=\"article:author\" content=\"https:\/\/www.facebook.com\/profile.php?id=61559278119680\" \/>\n<meta property=\"article:published_time\" content=\"2024-04-02T16:04:53+00:00\" \/>\n<meta property=\"og:image\" content=\"http:\/\/sulsc.com\/wp-content\/uploads\/2024\/04\/10.jpg\" \/>\n\t<meta property=\"og:image:width\" content=\"768\" \/>\n\t<meta property=\"og:image:height\" content=\"400\" \/>\n\t<meta property=\"og:image:type\" content=\"image\/jpeg\" \/>\n<meta name=\"author\" content=\"Reda\u00e7\u00e3o Sul SC\" \/>\n<meta name=\"twitter:card\" content=\"summary_large_image\" \/>\n<meta name=\"twitter:creator\" content=\"@https:\/\/twitter.com\/PortalSulSC\" \/>\n<meta name=\"twitter:label1\" content=\"Written by\" \/>\n\t<meta name=\"twitter:data1\" content=\"Reda\u00e7\u00e3o Sul SC\" \/>\n\t<meta name=\"twitter:label2\" content=\"Est. reading time\" \/>\n\t<meta name=\"twitter:data2\" content=\"7 minutes\" \/>\n<script type=\"application\/ld+json\" class=\"yoast-schema-graph\">{\"@context\":\"https:\/\/schema.org\",\"@graph\":[{\"@type\":\"WebPage\",\"@id\":\"https:\/\/sulsc.com\/index.php\/2024\/04\/02\/dunas-da-ribanceira-em-imbituba-sao-tombadas-e-finalmente-protegidas\/\",\"url\":\"https:\/\/sulsc.com\/index.php\/2024\/04\/02\/dunas-da-ribanceira-em-imbituba-sao-tombadas-e-finalmente-protegidas\/\",\"name\":\"Dunas da Ribanceira, em Imbituba, s\u00e3o tombadas e finalmente protegidas -\",\"isPartOf\":{\"@id\":\"https:\/\/sulsc.com\/#website\"},\"datePublished\":\"2024-04-02T16:04:53+00:00\",\"dateModified\":\"2024-04-02T16:04:53+00:00\",\"author\":{\"@id\":\"https:\/\/sulsc.com\/#\/schema\/person\/84d2fc571684f6248ba83092f07750a3\"},\"description\":\"Casualmente, neste dia 1\u00ba abril, apesar de popularmente conhecido como \u2018Dia da Mentira\u2019, a no DOM de n\u00ba 5809673, referente \u00e0 Resolu\u00e7\u00e3o CMPC\/IMB N\u00ba 01, de 22 de setembro de 2023, ficou definido o \u2018Tombamento provis\u00f3rio do Conjunto Paisag\u00edstico e Arqueol\u00f3gico das Dunas da Ribanceira'.\",\"breadcrumb\":{\"@id\":\"https:\/\/sulsc.com\/index.php\/2024\/04\/02\/dunas-da-ribanceira-em-imbituba-sao-tombadas-e-finalmente-protegidas\/#breadcrumb\"},\"inLanguage\":\"en-US\",\"potentialAction\":[{\"@type\":\"ReadAction\",\"target\":[\"https:\/\/sulsc.com\/index.php\/2024\/04\/02\/dunas-da-ribanceira-em-imbituba-sao-tombadas-e-finalmente-protegidas\/\"]}]},{\"@type\":\"BreadcrumbList\",\"@id\":\"https:\/\/sulsc.com\/index.php\/2024\/04\/02\/dunas-da-ribanceira-em-imbituba-sao-tombadas-e-finalmente-protegidas\/#breadcrumb\",\"itemListElement\":[{\"@type\":\"ListItem\",\"position\":1,\"name\":\"In\u00edcio\",\"item\":\"https:\/\/sulsc.com\/\"},{\"@type\":\"ListItem\",\"position\":2,\"name\":\"Dunas da Ribanceira, em Imbituba, s\u00e3o tombadas e finalmente protegidas\"}]},{\"@type\":\"WebSite\",\"@id\":\"https:\/\/sulsc.com\/#website\",\"url\":\"https:\/\/sulsc.com\/\",\"name\":\"\",\"description\":\"\",\"potentialAction\":[{\"@type\":\"SearchAction\",\"target\":{\"@type\":\"EntryPoint\",\"urlTemplate\":\"https:\/\/sulsc.com\/?s={search_term_string}\"},\"query-input\":\"required name=search_term_string\"}],\"inLanguage\":\"en-US\"},{\"@type\":\"Person\",\"@id\":\"https:\/\/sulsc.com\/#\/schema\/person\/84d2fc571684f6248ba83092f07750a3\",\"name\":\"Reda\u00e7\u00e3o Sul SC\",\"image\":{\"@type\":\"ImageObject\",\"inLanguage\":\"en-US\",\"@id\":\"https:\/\/sulsc.com\/#\/schema\/person\/image\/e08d7fe2cc4ed596372063bbe852b8d0\",\"url\":\"https:\/\/sulsc.com\/wp-content\/uploads\/2023\/09\/redacao.png\",\"contentUrl\":\"https:\/\/sulsc.com\/wp-content\/uploads\/2023\/09\/redacao.png\",\"caption\":\"Reda\u00e7\u00e3o Sul SC\"},\"description\":\"Foco em um jornalismo imparcial, voltado \u00e0 qualidade dos seus conte\u00fados e, assim, levar informa\u00e7\u00e3o de valor que agregue \u00e0 vida dos leitores. Esta \u00e9 grande miss\u00e3o do Portal de Not\u00edcias Sul SC. N\u00e3o \u00e9 quantidade que muda o mundo, sempre foi e seguir\u00e1 sendo qualidade!\",\"sameAs\":[\"https:\/\/sulsc.com\/\",\"https:\/\/www.facebook.com\/profile.php?id=61559278119680\",\"https:\/\/www.instagram.com\/sulscportal\/?hl=pt-br\",\"https:\/\/twitter.com\/https:\/\/twitter.com\/PortalSulSC\",\"https:\/\/www.youtube.com\/channel\/UCv_BE8GeySluDov2n8qhVmw\"],\"url\":\"https:\/\/sulsc.com\/index.php\/author\/redacao\/\"}]}<\/script>\n<!-- \/ Yoast SEO plugin. -->","yoast_head_json":{"title":"Dunas da Ribanceira, em Imbituba, s\u00e3o tombadas e finalmente protegidas -","description":"Casualmente, neste dia 1\u00ba abril, apesar de popularmente conhecido como \u2018Dia da Mentira\u2019, a no DOM de n\u00ba 5809673, referente \u00e0 Resolu\u00e7\u00e3o CMPC\/IMB N\u00ba 01, de 22 de setembro de 2023, ficou definido o \u2018Tombamento provis\u00f3rio do Conjunto Paisag\u00edstico e Arqueol\u00f3gico das Dunas da Ribanceira'.","robots":{"index":"index","follow":"follow","max-snippet":"max-snippet:-1","max-image-preview":"max-image-preview:large","max-video-preview":"max-video-preview:-1"},"canonical":"https:\/\/sulsc.com\/index.php\/2024\/04\/02\/dunas-da-ribanceira-em-imbituba-sao-tombadas-e-finalmente-protegidas\/","og_locale":"en_US","og_type":"article","og_title":"Dunas da Ribanceira, em Imbituba, s\u00e3o tombadas e finalmente protegidas -","og_description":"Casualmente, neste dia 1\u00ba abril, apesar de popularmente conhecido como \u2018Dia da Mentira\u2019, a no DOM de n\u00ba 5809673, referente \u00e0 Resolu\u00e7\u00e3o CMPC\/IMB N\u00ba 01, de 22 de setembro de 2023, ficou definido o \u2018Tombamento provis\u00f3rio do Conjunto Paisag\u00edstico e Arqueol\u00f3gico das Dunas da Ribanceira'.","og_url":"https:\/\/sulsc.com\/index.php\/2024\/04\/02\/dunas-da-ribanceira-em-imbituba-sao-tombadas-e-finalmente-protegidas\/","article_author":"https:\/\/www.facebook.com\/profile.php?id=61559278119680","article_published_time":"2024-04-02T16:04:53+00:00","og_image":[{"width":768,"height":400,"url":"http:\/\/sulsc.com\/wp-content\/uploads\/2024\/04\/10.jpg","type":"image\/jpeg"}],"author":"Reda\u00e7\u00e3o Sul SC","twitter_card":"summary_large_image","twitter_creator":"@https:\/\/twitter.com\/PortalSulSC","twitter_misc":{"Written by":"Reda\u00e7\u00e3o Sul SC","Est. reading time":"7 minutes"},"schema":{"@context":"https:\/\/schema.org","@graph":[{"@type":"WebPage","@id":"https:\/\/sulsc.com\/index.php\/2024\/04\/02\/dunas-da-ribanceira-em-imbituba-sao-tombadas-e-finalmente-protegidas\/","url":"https:\/\/sulsc.com\/index.php\/2024\/04\/02\/dunas-da-ribanceira-em-imbituba-sao-tombadas-e-finalmente-protegidas\/","name":"Dunas da Ribanceira, em Imbituba, s\u00e3o tombadas e finalmente protegidas -","isPartOf":{"@id":"https:\/\/sulsc.com\/#website"},"datePublished":"2024-04-02T16:04:53+00:00","dateModified":"2024-04-02T16:04:53+00:00","author":{"@id":"https:\/\/sulsc.com\/#\/schema\/person\/84d2fc571684f6248ba83092f07750a3"},"description":"Casualmente, neste dia 1\u00ba abril, apesar de popularmente conhecido como \u2018Dia da Mentira\u2019, a no DOM de n\u00ba 5809673, referente \u00e0 Resolu\u00e7\u00e3o CMPC\/IMB N\u00ba 01, de 22 de setembro de 2023, ficou definido o \u2018Tombamento provis\u00f3rio do Conjunto Paisag\u00edstico e Arqueol\u00f3gico das Dunas da Ribanceira'.","breadcrumb":{"@id":"https:\/\/sulsc.com\/index.php\/2024\/04\/02\/dunas-da-ribanceira-em-imbituba-sao-tombadas-e-finalmente-protegidas\/#breadcrumb"},"inLanguage":"en-US","potentialAction":[{"@type":"ReadAction","target":["https:\/\/sulsc.com\/index.php\/2024\/04\/02\/dunas-da-ribanceira-em-imbituba-sao-tombadas-e-finalmente-protegidas\/"]}]},{"@type":"BreadcrumbList","@id":"https:\/\/sulsc.com\/index.php\/2024\/04\/02\/dunas-da-ribanceira-em-imbituba-sao-tombadas-e-finalmente-protegidas\/#breadcrumb","itemListElement":[{"@type":"ListItem","position":1,"name":"In\u00edcio","item":"https:\/\/sulsc.com\/"},{"@type":"ListItem","position":2,"name":"Dunas da Ribanceira, em Imbituba, s\u00e3o tombadas e finalmente protegidas"}]},{"@type":"WebSite","@id":"https:\/\/sulsc.com\/#website","url":"https:\/\/sulsc.com\/","name":"","description":"","potentialAction":[{"@type":"SearchAction","target":{"@type":"EntryPoint","urlTemplate":"https:\/\/sulsc.com\/?s={search_term_string}"},"query-input":"required name=search_term_string"}],"inLanguage":"en-US"},{"@type":"Person","@id":"https:\/\/sulsc.com\/#\/schema\/person\/84d2fc571684f6248ba83092f07750a3","name":"Reda\u00e7\u00e3o Sul SC","image":{"@type":"ImageObject","inLanguage":"en-US","@id":"https:\/\/sulsc.com\/#\/schema\/person\/image\/e08d7fe2cc4ed596372063bbe852b8d0","url":"https:\/\/sulsc.com\/wp-content\/uploads\/2023\/09\/redacao.png","contentUrl":"https:\/\/sulsc.com\/wp-content\/uploads\/2023\/09\/redacao.png","caption":"Reda\u00e7\u00e3o Sul SC"},"description":"Foco em um jornalismo imparcial, voltado \u00e0 qualidade dos seus conte\u00fados e, assim, levar informa\u00e7\u00e3o de valor que agregue \u00e0 vida dos leitores. Esta \u00e9 grande miss\u00e3o do Portal de Not\u00edcias Sul SC. N\u00e3o \u00e9 quantidade que muda o mundo, sempre foi e seguir\u00e1 sendo qualidade!","sameAs":["https:\/\/sulsc.com\/","https:\/\/www.facebook.com\/profile.php?id=61559278119680","https:\/\/www.instagram.com\/sulscportal\/?hl=pt-br","https:\/\/twitter.com\/https:\/\/twitter.com\/PortalSulSC","https:\/\/www.youtube.com\/channel\/UCv_BE8GeySluDov2n8qhVmw"],"url":"https:\/\/sulsc.com\/index.php\/author\/redacao\/"}]}},"authors":[],"_links":{"self":[{"href":"https:\/\/sulsc.com\/index.php\/wp-json\/wp\/v2\/posts\/10732"}],"collection":[{"href":"https:\/\/sulsc.com\/index.php\/wp-json\/wp\/v2\/posts"}],"about":[{"href":"https:\/\/sulsc.com\/index.php\/wp-json\/wp\/v2\/types\/post"}],"author":[{"embeddable":true,"href":"https:\/\/sulsc.com\/index.php\/wp-json\/wp\/v2\/users\/3"}],"replies":[{"embeddable":true,"href":"https:\/\/sulsc.com\/index.php\/wp-json\/wp\/v2\/comments?post=10732"}],"version-history":[{"count":1,"href":"https:\/\/sulsc.com\/index.php\/wp-json\/wp\/v2\/posts\/10732\/revisions"}],"predecessor-version":[{"id":10734,"href":"https:\/\/sulsc.com\/index.php\/wp-json\/wp\/v2\/posts\/10732\/revisions\/10734"}],"wp:featuredmedia":[{"embeddable":true,"href":"https:\/\/sulsc.com\/index.php\/wp-json\/wp\/v2\/media\/10733"}],"wp:attachment":[{"href":"https:\/\/sulsc.com\/index.php\/wp-json\/wp\/v2\/media?parent=10732"}],"wp:term":[{"taxonomy":"category","embeddable":true,"href":"https:\/\/sulsc.com\/index.php\/wp-json\/wp\/v2\/categories?post=10732"},{"taxonomy":"post_tag","embeddable":true,"href":"https:\/\/sulsc.com\/index.php\/wp-json\/wp\/v2\/tags?post=10732"}],"curies":[{"name":"wp","href":"https:\/\/api.w.org\/{rel}","templated":true}]}}