{"id":10747,"date":"2024-04-02T17:12:40","date_gmt":"2024-04-02T20:12:40","guid":{"rendered":"https:\/\/sulsc.com\/?p=10747"},"modified":"2024-04-02T17:12:40","modified_gmt":"2024-04-02T20:12:40","slug":"lar-legal-promove-entrega-de-110-escrituras-a-familias-de-criciuma-e-imbituba","status":"publish","type":"post","link":"https:\/\/sulsc.com\/index.php\/2024\/04\/02\/lar-legal-promove-entrega-de-110-escrituras-a-familias-de-criciuma-e-imbituba\/","title":{"rendered":"Lar Legal promove entrega de 110 escrituras a fam\u00edlias de Crici\u00fama e Imbituba"},"content":{"rendered":"<p class=\"tjsc-asset-publisher-list-asset-entry-date-time text-lowercase\"><img decoding=\"async\" class=\"img-fluid img-thumbnail\" style=\"font-style: inherit; font-weight: inherit;\" src=\"https:\/\/www.tjsc.jus.br\/documents\/66294\/0\/thumbnail_Lar+Legal+Crici%C3%BAma+01-04-2024.jpg\/02000010-bb8e-df82-c839-7d6c2acf8ce4?t=1712077891560\" \/><\/p>\n<div class=\"mb-3\">\n<p dir=\"ltr\">\u00a0O programa Lar Legal, de regulariza\u00e7\u00e3o fundi\u00e1ria do Tribunal de Justi\u00e7a de Santa Catarina (TJSC), promoveu na \u00faltima segunda-feira (1\u00ba\/4) mais uma entrega de t\u00edtulos de propriedade a fam\u00edlias catarinenses. Desta vez, a solenidade aconteceu em Crici\u00fama, no Sal\u00e3o da Par\u00f3quia Santo Ant\u00f4nio, no bairro Quarta Linha, e beneficiou moradores do bairro Divineia com a entrega de 52 t\u00edtulos de propriedade.<\/p>\n<p dir=\"ltr\"><img decoding=\"async\" class=\"img-fluid img-thumbnail\" src=\"https:\/\/www.tjsc.jus.br\/documents\/66294\/0\/thumbnail_Lar+Legal+Crici%C3%BAma+01-04-2024+%281%29.jpg\/191665ac-7b50-1e9a-22e1-739c622b921c?t=1712077910301\" \/>\n<\/p>\n<p dir=\"ltr\">O juiz Rafael Milanesi Spillere, diretor do foro da comarca de Crici\u00fama, disse ser uma alegria estar novamente na comunidade da Quarta Linha fazendo a entrega de escrituras, o que, em sua opini\u00e3o, \u00e9 um ato de dignidade: \u201cO Poder Judici\u00e1rio entendeu, h\u00e1 20 anos, que existem situa\u00e7\u00f5es que merecem ser reconhecidas. Vejo pessoas de mais idade, \u00e0s vezes o im\u00f3vel passou de pai para filho e as escrituras nunca chegaram. \u00c0s vezes pela burocracia, \u00e0s vezes por descaso, mas o Tribunal entendeu que \u00e9 necess\u00e1rio regularizar\u201d.<\/p>\n<p dir=\"ltr\">O magistrado enalteceu ainda a parceria da administra\u00e7\u00e3o municipal e tamb\u00e9m o engajamento da comunidade nas etapas necess\u00e1rias do processo. \u201cS\u00f3 tenho a agradecer a parceria e parabenizar voc\u00eas, senhoras e senhores. Esse \u00e9 o momento de voc\u00eas dividirem com a fam\u00edlia toda essa alegria.\u201d O juiz cooperador do Lar Legal Klauss Corre\u0302a de Souza tamb\u00e9m esteve presente no evento.<\/p>\n<p>O prefeito de Crici\u00fama, Cl\u00e9sio Salvaro, tamb\u00e9m enalteceu o dia como inesquec\u00edvel para todos os envolvidos,\u00a0 principalmente os beneficiados. \u201cHoje \u00e9 um dia memor\u00e1vel e, com certeza, uma data que voc\u00eas nunca v\u00e3o esquecer\u201d.<\/p>\n<p><strong>Lar Legal em Imbituba<\/strong><\/p>\n<p><img decoding=\"async\" class=\"img-fluid img-thumbnail\" src=\"https:\/\/www.tjsc.jus.br\/documents\/66294\/0\/thumbnail_Lar+Legal+Imbituba.jpg\/924062fa-31fd-9273-a251-7d40dc4146eb?t=1712077676572\" \/><br \/>\nMoradores de Imbituba tamb\u00e9m foram beneficiados pelo programa Lar Legal na \u00faltima ter\u00e7a-feira (26\/3), oportunidade em que receberam os t\u00edtulos de propriedade de seus im\u00f3veis. O evento de entrega dos t\u00edtulos aconteceu no Sal\u00e3o Paroquial da Igreja S\u00e3o Tom\u00e1s, no bairro S\u00e3o Tom\u00e1s, e no ato foram entregues 58 t\u00edtulos de propriedade a fam\u00edlias dos loteamentos Campo D&#8217;Avia\u00e7\u00e3o e S\u00e3o Tom\u00e1s.<\/p>\n<p><img decoding=\"async\" class=\"img-fluid img-thumbnail\" src=\"https:\/\/www.tjsc.jus.br\/documents\/66294\/0\/thumbnail_Desembargador+Selso+de+Oliveira.jpg\/067fde8d-77c5-1f7d-73bf-e1ead4ec4441?t=1712077697627\" \/><br \/>\nPara o coordenador do programa, desembargador Selso de Oliveira, \u00e9 muito gratificante quando algu\u00e9m da comunidade beneficiada diz o quanto esse programa representa. \u201cTer o t\u00edtulo de propriedade me parece um dos g\u00eaneros de primeira necessidade de cada fam\u00edlia, pois isso traz seguran\u00e7a. \u00c9 a valoriza\u00e7\u00e3o do im\u00f3vel que, com tanto sacrif\u00edcio, \u00e0s vezes lutam uma vida inteira para conseguir, e depois demora tanto tempo para adquirir o documento\u201d, enfatizou durante o evento.<\/p>\n<p>Tamb\u00e9m estiveram presentes no evento os ju\u00edzes Jo\u00e3o Bastos Nazareno dos Anjos, diretor do foro e titular da 2\u00aa Vara C\u00edvel da comarca de Imbituba; Welton R\u00fcbenich, titular da 1\u00aa Vara C\u00edvel da comarca; e Felipe Agrizzi Ferra\u00e7o, titular da Vara Criminal da comarca, al\u00e9m da assessora jur\u00eddica do Lar Legal, Fl\u00e1via Busato Pimentel.<\/p>\n<p><img decoding=\"async\" class=\"img-fluid img-thumbnail\" src=\"https:\/\/www.tjsc.jus.br\/documents\/66294\/0\/thumbnail_Juiz+Felipe+Agrizzi+Fera%C3%A7o.jpg\/e72181c8-32c0-113d-3690-a22f1cc83d6e?t=1712077954046\" \/><br \/>\n\u201cEsse \u00e9 um projeto que tem sucesso em nosso munic\u00edpio, afinal s\u00e3o mais de 500 t\u00edtulos de propriedade disponibilizados aos cidad\u00e3os. \u00c9 muito importante darmos essa condi\u00e7\u00e3o de cidadania para as pessoas. A gente sabe o quanto \u00e9 importante ter a comprova\u00e7\u00e3o da posse. Inclusive, j\u00e1 recebemos a not\u00edcia de que mais de 250 im\u00f3veis do bairro Alto Arroio ser\u00e3o contemplados com os t\u00edtulos definitivos nos pr\u00f3ximos meses\u201d, afirmou o prefeito de Imbituba, Rosenvaldo da Silva J\u00fanior.<\/p>\n<p><img decoding=\"async\" class=\"img-fluid img-thumbnail\" src=\"https:\/\/www.tjsc.jus.br\/documents\/66294\/0\/thumbnail_Juiz+Jo%C3%A3o+Batos+Nazareno.jpg\/1e0e2498-e271-e9a9-ee97-a5c764ebc453?t=1712077976828\" \/><br \/>\nMaria Regina Silveira, representante dos moradores contemplados, refor\u00e7ou a import\u00e2ncia da regulariza\u00e7\u00e3o dos im\u00f3veis nas duas comunidades. \u201cHoje, n\u00f3s vemos o nosso sonho realizado, pois nos tornamos propriet\u00e1rios daquilo que n\u00f3s trabalhamos para adquirir. N\u00f3s esperamos seis anos, mas eu creio que valeu a pena. Todos n\u00f3s, nesta noite, estamos muito felizes e satisfeitos\u201d, declarou.<\/p>\n<p><img decoding=\"async\" class=\"img-fluid img-thumbnail\" src=\"https:\/\/www.tjsc.jus.br\/documents\/66294\/0\/thumbnail_Juiz+Welton+Rubenich.jpg\/2cf1f952-870d-b65f-8d6e-7d2a88ce5f55?t=1712077992303\" \/><br \/>\n<strong>Sobre o programa:<br \/>\n<\/strong>Iniciativa do TJSC, o Lar Legal consiste em legalizar t\u00edtulos de propriedade para fam\u00edlias carentes residentes em loteamentos ou comunidades empobrecidas j\u00e1 consolidadas. Al\u00e9m de oficializar a propriedade \u00e0s fam\u00edlias, aos munic\u00edpios a regulariza\u00e7\u00e3o possibilita a implementa\u00e7\u00e3o de melhorias nos locais, com a implanta\u00e7\u00e3o de obras de saneamento b\u00e1sico, ilumina\u00e7\u00e3o p\u00fablica e cobran\u00e7a do IPTU.<\/p>\n<\/div>\n<div id=\"tjsc-news-gallery\" class=\"mb-3 ug-gallery-wrapper ug-theme-tiles\">\n<div class=\"ug-tiles-wrapper ug-tiletype-columns ug-tiles-rest-mode\">\n<div class=\"ug-thumb-wrapper ug-tile ug-tile-clickable ug-thumb-ratio-set\"><\/div>\n<\/div>\n<\/div>\n","protected":false},"excerpt":{"rendered":"<p>\u00a0O programa Lar Legal, de regulariza\u00e7\u00e3o fundi\u00e1ria do Tribunal de Justi\u00e7a de Santa Catarina (TJSC), promoveu na \u00faltima segunda-feira (1\u00ba\/4) mais uma entrega de t\u00edtulos de propriedade a fam\u00edlias catarinenses. Desta vez, a solenidade aconteceu em Crici\u00fama, no Sal\u00e3o da Par\u00f3quia Santo Ant\u00f4nio, no bairro Quarta Linha, e beneficiou moradores do bairro Divineia com a &hellip;<\/p>\n<p class=\"read-more\"> <a class=\"\" href=\"https:\/\/sulsc.com\/index.php\/2024\/04\/02\/lar-legal-promove-entrega-de-110-escrituras-a-familias-de-criciuma-e-imbituba\/\"> <span class=\"screen-reader-text\">Lar Legal promove entrega de 110 escrituras a fam\u00edlias de Crici\u00fama e Imbituba<\/span> Read More &raquo;<\/a><\/p>\n","protected":false},"author":3,"featured_media":10748,"comment_status":"open","ping_status":"open","sticky":false,"template":"","format":"standard","meta":{"site-sidebar-layout":"default","site-content-layout":"","ast-site-content-layout":"default","site-content-style":"default","site-sidebar-style":"default","ast-global-header-display":"","ast-banner-title-visibility":"","ast-main-header-display":"","ast-hfb-above-header-display":"","ast-hfb-below-header-display":"","ast-hfb-mobile-header-display":"","site-post-title":"","ast-breadcrumbs-content":"","ast-featured-img":"","footer-sml-layout":"","theme-transparent-header-meta":"default","adv-header-id-meta":"","stick-header-meta":"","header-above-stick-meta":"","header-main-stick-meta":"","header-below-stick-meta":"","astra-migrate-meta-layouts":"set","footnotes":""},"categories":[1],"tags":[],"yoast_head":"<!-- This site is optimized with the Yoast SEO plugin v21.4 - https:\/\/yoast.com\/wordpress\/plugins\/seo\/ -->\n<title>Lar Legal promove entrega de 110 escrituras a fam\u00edlias de Crici\u00fama e Imbituba -<\/title>\n<meta name=\"description\" content=\"Iniciativa do TJSC, o Lar Legal consiste em legalizar t\u00edtulos de propriedade para fam\u00edlias de baixa rentabilidade econ\u00f4mica residentes em loteamentos ou comunidades j\u00e1 consolidadas\" \/>\n<meta name=\"robots\" content=\"index, follow, max-snippet:-1, max-image-preview:large, max-video-preview:-1\" \/>\n<link rel=\"canonical\" href=\"https:\/\/sulsc.com\/index.php\/2024\/04\/02\/lar-legal-promove-entrega-de-110-escrituras-a-familias-de-criciuma-e-imbituba\/\" \/>\n<meta property=\"og:locale\" content=\"en_US\" \/>\n<meta property=\"og:type\" content=\"article\" \/>\n<meta property=\"og:title\" content=\"Lar Legal promove entrega de 110 escrituras a fam\u00edlias de Crici\u00fama e Imbituba -\" \/>\n<meta property=\"og:description\" content=\"Iniciativa do TJSC, o Lar Legal consiste em legalizar t\u00edtulos de propriedade para fam\u00edlias de baixa rentabilidade econ\u00f4mica residentes em loteamentos ou comunidades j\u00e1 consolidadas\" \/>\n<meta property=\"og:url\" content=\"https:\/\/sulsc.com\/index.php\/2024\/04\/02\/lar-legal-promove-entrega-de-110-escrituras-a-familias-de-criciuma-e-imbituba\/\" \/>\n<meta property=\"article:author\" content=\"https:\/\/www.facebook.com\/profile.php?id=61559278119680\" \/>\n<meta property=\"article:published_time\" content=\"2024-04-02T20:12:40+00:00\" \/>\n<meta property=\"og:image\" content=\"http:\/\/sulsc.com\/wp-content\/uploads\/2024\/04\/1.jpg\" \/>\n\t<meta property=\"og:image:width\" content=\"555\" \/>\n\t<meta property=\"og:image:height\" content=\"370\" \/>\n\t<meta property=\"og:image:type\" content=\"image\/jpeg\" \/>\n<meta name=\"author\" content=\"Reda\u00e7\u00e3o Sul SC\" \/>\n<meta name=\"twitter:card\" content=\"summary_large_image\" \/>\n<meta name=\"twitter:creator\" content=\"@https:\/\/twitter.com\/PortalSulSC\" \/>\n<meta name=\"twitter:label1\" content=\"Written by\" \/>\n\t<meta name=\"twitter:data1\" content=\"Reda\u00e7\u00e3o Sul SC\" \/>\n\t<meta name=\"twitter:label2\" content=\"Est. reading time\" \/>\n\t<meta name=\"twitter:data2\" content=\"5 minutes\" \/>\n<script type=\"application\/ld+json\" class=\"yoast-schema-graph\">{\"@context\":\"https:\/\/schema.org\",\"@graph\":[{\"@type\":\"WebPage\",\"@id\":\"https:\/\/sulsc.com\/index.php\/2024\/04\/02\/lar-legal-promove-entrega-de-110-escrituras-a-familias-de-criciuma-e-imbituba\/\",\"url\":\"https:\/\/sulsc.com\/index.php\/2024\/04\/02\/lar-legal-promove-entrega-de-110-escrituras-a-familias-de-criciuma-e-imbituba\/\",\"name\":\"Lar Legal promove entrega de 110 escrituras a fam\u00edlias de Crici\u00fama e Imbituba -\",\"isPartOf\":{\"@id\":\"https:\/\/sulsc.com\/#website\"},\"datePublished\":\"2024-04-02T20:12:40+00:00\",\"dateModified\":\"2024-04-02T20:12:40+00:00\",\"author\":{\"@id\":\"https:\/\/sulsc.com\/#\/schema\/person\/84d2fc571684f6248ba83092f07750a3\"},\"description\":\"Iniciativa do TJSC, o Lar Legal consiste em legalizar t\u00edtulos de propriedade para fam\u00edlias de baixa rentabilidade econ\u00f4mica residentes em loteamentos ou comunidades j\u00e1 consolidadas\",\"breadcrumb\":{\"@id\":\"https:\/\/sulsc.com\/index.php\/2024\/04\/02\/lar-legal-promove-entrega-de-110-escrituras-a-familias-de-criciuma-e-imbituba\/#breadcrumb\"},\"inLanguage\":\"en-US\",\"potentialAction\":[{\"@type\":\"ReadAction\",\"target\":[\"https:\/\/sulsc.com\/index.php\/2024\/04\/02\/lar-legal-promove-entrega-de-110-escrituras-a-familias-de-criciuma-e-imbituba\/\"]}]},{\"@type\":\"BreadcrumbList\",\"@id\":\"https:\/\/sulsc.com\/index.php\/2024\/04\/02\/lar-legal-promove-entrega-de-110-escrituras-a-familias-de-criciuma-e-imbituba\/#breadcrumb\",\"itemListElement\":[{\"@type\":\"ListItem\",\"position\":1,\"name\":\"In\u00edcio\",\"item\":\"https:\/\/sulsc.com\/\"},{\"@type\":\"ListItem\",\"position\":2,\"name\":\"Lar Legal promove entrega de 110 escrituras a fam\u00edlias de Crici\u00fama e Imbituba\"}]},{\"@type\":\"WebSite\",\"@id\":\"https:\/\/sulsc.com\/#website\",\"url\":\"https:\/\/sulsc.com\/\",\"name\":\"\",\"description\":\"\",\"potentialAction\":[{\"@type\":\"SearchAction\",\"target\":{\"@type\":\"EntryPoint\",\"urlTemplate\":\"https:\/\/sulsc.com\/?s={search_term_string}\"},\"query-input\":\"required name=search_term_string\"}],\"inLanguage\":\"en-US\"},{\"@type\":\"Person\",\"@id\":\"https:\/\/sulsc.com\/#\/schema\/person\/84d2fc571684f6248ba83092f07750a3\",\"name\":\"Reda\u00e7\u00e3o Sul SC\",\"image\":{\"@type\":\"ImageObject\",\"inLanguage\":\"en-US\",\"@id\":\"https:\/\/sulsc.com\/#\/schema\/person\/image\/e08d7fe2cc4ed596372063bbe852b8d0\",\"url\":\"https:\/\/sulsc.com\/wp-content\/uploads\/2023\/09\/redacao.png\",\"contentUrl\":\"https:\/\/sulsc.com\/wp-content\/uploads\/2023\/09\/redacao.png\",\"caption\":\"Reda\u00e7\u00e3o Sul SC\"},\"description\":\"Foco em um jornalismo imparcial, voltado \u00e0 qualidade dos seus conte\u00fados e, assim, levar informa\u00e7\u00e3o de valor que agregue \u00e0 vida dos leitores. Esta \u00e9 grande miss\u00e3o do Portal de Not\u00edcias Sul SC. N\u00e3o \u00e9 quantidade que muda o mundo, sempre foi e seguir\u00e1 sendo qualidade!\",\"sameAs\":[\"https:\/\/sulsc.com\/\",\"https:\/\/www.facebook.com\/profile.php?id=61559278119680\",\"https:\/\/www.instagram.com\/sulscportal\/?hl=pt-br\",\"https:\/\/twitter.com\/https:\/\/twitter.com\/PortalSulSC\",\"https:\/\/www.youtube.com\/channel\/UCv_BE8GeySluDov2n8qhVmw\"],\"url\":\"https:\/\/sulsc.com\/index.php\/author\/redacao\/\"}]}<\/script>\n<!-- \/ Yoast SEO plugin. -->","yoast_head_json":{"title":"Lar Legal promove entrega de 110 escrituras a fam\u00edlias de Crici\u00fama e Imbituba -","description":"Iniciativa do TJSC, o Lar Legal consiste em legalizar t\u00edtulos de propriedade para fam\u00edlias de baixa rentabilidade econ\u00f4mica residentes em loteamentos ou comunidades j\u00e1 consolidadas","robots":{"index":"index","follow":"follow","max-snippet":"max-snippet:-1","max-image-preview":"max-image-preview:large","max-video-preview":"max-video-preview:-1"},"canonical":"https:\/\/sulsc.com\/index.php\/2024\/04\/02\/lar-legal-promove-entrega-de-110-escrituras-a-familias-de-criciuma-e-imbituba\/","og_locale":"en_US","og_type":"article","og_title":"Lar Legal promove entrega de 110 escrituras a fam\u00edlias de Crici\u00fama e Imbituba -","og_description":"Iniciativa do TJSC, o Lar Legal consiste em legalizar t\u00edtulos de propriedade para fam\u00edlias de baixa rentabilidade econ\u00f4mica residentes em loteamentos ou comunidades j\u00e1 consolidadas","og_url":"https:\/\/sulsc.com\/index.php\/2024\/04\/02\/lar-legal-promove-entrega-de-110-escrituras-a-familias-de-criciuma-e-imbituba\/","article_author":"https:\/\/www.facebook.com\/profile.php?id=61559278119680","article_published_time":"2024-04-02T20:12:40+00:00","og_image":[{"width":555,"height":370,"url":"http:\/\/sulsc.com\/wp-content\/uploads\/2024\/04\/1.jpg","type":"image\/jpeg"}],"author":"Reda\u00e7\u00e3o Sul SC","twitter_card":"summary_large_image","twitter_creator":"@https:\/\/twitter.com\/PortalSulSC","twitter_misc":{"Written by":"Reda\u00e7\u00e3o Sul SC","Est. reading time":"5 minutes"},"schema":{"@context":"https:\/\/schema.org","@graph":[{"@type":"WebPage","@id":"https:\/\/sulsc.com\/index.php\/2024\/04\/02\/lar-legal-promove-entrega-de-110-escrituras-a-familias-de-criciuma-e-imbituba\/","url":"https:\/\/sulsc.com\/index.php\/2024\/04\/02\/lar-legal-promove-entrega-de-110-escrituras-a-familias-de-criciuma-e-imbituba\/","name":"Lar Legal promove entrega de 110 escrituras a fam\u00edlias de Crici\u00fama e Imbituba -","isPartOf":{"@id":"https:\/\/sulsc.com\/#website"},"datePublished":"2024-04-02T20:12:40+00:00","dateModified":"2024-04-02T20:12:40+00:00","author":{"@id":"https:\/\/sulsc.com\/#\/schema\/person\/84d2fc571684f6248ba83092f07750a3"},"description":"Iniciativa do TJSC, o Lar Legal consiste em legalizar t\u00edtulos de propriedade para fam\u00edlias de baixa rentabilidade econ\u00f4mica residentes em loteamentos ou comunidades j\u00e1 consolidadas","breadcrumb":{"@id":"https:\/\/sulsc.com\/index.php\/2024\/04\/02\/lar-legal-promove-entrega-de-110-escrituras-a-familias-de-criciuma-e-imbituba\/#breadcrumb"},"inLanguage":"en-US","potentialAction":[{"@type":"ReadAction","target":["https:\/\/sulsc.com\/index.php\/2024\/04\/02\/lar-legal-promove-entrega-de-110-escrituras-a-familias-de-criciuma-e-imbituba\/"]}]},{"@type":"BreadcrumbList","@id":"https:\/\/sulsc.com\/index.php\/2024\/04\/02\/lar-legal-promove-entrega-de-110-escrituras-a-familias-de-criciuma-e-imbituba\/#breadcrumb","itemListElement":[{"@type":"ListItem","position":1,"name":"In\u00edcio","item":"https:\/\/sulsc.com\/"},{"@type":"ListItem","position":2,"name":"Lar Legal promove entrega de 110 escrituras a fam\u00edlias de Crici\u00fama e Imbituba"}]},{"@type":"WebSite","@id":"https:\/\/sulsc.com\/#website","url":"https:\/\/sulsc.com\/","name":"","description":"","potentialAction":[{"@type":"SearchAction","target":{"@type":"EntryPoint","urlTemplate":"https:\/\/sulsc.com\/?s={search_term_string}"},"query-input":"required name=search_term_string"}],"inLanguage":"en-US"},{"@type":"Person","@id":"https:\/\/sulsc.com\/#\/schema\/person\/84d2fc571684f6248ba83092f07750a3","name":"Reda\u00e7\u00e3o Sul SC","image":{"@type":"ImageObject","inLanguage":"en-US","@id":"https:\/\/sulsc.com\/#\/schema\/person\/image\/e08d7fe2cc4ed596372063bbe852b8d0","url":"https:\/\/sulsc.com\/wp-content\/uploads\/2023\/09\/redacao.png","contentUrl":"https:\/\/sulsc.com\/wp-content\/uploads\/2023\/09\/redacao.png","caption":"Reda\u00e7\u00e3o Sul SC"},"description":"Foco em um jornalismo imparcial, voltado \u00e0 qualidade dos seus conte\u00fados e, assim, levar informa\u00e7\u00e3o de valor que agregue \u00e0 vida dos leitores. Esta \u00e9 grande miss\u00e3o do Portal de Not\u00edcias Sul SC. N\u00e3o \u00e9 quantidade que muda o mundo, sempre foi e seguir\u00e1 sendo qualidade!","sameAs":["https:\/\/sulsc.com\/","https:\/\/www.facebook.com\/profile.php?id=61559278119680","https:\/\/www.instagram.com\/sulscportal\/?hl=pt-br","https:\/\/twitter.com\/https:\/\/twitter.com\/PortalSulSC","https:\/\/www.youtube.com\/channel\/UCv_BE8GeySluDov2n8qhVmw"],"url":"https:\/\/sulsc.com\/index.php\/author\/redacao\/"}]}},"authors":[],"_links":{"self":[{"href":"https:\/\/sulsc.com\/index.php\/wp-json\/wp\/v2\/posts\/10747"}],"collection":[{"href":"https:\/\/sulsc.com\/index.php\/wp-json\/wp\/v2\/posts"}],"about":[{"href":"https:\/\/sulsc.com\/index.php\/wp-json\/wp\/v2\/types\/post"}],"author":[{"embeddable":true,"href":"https:\/\/sulsc.com\/index.php\/wp-json\/wp\/v2\/users\/3"}],"replies":[{"embeddable":true,"href":"https:\/\/sulsc.com\/index.php\/wp-json\/wp\/v2\/comments?post=10747"}],"version-history":[{"count":1,"href":"https:\/\/sulsc.com\/index.php\/wp-json\/wp\/v2\/posts\/10747\/revisions"}],"predecessor-version":[{"id":10749,"href":"https:\/\/sulsc.com\/index.php\/wp-json\/wp\/v2\/posts\/10747\/revisions\/10749"}],"wp:featuredmedia":[{"embeddable":true,"href":"https:\/\/sulsc.com\/index.php\/wp-json\/wp\/v2\/media\/10748"}],"wp:attachment":[{"href":"https:\/\/sulsc.com\/index.php\/wp-json\/wp\/v2\/media?parent=10747"}],"wp:term":[{"taxonomy":"category","embeddable":true,"href":"https:\/\/sulsc.com\/index.php\/wp-json\/wp\/v2\/categories?post=10747"},{"taxonomy":"post_tag","embeddable":true,"href":"https:\/\/sulsc.com\/index.php\/wp-json\/wp\/v2\/tags?post=10747"}],"curies":[{"name":"wp","href":"https:\/\/api.w.org\/{rel}","templated":true}]}}