{"id":10827,"date":"2024-04-05T13:57:56","date_gmt":"2024-04-05T16:57:56","guid":{"rendered":"https:\/\/sulsc.com\/?p=10827"},"modified":"2024-04-05T13:57:56","modified_gmt":"2024-04-05T16:57:56","slug":"tubarao-inaugura-vila-tuba-nharo-em-celebracao-ao-dia-do-indio","status":"publish","type":"post","link":"https:\/\/sulsc.com\/index.php\/2024\/04\/05\/tubarao-inaugura-vila-tuba-nharo-em-celebracao-ao-dia-do-indio\/","title":{"rendered":"Tubar\u00e3o inaugura Vila Tub\u00e1-Nhar\u00f4 em celebra\u00e7\u00e3o ao Dia do \u00cdndio"},"content":{"rendered":"<figure id=\"attachment_10828\" aria-describedby=\"caption-attachment-10828\" style=\"width: 700px\" class=\"wp-caption aligncenter\"><img fetchpriority=\"high\" decoding=\"async\" class=\"size-full wp-image-10828\" src=\"http:\/\/sulsc.com\/wp-content\/uploads\/2024\/04\/destaque-G-1.jpg\" alt=\"\" width=\"700\" height=\"394\" srcset=\"https:\/\/sulsc.com\/wp-content\/uploads\/2024\/04\/destaque-G-1.jpg 700w, https:\/\/sulsc.com\/wp-content\/uploads\/2024\/04\/destaque-G-1-300x169.jpg 300w\" sizes=\"(max-width: 700px) 100vw, 700px\" \/><figcaption id=\"caption-attachment-10828\" class=\"wp-caption-text\">Foto: Divulga\u00e7\u00e3o<\/figcaption><\/figure>\n<p>No m\u00eas em que se celebra o Dia do \u00cdndio, Tubar\u00e3o ganhar\u00e1 um espa\u00e7o dedicado a um dos principais personagens de sua hist\u00f3ria. A Vila Tub\u00e1-Nhar\u00f4 substituir\u00e1 a Vila de P\u00e1scoa na Pra\u00e7a Pery Camis\u00e3o a partir do pr\u00f3ximo s\u00e1bado (6), Dia D de abril no com\u00e9rcio de Tubar\u00e3o.<\/p>\n<p>Os brinquedos disponibilizados pela CDL durante o m\u00eas de mar\u00e7o ao lado da Casa da Cidade fizeram grande sucesso e atra\u00edram muitas fam\u00edlias. A proposta \u00e9 colocar novos brinquedos \u00e0 disposi\u00e7\u00e3o da crian\u00e7ada e continuar fortalecendo o v\u00ednculo das comunidades de Tubar\u00e3o com o Centro da cidade.<\/p>\n<p>Al\u00e9m da nova vila, s\u00e1bado haver\u00e1 uma variada programa\u00e7\u00e3o de atividades, como \u00e9 t\u00edpico nas edi\u00e7\u00f5es do Dia D. As lojas estar\u00e3o abertas at\u00e9 as 17 horas e a popula\u00e7\u00e3o poder\u00e1 participar gratuitamente de a\u00e7\u00f5es culturais, de sa\u00fade e entretenimento, e da coleta de lixo eletr\u00f4nico.<\/p>\n<p>\u201cO \u00faltimo Dia D refor\u00e7ou o quanto a nossa popula\u00e7\u00e3o se envolve nos eventos da cidade. O movimento na Vila de P\u00e1scoa foi intenso, com a crian\u00e7ada visivelmente se divertindo, e queremos proporcionar momentos como esse cada com mais frequencia. Certeza que a Vila Tub\u00e1-Nhar\u00f4 tamb\u00e9m ser\u00e1 um grande sucesso\u201d, destaca o presidente da CDL, Fernando Nandi.<\/p>\n","protected":false},"excerpt":{"rendered":"<p>No m\u00eas em que se celebra o Dia do \u00cdndio, Tubar\u00e3o ganhar\u00e1 um espa\u00e7o dedicado a um dos principais personagens de sua hist\u00f3ria. A Vila Tub\u00e1-Nhar\u00f4 substituir\u00e1 a Vila de P\u00e1scoa na Pra\u00e7a Pery Camis\u00e3o a partir do pr\u00f3ximo s\u00e1bado (6), Dia D de abril no com\u00e9rcio de Tubar\u00e3o. Os brinquedos disponibilizados pela CDL durante &hellip;<\/p>\n<p class=\"read-more\"> <a class=\"\" href=\"https:\/\/sulsc.com\/index.php\/2024\/04\/05\/tubarao-inaugura-vila-tuba-nharo-em-celebracao-ao-dia-do-indio\/\"> <span class=\"screen-reader-text\">Tubar\u00e3o inaugura Vila Tub\u00e1-Nhar\u00f4 em celebra\u00e7\u00e3o ao Dia do \u00cdndio<\/span> Read More &raquo;<\/a><\/p>\n","protected":false},"author":3,"featured_media":10828,"comment_status":"open","ping_status":"open","sticky":false,"template":"","format":"standard","meta":{"site-sidebar-layout":"default","site-content-layout":"","ast-site-content-layout":"default","site-content-style":"default","site-sidebar-style":"default","ast-global-header-display":"","ast-banner-title-visibility":"","ast-main-header-display":"","ast-hfb-above-header-display":"","ast-hfb-below-header-display":"","ast-hfb-mobile-header-display":"","site-post-title":"","ast-breadcrumbs-content":"","ast-featured-img":"","footer-sml-layout":"","theme-transparent-header-meta":"default","adv-header-id-meta":"","stick-header-meta":"","header-above-stick-meta":"","header-main-stick-meta":"","header-below-stick-meta":"","astra-migrate-meta-layouts":"set","footnotes":""},"categories":[1],"tags":[138,72],"yoast_head":"<!-- This site is optimized with the Yoast SEO plugin v21.4 - https:\/\/yoast.com\/wordpress\/plugins\/seo\/ -->\n<title>Tubar\u00e3o inaugura Vila Tub\u00e1-Nhar\u00f4 em celebra\u00e7\u00e3o ao Dia do \u00cdndio -<\/title>\n<meta name=\"description\" content=\"No m\u00eas em que se celebra o Dia do \u00cdndio, Tubar\u00e3o ganhar\u00e1 um espa\u00e7o dedicado a um dos principais personagens de sua hist\u00f3ria. A Vila Tub\u00e1-Nhar\u00f4 substituir\u00e1 a Vila de P\u00e1scoa na Pra\u00e7a Pery Camis\u00e3o a partir do pr\u00f3ximo s\u00e1bado (6), Dia D de abril no com\u00e9rcio de Tubar\u00e3o.\" \/>\n<meta name=\"robots\" content=\"index, follow, max-snippet:-1, max-image-preview:large, max-video-preview:-1\" \/>\n<link rel=\"canonical\" href=\"https:\/\/sulsc.com\/index.php\/2024\/04\/05\/tubarao-inaugura-vila-tuba-nharo-em-celebracao-ao-dia-do-indio\/\" \/>\n<meta property=\"og:locale\" content=\"en_US\" \/>\n<meta property=\"og:type\" content=\"article\" \/>\n<meta property=\"og:title\" content=\"Tubar\u00e3o inaugura Vila Tub\u00e1-Nhar\u00f4 em celebra\u00e7\u00e3o ao Dia do \u00cdndio -\" \/>\n<meta property=\"og:description\" content=\"No m\u00eas em que se celebra o Dia do \u00cdndio, Tubar\u00e3o ganhar\u00e1 um espa\u00e7o dedicado a um dos principais personagens de sua hist\u00f3ria. A Vila Tub\u00e1-Nhar\u00f4 substituir\u00e1 a Vila de P\u00e1scoa na Pra\u00e7a Pery Camis\u00e3o a partir do pr\u00f3ximo s\u00e1bado (6), Dia D de abril no com\u00e9rcio de Tubar\u00e3o.\" \/>\n<meta property=\"og:url\" content=\"https:\/\/sulsc.com\/index.php\/2024\/04\/05\/tubarao-inaugura-vila-tuba-nharo-em-celebracao-ao-dia-do-indio\/\" \/>\n<meta property=\"article:author\" content=\"https:\/\/www.facebook.com\/profile.php?id=61559278119680\" \/>\n<meta property=\"article:published_time\" content=\"2024-04-05T16:57:56+00:00\" \/>\n<meta property=\"og:image\" content=\"http:\/\/sulsc.com\/wp-content\/uploads\/2024\/04\/destaque-G-1.jpg\" \/>\n\t<meta property=\"og:image:width\" content=\"700\" \/>\n\t<meta property=\"og:image:height\" content=\"394\" \/>\n\t<meta property=\"og:image:type\" content=\"image\/jpeg\" \/>\n<meta name=\"author\" content=\"Reda\u00e7\u00e3o Sul SC\" \/>\n<meta name=\"twitter:card\" content=\"summary_large_image\" \/>\n<meta name=\"twitter:creator\" content=\"@https:\/\/twitter.com\/PortalSulSC\" \/>\n<meta name=\"twitter:label1\" content=\"Written by\" \/>\n\t<meta name=\"twitter:data1\" content=\"Reda\u00e7\u00e3o Sul SC\" \/>\n\t<meta name=\"twitter:label2\" content=\"Est. reading time\" \/>\n\t<meta name=\"twitter:data2\" content=\"2 minutes\" \/>\n<script type=\"application\/ld+json\" class=\"yoast-schema-graph\">{\"@context\":\"https:\/\/schema.org\",\"@graph\":[{\"@type\":\"WebPage\",\"@id\":\"https:\/\/sulsc.com\/index.php\/2024\/04\/05\/tubarao-inaugura-vila-tuba-nharo-em-celebracao-ao-dia-do-indio\/\",\"url\":\"https:\/\/sulsc.com\/index.php\/2024\/04\/05\/tubarao-inaugura-vila-tuba-nharo-em-celebracao-ao-dia-do-indio\/\",\"name\":\"Tubar\u00e3o inaugura Vila Tub\u00e1-Nhar\u00f4 em celebra\u00e7\u00e3o ao Dia do \u00cdndio -\",\"isPartOf\":{\"@id\":\"https:\/\/sulsc.com\/#website\"},\"datePublished\":\"2024-04-05T16:57:56+00:00\",\"dateModified\":\"2024-04-05T16:57:56+00:00\",\"author\":{\"@id\":\"https:\/\/sulsc.com\/#\/schema\/person\/84d2fc571684f6248ba83092f07750a3\"},\"description\":\"No m\u00eas em que se celebra o Dia do \u00cdndio, Tubar\u00e3o ganhar\u00e1 um espa\u00e7o dedicado a um dos principais personagens de sua hist\u00f3ria. A Vila Tub\u00e1-Nhar\u00f4 substituir\u00e1 a Vila de P\u00e1scoa na Pra\u00e7a Pery Camis\u00e3o a partir do pr\u00f3ximo s\u00e1bado (6), Dia D de abril no com\u00e9rcio de Tubar\u00e3o.\",\"breadcrumb\":{\"@id\":\"https:\/\/sulsc.com\/index.php\/2024\/04\/05\/tubarao-inaugura-vila-tuba-nharo-em-celebracao-ao-dia-do-indio\/#breadcrumb\"},\"inLanguage\":\"en-US\",\"potentialAction\":[{\"@type\":\"ReadAction\",\"target\":[\"https:\/\/sulsc.com\/index.php\/2024\/04\/05\/tubarao-inaugura-vila-tuba-nharo-em-celebracao-ao-dia-do-indio\/\"]}]},{\"@type\":\"BreadcrumbList\",\"@id\":\"https:\/\/sulsc.com\/index.php\/2024\/04\/05\/tubarao-inaugura-vila-tuba-nharo-em-celebracao-ao-dia-do-indio\/#breadcrumb\",\"itemListElement\":[{\"@type\":\"ListItem\",\"position\":1,\"name\":\"In\u00edcio\",\"item\":\"https:\/\/sulsc.com\/\"},{\"@type\":\"ListItem\",\"position\":2,\"name\":\"Tubar\u00e3o inaugura Vila Tub\u00e1-Nhar\u00f4 em celebra\u00e7\u00e3o ao Dia do \u00cdndio\"}]},{\"@type\":\"WebSite\",\"@id\":\"https:\/\/sulsc.com\/#website\",\"url\":\"https:\/\/sulsc.com\/\",\"name\":\"\",\"description\":\"\",\"potentialAction\":[{\"@type\":\"SearchAction\",\"target\":{\"@type\":\"EntryPoint\",\"urlTemplate\":\"https:\/\/sulsc.com\/?s={search_term_string}\"},\"query-input\":\"required name=search_term_string\"}],\"inLanguage\":\"en-US\"},{\"@type\":\"Person\",\"@id\":\"https:\/\/sulsc.com\/#\/schema\/person\/84d2fc571684f6248ba83092f07750a3\",\"name\":\"Reda\u00e7\u00e3o Sul SC\",\"image\":{\"@type\":\"ImageObject\",\"inLanguage\":\"en-US\",\"@id\":\"https:\/\/sulsc.com\/#\/schema\/person\/image\/e08d7fe2cc4ed596372063bbe852b8d0\",\"url\":\"https:\/\/sulsc.com\/wp-content\/uploads\/2023\/09\/redacao.png\",\"contentUrl\":\"https:\/\/sulsc.com\/wp-content\/uploads\/2023\/09\/redacao.png\",\"caption\":\"Reda\u00e7\u00e3o Sul SC\"},\"description\":\"Foco em um jornalismo imparcial, voltado \u00e0 qualidade dos seus conte\u00fados e, assim, levar informa\u00e7\u00e3o de valor que agregue \u00e0 vida dos leitores. Esta \u00e9 grande miss\u00e3o do Portal de Not\u00edcias Sul SC. N\u00e3o \u00e9 quantidade que muda o mundo, sempre foi e seguir\u00e1 sendo qualidade!\",\"sameAs\":[\"https:\/\/sulsc.com\/\",\"https:\/\/www.facebook.com\/profile.php?id=61559278119680\",\"https:\/\/www.instagram.com\/sulscportal\/?hl=pt-br\",\"https:\/\/twitter.com\/https:\/\/twitter.com\/PortalSulSC\",\"https:\/\/www.youtube.com\/channel\/UCv_BE8GeySluDov2n8qhVmw\"],\"url\":\"https:\/\/sulsc.com\/index.php\/author\/redacao\/\"}]}<\/script>\n<!-- \/ Yoast SEO plugin. -->","yoast_head_json":{"title":"Tubar\u00e3o inaugura Vila Tub\u00e1-Nhar\u00f4 em celebra\u00e7\u00e3o ao Dia do \u00cdndio -","description":"No m\u00eas em que se celebra o Dia do \u00cdndio, Tubar\u00e3o ganhar\u00e1 um espa\u00e7o dedicado a um dos principais personagens de sua hist\u00f3ria. A Vila Tub\u00e1-Nhar\u00f4 substituir\u00e1 a Vila de P\u00e1scoa na Pra\u00e7a Pery Camis\u00e3o a partir do pr\u00f3ximo s\u00e1bado (6), Dia D de abril no com\u00e9rcio de Tubar\u00e3o.","robots":{"index":"index","follow":"follow","max-snippet":"max-snippet:-1","max-image-preview":"max-image-preview:large","max-video-preview":"max-video-preview:-1"},"canonical":"https:\/\/sulsc.com\/index.php\/2024\/04\/05\/tubarao-inaugura-vila-tuba-nharo-em-celebracao-ao-dia-do-indio\/","og_locale":"en_US","og_type":"article","og_title":"Tubar\u00e3o inaugura Vila Tub\u00e1-Nhar\u00f4 em celebra\u00e7\u00e3o ao Dia do \u00cdndio -","og_description":"No m\u00eas em que se celebra o Dia do \u00cdndio, Tubar\u00e3o ganhar\u00e1 um espa\u00e7o dedicado a um dos principais personagens de sua hist\u00f3ria. A Vila Tub\u00e1-Nhar\u00f4 substituir\u00e1 a Vila de P\u00e1scoa na Pra\u00e7a Pery Camis\u00e3o a partir do pr\u00f3ximo s\u00e1bado (6), Dia D de abril no com\u00e9rcio de Tubar\u00e3o.","og_url":"https:\/\/sulsc.com\/index.php\/2024\/04\/05\/tubarao-inaugura-vila-tuba-nharo-em-celebracao-ao-dia-do-indio\/","article_author":"https:\/\/www.facebook.com\/profile.php?id=61559278119680","article_published_time":"2024-04-05T16:57:56+00:00","og_image":[{"width":700,"height":394,"url":"http:\/\/sulsc.com\/wp-content\/uploads\/2024\/04\/destaque-G-1.jpg","type":"image\/jpeg"}],"author":"Reda\u00e7\u00e3o Sul SC","twitter_card":"summary_large_image","twitter_creator":"@https:\/\/twitter.com\/PortalSulSC","twitter_misc":{"Written by":"Reda\u00e7\u00e3o Sul SC","Est. reading time":"2 minutes"},"schema":{"@context":"https:\/\/schema.org","@graph":[{"@type":"WebPage","@id":"https:\/\/sulsc.com\/index.php\/2024\/04\/05\/tubarao-inaugura-vila-tuba-nharo-em-celebracao-ao-dia-do-indio\/","url":"https:\/\/sulsc.com\/index.php\/2024\/04\/05\/tubarao-inaugura-vila-tuba-nharo-em-celebracao-ao-dia-do-indio\/","name":"Tubar\u00e3o inaugura Vila Tub\u00e1-Nhar\u00f4 em celebra\u00e7\u00e3o ao Dia do \u00cdndio -","isPartOf":{"@id":"https:\/\/sulsc.com\/#website"},"datePublished":"2024-04-05T16:57:56+00:00","dateModified":"2024-04-05T16:57:56+00:00","author":{"@id":"https:\/\/sulsc.com\/#\/schema\/person\/84d2fc571684f6248ba83092f07750a3"},"description":"No m\u00eas em que se celebra o Dia do \u00cdndio, Tubar\u00e3o ganhar\u00e1 um espa\u00e7o dedicado a um dos principais personagens de sua hist\u00f3ria. A Vila Tub\u00e1-Nhar\u00f4 substituir\u00e1 a Vila de P\u00e1scoa na Pra\u00e7a Pery Camis\u00e3o a partir do pr\u00f3ximo s\u00e1bado (6), Dia D de abril no com\u00e9rcio de Tubar\u00e3o.","breadcrumb":{"@id":"https:\/\/sulsc.com\/index.php\/2024\/04\/05\/tubarao-inaugura-vila-tuba-nharo-em-celebracao-ao-dia-do-indio\/#breadcrumb"},"inLanguage":"en-US","potentialAction":[{"@type":"ReadAction","target":["https:\/\/sulsc.com\/index.php\/2024\/04\/05\/tubarao-inaugura-vila-tuba-nharo-em-celebracao-ao-dia-do-indio\/"]}]},{"@type":"BreadcrumbList","@id":"https:\/\/sulsc.com\/index.php\/2024\/04\/05\/tubarao-inaugura-vila-tuba-nharo-em-celebracao-ao-dia-do-indio\/#breadcrumb","itemListElement":[{"@type":"ListItem","position":1,"name":"In\u00edcio","item":"https:\/\/sulsc.com\/"},{"@type":"ListItem","position":2,"name":"Tubar\u00e3o inaugura Vila Tub\u00e1-Nhar\u00f4 em celebra\u00e7\u00e3o ao Dia do \u00cdndio"}]},{"@type":"WebSite","@id":"https:\/\/sulsc.com\/#website","url":"https:\/\/sulsc.com\/","name":"","description":"","potentialAction":[{"@type":"SearchAction","target":{"@type":"EntryPoint","urlTemplate":"https:\/\/sulsc.com\/?s={search_term_string}"},"query-input":"required name=search_term_string"}],"inLanguage":"en-US"},{"@type":"Person","@id":"https:\/\/sulsc.com\/#\/schema\/person\/84d2fc571684f6248ba83092f07750a3","name":"Reda\u00e7\u00e3o Sul SC","image":{"@type":"ImageObject","inLanguage":"en-US","@id":"https:\/\/sulsc.com\/#\/schema\/person\/image\/e08d7fe2cc4ed596372063bbe852b8d0","url":"https:\/\/sulsc.com\/wp-content\/uploads\/2023\/09\/redacao.png","contentUrl":"https:\/\/sulsc.com\/wp-content\/uploads\/2023\/09\/redacao.png","caption":"Reda\u00e7\u00e3o Sul SC"},"description":"Foco em um jornalismo imparcial, voltado \u00e0 qualidade dos seus conte\u00fados e, assim, levar informa\u00e7\u00e3o de valor que agregue \u00e0 vida dos leitores. Esta \u00e9 grande miss\u00e3o do Portal de Not\u00edcias Sul SC. N\u00e3o \u00e9 quantidade que muda o mundo, sempre foi e seguir\u00e1 sendo qualidade!","sameAs":["https:\/\/sulsc.com\/","https:\/\/www.facebook.com\/profile.php?id=61559278119680","https:\/\/www.instagram.com\/sulscportal\/?hl=pt-br","https:\/\/twitter.com\/https:\/\/twitter.com\/PortalSulSC","https:\/\/www.youtube.com\/channel\/UCv_BE8GeySluDov2n8qhVmw"],"url":"https:\/\/sulsc.com\/index.php\/author\/redacao\/"}]}},"authors":[],"_links":{"self":[{"href":"https:\/\/sulsc.com\/index.php\/wp-json\/wp\/v2\/posts\/10827"}],"collection":[{"href":"https:\/\/sulsc.com\/index.php\/wp-json\/wp\/v2\/posts"}],"about":[{"href":"https:\/\/sulsc.com\/index.php\/wp-json\/wp\/v2\/types\/post"}],"author":[{"embeddable":true,"href":"https:\/\/sulsc.com\/index.php\/wp-json\/wp\/v2\/users\/3"}],"replies":[{"embeddable":true,"href":"https:\/\/sulsc.com\/index.php\/wp-json\/wp\/v2\/comments?post=10827"}],"version-history":[{"count":1,"href":"https:\/\/sulsc.com\/index.php\/wp-json\/wp\/v2\/posts\/10827\/revisions"}],"predecessor-version":[{"id":10829,"href":"https:\/\/sulsc.com\/index.php\/wp-json\/wp\/v2\/posts\/10827\/revisions\/10829"}],"wp:featuredmedia":[{"embeddable":true,"href":"https:\/\/sulsc.com\/index.php\/wp-json\/wp\/v2\/media\/10828"}],"wp:attachment":[{"href":"https:\/\/sulsc.com\/index.php\/wp-json\/wp\/v2\/media?parent=10827"}],"wp:term":[{"taxonomy":"category","embeddable":true,"href":"https:\/\/sulsc.com\/index.php\/wp-json\/wp\/v2\/categories?post=10827"},{"taxonomy":"post_tag","embeddable":true,"href":"https:\/\/sulsc.com\/index.php\/wp-json\/wp\/v2\/tags?post=10827"}],"curies":[{"name":"wp","href":"https:\/\/api.w.org\/{rel}","templated":true}]}}