{"id":1088,"date":"2023-09-14T07:30:16","date_gmt":"2023-09-14T10:30:16","guid":{"rendered":"https:\/\/sulsc.com\/?p=1088"},"modified":"2023-09-14T08:14:16","modified_gmt":"2023-09-14T11:14:16","slug":"pit-bull-e-encontrado-em-situacao-de-maus-tratos-em-lauro-muller","status":"publish","type":"post","link":"https:\/\/sulsc.com\/index.php\/2023\/09\/14\/pit-bull-e-encontrado-em-situacao-de-maus-tratos-em-lauro-muller\/","title":{"rendered":"Pit Bull \u00e9 encontrado em situa\u00e7\u00e3o de maus tratos, em Lauro M\u00fcller"},"content":{"rendered":"<p>Nesta quarta-feira (13) a Pol\u00edcia Civil, por meio da Delegacia de Pol\u00edcia da Comarca de Lauro Muller, juntamente com o Setor de Zoonoses da Prefeitura Municipal, realizou dilig\u00eancias para apurar den\u00fancia de maus-tratos de animais.<\/p>\n<p><img fetchpriority=\"high\" decoding=\"async\" class=\"size-medium wp-image-1090 alignleft\" src=\"http:\/\/sulsc.com\/wp-content\/uploads\/2023\/09\/WhatsApp-Image-2023-09-13-at-13.26.55-1-169x300.jpeg\" alt=\"\" width=\"169\" height=\"300\" srcset=\"https:\/\/sulsc.com\/wp-content\/uploads\/2023\/09\/WhatsApp-Image-2023-09-13-at-13.26.55-1-169x300.jpeg 169w, https:\/\/sulsc.com\/wp-content\/uploads\/2023\/09\/WhatsApp-Image-2023-09-13-at-13.26.55-1-576x1024.jpeg 576w, https:\/\/sulsc.com\/wp-content\/uploads\/2023\/09\/WhatsApp-Image-2023-09-13-at-13.26.55-1-768x1365.jpeg 768w, https:\/\/sulsc.com\/wp-content\/uploads\/2023\/09\/WhatsApp-Image-2023-09-13-at-13.26.55-1-864x1536.jpeg 864w, https:\/\/sulsc.com\/wp-content\/uploads\/2023\/09\/WhatsApp-Image-2023-09-13-at-13.26.55-1.jpeg 900w\" sizes=\"(max-width: 169px) 100vw, 169px\" \/>No local foi encontrado um c\u00e3o da ra\u00e7a pit bull com uma corrente em volta do pesco\u00e7o \u2013 presa com um cadeado. A veterin\u00e1ria que acompanhou a dilig\u00eancia atestou a insalubridade do local, bem como a seriedade dos ferimentos apresentado.<\/p>\n<p>O Delegado Rodrigo Dantas afirma que \u201cdiante do cen\u00e1rio encontrado, sendo os maus-tratos atestados por m\u00e9dico veterin\u00e1rio, a propriet\u00e1ria do animal foi conduzida \u00e0 DPCO de Lauro Muller e autuada em flagrante. Cabe destacar, ainda, que o c\u00e3o \u00e9 extremamente d\u00f3cil. O animal foi recolhido pelo Setor de Zoonoses e ser\u00e1 encaminhado para tratamento veterin\u00e1rio e em breve estar\u00e1 dispon\u00edvel para ado\u00e7\u00e3o\u201d.<\/p>\n","protected":false},"excerpt":{"rendered":"<p>Nesta quarta-feira (13) a Pol\u00edcia Civil, por meio da Delegacia de Pol\u00edcia da Comarca de Lauro Muller, juntamente com o Setor de Zoonoses da Prefeitura Municipal, realizou dilig\u00eancias para apurar den\u00fancia de maus-tratos de animais. No local foi encontrado um c\u00e3o da ra\u00e7a pit bull com uma corrente em volta do pesco\u00e7o \u2013 presa com &hellip;<\/p>\n<p class=\"read-more\"> <a class=\"\" href=\"https:\/\/sulsc.com\/index.php\/2023\/09\/14\/pit-bull-e-encontrado-em-situacao-de-maus-tratos-em-lauro-muller\/\"> <span class=\"screen-reader-text\">Pit Bull \u00e9 encontrado em situa\u00e7\u00e3o de maus tratos, em Lauro M\u00fcller<\/span> Read More &raquo;<\/a><\/p>\n","protected":false},"author":3,"featured_media":1089,"comment_status":"open","ping_status":"open","sticky":false,"template":"","format":"standard","meta":{"site-sidebar-layout":"default","site-content-layout":"default","ast-site-content-layout":"","site-content-style":"default","site-sidebar-style":"default","ast-global-header-display":"","ast-banner-title-visibility":"","ast-main-header-display":"","ast-hfb-above-header-display":"","ast-hfb-below-header-display":"","ast-hfb-mobile-header-display":"","site-post-title":"","ast-breadcrumbs-content":"","ast-featured-img":"","footer-sml-layout":"","theme-transparent-header-meta":"default","adv-header-id-meta":"","stick-header-meta":"","header-above-stick-meta":"","header-main-stick-meta":"","header-below-stick-meta":"","astra-migrate-meta-layouts":"","footnotes":""},"categories":[8],"tags":[],"yoast_head":"<!-- This site is optimized with the Yoast SEO plugin v21.4 - https:\/\/yoast.com\/wordpress\/plugins\/seo\/ -->\n<title>Pit Bull \u00e9 encontrado em situa\u00e7\u00e3o de maus tratos, em Lauro M\u00fcller -<\/title>\n<meta name=\"robots\" content=\"index, follow, max-snippet:-1, max-image-preview:large, max-video-preview:-1\" \/>\n<link rel=\"canonical\" href=\"https:\/\/sulsc.com\/index.php\/2023\/09\/14\/pit-bull-e-encontrado-em-situacao-de-maus-tratos-em-lauro-muller\/\" \/>\n<meta property=\"og:locale\" content=\"en_US\" \/>\n<meta property=\"og:type\" content=\"article\" \/>\n<meta property=\"og:title\" content=\"Pit Bull \u00e9 encontrado em situa\u00e7\u00e3o de maus tratos, em Lauro M\u00fcller -\" \/>\n<meta property=\"og:description\" content=\"Nesta quarta-feira (13) a Pol\u00edcia Civil, por meio da Delegacia de Pol\u00edcia da Comarca de Lauro Muller, juntamente com o Setor de Zoonoses da Prefeitura Municipal, realizou dilig\u00eancias para apurar den\u00fancia de maus-tratos de animais. No local foi encontrado um c\u00e3o da ra\u00e7a pit bull com uma corrente em volta do pesco\u00e7o \u2013 presa com &hellip; Pit Bull \u00e9 encontrado em situa\u00e7\u00e3o de maus tratos, em Lauro M\u00fcller Read More &raquo;\" \/>\n<meta property=\"og:url\" content=\"https:\/\/sulsc.com\/index.php\/2023\/09\/14\/pit-bull-e-encontrado-em-situacao-de-maus-tratos-em-lauro-muller\/\" \/>\n<meta property=\"article:author\" content=\"https:\/\/www.facebook.com\/profile.php?id=61559278119680\" \/>\n<meta property=\"article:published_time\" content=\"2023-09-14T10:30:16+00:00\" \/>\n<meta property=\"article:modified_time\" content=\"2023-09-14T11:14:16+00:00\" \/>\n<meta property=\"og:image\" content=\"https:\/\/sulsc.com\/wp-content\/uploads\/2023\/09\/WhatsApp-Image-2023-09-13-at-13.26.55-rotated.jpeg\" \/>\n\t<meta property=\"og:image:width\" content=\"1600\" \/>\n\t<meta property=\"og:image:height\" content=\"900\" \/>\n\t<meta property=\"og:image:type\" content=\"image\/jpeg\" \/>\n<meta name=\"author\" content=\"Reda\u00e7\u00e3o Sul SC\" \/>\n<meta name=\"twitter:card\" content=\"summary_large_image\" \/>\n<meta name=\"twitter:creator\" content=\"@https:\/\/twitter.com\/PortalSulSC\" \/>\n<meta name=\"twitter:label1\" content=\"Written by\" \/>\n\t<meta name=\"twitter:data1\" content=\"Reda\u00e7\u00e3o Sul SC\" \/>\n\t<meta name=\"twitter:label2\" content=\"Est. reading time\" \/>\n\t<meta name=\"twitter:data2\" content=\"1 minute\" \/>\n<script type=\"application\/ld+json\" class=\"yoast-schema-graph\">{\"@context\":\"https:\/\/schema.org\",\"@graph\":[{\"@type\":\"WebPage\",\"@id\":\"https:\/\/sulsc.com\/index.php\/2023\/09\/14\/pit-bull-e-encontrado-em-situacao-de-maus-tratos-em-lauro-muller\/\",\"url\":\"https:\/\/sulsc.com\/index.php\/2023\/09\/14\/pit-bull-e-encontrado-em-situacao-de-maus-tratos-em-lauro-muller\/\",\"name\":\"Pit Bull \u00e9 encontrado em situa\u00e7\u00e3o de maus tratos, em Lauro M\u00fcller -\",\"isPartOf\":{\"@id\":\"https:\/\/sulsc.com\/#website\"},\"datePublished\":\"2023-09-14T10:30:16+00:00\",\"dateModified\":\"2023-09-14T11:14:16+00:00\",\"author\":{\"@id\":\"https:\/\/sulsc.com\/#\/schema\/person\/84d2fc571684f6248ba83092f07750a3\"},\"breadcrumb\":{\"@id\":\"https:\/\/sulsc.com\/index.php\/2023\/09\/14\/pit-bull-e-encontrado-em-situacao-de-maus-tratos-em-lauro-muller\/#breadcrumb\"},\"inLanguage\":\"en-US\",\"potentialAction\":[{\"@type\":\"ReadAction\",\"target\":[\"https:\/\/sulsc.com\/index.php\/2023\/09\/14\/pit-bull-e-encontrado-em-situacao-de-maus-tratos-em-lauro-muller\/\"]}]},{\"@type\":\"BreadcrumbList\",\"@id\":\"https:\/\/sulsc.com\/index.php\/2023\/09\/14\/pit-bull-e-encontrado-em-situacao-de-maus-tratos-em-lauro-muller\/#breadcrumb\",\"itemListElement\":[{\"@type\":\"ListItem\",\"position\":1,\"name\":\"In\u00edcio\",\"item\":\"https:\/\/sulsc.com\/\"},{\"@type\":\"ListItem\",\"position\":2,\"name\":\"Pit Bull \u00e9 encontrado em situa\u00e7\u00e3o de maus tratos, em Lauro M\u00fcller\"}]},{\"@type\":\"WebSite\",\"@id\":\"https:\/\/sulsc.com\/#website\",\"url\":\"https:\/\/sulsc.com\/\",\"name\":\"\",\"description\":\"\",\"potentialAction\":[{\"@type\":\"SearchAction\",\"target\":{\"@type\":\"EntryPoint\",\"urlTemplate\":\"https:\/\/sulsc.com\/?s={search_term_string}\"},\"query-input\":\"required name=search_term_string\"}],\"inLanguage\":\"en-US\"},{\"@type\":\"Person\",\"@id\":\"https:\/\/sulsc.com\/#\/schema\/person\/84d2fc571684f6248ba83092f07750a3\",\"name\":\"Reda\u00e7\u00e3o Sul SC\",\"image\":{\"@type\":\"ImageObject\",\"inLanguage\":\"en-US\",\"@id\":\"https:\/\/sulsc.com\/#\/schema\/person\/image\/e08d7fe2cc4ed596372063bbe852b8d0\",\"url\":\"https:\/\/sulsc.com\/wp-content\/uploads\/2023\/09\/redacao.png\",\"contentUrl\":\"https:\/\/sulsc.com\/wp-content\/uploads\/2023\/09\/redacao.png\",\"caption\":\"Reda\u00e7\u00e3o Sul SC\"},\"description\":\"Foco em um jornalismo imparcial, voltado \u00e0 qualidade dos seus conte\u00fados e, assim, levar informa\u00e7\u00e3o de valor que agregue \u00e0 vida dos leitores. Esta \u00e9 grande miss\u00e3o do Portal de Not\u00edcias Sul SC. N\u00e3o \u00e9 quantidade que muda o mundo, sempre foi e seguir\u00e1 sendo qualidade!\",\"sameAs\":[\"https:\/\/sulsc.com\/\",\"https:\/\/www.facebook.com\/profile.php?id=61559278119680\",\"https:\/\/www.instagram.com\/sulscportal\/?hl=pt-br\",\"https:\/\/twitter.com\/https:\/\/twitter.com\/PortalSulSC\",\"https:\/\/www.youtube.com\/channel\/UCv_BE8GeySluDov2n8qhVmw\"],\"url\":\"https:\/\/sulsc.com\/index.php\/author\/redacao\/\"}]}<\/script>\n<!-- \/ Yoast SEO plugin. -->","yoast_head_json":{"title":"Pit Bull \u00e9 encontrado em situa\u00e7\u00e3o de maus tratos, em Lauro M\u00fcller -","robots":{"index":"index","follow":"follow","max-snippet":"max-snippet:-1","max-image-preview":"max-image-preview:large","max-video-preview":"max-video-preview:-1"},"canonical":"https:\/\/sulsc.com\/index.php\/2023\/09\/14\/pit-bull-e-encontrado-em-situacao-de-maus-tratos-em-lauro-muller\/","og_locale":"en_US","og_type":"article","og_title":"Pit Bull \u00e9 encontrado em situa\u00e7\u00e3o de maus tratos, em Lauro M\u00fcller -","og_description":"Nesta quarta-feira (13) a Pol\u00edcia Civil, por meio da Delegacia de Pol\u00edcia da Comarca de Lauro Muller, juntamente com o Setor de Zoonoses da Prefeitura Municipal, realizou dilig\u00eancias para apurar den\u00fancia de maus-tratos de animais. No local foi encontrado um c\u00e3o da ra\u00e7a pit bull com uma corrente em volta do pesco\u00e7o \u2013 presa com &hellip; Pit Bull \u00e9 encontrado em situa\u00e7\u00e3o de maus tratos, em Lauro M\u00fcller Read More &raquo;","og_url":"https:\/\/sulsc.com\/index.php\/2023\/09\/14\/pit-bull-e-encontrado-em-situacao-de-maus-tratos-em-lauro-muller\/","article_author":"https:\/\/www.facebook.com\/profile.php?id=61559278119680","article_published_time":"2023-09-14T10:30:16+00:00","article_modified_time":"2023-09-14T11:14:16+00:00","og_image":[{"width":1600,"height":900,"url":"https:\/\/sulsc.com\/wp-content\/uploads\/2023\/09\/WhatsApp-Image-2023-09-13-at-13.26.55-rotated.jpeg","type":"image\/jpeg"}],"author":"Reda\u00e7\u00e3o Sul SC","twitter_card":"summary_large_image","twitter_creator":"@https:\/\/twitter.com\/PortalSulSC","twitter_misc":{"Written by":"Reda\u00e7\u00e3o Sul SC","Est. reading time":"1 minute"},"schema":{"@context":"https:\/\/schema.org","@graph":[{"@type":"WebPage","@id":"https:\/\/sulsc.com\/index.php\/2023\/09\/14\/pit-bull-e-encontrado-em-situacao-de-maus-tratos-em-lauro-muller\/","url":"https:\/\/sulsc.com\/index.php\/2023\/09\/14\/pit-bull-e-encontrado-em-situacao-de-maus-tratos-em-lauro-muller\/","name":"Pit Bull \u00e9 encontrado em situa\u00e7\u00e3o de maus tratos, em Lauro M\u00fcller -","isPartOf":{"@id":"https:\/\/sulsc.com\/#website"},"datePublished":"2023-09-14T10:30:16+00:00","dateModified":"2023-09-14T11:14:16+00:00","author":{"@id":"https:\/\/sulsc.com\/#\/schema\/person\/84d2fc571684f6248ba83092f07750a3"},"breadcrumb":{"@id":"https:\/\/sulsc.com\/index.php\/2023\/09\/14\/pit-bull-e-encontrado-em-situacao-de-maus-tratos-em-lauro-muller\/#breadcrumb"},"inLanguage":"en-US","potentialAction":[{"@type":"ReadAction","target":["https:\/\/sulsc.com\/index.php\/2023\/09\/14\/pit-bull-e-encontrado-em-situacao-de-maus-tratos-em-lauro-muller\/"]}]},{"@type":"BreadcrumbList","@id":"https:\/\/sulsc.com\/index.php\/2023\/09\/14\/pit-bull-e-encontrado-em-situacao-de-maus-tratos-em-lauro-muller\/#breadcrumb","itemListElement":[{"@type":"ListItem","position":1,"name":"In\u00edcio","item":"https:\/\/sulsc.com\/"},{"@type":"ListItem","position":2,"name":"Pit Bull \u00e9 encontrado em situa\u00e7\u00e3o de maus tratos, em Lauro M\u00fcller"}]},{"@type":"WebSite","@id":"https:\/\/sulsc.com\/#website","url":"https:\/\/sulsc.com\/","name":"","description":"","potentialAction":[{"@type":"SearchAction","target":{"@type":"EntryPoint","urlTemplate":"https:\/\/sulsc.com\/?s={search_term_string}"},"query-input":"required name=search_term_string"}],"inLanguage":"en-US"},{"@type":"Person","@id":"https:\/\/sulsc.com\/#\/schema\/person\/84d2fc571684f6248ba83092f07750a3","name":"Reda\u00e7\u00e3o Sul SC","image":{"@type":"ImageObject","inLanguage":"en-US","@id":"https:\/\/sulsc.com\/#\/schema\/person\/image\/e08d7fe2cc4ed596372063bbe852b8d0","url":"https:\/\/sulsc.com\/wp-content\/uploads\/2023\/09\/redacao.png","contentUrl":"https:\/\/sulsc.com\/wp-content\/uploads\/2023\/09\/redacao.png","caption":"Reda\u00e7\u00e3o Sul SC"},"description":"Foco em um jornalismo imparcial, voltado \u00e0 qualidade dos seus conte\u00fados e, assim, levar informa\u00e7\u00e3o de valor que agregue \u00e0 vida dos leitores. Esta \u00e9 grande miss\u00e3o do Portal de Not\u00edcias Sul SC. N\u00e3o \u00e9 quantidade que muda o mundo, sempre foi e seguir\u00e1 sendo qualidade!","sameAs":["https:\/\/sulsc.com\/","https:\/\/www.facebook.com\/profile.php?id=61559278119680","https:\/\/www.instagram.com\/sulscportal\/?hl=pt-br","https:\/\/twitter.com\/https:\/\/twitter.com\/PortalSulSC","https:\/\/www.youtube.com\/channel\/UCv_BE8GeySluDov2n8qhVmw"],"url":"https:\/\/sulsc.com\/index.php\/author\/redacao\/"}]}},"authors":[],"_links":{"self":[{"href":"https:\/\/sulsc.com\/index.php\/wp-json\/wp\/v2\/posts\/1088"}],"collection":[{"href":"https:\/\/sulsc.com\/index.php\/wp-json\/wp\/v2\/posts"}],"about":[{"href":"https:\/\/sulsc.com\/index.php\/wp-json\/wp\/v2\/types\/post"}],"author":[{"embeddable":true,"href":"https:\/\/sulsc.com\/index.php\/wp-json\/wp\/v2\/users\/3"}],"replies":[{"embeddable":true,"href":"https:\/\/sulsc.com\/index.php\/wp-json\/wp\/v2\/comments?post=1088"}],"version-history":[{"count":1,"href":"https:\/\/sulsc.com\/index.php\/wp-json\/wp\/v2\/posts\/1088\/revisions"}],"predecessor-version":[{"id":1091,"href":"https:\/\/sulsc.com\/index.php\/wp-json\/wp\/v2\/posts\/1088\/revisions\/1091"}],"wp:featuredmedia":[{"embeddable":true,"href":"https:\/\/sulsc.com\/index.php\/wp-json\/wp\/v2\/media\/1089"}],"wp:attachment":[{"href":"https:\/\/sulsc.com\/index.php\/wp-json\/wp\/v2\/media?parent=1088"}],"wp:term":[{"taxonomy":"category","embeddable":true,"href":"https:\/\/sulsc.com\/index.php\/wp-json\/wp\/v2\/categories?post=1088"},{"taxonomy":"post_tag","embeddable":true,"href":"https:\/\/sulsc.com\/index.php\/wp-json\/wp\/v2\/tags?post=1088"}],"curies":[{"name":"wp","href":"https:\/\/api.w.org\/{rel}","templated":true}]}}