{"id":10926,"date":"2024-04-08T17:23:58","date_gmt":"2024-04-08T20:23:58","guid":{"rendered":"https:\/\/sulsc.com\/?p=10926"},"modified":"2024-04-08T17:23:58","modified_gmt":"2024-04-08T20:23:58","slug":"dia-da-familia-na-escola-sera-celebrado-no-dia-13-de-abril-nas-escolas-estaduais","status":"publish","type":"post","link":"https:\/\/sulsc.com\/index.php\/2024\/04\/08\/dia-da-familia-na-escola-sera-celebrado-no-dia-13-de-abril-nas-escolas-estaduais\/","title":{"rendered":"Dia da Fam\u00edlia na Escola ser\u00e1 celebrado no dia 13 de abril nas escolas estaduais"},"content":{"rendered":"<figure id=\"attachment_10928\" aria-describedby=\"caption-attachment-10928\" style=\"width: 1536px\" class=\"wp-caption aligncenter\"><img fetchpriority=\"high\" decoding=\"async\" class=\"size-full wp-image-10928\" src=\"http:\/\/sulsc.com\/wp-content\/uploads\/2024\/04\/08-04-241-Dia-da-Familia-Escola-1536x1097-1.jpeg\" alt=\"\" width=\"1536\" height=\"1097\" srcset=\"https:\/\/sulsc.com\/wp-content\/uploads\/2024\/04\/08-04-241-Dia-da-Familia-Escola-1536x1097-1.jpeg 1536w, https:\/\/sulsc.com\/wp-content\/uploads\/2024\/04\/08-04-241-Dia-da-Familia-Escola-1536x1097-1-300x214.jpeg 300w, https:\/\/sulsc.com\/wp-content\/uploads\/2024\/04\/08-04-241-Dia-da-Familia-Escola-1536x1097-1-1024x731.jpeg 1024w, https:\/\/sulsc.com\/wp-content\/uploads\/2024\/04\/08-04-241-Dia-da-Familia-Escola-1536x1097-1-768x549.jpeg 768w\" sizes=\"(max-width: 1536px) 100vw, 1536px\" \/><figcaption id=\"caption-attachment-10928\" class=\"wp-caption-text\">Foto: Divulga\u00e7\u00e3o\/Secom<\/figcaption><\/figure>\n<p data-raofz=\"16\">Incentivar a fam\u00edlia a participar efetivamente da vida escolar dos estudantes \u00e9 o objetivo do Dia da Fam\u00edlia na Escola, que este ano ser\u00e1 realizado no dia 13 de abril. Nesta edi\u00e7\u00e3o, cada unidade escolar tem autonomia para escolher os temas a serem trabalhados no evento, levando em considera\u00e7\u00e3o a realidade local e assuntos de relev\u00e2ncia regional.<\/p>\n<p data-raofz=\"16\">\u201cA presen\u00e7a da fam\u00edlia na escola \u00e9 fundamental para nossos estudantes e ampli\u00e1-la \u00e9 um dos objetivos do nosso governador Jorginho Mello. O incentivo dos familiares estimula crian\u00e7as, adolescentes e jovens a buscar as melhores oportunidades para o presente e o futuro. Com a fam\u00edlia e a escola pr\u00f3ximas, teremos um ensino com cada vez mais qualidade\u201d, destaca o secret\u00e1rio de Estado da Educa\u00e7\u00e3o, Aristides Cimadon.<\/p>\n<p data-raofz=\"16\">Nos pr\u00f3ximos dias, as escolas ser\u00e3o respons\u00e1veis por organizar uma programa\u00e7\u00e3o para integrar pais, estudantes e demais familiares. S\u00e3o atividades l\u00fadicas para promover uma maior conex\u00e3o entre as fam\u00edlias e o ambiente escolar.<\/p>\n<p data-raofz=\"16\">\u201cAs escolas s\u00e3o muito criativas, convidando a comunidade escolar para participar de oficinas, jogos, palestras, assistir amplia\u00e7\u00f5es de repert\u00f3rio cultural e outras atividades. O saldo \u00e9 muito positivo, fortalecendo a rela\u00e7\u00e3o entre as fam\u00edlias e a escola. Essa \u00e9 a grande premissa do governo do Estado\u201d, refor\u00e7a a secret\u00e1ria adjunta de Estado da Educa\u00e7\u00e3o, Patr\u00edcia Lueders.<\/p>\n<p data-raofz=\"16\">O Dia da Fam\u00edlia na Escola faz parte do calend\u00e1rio escolar desde 2016 por conta da lei estadual n\u00ba 16.877.<\/p>\n","protected":false},"excerpt":{"rendered":"<p>Incentivar a fam\u00edlia a participar efetivamente da vida escolar dos estudantes \u00e9 o objetivo do Dia da Fam\u00edlia na Escola, que este ano ser\u00e1 realizado no dia 13 de abril. Nesta edi\u00e7\u00e3o, cada unidade escolar tem autonomia para escolher os temas a serem trabalhados no evento, levando em considera\u00e7\u00e3o a realidade local e assuntos de &hellip;<\/p>\n<p class=\"read-more\"> <a class=\"\" href=\"https:\/\/sulsc.com\/index.php\/2024\/04\/08\/dia-da-familia-na-escola-sera-celebrado-no-dia-13-de-abril-nas-escolas-estaduais\/\"> <span class=\"screen-reader-text\">Dia da Fam\u00edlia na Escola ser\u00e1 celebrado no dia 13 de abril nas escolas estaduais<\/span> Read More &raquo;<\/a><\/p>\n","protected":false},"author":3,"featured_media":10928,"comment_status":"open","ping_status":"open","sticky":false,"template":"","format":"standard","meta":{"site-sidebar-layout":"default","site-content-layout":"","ast-site-content-layout":"default","site-content-style":"default","site-sidebar-style":"default","ast-global-header-display":"","ast-banner-title-visibility":"","ast-main-header-display":"","ast-hfb-above-header-display":"","ast-hfb-below-header-display":"","ast-hfb-mobile-header-display":"","site-post-title":"","ast-breadcrumbs-content":"","ast-featured-img":"","footer-sml-layout":"","theme-transparent-header-meta":"default","adv-header-id-meta":"","stick-header-meta":"","header-above-stick-meta":"","header-main-stick-meta":"","header-below-stick-meta":"","astra-migrate-meta-layouts":"set","footnotes":""},"categories":[1],"tags":[1776],"yoast_head":"<!-- This site is optimized with the Yoast SEO plugin v21.4 - https:\/\/yoast.com\/wordpress\/plugins\/seo\/ -->\n<title>Dia da Fam\u00edlia na Escola ser\u00e1 celebrado no dia 13 de abril nas escolas estaduais -<\/title>\n<meta name=\"description\" content=\"Incentivar a fam\u00edlia a participar efetivamente da vida escolar dos estudantes \u00e9 o objetivo do Dia da Fam\u00edlia na Escola, que este ano ser\u00e1 realizado no dia 13 de abril. Nesta edi\u00e7\u00e3o, cada unidade escolar tem autonomia para escolher os temas a serem trabalhados no evento, levando em considera\u00e7\u00e3o a realidade local e assuntos de relev\u00e2ncia regional.\" \/>\n<meta name=\"robots\" content=\"index, follow, max-snippet:-1, max-image-preview:large, max-video-preview:-1\" \/>\n<link rel=\"canonical\" href=\"https:\/\/sulsc.com\/index.php\/2024\/04\/08\/dia-da-familia-na-escola-sera-celebrado-no-dia-13-de-abril-nas-escolas-estaduais\/\" \/>\n<meta property=\"og:locale\" content=\"en_US\" \/>\n<meta property=\"og:type\" content=\"article\" \/>\n<meta property=\"og:title\" content=\"Dia da Fam\u00edlia na Escola ser\u00e1 celebrado no dia 13 de abril nas escolas estaduais -\" \/>\n<meta property=\"og:description\" content=\"Incentivar a fam\u00edlia a participar efetivamente da vida escolar dos estudantes \u00e9 o objetivo do Dia da Fam\u00edlia na Escola, que este ano ser\u00e1 realizado no dia 13 de abril. Nesta edi\u00e7\u00e3o, cada unidade escolar tem autonomia para escolher os temas a serem trabalhados no evento, levando em considera\u00e7\u00e3o a realidade local e assuntos de relev\u00e2ncia regional.\" \/>\n<meta property=\"og:url\" content=\"https:\/\/sulsc.com\/index.php\/2024\/04\/08\/dia-da-familia-na-escola-sera-celebrado-no-dia-13-de-abril-nas-escolas-estaduais\/\" \/>\n<meta property=\"article:author\" content=\"https:\/\/www.facebook.com\/profile.php?id=61559278119680\" \/>\n<meta property=\"article:published_time\" content=\"2024-04-08T20:23:58+00:00\" \/>\n<meta property=\"og:image\" content=\"http:\/\/sulsc.com\/wp-content\/uploads\/2024\/04\/08-04-241-Dia-da-Familia-Escola-1536x1097-1.jpeg\" \/>\n\t<meta property=\"og:image:width\" content=\"1536\" \/>\n\t<meta property=\"og:image:height\" content=\"1097\" \/>\n\t<meta property=\"og:image:type\" content=\"image\/jpeg\" \/>\n<meta name=\"author\" content=\"Reda\u00e7\u00e3o Sul SC\" \/>\n<meta name=\"twitter:card\" content=\"summary_large_image\" \/>\n<meta name=\"twitter:creator\" content=\"@https:\/\/twitter.com\/PortalSulSC\" \/>\n<meta name=\"twitter:label1\" content=\"Written by\" \/>\n\t<meta name=\"twitter:data1\" content=\"Reda\u00e7\u00e3o Sul SC\" \/>\n\t<meta name=\"twitter:label2\" content=\"Est. reading time\" \/>\n\t<meta name=\"twitter:data2\" content=\"2 minutes\" \/>\n<script type=\"application\/ld+json\" class=\"yoast-schema-graph\">{\"@context\":\"https:\/\/schema.org\",\"@graph\":[{\"@type\":\"WebPage\",\"@id\":\"https:\/\/sulsc.com\/index.php\/2024\/04\/08\/dia-da-familia-na-escola-sera-celebrado-no-dia-13-de-abril-nas-escolas-estaduais\/\",\"url\":\"https:\/\/sulsc.com\/index.php\/2024\/04\/08\/dia-da-familia-na-escola-sera-celebrado-no-dia-13-de-abril-nas-escolas-estaduais\/\",\"name\":\"Dia da Fam\u00edlia na Escola ser\u00e1 celebrado no dia 13 de abril nas escolas estaduais -\",\"isPartOf\":{\"@id\":\"https:\/\/sulsc.com\/#website\"},\"datePublished\":\"2024-04-08T20:23:58+00:00\",\"dateModified\":\"2024-04-08T20:23:58+00:00\",\"author\":{\"@id\":\"https:\/\/sulsc.com\/#\/schema\/person\/84d2fc571684f6248ba83092f07750a3\"},\"description\":\"Incentivar a fam\u00edlia a participar efetivamente da vida escolar dos estudantes \u00e9 o objetivo do Dia da Fam\u00edlia na Escola, que este ano ser\u00e1 realizado no dia 13 de abril. Nesta edi\u00e7\u00e3o, cada unidade escolar tem autonomia para escolher os temas a serem trabalhados no evento, levando em considera\u00e7\u00e3o a realidade local e assuntos de relev\u00e2ncia regional.\",\"breadcrumb\":{\"@id\":\"https:\/\/sulsc.com\/index.php\/2024\/04\/08\/dia-da-familia-na-escola-sera-celebrado-no-dia-13-de-abril-nas-escolas-estaduais\/#breadcrumb\"},\"inLanguage\":\"en-US\",\"potentialAction\":[{\"@type\":\"ReadAction\",\"target\":[\"https:\/\/sulsc.com\/index.php\/2024\/04\/08\/dia-da-familia-na-escola-sera-celebrado-no-dia-13-de-abril-nas-escolas-estaduais\/\"]}]},{\"@type\":\"BreadcrumbList\",\"@id\":\"https:\/\/sulsc.com\/index.php\/2024\/04\/08\/dia-da-familia-na-escola-sera-celebrado-no-dia-13-de-abril-nas-escolas-estaduais\/#breadcrumb\",\"itemListElement\":[{\"@type\":\"ListItem\",\"position\":1,\"name\":\"In\u00edcio\",\"item\":\"https:\/\/sulsc.com\/\"},{\"@type\":\"ListItem\",\"position\":2,\"name\":\"Dia da Fam\u00edlia na Escola ser\u00e1 celebrado no dia 13 de abril nas escolas estaduais\"}]},{\"@type\":\"WebSite\",\"@id\":\"https:\/\/sulsc.com\/#website\",\"url\":\"https:\/\/sulsc.com\/\",\"name\":\"\",\"description\":\"\",\"potentialAction\":[{\"@type\":\"SearchAction\",\"target\":{\"@type\":\"EntryPoint\",\"urlTemplate\":\"https:\/\/sulsc.com\/?s={search_term_string}\"},\"query-input\":\"required name=search_term_string\"}],\"inLanguage\":\"en-US\"},{\"@type\":\"Person\",\"@id\":\"https:\/\/sulsc.com\/#\/schema\/person\/84d2fc571684f6248ba83092f07750a3\",\"name\":\"Reda\u00e7\u00e3o Sul SC\",\"image\":{\"@type\":\"ImageObject\",\"inLanguage\":\"en-US\",\"@id\":\"https:\/\/sulsc.com\/#\/schema\/person\/image\/e08d7fe2cc4ed596372063bbe852b8d0\",\"url\":\"https:\/\/sulsc.com\/wp-content\/uploads\/2023\/09\/redacao.png\",\"contentUrl\":\"https:\/\/sulsc.com\/wp-content\/uploads\/2023\/09\/redacao.png\",\"caption\":\"Reda\u00e7\u00e3o Sul SC\"},\"description\":\"Foco em um jornalismo imparcial, voltado \u00e0 qualidade dos seus conte\u00fados e, assim, levar informa\u00e7\u00e3o de valor que agregue \u00e0 vida dos leitores. Esta \u00e9 grande miss\u00e3o do Portal de Not\u00edcias Sul SC. N\u00e3o \u00e9 quantidade que muda o mundo, sempre foi e seguir\u00e1 sendo qualidade!\",\"sameAs\":[\"https:\/\/sulsc.com\/\",\"https:\/\/www.facebook.com\/profile.php?id=61559278119680\",\"https:\/\/www.instagram.com\/sulscportal\/?hl=pt-br\",\"https:\/\/twitter.com\/https:\/\/twitter.com\/PortalSulSC\",\"https:\/\/www.youtube.com\/channel\/UCv_BE8GeySluDov2n8qhVmw\"],\"url\":\"https:\/\/sulsc.com\/index.php\/author\/redacao\/\"}]}<\/script>\n<!-- \/ Yoast SEO plugin. -->","yoast_head_json":{"title":"Dia da Fam\u00edlia na Escola ser\u00e1 celebrado no dia 13 de abril nas escolas estaduais -","description":"Incentivar a fam\u00edlia a participar efetivamente da vida escolar dos estudantes \u00e9 o objetivo do Dia da Fam\u00edlia na Escola, que este ano ser\u00e1 realizado no dia 13 de abril. Nesta edi\u00e7\u00e3o, cada unidade escolar tem autonomia para escolher os temas a serem trabalhados no evento, levando em considera\u00e7\u00e3o a realidade local e assuntos de relev\u00e2ncia regional.","robots":{"index":"index","follow":"follow","max-snippet":"max-snippet:-1","max-image-preview":"max-image-preview:large","max-video-preview":"max-video-preview:-1"},"canonical":"https:\/\/sulsc.com\/index.php\/2024\/04\/08\/dia-da-familia-na-escola-sera-celebrado-no-dia-13-de-abril-nas-escolas-estaduais\/","og_locale":"en_US","og_type":"article","og_title":"Dia da Fam\u00edlia na Escola ser\u00e1 celebrado no dia 13 de abril nas escolas estaduais -","og_description":"Incentivar a fam\u00edlia a participar efetivamente da vida escolar dos estudantes \u00e9 o objetivo do Dia da Fam\u00edlia na Escola, que este ano ser\u00e1 realizado no dia 13 de abril. Nesta edi\u00e7\u00e3o, cada unidade escolar tem autonomia para escolher os temas a serem trabalhados no evento, levando em considera\u00e7\u00e3o a realidade local e assuntos de relev\u00e2ncia regional.","og_url":"https:\/\/sulsc.com\/index.php\/2024\/04\/08\/dia-da-familia-na-escola-sera-celebrado-no-dia-13-de-abril-nas-escolas-estaduais\/","article_author":"https:\/\/www.facebook.com\/profile.php?id=61559278119680","article_published_time":"2024-04-08T20:23:58+00:00","og_image":[{"width":1536,"height":1097,"url":"http:\/\/sulsc.com\/wp-content\/uploads\/2024\/04\/08-04-241-Dia-da-Familia-Escola-1536x1097-1.jpeg","type":"image\/jpeg"}],"author":"Reda\u00e7\u00e3o Sul SC","twitter_card":"summary_large_image","twitter_creator":"@https:\/\/twitter.com\/PortalSulSC","twitter_misc":{"Written by":"Reda\u00e7\u00e3o Sul SC","Est. reading time":"2 minutes"},"schema":{"@context":"https:\/\/schema.org","@graph":[{"@type":"WebPage","@id":"https:\/\/sulsc.com\/index.php\/2024\/04\/08\/dia-da-familia-na-escola-sera-celebrado-no-dia-13-de-abril-nas-escolas-estaduais\/","url":"https:\/\/sulsc.com\/index.php\/2024\/04\/08\/dia-da-familia-na-escola-sera-celebrado-no-dia-13-de-abril-nas-escolas-estaduais\/","name":"Dia da Fam\u00edlia na Escola ser\u00e1 celebrado no dia 13 de abril nas escolas estaduais -","isPartOf":{"@id":"https:\/\/sulsc.com\/#website"},"datePublished":"2024-04-08T20:23:58+00:00","dateModified":"2024-04-08T20:23:58+00:00","author":{"@id":"https:\/\/sulsc.com\/#\/schema\/person\/84d2fc571684f6248ba83092f07750a3"},"description":"Incentivar a fam\u00edlia a participar efetivamente da vida escolar dos estudantes \u00e9 o objetivo do Dia da Fam\u00edlia na Escola, que este ano ser\u00e1 realizado no dia 13 de abril. Nesta edi\u00e7\u00e3o, cada unidade escolar tem autonomia para escolher os temas a serem trabalhados no evento, levando em considera\u00e7\u00e3o a realidade local e assuntos de relev\u00e2ncia regional.","breadcrumb":{"@id":"https:\/\/sulsc.com\/index.php\/2024\/04\/08\/dia-da-familia-na-escola-sera-celebrado-no-dia-13-de-abril-nas-escolas-estaduais\/#breadcrumb"},"inLanguage":"en-US","potentialAction":[{"@type":"ReadAction","target":["https:\/\/sulsc.com\/index.php\/2024\/04\/08\/dia-da-familia-na-escola-sera-celebrado-no-dia-13-de-abril-nas-escolas-estaduais\/"]}]},{"@type":"BreadcrumbList","@id":"https:\/\/sulsc.com\/index.php\/2024\/04\/08\/dia-da-familia-na-escola-sera-celebrado-no-dia-13-de-abril-nas-escolas-estaduais\/#breadcrumb","itemListElement":[{"@type":"ListItem","position":1,"name":"In\u00edcio","item":"https:\/\/sulsc.com\/"},{"@type":"ListItem","position":2,"name":"Dia da Fam\u00edlia na Escola ser\u00e1 celebrado no dia 13 de abril nas escolas estaduais"}]},{"@type":"WebSite","@id":"https:\/\/sulsc.com\/#website","url":"https:\/\/sulsc.com\/","name":"","description":"","potentialAction":[{"@type":"SearchAction","target":{"@type":"EntryPoint","urlTemplate":"https:\/\/sulsc.com\/?s={search_term_string}"},"query-input":"required name=search_term_string"}],"inLanguage":"en-US"},{"@type":"Person","@id":"https:\/\/sulsc.com\/#\/schema\/person\/84d2fc571684f6248ba83092f07750a3","name":"Reda\u00e7\u00e3o Sul SC","image":{"@type":"ImageObject","inLanguage":"en-US","@id":"https:\/\/sulsc.com\/#\/schema\/person\/image\/e08d7fe2cc4ed596372063bbe852b8d0","url":"https:\/\/sulsc.com\/wp-content\/uploads\/2023\/09\/redacao.png","contentUrl":"https:\/\/sulsc.com\/wp-content\/uploads\/2023\/09\/redacao.png","caption":"Reda\u00e7\u00e3o Sul SC"},"description":"Foco em um jornalismo imparcial, voltado \u00e0 qualidade dos seus conte\u00fados e, assim, levar informa\u00e7\u00e3o de valor que agregue \u00e0 vida dos leitores. Esta \u00e9 grande miss\u00e3o do Portal de Not\u00edcias Sul SC. N\u00e3o \u00e9 quantidade que muda o mundo, sempre foi e seguir\u00e1 sendo qualidade!","sameAs":["https:\/\/sulsc.com\/","https:\/\/www.facebook.com\/profile.php?id=61559278119680","https:\/\/www.instagram.com\/sulscportal\/?hl=pt-br","https:\/\/twitter.com\/https:\/\/twitter.com\/PortalSulSC","https:\/\/www.youtube.com\/channel\/UCv_BE8GeySluDov2n8qhVmw"],"url":"https:\/\/sulsc.com\/index.php\/author\/redacao\/"}]}},"authors":[],"_links":{"self":[{"href":"https:\/\/sulsc.com\/index.php\/wp-json\/wp\/v2\/posts\/10926"}],"collection":[{"href":"https:\/\/sulsc.com\/index.php\/wp-json\/wp\/v2\/posts"}],"about":[{"href":"https:\/\/sulsc.com\/index.php\/wp-json\/wp\/v2\/types\/post"}],"author":[{"embeddable":true,"href":"https:\/\/sulsc.com\/index.php\/wp-json\/wp\/v2\/users\/3"}],"replies":[{"embeddable":true,"href":"https:\/\/sulsc.com\/index.php\/wp-json\/wp\/v2\/comments?post=10926"}],"version-history":[{"count":1,"href":"https:\/\/sulsc.com\/index.php\/wp-json\/wp\/v2\/posts\/10926\/revisions"}],"predecessor-version":[{"id":10929,"href":"https:\/\/sulsc.com\/index.php\/wp-json\/wp\/v2\/posts\/10926\/revisions\/10929"}],"wp:featuredmedia":[{"embeddable":true,"href":"https:\/\/sulsc.com\/index.php\/wp-json\/wp\/v2\/media\/10928"}],"wp:attachment":[{"href":"https:\/\/sulsc.com\/index.php\/wp-json\/wp\/v2\/media?parent=10926"}],"wp:term":[{"taxonomy":"category","embeddable":true,"href":"https:\/\/sulsc.com\/index.php\/wp-json\/wp\/v2\/categories?post=10926"},{"taxonomy":"post_tag","embeddable":true,"href":"https:\/\/sulsc.com\/index.php\/wp-json\/wp\/v2\/tags?post=10926"}],"curies":[{"name":"wp","href":"https:\/\/api.w.org\/{rel}","templated":true}]}}