{"id":10943,"date":"2024-04-09T08:38:48","date_gmt":"2024-04-09T11:38:48","guid":{"rendered":"https:\/\/sulsc.com\/?p=10943"},"modified":"2024-04-09T08:38:48","modified_gmt":"2024-04-09T11:38:48","slug":"comunidade-terapeutica-e-interditada-em-imarui","status":"publish","type":"post","link":"https:\/\/sulsc.com\/index.php\/2024\/04\/09\/comunidade-terapeutica-e-interditada-em-imarui\/","title":{"rendered":"Comunidade terap\u00eautica \u00e9 interditada em Imaru\u00ed"},"content":{"rendered":"<figure id=\"attachment_10949\" aria-describedby=\"caption-attachment-10949\" style=\"width: 700px\" class=\"wp-caption aligncenter\"><img fetchpriority=\"high\" decoding=\"async\" class=\"size-full wp-image-10949\" src=\"http:\/\/sulsc.com\/wp-content\/uploads\/2024\/04\/destaque-G-3.jpg\" alt=\"\" width=\"700\" height=\"550\" srcset=\"https:\/\/sulsc.com\/wp-content\/uploads\/2024\/04\/destaque-G-3.jpg 700w, https:\/\/sulsc.com\/wp-content\/uploads\/2024\/04\/destaque-G-3-300x236.jpg 300w\" sizes=\"(max-width: 700px) 100vw, 700px\" \/><figcaption id=\"caption-attachment-10949\" class=\"wp-caption-text\">Foto: Divulga\u00e7\u00e3o\/MPSC<\/figcaption><\/figure>\n<p>Uma comunidade terap\u00eautica de Imaru\u00ed foi interditada durante uma vistoria realizada pelo Minist\u00e9rio P\u00fablico de Santa Catarina (MPSC) e outros \u00f3rg\u00e3os.<\/p>\n<p>Na visita, foi constatado o total descumprimento da resolu\u00e7\u00e3o do Minist\u00e9rio da Sa\u00fade que disp\u00f5e sobre os requisitos para a seguran\u00e7a sanit\u00e1ria. O local presta servi\u00e7o de aten\u00e7\u00e3o a pessoas com transtornos decorrentes do uso, abuso ou depend\u00eancia de subst\u00e2ncias psicoativas.<\/p>\n<p>\u201cN\u00e3o se pode conceber aus\u00eancia de estrutura \u00e0queles que se prontificam voluntariamente a buscar suporte para cessar o uso de subst\u00e2ncias psicoativas. \u00c9 fundamental que as comunidades terap\u00eauticas cumpram as normas vigentes e proporcionem aos acolhidos condi\u00e7\u00f5es m\u00ednimas de salubridade, seguran\u00e7a, cuidado, alimenta\u00e7\u00e3o e higiene, al\u00e9m do amparo psicol\u00f3gico, para que futuramente voltem mais fortalecidos ao conv\u00edvio social\u201d, afirma a promotora de justi\u00e7a Juliana Eid Piva Bertoletti.<\/p>\n<p>A Vigil\u00e2ncia Sanit\u00e1ria Estadual, que tamb\u00e9m acompanhou a fiscaliza\u00e7\u00e3o, lavrou um auto e notificou o diretor da comunidade terap\u00eautica. A administra\u00e7\u00e3o do local recebeu o prazo de 15 dias para fazer o desacolhimento dos internos.<\/p>\n","protected":false},"excerpt":{"rendered":"<p>Uma comunidade terap\u00eautica de Imaru\u00ed foi interditada durante uma vistoria realizada pelo Minist\u00e9rio P\u00fablico de Santa Catarina (MPSC) e outros \u00f3rg\u00e3os. Na visita, foi constatado o total descumprimento da resolu\u00e7\u00e3o do Minist\u00e9rio da Sa\u00fade que disp\u00f5e sobre os requisitos para a seguran\u00e7a sanit\u00e1ria. O local presta servi\u00e7o de aten\u00e7\u00e3o a pessoas com transtornos decorrentes do &hellip;<\/p>\n<p class=\"read-more\"> <a class=\"\" href=\"https:\/\/sulsc.com\/index.php\/2024\/04\/09\/comunidade-terapeutica-e-interditada-em-imarui\/\"> <span class=\"screen-reader-text\">Comunidade terap\u00eautica \u00e9 interditada em Imaru\u00ed<\/span> Read More &raquo;<\/a><\/p>\n","protected":false},"author":3,"featured_media":10949,"comment_status":"open","ping_status":"open","sticky":false,"template":"","format":"standard","meta":{"site-sidebar-layout":"default","site-content-layout":"","ast-site-content-layout":"default","site-content-style":"default","site-sidebar-style":"default","ast-global-header-display":"","ast-banner-title-visibility":"","ast-main-header-display":"","ast-hfb-above-header-display":"","ast-hfb-below-header-display":"","ast-hfb-mobile-header-display":"","site-post-title":"","ast-breadcrumbs-content":"","ast-featured-img":"","footer-sml-layout":"","theme-transparent-header-meta":"default","adv-header-id-meta":"","stick-header-meta":"","header-above-stick-meta":"","header-main-stick-meta":"","header-below-stick-meta":"","astra-migrate-meta-layouts":"set","footnotes":""},"categories":[1],"tags":[1778,1004],"yoast_head":"<!-- This site is optimized with the Yoast SEO plugin v21.4 - https:\/\/yoast.com\/wordpress\/plugins\/seo\/ -->\n<title>Comunidade terap\u00eautica \u00e9 interditada em Imaru\u00ed -<\/title>\n<meta name=\"description\" content=\"Uma comunidade terap\u00eautica de Imaru\u00ed foi interditada durante uma vistoria realizada pelo Minist\u00e9rio P\u00fablico de Santa Catarina (MPSC) e outros \u00f3rg\u00e3os.\" \/>\n<meta name=\"robots\" content=\"index, follow, max-snippet:-1, max-image-preview:large, max-video-preview:-1\" \/>\n<link rel=\"canonical\" href=\"https:\/\/sulsc.com\/index.php\/2024\/04\/09\/comunidade-terapeutica-e-interditada-em-imarui\/\" \/>\n<meta property=\"og:locale\" content=\"en_US\" \/>\n<meta property=\"og:type\" content=\"article\" \/>\n<meta property=\"og:title\" content=\"Comunidade terap\u00eautica \u00e9 interditada em Imaru\u00ed -\" \/>\n<meta property=\"og:description\" content=\"Uma comunidade terap\u00eautica de Imaru\u00ed foi interditada durante uma vistoria realizada pelo Minist\u00e9rio P\u00fablico de Santa Catarina (MPSC) e outros \u00f3rg\u00e3os.\" \/>\n<meta property=\"og:url\" content=\"https:\/\/sulsc.com\/index.php\/2024\/04\/09\/comunidade-terapeutica-e-interditada-em-imarui\/\" \/>\n<meta property=\"article:author\" content=\"https:\/\/www.facebook.com\/profile.php?id=61559278119680\" \/>\n<meta property=\"article:published_time\" content=\"2024-04-09T11:38:48+00:00\" \/>\n<meta property=\"og:image\" content=\"http:\/\/sulsc.com\/wp-content\/uploads\/2024\/04\/destaque-G-3.jpg\" \/>\n\t<meta property=\"og:image:width\" content=\"700\" \/>\n\t<meta property=\"og:image:height\" content=\"550\" \/>\n\t<meta property=\"og:image:type\" content=\"image\/jpeg\" \/>\n<meta name=\"author\" content=\"Reda\u00e7\u00e3o Sul SC\" \/>\n<meta name=\"twitter:card\" content=\"summary_large_image\" \/>\n<meta name=\"twitter:creator\" content=\"@https:\/\/twitter.com\/PortalSulSC\" \/>\n<meta name=\"twitter:label1\" content=\"Written by\" \/>\n\t<meta name=\"twitter:data1\" content=\"Reda\u00e7\u00e3o Sul SC\" \/>\n\t<meta name=\"twitter:label2\" content=\"Est. reading time\" \/>\n\t<meta name=\"twitter:data2\" content=\"2 minutes\" \/>\n<script type=\"application\/ld+json\" class=\"yoast-schema-graph\">{\"@context\":\"https:\/\/schema.org\",\"@graph\":[{\"@type\":\"WebPage\",\"@id\":\"https:\/\/sulsc.com\/index.php\/2024\/04\/09\/comunidade-terapeutica-e-interditada-em-imarui\/\",\"url\":\"https:\/\/sulsc.com\/index.php\/2024\/04\/09\/comunidade-terapeutica-e-interditada-em-imarui\/\",\"name\":\"Comunidade terap\u00eautica \u00e9 interditada em Imaru\u00ed -\",\"isPartOf\":{\"@id\":\"https:\/\/sulsc.com\/#website\"},\"datePublished\":\"2024-04-09T11:38:48+00:00\",\"dateModified\":\"2024-04-09T11:38:48+00:00\",\"author\":{\"@id\":\"https:\/\/sulsc.com\/#\/schema\/person\/84d2fc571684f6248ba83092f07750a3\"},\"description\":\"Uma comunidade terap\u00eautica de Imaru\u00ed foi interditada durante uma vistoria realizada pelo Minist\u00e9rio P\u00fablico de Santa Catarina (MPSC) e outros \u00f3rg\u00e3os.\",\"breadcrumb\":{\"@id\":\"https:\/\/sulsc.com\/index.php\/2024\/04\/09\/comunidade-terapeutica-e-interditada-em-imarui\/#breadcrumb\"},\"inLanguage\":\"en-US\",\"potentialAction\":[{\"@type\":\"ReadAction\",\"target\":[\"https:\/\/sulsc.com\/index.php\/2024\/04\/09\/comunidade-terapeutica-e-interditada-em-imarui\/\"]}]},{\"@type\":\"BreadcrumbList\",\"@id\":\"https:\/\/sulsc.com\/index.php\/2024\/04\/09\/comunidade-terapeutica-e-interditada-em-imarui\/#breadcrumb\",\"itemListElement\":[{\"@type\":\"ListItem\",\"position\":1,\"name\":\"In\u00edcio\",\"item\":\"https:\/\/sulsc.com\/\"},{\"@type\":\"ListItem\",\"position\":2,\"name\":\"Comunidade terap\u00eautica \u00e9 interditada em Imaru\u00ed\"}]},{\"@type\":\"WebSite\",\"@id\":\"https:\/\/sulsc.com\/#website\",\"url\":\"https:\/\/sulsc.com\/\",\"name\":\"\",\"description\":\"\",\"potentialAction\":[{\"@type\":\"SearchAction\",\"target\":{\"@type\":\"EntryPoint\",\"urlTemplate\":\"https:\/\/sulsc.com\/?s={search_term_string}\"},\"query-input\":\"required name=search_term_string\"}],\"inLanguage\":\"en-US\"},{\"@type\":\"Person\",\"@id\":\"https:\/\/sulsc.com\/#\/schema\/person\/84d2fc571684f6248ba83092f07750a3\",\"name\":\"Reda\u00e7\u00e3o Sul SC\",\"image\":{\"@type\":\"ImageObject\",\"inLanguage\":\"en-US\",\"@id\":\"https:\/\/sulsc.com\/#\/schema\/person\/image\/e08d7fe2cc4ed596372063bbe852b8d0\",\"url\":\"https:\/\/sulsc.com\/wp-content\/uploads\/2023\/09\/redacao.png\",\"contentUrl\":\"https:\/\/sulsc.com\/wp-content\/uploads\/2023\/09\/redacao.png\",\"caption\":\"Reda\u00e7\u00e3o Sul SC\"},\"description\":\"Foco em um jornalismo imparcial, voltado \u00e0 qualidade dos seus conte\u00fados e, assim, levar informa\u00e7\u00e3o de valor que agregue \u00e0 vida dos leitores. Esta \u00e9 grande miss\u00e3o do Portal de Not\u00edcias Sul SC. N\u00e3o \u00e9 quantidade que muda o mundo, sempre foi e seguir\u00e1 sendo qualidade!\",\"sameAs\":[\"https:\/\/sulsc.com\/\",\"https:\/\/www.facebook.com\/profile.php?id=61559278119680\",\"https:\/\/www.instagram.com\/sulscportal\/?hl=pt-br\",\"https:\/\/twitter.com\/https:\/\/twitter.com\/PortalSulSC\",\"https:\/\/www.youtube.com\/channel\/UCv_BE8GeySluDov2n8qhVmw\"],\"url\":\"https:\/\/sulsc.com\/index.php\/author\/redacao\/\"}]}<\/script>\n<!-- \/ Yoast SEO plugin. -->","yoast_head_json":{"title":"Comunidade terap\u00eautica \u00e9 interditada em Imaru\u00ed -","description":"Uma comunidade terap\u00eautica de Imaru\u00ed foi interditada durante uma vistoria realizada pelo Minist\u00e9rio P\u00fablico de Santa Catarina (MPSC) e outros \u00f3rg\u00e3os.","robots":{"index":"index","follow":"follow","max-snippet":"max-snippet:-1","max-image-preview":"max-image-preview:large","max-video-preview":"max-video-preview:-1"},"canonical":"https:\/\/sulsc.com\/index.php\/2024\/04\/09\/comunidade-terapeutica-e-interditada-em-imarui\/","og_locale":"en_US","og_type":"article","og_title":"Comunidade terap\u00eautica \u00e9 interditada em Imaru\u00ed -","og_description":"Uma comunidade terap\u00eautica de Imaru\u00ed foi interditada durante uma vistoria realizada pelo Minist\u00e9rio P\u00fablico de Santa Catarina (MPSC) e outros \u00f3rg\u00e3os.","og_url":"https:\/\/sulsc.com\/index.php\/2024\/04\/09\/comunidade-terapeutica-e-interditada-em-imarui\/","article_author":"https:\/\/www.facebook.com\/profile.php?id=61559278119680","article_published_time":"2024-04-09T11:38:48+00:00","og_image":[{"width":700,"height":550,"url":"http:\/\/sulsc.com\/wp-content\/uploads\/2024\/04\/destaque-G-3.jpg","type":"image\/jpeg"}],"author":"Reda\u00e7\u00e3o Sul SC","twitter_card":"summary_large_image","twitter_creator":"@https:\/\/twitter.com\/PortalSulSC","twitter_misc":{"Written by":"Reda\u00e7\u00e3o Sul SC","Est. reading time":"2 minutes"},"schema":{"@context":"https:\/\/schema.org","@graph":[{"@type":"WebPage","@id":"https:\/\/sulsc.com\/index.php\/2024\/04\/09\/comunidade-terapeutica-e-interditada-em-imarui\/","url":"https:\/\/sulsc.com\/index.php\/2024\/04\/09\/comunidade-terapeutica-e-interditada-em-imarui\/","name":"Comunidade terap\u00eautica \u00e9 interditada em Imaru\u00ed -","isPartOf":{"@id":"https:\/\/sulsc.com\/#website"},"datePublished":"2024-04-09T11:38:48+00:00","dateModified":"2024-04-09T11:38:48+00:00","author":{"@id":"https:\/\/sulsc.com\/#\/schema\/person\/84d2fc571684f6248ba83092f07750a3"},"description":"Uma comunidade terap\u00eautica de Imaru\u00ed foi interditada durante uma vistoria realizada pelo Minist\u00e9rio P\u00fablico de Santa Catarina (MPSC) e outros \u00f3rg\u00e3os.","breadcrumb":{"@id":"https:\/\/sulsc.com\/index.php\/2024\/04\/09\/comunidade-terapeutica-e-interditada-em-imarui\/#breadcrumb"},"inLanguage":"en-US","potentialAction":[{"@type":"ReadAction","target":["https:\/\/sulsc.com\/index.php\/2024\/04\/09\/comunidade-terapeutica-e-interditada-em-imarui\/"]}]},{"@type":"BreadcrumbList","@id":"https:\/\/sulsc.com\/index.php\/2024\/04\/09\/comunidade-terapeutica-e-interditada-em-imarui\/#breadcrumb","itemListElement":[{"@type":"ListItem","position":1,"name":"In\u00edcio","item":"https:\/\/sulsc.com\/"},{"@type":"ListItem","position":2,"name":"Comunidade terap\u00eautica \u00e9 interditada em Imaru\u00ed"}]},{"@type":"WebSite","@id":"https:\/\/sulsc.com\/#website","url":"https:\/\/sulsc.com\/","name":"","description":"","potentialAction":[{"@type":"SearchAction","target":{"@type":"EntryPoint","urlTemplate":"https:\/\/sulsc.com\/?s={search_term_string}"},"query-input":"required name=search_term_string"}],"inLanguage":"en-US"},{"@type":"Person","@id":"https:\/\/sulsc.com\/#\/schema\/person\/84d2fc571684f6248ba83092f07750a3","name":"Reda\u00e7\u00e3o Sul SC","image":{"@type":"ImageObject","inLanguage":"en-US","@id":"https:\/\/sulsc.com\/#\/schema\/person\/image\/e08d7fe2cc4ed596372063bbe852b8d0","url":"https:\/\/sulsc.com\/wp-content\/uploads\/2023\/09\/redacao.png","contentUrl":"https:\/\/sulsc.com\/wp-content\/uploads\/2023\/09\/redacao.png","caption":"Reda\u00e7\u00e3o Sul SC"},"description":"Foco em um jornalismo imparcial, voltado \u00e0 qualidade dos seus conte\u00fados e, assim, levar informa\u00e7\u00e3o de valor que agregue \u00e0 vida dos leitores. Esta \u00e9 grande miss\u00e3o do Portal de Not\u00edcias Sul SC. N\u00e3o \u00e9 quantidade que muda o mundo, sempre foi e seguir\u00e1 sendo qualidade!","sameAs":["https:\/\/sulsc.com\/","https:\/\/www.facebook.com\/profile.php?id=61559278119680","https:\/\/www.instagram.com\/sulscportal\/?hl=pt-br","https:\/\/twitter.com\/https:\/\/twitter.com\/PortalSulSC","https:\/\/www.youtube.com\/channel\/UCv_BE8GeySluDov2n8qhVmw"],"url":"https:\/\/sulsc.com\/index.php\/author\/redacao\/"}]}},"authors":[],"_links":{"self":[{"href":"https:\/\/sulsc.com\/index.php\/wp-json\/wp\/v2\/posts\/10943"}],"collection":[{"href":"https:\/\/sulsc.com\/index.php\/wp-json\/wp\/v2\/posts"}],"about":[{"href":"https:\/\/sulsc.com\/index.php\/wp-json\/wp\/v2\/types\/post"}],"author":[{"embeddable":true,"href":"https:\/\/sulsc.com\/index.php\/wp-json\/wp\/v2\/users\/3"}],"replies":[{"embeddable":true,"href":"https:\/\/sulsc.com\/index.php\/wp-json\/wp\/v2\/comments?post=10943"}],"version-history":[{"count":1,"href":"https:\/\/sulsc.com\/index.php\/wp-json\/wp\/v2\/posts\/10943\/revisions"}],"predecessor-version":[{"id":10950,"href":"https:\/\/sulsc.com\/index.php\/wp-json\/wp\/v2\/posts\/10943\/revisions\/10950"}],"wp:featuredmedia":[{"embeddable":true,"href":"https:\/\/sulsc.com\/index.php\/wp-json\/wp\/v2\/media\/10949"}],"wp:attachment":[{"href":"https:\/\/sulsc.com\/index.php\/wp-json\/wp\/v2\/media?parent=10943"}],"wp:term":[{"taxonomy":"category","embeddable":true,"href":"https:\/\/sulsc.com\/index.php\/wp-json\/wp\/v2\/categories?post=10943"},{"taxonomy":"post_tag","embeddable":true,"href":"https:\/\/sulsc.com\/index.php\/wp-json\/wp\/v2\/tags?post=10943"}],"curies":[{"name":"wp","href":"https:\/\/api.w.org\/{rel}","templated":true}]}}