{"id":10961,"date":"2024-04-09T14:12:36","date_gmt":"2024-04-09T17:12:36","guid":{"rendered":"https:\/\/sulsc.com\/?p=10961"},"modified":"2024-04-09T14:12:36","modified_gmt":"2024-04-09T17:12:36","slug":"ponte-da-jabuticabeira-tem-obra-retomada","status":"publish","type":"post","link":"https:\/\/sulsc.com\/index.php\/2024\/04\/09\/ponte-da-jabuticabeira-tem-obra-retomada\/","title":{"rendered":"Ponte da Jabuticabeira tem obra retomada"},"content":{"rendered":"<figure id=\"attachment_10964\" aria-describedby=\"caption-attachment-10964\" style=\"width: 700px\" class=\"wp-caption aligncenter\"><img fetchpriority=\"high\" decoding=\"async\" class=\"size-full wp-image-10964\" src=\"http:\/\/sulsc.com\/wp-content\/uploads\/2024\/04\/destaque-G-4.jpg\" alt=\"\" width=\"700\" height=\"550\" srcset=\"https:\/\/sulsc.com\/wp-content\/uploads\/2024\/04\/destaque-G-4.jpg 700w, https:\/\/sulsc.com\/wp-content\/uploads\/2024\/04\/destaque-G-4-300x236.jpg 300w\" sizes=\"(max-width: 700px) 100vw, 700px\" \/><figcaption id=\"caption-attachment-10964\" class=\"wp-caption-text\">Foto: Divulga\u00e7\u00e3o<\/figcaption><\/figure>\n<div class=\"texto\">\n<p>Paralisada j\u00e1 h\u00e1 algumas semanas, a obra de constru\u00e7\u00e3o da ponte na Rodovia Pedro Rosa Lemos, a Estrada da Jabuticabeira, foi retomada na tarde desta ter\u00e7a-feira, em Jaguaruna. Segundo a previs\u00e3o divulgada pela prefeitura, os trabalhos retornariam na \u00faltima quinta-feira, mas as equipes chegaram ao local nesta ter\u00e7a.<\/p>\n<p>A obra \u00e9 de responsabilidade da Setep, construtora vencedora da licita\u00e7\u00e3o do lote 2 das obras.<\/p>\n<p>Segundo a empresa, a paralisa\u00e7\u00e3o anterior ocorreu por falta do repasse de um aditivo de R$ 1.6 milh\u00e3o.<\/p>\n<p>Nesta ter\u00e7a-feira, a construtora retorna para a execu\u00e7\u00e3o dos trabalhos de enrocamento e finaliza\u00e7\u00e3o das cabeceiras da ponte, que j\u00e1 est\u00e1 concretada. Na \u00faltima semana foram feitos trabalhos de marca\u00e7\u00e3o topogr\u00e1fica e um relat\u00f3rio ao Iphan.<\/p>\n<div class=\"texto\">\n<p>De acordo com a prefeitura, a empresa justificou o valor do aditivo para execu\u00e7\u00e3o de alguns servi\u00e7os n\u00e3o previstos em projetos, como: altera\u00e7\u00e3o do gride da pista; escava\u00e7\u00e3o e substitui\u00e7\u00e3o de solo mole por solo de boa resist\u00eancia; execu\u00e7\u00e3o de nova linha de rede el\u00e9trica de acordo com as normas de Cergal, j\u00e1 que houve supress\u00e3o dessa atividade no contrato; execu\u00e7\u00e3o de drenagens n\u00e3o previstas em projeto, al\u00e9m da execu\u00e7\u00e3o de enrocamento nas cabeceiras das pontes.<\/p>\n<p>Com a conclus\u00e3o da ponte, o tr\u00e2nsito ser\u00e1 liberado no trecho para carros pequenos.<\/p>\n<\/div>\n<\/div>\n","protected":false},"excerpt":{"rendered":"<p>Paralisada j\u00e1 h\u00e1 algumas semanas, a obra de constru\u00e7\u00e3o da ponte na Rodovia Pedro Rosa Lemos, a Estrada da Jabuticabeira, foi retomada na tarde desta ter\u00e7a-feira, em Jaguaruna. Segundo a previs\u00e3o divulgada pela prefeitura, os trabalhos retornariam na \u00faltima quinta-feira, mas as equipes chegaram ao local nesta ter\u00e7a. A obra \u00e9 de responsabilidade da Setep, &hellip;<\/p>\n<p class=\"read-more\"> <a class=\"\" href=\"https:\/\/sulsc.com\/index.php\/2024\/04\/09\/ponte-da-jabuticabeira-tem-obra-retomada\/\"> <span class=\"screen-reader-text\">Ponte da Jabuticabeira tem obra retomada<\/span> Read More &raquo;<\/a><\/p>\n","protected":false},"author":3,"featured_media":10964,"comment_status":"open","ping_status":"open","sticky":false,"template":"","format":"standard","meta":{"site-sidebar-layout":"default","site-content-layout":"","ast-site-content-layout":"default","site-content-style":"default","site-sidebar-style":"default","ast-global-header-display":"","ast-banner-title-visibility":"","ast-main-header-display":"","ast-hfb-above-header-display":"","ast-hfb-below-header-display":"","ast-hfb-mobile-header-display":"","site-post-title":"","ast-breadcrumbs-content":"","ast-featured-img":"","footer-sml-layout":"","theme-transparent-header-meta":"default","adv-header-id-meta":"","stick-header-meta":"","header-above-stick-meta":"","header-main-stick-meta":"","header-below-stick-meta":"","astra-migrate-meta-layouts":"set","footnotes":""},"categories":[1],"tags":[],"yoast_head":"<!-- This site is optimized with the Yoast SEO plugin v21.4 - https:\/\/yoast.com\/wordpress\/plugins\/seo\/ -->\n<title>Ponte da Jabuticabeira tem obra retomada -<\/title>\n<meta name=\"description\" content=\"Paralisada j\u00e1 h\u00e1 algumas semanas, a obra de constru\u00e7\u00e3o da ponte na Rodovia Pedro Rosa Lemos, a Estrada da Jabuticabeira, foi retomada na tarde desta ter\u00e7a-feira, em Jaguaruna. Segundo a previs\u00e3o divulgada pela prefeitura, os trabalhos retornariam na \u00faltima quinta-feira, mas as equipes chegaram ao local nesta ter\u00e7a.\u00a0\" \/>\n<meta name=\"robots\" content=\"index, follow, max-snippet:-1, max-image-preview:large, max-video-preview:-1\" \/>\n<link rel=\"canonical\" href=\"https:\/\/sulsc.com\/index.php\/2024\/04\/09\/ponte-da-jabuticabeira-tem-obra-retomada\/\" \/>\n<meta property=\"og:locale\" content=\"en_US\" \/>\n<meta property=\"og:type\" content=\"article\" \/>\n<meta property=\"og:title\" content=\"Ponte da Jabuticabeira tem obra retomada -\" \/>\n<meta property=\"og:description\" content=\"Paralisada j\u00e1 h\u00e1 algumas semanas, a obra de constru\u00e7\u00e3o da ponte na Rodovia Pedro Rosa Lemos, a Estrada da Jabuticabeira, foi retomada na tarde desta ter\u00e7a-feira, em Jaguaruna. Segundo a previs\u00e3o divulgada pela prefeitura, os trabalhos retornariam na \u00faltima quinta-feira, mas as equipes chegaram ao local nesta ter\u00e7a.\u00a0\" \/>\n<meta property=\"og:url\" content=\"https:\/\/sulsc.com\/index.php\/2024\/04\/09\/ponte-da-jabuticabeira-tem-obra-retomada\/\" \/>\n<meta property=\"article:author\" content=\"https:\/\/www.facebook.com\/profile.php?id=61559278119680\" \/>\n<meta property=\"article:published_time\" content=\"2024-04-09T17:12:36+00:00\" \/>\n<meta property=\"og:image\" content=\"http:\/\/sulsc.com\/wp-content\/uploads\/2024\/04\/destaque-G-4.jpg\" \/>\n\t<meta property=\"og:image:width\" content=\"700\" \/>\n\t<meta property=\"og:image:height\" content=\"550\" \/>\n\t<meta property=\"og:image:type\" content=\"image\/jpeg\" \/>\n<meta name=\"author\" content=\"Reda\u00e7\u00e3o Sul SC\" \/>\n<meta name=\"twitter:card\" content=\"summary_large_image\" \/>\n<meta name=\"twitter:creator\" content=\"@https:\/\/twitter.com\/PortalSulSC\" \/>\n<meta name=\"twitter:label1\" content=\"Written by\" \/>\n\t<meta name=\"twitter:data1\" content=\"Reda\u00e7\u00e3o Sul SC\" \/>\n\t<meta name=\"twitter:label2\" content=\"Est. reading time\" \/>\n\t<meta name=\"twitter:data2\" content=\"2 minutes\" \/>\n<script type=\"application\/ld+json\" class=\"yoast-schema-graph\">{\"@context\":\"https:\/\/schema.org\",\"@graph\":[{\"@type\":\"WebPage\",\"@id\":\"https:\/\/sulsc.com\/index.php\/2024\/04\/09\/ponte-da-jabuticabeira-tem-obra-retomada\/\",\"url\":\"https:\/\/sulsc.com\/index.php\/2024\/04\/09\/ponte-da-jabuticabeira-tem-obra-retomada\/\",\"name\":\"Ponte da Jabuticabeira tem obra retomada -\",\"isPartOf\":{\"@id\":\"https:\/\/sulsc.com\/#website\"},\"datePublished\":\"2024-04-09T17:12:36+00:00\",\"dateModified\":\"2024-04-09T17:12:36+00:00\",\"author\":{\"@id\":\"https:\/\/sulsc.com\/#\/schema\/person\/84d2fc571684f6248ba83092f07750a3\"},\"description\":\"Paralisada j\u00e1 h\u00e1 algumas semanas, a obra de constru\u00e7\u00e3o da ponte na Rodovia Pedro Rosa Lemos, a Estrada da Jabuticabeira, foi retomada na tarde desta ter\u00e7a-feira, em Jaguaruna. Segundo a previs\u00e3o divulgada pela prefeitura, os trabalhos retornariam na \u00faltima quinta-feira, mas as equipes chegaram ao local nesta ter\u00e7a.\u00a0\",\"breadcrumb\":{\"@id\":\"https:\/\/sulsc.com\/index.php\/2024\/04\/09\/ponte-da-jabuticabeira-tem-obra-retomada\/#breadcrumb\"},\"inLanguage\":\"en-US\",\"potentialAction\":[{\"@type\":\"ReadAction\",\"target\":[\"https:\/\/sulsc.com\/index.php\/2024\/04\/09\/ponte-da-jabuticabeira-tem-obra-retomada\/\"]}]},{\"@type\":\"BreadcrumbList\",\"@id\":\"https:\/\/sulsc.com\/index.php\/2024\/04\/09\/ponte-da-jabuticabeira-tem-obra-retomada\/#breadcrumb\",\"itemListElement\":[{\"@type\":\"ListItem\",\"position\":1,\"name\":\"In\u00edcio\",\"item\":\"https:\/\/sulsc.com\/\"},{\"@type\":\"ListItem\",\"position\":2,\"name\":\"Ponte da Jabuticabeira tem obra retomada\"}]},{\"@type\":\"WebSite\",\"@id\":\"https:\/\/sulsc.com\/#website\",\"url\":\"https:\/\/sulsc.com\/\",\"name\":\"\",\"description\":\"\",\"potentialAction\":[{\"@type\":\"SearchAction\",\"target\":{\"@type\":\"EntryPoint\",\"urlTemplate\":\"https:\/\/sulsc.com\/?s={search_term_string}\"},\"query-input\":\"required name=search_term_string\"}],\"inLanguage\":\"en-US\"},{\"@type\":\"Person\",\"@id\":\"https:\/\/sulsc.com\/#\/schema\/person\/84d2fc571684f6248ba83092f07750a3\",\"name\":\"Reda\u00e7\u00e3o Sul SC\",\"image\":{\"@type\":\"ImageObject\",\"inLanguage\":\"en-US\",\"@id\":\"https:\/\/sulsc.com\/#\/schema\/person\/image\/e08d7fe2cc4ed596372063bbe852b8d0\",\"url\":\"https:\/\/sulsc.com\/wp-content\/uploads\/2023\/09\/redacao.png\",\"contentUrl\":\"https:\/\/sulsc.com\/wp-content\/uploads\/2023\/09\/redacao.png\",\"caption\":\"Reda\u00e7\u00e3o Sul SC\"},\"description\":\"Foco em um jornalismo imparcial, voltado \u00e0 qualidade dos seus conte\u00fados e, assim, levar informa\u00e7\u00e3o de valor que agregue \u00e0 vida dos leitores. Esta \u00e9 grande miss\u00e3o do Portal de Not\u00edcias Sul SC. N\u00e3o \u00e9 quantidade que muda o mundo, sempre foi e seguir\u00e1 sendo qualidade!\",\"sameAs\":[\"https:\/\/sulsc.com\/\",\"https:\/\/www.facebook.com\/profile.php?id=61559278119680\",\"https:\/\/www.instagram.com\/sulscportal\/?hl=pt-br\",\"https:\/\/twitter.com\/https:\/\/twitter.com\/PortalSulSC\",\"https:\/\/www.youtube.com\/channel\/UCv_BE8GeySluDov2n8qhVmw\"],\"url\":\"https:\/\/sulsc.com\/index.php\/author\/redacao\/\"}]}<\/script>\n<!-- \/ Yoast SEO plugin. -->","yoast_head_json":{"title":"Ponte da Jabuticabeira tem obra retomada -","description":"Paralisada j\u00e1 h\u00e1 algumas semanas, a obra de constru\u00e7\u00e3o da ponte na Rodovia Pedro Rosa Lemos, a Estrada da Jabuticabeira, foi retomada na tarde desta ter\u00e7a-feira, em Jaguaruna. Segundo a previs\u00e3o divulgada pela prefeitura, os trabalhos retornariam na \u00faltima quinta-feira, mas as equipes chegaram ao local nesta ter\u00e7a.\u00a0","robots":{"index":"index","follow":"follow","max-snippet":"max-snippet:-1","max-image-preview":"max-image-preview:large","max-video-preview":"max-video-preview:-1"},"canonical":"https:\/\/sulsc.com\/index.php\/2024\/04\/09\/ponte-da-jabuticabeira-tem-obra-retomada\/","og_locale":"en_US","og_type":"article","og_title":"Ponte da Jabuticabeira tem obra retomada -","og_description":"Paralisada j\u00e1 h\u00e1 algumas semanas, a obra de constru\u00e7\u00e3o da ponte na Rodovia Pedro Rosa Lemos, a Estrada da Jabuticabeira, foi retomada na tarde desta ter\u00e7a-feira, em Jaguaruna. Segundo a previs\u00e3o divulgada pela prefeitura, os trabalhos retornariam na \u00faltima quinta-feira, mas as equipes chegaram ao local nesta ter\u00e7a.\u00a0","og_url":"https:\/\/sulsc.com\/index.php\/2024\/04\/09\/ponte-da-jabuticabeira-tem-obra-retomada\/","article_author":"https:\/\/www.facebook.com\/profile.php?id=61559278119680","article_published_time":"2024-04-09T17:12:36+00:00","og_image":[{"width":700,"height":550,"url":"http:\/\/sulsc.com\/wp-content\/uploads\/2024\/04\/destaque-G-4.jpg","type":"image\/jpeg"}],"author":"Reda\u00e7\u00e3o Sul SC","twitter_card":"summary_large_image","twitter_creator":"@https:\/\/twitter.com\/PortalSulSC","twitter_misc":{"Written by":"Reda\u00e7\u00e3o Sul SC","Est. reading time":"2 minutes"},"schema":{"@context":"https:\/\/schema.org","@graph":[{"@type":"WebPage","@id":"https:\/\/sulsc.com\/index.php\/2024\/04\/09\/ponte-da-jabuticabeira-tem-obra-retomada\/","url":"https:\/\/sulsc.com\/index.php\/2024\/04\/09\/ponte-da-jabuticabeira-tem-obra-retomada\/","name":"Ponte da Jabuticabeira tem obra retomada -","isPartOf":{"@id":"https:\/\/sulsc.com\/#website"},"datePublished":"2024-04-09T17:12:36+00:00","dateModified":"2024-04-09T17:12:36+00:00","author":{"@id":"https:\/\/sulsc.com\/#\/schema\/person\/84d2fc571684f6248ba83092f07750a3"},"description":"Paralisada j\u00e1 h\u00e1 algumas semanas, a obra de constru\u00e7\u00e3o da ponte na Rodovia Pedro Rosa Lemos, a Estrada da Jabuticabeira, foi retomada na tarde desta ter\u00e7a-feira, em Jaguaruna. Segundo a previs\u00e3o divulgada pela prefeitura, os trabalhos retornariam na \u00faltima quinta-feira, mas as equipes chegaram ao local nesta ter\u00e7a.\u00a0","breadcrumb":{"@id":"https:\/\/sulsc.com\/index.php\/2024\/04\/09\/ponte-da-jabuticabeira-tem-obra-retomada\/#breadcrumb"},"inLanguage":"en-US","potentialAction":[{"@type":"ReadAction","target":["https:\/\/sulsc.com\/index.php\/2024\/04\/09\/ponte-da-jabuticabeira-tem-obra-retomada\/"]}]},{"@type":"BreadcrumbList","@id":"https:\/\/sulsc.com\/index.php\/2024\/04\/09\/ponte-da-jabuticabeira-tem-obra-retomada\/#breadcrumb","itemListElement":[{"@type":"ListItem","position":1,"name":"In\u00edcio","item":"https:\/\/sulsc.com\/"},{"@type":"ListItem","position":2,"name":"Ponte da Jabuticabeira tem obra retomada"}]},{"@type":"WebSite","@id":"https:\/\/sulsc.com\/#website","url":"https:\/\/sulsc.com\/","name":"","description":"","potentialAction":[{"@type":"SearchAction","target":{"@type":"EntryPoint","urlTemplate":"https:\/\/sulsc.com\/?s={search_term_string}"},"query-input":"required name=search_term_string"}],"inLanguage":"en-US"},{"@type":"Person","@id":"https:\/\/sulsc.com\/#\/schema\/person\/84d2fc571684f6248ba83092f07750a3","name":"Reda\u00e7\u00e3o Sul SC","image":{"@type":"ImageObject","inLanguage":"en-US","@id":"https:\/\/sulsc.com\/#\/schema\/person\/image\/e08d7fe2cc4ed596372063bbe852b8d0","url":"https:\/\/sulsc.com\/wp-content\/uploads\/2023\/09\/redacao.png","contentUrl":"https:\/\/sulsc.com\/wp-content\/uploads\/2023\/09\/redacao.png","caption":"Reda\u00e7\u00e3o Sul SC"},"description":"Foco em um jornalismo imparcial, voltado \u00e0 qualidade dos seus conte\u00fados e, assim, levar informa\u00e7\u00e3o de valor que agregue \u00e0 vida dos leitores. Esta \u00e9 grande miss\u00e3o do Portal de Not\u00edcias Sul SC. N\u00e3o \u00e9 quantidade que muda o mundo, sempre foi e seguir\u00e1 sendo qualidade!","sameAs":["https:\/\/sulsc.com\/","https:\/\/www.facebook.com\/profile.php?id=61559278119680","https:\/\/www.instagram.com\/sulscportal\/?hl=pt-br","https:\/\/twitter.com\/https:\/\/twitter.com\/PortalSulSC","https:\/\/www.youtube.com\/channel\/UCv_BE8GeySluDov2n8qhVmw"],"url":"https:\/\/sulsc.com\/index.php\/author\/redacao\/"}]}},"authors":[],"_links":{"self":[{"href":"https:\/\/sulsc.com\/index.php\/wp-json\/wp\/v2\/posts\/10961"}],"collection":[{"href":"https:\/\/sulsc.com\/index.php\/wp-json\/wp\/v2\/posts"}],"about":[{"href":"https:\/\/sulsc.com\/index.php\/wp-json\/wp\/v2\/types\/post"}],"author":[{"embeddable":true,"href":"https:\/\/sulsc.com\/index.php\/wp-json\/wp\/v2\/users\/3"}],"replies":[{"embeddable":true,"href":"https:\/\/sulsc.com\/index.php\/wp-json\/wp\/v2\/comments?post=10961"}],"version-history":[{"count":1,"href":"https:\/\/sulsc.com\/index.php\/wp-json\/wp\/v2\/posts\/10961\/revisions"}],"predecessor-version":[{"id":10965,"href":"https:\/\/sulsc.com\/index.php\/wp-json\/wp\/v2\/posts\/10961\/revisions\/10965"}],"wp:featuredmedia":[{"embeddable":true,"href":"https:\/\/sulsc.com\/index.php\/wp-json\/wp\/v2\/media\/10964"}],"wp:attachment":[{"href":"https:\/\/sulsc.com\/index.php\/wp-json\/wp\/v2\/media?parent=10961"}],"wp:term":[{"taxonomy":"category","embeddable":true,"href":"https:\/\/sulsc.com\/index.php\/wp-json\/wp\/v2\/categories?post=10961"},{"taxonomy":"post_tag","embeddable":true,"href":"https:\/\/sulsc.com\/index.php\/wp-json\/wp\/v2\/tags?post=10961"}],"curies":[{"name":"wp","href":"https:\/\/api.w.org\/{rel}","templated":true}]}}