{"id":1100,"date":"2023-09-14T09:00:40","date_gmt":"2023-09-14T12:00:40","guid":{"rendered":"https:\/\/sulsc.com\/?p=1100"},"modified":"2023-09-14T08:37:15","modified_gmt":"2023-09-14T11:37:15","slug":"viaduto-sobre-a-via-rapida-governo-de-criciuma-deve-receber-verba-do-estado-e-finalizar-obra","status":"publish","type":"post","link":"https:\/\/sulsc.com\/index.php\/2023\/09\/14\/viaduto-sobre-a-via-rapida-governo-de-criciuma-deve-receber-verba-do-estado-e-finalizar-obra\/","title":{"rendered":"Viaduto sobre a Via R\u00e1pida: governo de Crici\u00fama deve receber verba do Estado e finalizar obra"},"content":{"rendered":"<p>A Prefeitura de Crici\u00fama deve receber uma verba do Governo do Estado para finalizar a obra do viaduto sobre a Via R\u00e1pida, que acontece na rua Verg\u00ednio Conti e vai ligar os bairros Jardim Maristela e Ana Maria ao Cristo Redentor. A estrutura \u00e9 considerada essencial para o desenvolvimento econ\u00f4mico e social dos tr\u00eas bairros, al\u00e9m de fomentar e atrair empresas para a \u00e1rea industrial do Cristo Redentor.<\/p>\n<p>\u201cQuando o governador Jorginho Mello esteve na regi\u00e3o em maio deste ano conversou com os prefeitos e todos elencaram suas prioridades, citamos as nossas. Come\u00e7amos a receber valores e em conversa com a Casa Civil, fomos informados que h\u00e1 programa\u00e7\u00e3o de pagamentos para as pr\u00f3ximas semanas e devemos receber o valor restante da obra\u201d, ressalta Vagner Esp\u00edndola Rodrigues, secret\u00e1rio da Fazenda de Crici\u00fama.<\/p>\n<p>O investimento na obra \u00e9 de R$ 6.710.518,90, sendo que R$ 5 milh\u00f5es s\u00e3o provenientes de transfer\u00eancias especiais do Governo do Estado e o restante do munic\u00edpio. \u201cO que o Estado repassou foi de R$ 1,2 milh\u00e3o at\u00e9 o momento e o restante ser\u00e1 pago durante o cronograma do governo estadual\u201d, comenta o secret\u00e1rio.<\/p>\n<p>O secret\u00e1rio de Infraestrutura, Planejamento e Mobilidade Urbana da Prefeitura de Crici\u00fama, Tita Belloli, afirmou que para a obra ser finalizada \u00e9 necess\u00e1rio receber os valores restantes. \u201cPrecisamos receber a outra parcela para fazermos a finaliza\u00e7\u00e3o da capa asf\u00e1ltica para finalizarmos a obra. Falta s\u00f3 a capa asf\u00e1ltica e outros detalhes como a ilumina\u00e7\u00e3o, assim poderemos entregar a obra para a popula\u00e7\u00e3o\u201d, pontua.<\/p>\n<p>O viaduto ter\u00e1 76 metros de comprimento, largura suficiente para duas pistas e ciclovia. A obra \u00e9 realizada pela empresa Setep Constru\u00e7\u00f5es.<\/p>\n<p>&nbsp;<\/p>\n<p>Fonte: Engeplus<\/p>\n","protected":false},"excerpt":{"rendered":"<p>A Prefeitura de Crici\u00fama deve receber uma verba do Governo do Estado para finalizar a obra do viaduto sobre a Via R\u00e1pida, que acontece na rua Verg\u00ednio Conti e vai ligar os bairros Jardim Maristela e Ana Maria ao Cristo Redentor. A estrutura \u00e9 considerada essencial para o desenvolvimento econ\u00f4mico e social dos tr\u00eas bairros, &hellip;<\/p>\n<p class=\"read-more\"> <a class=\"\" href=\"https:\/\/sulsc.com\/index.php\/2023\/09\/14\/viaduto-sobre-a-via-rapida-governo-de-criciuma-deve-receber-verba-do-estado-e-finalizar-obra\/\"> <span class=\"screen-reader-text\">Viaduto sobre a Via R\u00e1pida: governo de Crici\u00fama deve receber verba do Estado e finalizar obra<\/span> Read More &raquo;<\/a><\/p>\n","protected":false},"author":3,"featured_media":1101,"comment_status":"open","ping_status":"open","sticky":false,"template":"","format":"standard","meta":{"site-sidebar-layout":"default","site-content-layout":"default","ast-site-content-layout":"","site-content-style":"default","site-sidebar-style":"default","ast-global-header-display":"","ast-banner-title-visibility":"","ast-main-header-display":"","ast-hfb-above-header-display":"","ast-hfb-below-header-display":"","ast-hfb-mobile-header-display":"","site-post-title":"","ast-breadcrumbs-content":"","ast-featured-img":"","footer-sml-layout":"","theme-transparent-header-meta":"default","adv-header-id-meta":"","stick-header-meta":"","header-above-stick-meta":"","header-main-stick-meta":"","header-below-stick-meta":"","astra-migrate-meta-layouts":"","footnotes":""},"categories":[23,8],"tags":[],"yoast_head":"<!-- This site is optimized with the Yoast SEO plugin v21.4 - https:\/\/yoast.com\/wordpress\/plugins\/seo\/ -->\n<title>Viaduto sobre a Via R\u00e1pida: governo de Crici\u00fama deve receber verba do Estado e finalizar obra -<\/title>\n<meta name=\"robots\" content=\"index, follow, max-snippet:-1, max-image-preview:large, max-video-preview:-1\" \/>\n<link rel=\"canonical\" href=\"https:\/\/sulsc.com\/index.php\/2023\/09\/14\/viaduto-sobre-a-via-rapida-governo-de-criciuma-deve-receber-verba-do-estado-e-finalizar-obra\/\" \/>\n<meta property=\"og:locale\" content=\"en_US\" \/>\n<meta property=\"og:type\" content=\"article\" \/>\n<meta property=\"og:title\" content=\"Viaduto sobre a Via R\u00e1pida: governo de Crici\u00fama deve receber verba do Estado e finalizar obra -\" \/>\n<meta property=\"og:description\" content=\"A Prefeitura de Crici\u00fama deve receber uma verba do Governo do Estado para finalizar a obra do viaduto sobre a Via R\u00e1pida, que acontece na rua Verg\u00ednio Conti e vai ligar os bairros Jardim Maristela e Ana Maria ao Cristo Redentor. A estrutura \u00e9 considerada essencial para o desenvolvimento econ\u00f4mico e social dos tr\u00eas bairros, &hellip; Viaduto sobre a Via R\u00e1pida: governo de Crici\u00fama deve receber verba do Estado e finalizar obra Read More &raquo;\" \/>\n<meta property=\"og:url\" content=\"https:\/\/sulsc.com\/index.php\/2023\/09\/14\/viaduto-sobre-a-via-rapida-governo-de-criciuma-deve-receber-verba-do-estado-e-finalizar-obra\/\" \/>\n<meta property=\"article:author\" content=\"https:\/\/www.facebook.com\/profile.php?id=61559278119680\" \/>\n<meta property=\"article:published_time\" content=\"2023-09-14T12:00:40+00:00\" \/>\n<meta property=\"article:modified_time\" content=\"2023-09-14T11:37:15+00:00\" \/>\n<meta property=\"og:image\" content=\"https:\/\/sulsc.com\/wp-content\/uploads\/2023\/09\/viaduto-sobre-a-via-rapida-governo-de-criciuma-deve-receber-verba-do-estado-e-finalizar-obra-1.jpg\" \/>\n\t<meta property=\"og:image:width\" content=\"800\" \/>\n\t<meta property=\"og:image:height\" content=\"450\" \/>\n\t<meta property=\"og:image:type\" content=\"image\/jpeg\" \/>\n<meta name=\"author\" content=\"Reda\u00e7\u00e3o Sul SC\" \/>\n<meta name=\"twitter:card\" content=\"summary_large_image\" \/>\n<meta name=\"twitter:creator\" content=\"@https:\/\/twitter.com\/PortalSulSC\" \/>\n<meta name=\"twitter:label1\" content=\"Written by\" \/>\n\t<meta name=\"twitter:data1\" content=\"Reda\u00e7\u00e3o Sul SC\" \/>\n\t<meta name=\"twitter:label2\" content=\"Est. reading time\" \/>\n\t<meta name=\"twitter:data2\" content=\"1 minute\" \/>\n<script type=\"application\/ld+json\" class=\"yoast-schema-graph\">{\"@context\":\"https:\/\/schema.org\",\"@graph\":[{\"@type\":\"WebPage\",\"@id\":\"https:\/\/sulsc.com\/index.php\/2023\/09\/14\/viaduto-sobre-a-via-rapida-governo-de-criciuma-deve-receber-verba-do-estado-e-finalizar-obra\/\",\"url\":\"https:\/\/sulsc.com\/index.php\/2023\/09\/14\/viaduto-sobre-a-via-rapida-governo-de-criciuma-deve-receber-verba-do-estado-e-finalizar-obra\/\",\"name\":\"Viaduto sobre a Via R\u00e1pida: governo de Crici\u00fama deve receber verba do Estado e finalizar obra -\",\"isPartOf\":{\"@id\":\"https:\/\/sulsc.com\/#website\"},\"datePublished\":\"2023-09-14T12:00:40+00:00\",\"dateModified\":\"2023-09-14T11:37:15+00:00\",\"author\":{\"@id\":\"https:\/\/sulsc.com\/#\/schema\/person\/84d2fc571684f6248ba83092f07750a3\"},\"breadcrumb\":{\"@id\":\"https:\/\/sulsc.com\/index.php\/2023\/09\/14\/viaduto-sobre-a-via-rapida-governo-de-criciuma-deve-receber-verba-do-estado-e-finalizar-obra\/#breadcrumb\"},\"inLanguage\":\"en-US\",\"potentialAction\":[{\"@type\":\"ReadAction\",\"target\":[\"https:\/\/sulsc.com\/index.php\/2023\/09\/14\/viaduto-sobre-a-via-rapida-governo-de-criciuma-deve-receber-verba-do-estado-e-finalizar-obra\/\"]}]},{\"@type\":\"BreadcrumbList\",\"@id\":\"https:\/\/sulsc.com\/index.php\/2023\/09\/14\/viaduto-sobre-a-via-rapida-governo-de-criciuma-deve-receber-verba-do-estado-e-finalizar-obra\/#breadcrumb\",\"itemListElement\":[{\"@type\":\"ListItem\",\"position\":1,\"name\":\"In\u00edcio\",\"item\":\"https:\/\/sulsc.com\/\"},{\"@type\":\"ListItem\",\"position\":2,\"name\":\"Viaduto sobre a Via R\u00e1pida: governo de Crici\u00fama deve receber verba do Estado e finalizar obra\"}]},{\"@type\":\"WebSite\",\"@id\":\"https:\/\/sulsc.com\/#website\",\"url\":\"https:\/\/sulsc.com\/\",\"name\":\"\",\"description\":\"\",\"potentialAction\":[{\"@type\":\"SearchAction\",\"target\":{\"@type\":\"EntryPoint\",\"urlTemplate\":\"https:\/\/sulsc.com\/?s={search_term_string}\"},\"query-input\":\"required name=search_term_string\"}],\"inLanguage\":\"en-US\"},{\"@type\":\"Person\",\"@id\":\"https:\/\/sulsc.com\/#\/schema\/person\/84d2fc571684f6248ba83092f07750a3\",\"name\":\"Reda\u00e7\u00e3o Sul SC\",\"image\":{\"@type\":\"ImageObject\",\"inLanguage\":\"en-US\",\"@id\":\"https:\/\/sulsc.com\/#\/schema\/person\/image\/e08d7fe2cc4ed596372063bbe852b8d0\",\"url\":\"https:\/\/sulsc.com\/wp-content\/uploads\/2023\/09\/redacao.png\",\"contentUrl\":\"https:\/\/sulsc.com\/wp-content\/uploads\/2023\/09\/redacao.png\",\"caption\":\"Reda\u00e7\u00e3o Sul SC\"},\"description\":\"Foco em um jornalismo imparcial, voltado \u00e0 qualidade dos seus conte\u00fados e, assim, levar informa\u00e7\u00e3o de valor que agregue \u00e0 vida dos leitores. Esta \u00e9 grande miss\u00e3o do Portal de Not\u00edcias Sul SC. N\u00e3o \u00e9 quantidade que muda o mundo, sempre foi e seguir\u00e1 sendo qualidade!\",\"sameAs\":[\"https:\/\/sulsc.com\/\",\"https:\/\/www.facebook.com\/profile.php?id=61559278119680\",\"https:\/\/www.instagram.com\/sulscportal\/?hl=pt-br\",\"https:\/\/twitter.com\/https:\/\/twitter.com\/PortalSulSC\",\"https:\/\/www.youtube.com\/channel\/UCv_BE8GeySluDov2n8qhVmw\"],\"url\":\"https:\/\/sulsc.com\/index.php\/author\/redacao\/\"}]}<\/script>\n<!-- \/ Yoast SEO plugin. -->","yoast_head_json":{"title":"Viaduto sobre a Via R\u00e1pida: governo de Crici\u00fama deve receber verba do Estado e finalizar obra -","robots":{"index":"index","follow":"follow","max-snippet":"max-snippet:-1","max-image-preview":"max-image-preview:large","max-video-preview":"max-video-preview:-1"},"canonical":"https:\/\/sulsc.com\/index.php\/2023\/09\/14\/viaduto-sobre-a-via-rapida-governo-de-criciuma-deve-receber-verba-do-estado-e-finalizar-obra\/","og_locale":"en_US","og_type":"article","og_title":"Viaduto sobre a Via R\u00e1pida: governo de Crici\u00fama deve receber verba do Estado e finalizar obra -","og_description":"A Prefeitura de Crici\u00fama deve receber uma verba do Governo do Estado para finalizar a obra do viaduto sobre a Via R\u00e1pida, que acontece na rua Verg\u00ednio Conti e vai ligar os bairros Jardim Maristela e Ana Maria ao Cristo Redentor. A estrutura \u00e9 considerada essencial para o desenvolvimento econ\u00f4mico e social dos tr\u00eas bairros, &hellip; Viaduto sobre a Via R\u00e1pida: governo de Crici\u00fama deve receber verba do Estado e finalizar obra Read More &raquo;","og_url":"https:\/\/sulsc.com\/index.php\/2023\/09\/14\/viaduto-sobre-a-via-rapida-governo-de-criciuma-deve-receber-verba-do-estado-e-finalizar-obra\/","article_author":"https:\/\/www.facebook.com\/profile.php?id=61559278119680","article_published_time":"2023-09-14T12:00:40+00:00","article_modified_time":"2023-09-14T11:37:15+00:00","og_image":[{"width":800,"height":450,"url":"https:\/\/sulsc.com\/wp-content\/uploads\/2023\/09\/viaduto-sobre-a-via-rapida-governo-de-criciuma-deve-receber-verba-do-estado-e-finalizar-obra-1.jpg","type":"image\/jpeg"}],"author":"Reda\u00e7\u00e3o Sul SC","twitter_card":"summary_large_image","twitter_creator":"@https:\/\/twitter.com\/PortalSulSC","twitter_misc":{"Written by":"Reda\u00e7\u00e3o Sul SC","Est. reading time":"1 minute"},"schema":{"@context":"https:\/\/schema.org","@graph":[{"@type":"WebPage","@id":"https:\/\/sulsc.com\/index.php\/2023\/09\/14\/viaduto-sobre-a-via-rapida-governo-de-criciuma-deve-receber-verba-do-estado-e-finalizar-obra\/","url":"https:\/\/sulsc.com\/index.php\/2023\/09\/14\/viaduto-sobre-a-via-rapida-governo-de-criciuma-deve-receber-verba-do-estado-e-finalizar-obra\/","name":"Viaduto sobre a Via R\u00e1pida: governo de Crici\u00fama deve receber verba do Estado e finalizar obra -","isPartOf":{"@id":"https:\/\/sulsc.com\/#website"},"datePublished":"2023-09-14T12:00:40+00:00","dateModified":"2023-09-14T11:37:15+00:00","author":{"@id":"https:\/\/sulsc.com\/#\/schema\/person\/84d2fc571684f6248ba83092f07750a3"},"breadcrumb":{"@id":"https:\/\/sulsc.com\/index.php\/2023\/09\/14\/viaduto-sobre-a-via-rapida-governo-de-criciuma-deve-receber-verba-do-estado-e-finalizar-obra\/#breadcrumb"},"inLanguage":"en-US","potentialAction":[{"@type":"ReadAction","target":["https:\/\/sulsc.com\/index.php\/2023\/09\/14\/viaduto-sobre-a-via-rapida-governo-de-criciuma-deve-receber-verba-do-estado-e-finalizar-obra\/"]}]},{"@type":"BreadcrumbList","@id":"https:\/\/sulsc.com\/index.php\/2023\/09\/14\/viaduto-sobre-a-via-rapida-governo-de-criciuma-deve-receber-verba-do-estado-e-finalizar-obra\/#breadcrumb","itemListElement":[{"@type":"ListItem","position":1,"name":"In\u00edcio","item":"https:\/\/sulsc.com\/"},{"@type":"ListItem","position":2,"name":"Viaduto sobre a Via R\u00e1pida: governo de Crici\u00fama deve receber verba do Estado e finalizar obra"}]},{"@type":"WebSite","@id":"https:\/\/sulsc.com\/#website","url":"https:\/\/sulsc.com\/","name":"","description":"","potentialAction":[{"@type":"SearchAction","target":{"@type":"EntryPoint","urlTemplate":"https:\/\/sulsc.com\/?s={search_term_string}"},"query-input":"required name=search_term_string"}],"inLanguage":"en-US"},{"@type":"Person","@id":"https:\/\/sulsc.com\/#\/schema\/person\/84d2fc571684f6248ba83092f07750a3","name":"Reda\u00e7\u00e3o Sul SC","image":{"@type":"ImageObject","inLanguage":"en-US","@id":"https:\/\/sulsc.com\/#\/schema\/person\/image\/e08d7fe2cc4ed596372063bbe852b8d0","url":"https:\/\/sulsc.com\/wp-content\/uploads\/2023\/09\/redacao.png","contentUrl":"https:\/\/sulsc.com\/wp-content\/uploads\/2023\/09\/redacao.png","caption":"Reda\u00e7\u00e3o Sul SC"},"description":"Foco em um jornalismo imparcial, voltado \u00e0 qualidade dos seus conte\u00fados e, assim, levar informa\u00e7\u00e3o de valor que agregue \u00e0 vida dos leitores. Esta \u00e9 grande miss\u00e3o do Portal de Not\u00edcias Sul SC. N\u00e3o \u00e9 quantidade que muda o mundo, sempre foi e seguir\u00e1 sendo qualidade!","sameAs":["https:\/\/sulsc.com\/","https:\/\/www.facebook.com\/profile.php?id=61559278119680","https:\/\/www.instagram.com\/sulscportal\/?hl=pt-br","https:\/\/twitter.com\/https:\/\/twitter.com\/PortalSulSC","https:\/\/www.youtube.com\/channel\/UCv_BE8GeySluDov2n8qhVmw"],"url":"https:\/\/sulsc.com\/index.php\/author\/redacao\/"}]}},"authors":[],"_links":{"self":[{"href":"https:\/\/sulsc.com\/index.php\/wp-json\/wp\/v2\/posts\/1100"}],"collection":[{"href":"https:\/\/sulsc.com\/index.php\/wp-json\/wp\/v2\/posts"}],"about":[{"href":"https:\/\/sulsc.com\/index.php\/wp-json\/wp\/v2\/types\/post"}],"author":[{"embeddable":true,"href":"https:\/\/sulsc.com\/index.php\/wp-json\/wp\/v2\/users\/3"}],"replies":[{"embeddable":true,"href":"https:\/\/sulsc.com\/index.php\/wp-json\/wp\/v2\/comments?post=1100"}],"version-history":[{"count":1,"href":"https:\/\/sulsc.com\/index.php\/wp-json\/wp\/v2\/posts\/1100\/revisions"}],"predecessor-version":[{"id":1102,"href":"https:\/\/sulsc.com\/index.php\/wp-json\/wp\/v2\/posts\/1100\/revisions\/1102"}],"wp:featuredmedia":[{"embeddable":true,"href":"https:\/\/sulsc.com\/index.php\/wp-json\/wp\/v2\/media\/1101"}],"wp:attachment":[{"href":"https:\/\/sulsc.com\/index.php\/wp-json\/wp\/v2\/media?parent=1100"}],"wp:term":[{"taxonomy":"category","embeddable":true,"href":"https:\/\/sulsc.com\/index.php\/wp-json\/wp\/v2\/categories?post=1100"},{"taxonomy":"post_tag","embeddable":true,"href":"https:\/\/sulsc.com\/index.php\/wp-json\/wp\/v2\/tags?post=1100"}],"curies":[{"name":"wp","href":"https:\/\/api.w.org\/{rel}","templated":true}]}}