{"id":11027,"date":"2024-04-11T09:04:13","date_gmt":"2024-04-11T12:04:13","guid":{"rendered":"https:\/\/sulsc.com\/?p=11027"},"modified":"2024-04-11T09:04:13","modified_gmt":"2024-04-11T12:04:13","slug":"tigre-intensifica-treinos-antes-da-estreia-do-brasileirao-neste-sabado-13","status":"publish","type":"post","link":"https:\/\/sulsc.com\/index.php\/2024\/04\/11\/tigre-intensifica-treinos-antes-da-estreia-do-brasileirao-neste-sabado-13\/","title":{"rendered":"Tigre intensifica treinos antes da estreia do Brasileir\u00e3o, neste s\u00e1bado (13)"},"content":{"rendered":"<p><img fetchpriority=\"high\" decoding=\"async\" class=\"aligncenter size-full wp-image-11028\" src=\"http:\/\/sulsc.com\/wp-content\/uploads\/2024\/04\/a.jpg\" alt=\"\" width=\"1600\" height=\"1067\" srcset=\"https:\/\/sulsc.com\/wp-content\/uploads\/2024\/04\/a.jpg 1600w, https:\/\/sulsc.com\/wp-content\/uploads\/2024\/04\/a-300x200.jpg 300w, https:\/\/sulsc.com\/wp-content\/uploads\/2024\/04\/a-1024x683.jpg 1024w, https:\/\/sulsc.com\/wp-content\/uploads\/2024\/04\/a-768x512.jpg 768w, https:\/\/sulsc.com\/wp-content\/uploads\/2024\/04\/a-1536x1024.jpg 1536w\" sizes=\"(max-width: 1600px) 100vw, 1600px\" \/><\/p>\n<p>O Crici\u00fama virou a chave ap\u00f3s conquistar o Campeonato Catarinense e agora est\u00e1 focado na estreia no Campeonato Brasileiro da S\u00e9rie A. O elenco do Tigre realizou um treinamento t\u00e9cnico e t\u00e1tico na tarde desta quarta-feira (10) no Centro de Treinamento Antenor Angeloni.<\/p>\n<p>Os carvoeiros enfrentar\u00e3o o Juventude na primeira rodada da competi\u00e7\u00e3o nacional. O confronto ser\u00e1 disputado no s\u00e1bado (13), \u00e0s 18h30, no Est\u00e1dio Heriberto H\u00fclse. O treinamento come\u00e7ou com um trabalho t\u00e9cnico focado em passes. Em seguida, o t\u00e9cnico Tencati comandou uma atividade t\u00e1tica de posicionamento, visando o confronto de estreia no Brasileir\u00e3o.<\/p>\n<p>O elenco ter\u00e1 outro treinamento na tarde desta quinta-feira (11).<\/p>\n","protected":false},"excerpt":{"rendered":"<p>O Crici\u00fama virou a chave ap\u00f3s conquistar o Campeonato Catarinense e agora est\u00e1 focado na estreia no Campeonato Brasileiro da S\u00e9rie A. O elenco do Tigre realizou um treinamento t\u00e9cnico e t\u00e1tico na tarde desta quarta-feira (10) no Centro de Treinamento Antenor Angeloni. Os carvoeiros enfrentar\u00e3o o Juventude na primeira rodada da competi\u00e7\u00e3o nacional. O &hellip;<\/p>\n<p class=\"read-more\"> <a class=\"\" href=\"https:\/\/sulsc.com\/index.php\/2024\/04\/11\/tigre-intensifica-treinos-antes-da-estreia-do-brasileirao-neste-sabado-13\/\"> <span class=\"screen-reader-text\">Tigre intensifica treinos antes da estreia do Brasileir\u00e3o, neste s\u00e1bado (13)<\/span> Read More &raquo;<\/a><\/p>\n","protected":false},"author":3,"featured_media":11028,"comment_status":"open","ping_status":"open","sticky":false,"template":"","format":"standard","meta":{"site-sidebar-layout":"default","site-content-layout":"","ast-site-content-layout":"default","site-content-style":"default","site-sidebar-style":"default","ast-global-header-display":"","ast-banner-title-visibility":"","ast-main-header-display":"","ast-hfb-above-header-display":"","ast-hfb-below-header-display":"","ast-hfb-mobile-header-display":"","site-post-title":"","ast-breadcrumbs-content":"","ast-featured-img":"","footer-sml-layout":"","theme-transparent-header-meta":"default","adv-header-id-meta":"","stick-header-meta":"","header-above-stick-meta":"","header-main-stick-meta":"","header-below-stick-meta":"","astra-migrate-meta-layouts":"set","footnotes":""},"categories":[1],"tags":[],"yoast_head":"<!-- This site is optimized with the Yoast SEO plugin v21.4 - https:\/\/yoast.com\/wordpress\/plugins\/seo\/ -->\n<title>Tigre intensifica treinos antes da estreia do Brasileir\u00e3o, neste s\u00e1bado (13) -<\/title>\n<meta name=\"robots\" content=\"index, follow, max-snippet:-1, max-image-preview:large, max-video-preview:-1\" \/>\n<link rel=\"canonical\" href=\"https:\/\/sulsc.com\/index.php\/2024\/04\/11\/tigre-intensifica-treinos-antes-da-estreia-do-brasileirao-neste-sabado-13\/\" \/>\n<meta property=\"og:locale\" content=\"en_US\" \/>\n<meta property=\"og:type\" content=\"article\" \/>\n<meta property=\"og:title\" content=\"Tigre intensifica treinos antes da estreia do Brasileir\u00e3o, neste s\u00e1bado (13) -\" \/>\n<meta property=\"og:description\" content=\"O Crici\u00fama virou a chave ap\u00f3s conquistar o Campeonato Catarinense e agora est\u00e1 focado na estreia no Campeonato Brasileiro da S\u00e9rie A. O elenco do Tigre realizou um treinamento t\u00e9cnico e t\u00e1tico na tarde desta quarta-feira (10) no Centro de Treinamento Antenor Angeloni. Os carvoeiros enfrentar\u00e3o o Juventude na primeira rodada da competi\u00e7\u00e3o nacional. O &hellip; Tigre intensifica treinos antes da estreia do Brasileir\u00e3o, neste s\u00e1bado (13) Read More &raquo;\" \/>\n<meta property=\"og:url\" content=\"https:\/\/sulsc.com\/index.php\/2024\/04\/11\/tigre-intensifica-treinos-antes-da-estreia-do-brasileirao-neste-sabado-13\/\" \/>\n<meta property=\"article:author\" content=\"https:\/\/www.facebook.com\/profile.php?id=61559278119680\" \/>\n<meta property=\"article:published_time\" content=\"2024-04-11T12:04:13+00:00\" \/>\n<meta property=\"og:image\" content=\"http:\/\/sulsc.com\/wp-content\/uploads\/2024\/04\/a.jpg\" \/>\n\t<meta property=\"og:image:width\" content=\"1600\" \/>\n\t<meta property=\"og:image:height\" content=\"1067\" \/>\n\t<meta property=\"og:image:type\" content=\"image\/jpeg\" \/>\n<meta name=\"author\" content=\"Reda\u00e7\u00e3o Sul SC\" \/>\n<meta name=\"twitter:card\" content=\"summary_large_image\" \/>\n<meta name=\"twitter:creator\" content=\"@https:\/\/twitter.com\/PortalSulSC\" \/>\n<meta name=\"twitter:label1\" content=\"Written by\" \/>\n\t<meta name=\"twitter:data1\" content=\"Reda\u00e7\u00e3o Sul SC\" \/>\n\t<meta name=\"twitter:label2\" content=\"Est. reading time\" \/>\n\t<meta name=\"twitter:data2\" content=\"1 minute\" \/>\n<script type=\"application\/ld+json\" class=\"yoast-schema-graph\">{\"@context\":\"https:\/\/schema.org\",\"@graph\":[{\"@type\":\"WebPage\",\"@id\":\"https:\/\/sulsc.com\/index.php\/2024\/04\/11\/tigre-intensifica-treinos-antes-da-estreia-do-brasileirao-neste-sabado-13\/\",\"url\":\"https:\/\/sulsc.com\/index.php\/2024\/04\/11\/tigre-intensifica-treinos-antes-da-estreia-do-brasileirao-neste-sabado-13\/\",\"name\":\"Tigre intensifica treinos antes da estreia do Brasileir\u00e3o, neste s\u00e1bado (13) -\",\"isPartOf\":{\"@id\":\"https:\/\/sulsc.com\/#website\"},\"datePublished\":\"2024-04-11T12:04:13+00:00\",\"dateModified\":\"2024-04-11T12:04:13+00:00\",\"author\":{\"@id\":\"https:\/\/sulsc.com\/#\/schema\/person\/84d2fc571684f6248ba83092f07750a3\"},\"breadcrumb\":{\"@id\":\"https:\/\/sulsc.com\/index.php\/2024\/04\/11\/tigre-intensifica-treinos-antes-da-estreia-do-brasileirao-neste-sabado-13\/#breadcrumb\"},\"inLanguage\":\"en-US\",\"potentialAction\":[{\"@type\":\"ReadAction\",\"target\":[\"https:\/\/sulsc.com\/index.php\/2024\/04\/11\/tigre-intensifica-treinos-antes-da-estreia-do-brasileirao-neste-sabado-13\/\"]}]},{\"@type\":\"BreadcrumbList\",\"@id\":\"https:\/\/sulsc.com\/index.php\/2024\/04\/11\/tigre-intensifica-treinos-antes-da-estreia-do-brasileirao-neste-sabado-13\/#breadcrumb\",\"itemListElement\":[{\"@type\":\"ListItem\",\"position\":1,\"name\":\"In\u00edcio\",\"item\":\"https:\/\/sulsc.com\/\"},{\"@type\":\"ListItem\",\"position\":2,\"name\":\"Tigre intensifica treinos antes da estreia do Brasileir\u00e3o, neste s\u00e1bado (13)\"}]},{\"@type\":\"WebSite\",\"@id\":\"https:\/\/sulsc.com\/#website\",\"url\":\"https:\/\/sulsc.com\/\",\"name\":\"\",\"description\":\"\",\"potentialAction\":[{\"@type\":\"SearchAction\",\"target\":{\"@type\":\"EntryPoint\",\"urlTemplate\":\"https:\/\/sulsc.com\/?s={search_term_string}\"},\"query-input\":\"required name=search_term_string\"}],\"inLanguage\":\"en-US\"},{\"@type\":\"Person\",\"@id\":\"https:\/\/sulsc.com\/#\/schema\/person\/84d2fc571684f6248ba83092f07750a3\",\"name\":\"Reda\u00e7\u00e3o Sul SC\",\"image\":{\"@type\":\"ImageObject\",\"inLanguage\":\"en-US\",\"@id\":\"https:\/\/sulsc.com\/#\/schema\/person\/image\/e08d7fe2cc4ed596372063bbe852b8d0\",\"url\":\"https:\/\/sulsc.com\/wp-content\/uploads\/2023\/09\/redacao.png\",\"contentUrl\":\"https:\/\/sulsc.com\/wp-content\/uploads\/2023\/09\/redacao.png\",\"caption\":\"Reda\u00e7\u00e3o Sul SC\"},\"description\":\"Foco em um jornalismo imparcial, voltado \u00e0 qualidade dos seus conte\u00fados e, assim, levar informa\u00e7\u00e3o de valor que agregue \u00e0 vida dos leitores. Esta \u00e9 grande miss\u00e3o do Portal de Not\u00edcias Sul SC. N\u00e3o \u00e9 quantidade que muda o mundo, sempre foi e seguir\u00e1 sendo qualidade!\",\"sameAs\":[\"https:\/\/sulsc.com\/\",\"https:\/\/www.facebook.com\/profile.php?id=61559278119680\",\"https:\/\/www.instagram.com\/sulscportal\/?hl=pt-br\",\"https:\/\/twitter.com\/https:\/\/twitter.com\/PortalSulSC\",\"https:\/\/www.youtube.com\/channel\/UCv_BE8GeySluDov2n8qhVmw\"],\"url\":\"https:\/\/sulsc.com\/index.php\/author\/redacao\/\"}]}<\/script>\n<!-- \/ Yoast SEO plugin. -->","yoast_head_json":{"title":"Tigre intensifica treinos antes da estreia do Brasileir\u00e3o, neste s\u00e1bado (13) -","robots":{"index":"index","follow":"follow","max-snippet":"max-snippet:-1","max-image-preview":"max-image-preview:large","max-video-preview":"max-video-preview:-1"},"canonical":"https:\/\/sulsc.com\/index.php\/2024\/04\/11\/tigre-intensifica-treinos-antes-da-estreia-do-brasileirao-neste-sabado-13\/","og_locale":"en_US","og_type":"article","og_title":"Tigre intensifica treinos antes da estreia do Brasileir\u00e3o, neste s\u00e1bado (13) -","og_description":"O Crici\u00fama virou a chave ap\u00f3s conquistar o Campeonato Catarinense e agora est\u00e1 focado na estreia no Campeonato Brasileiro da S\u00e9rie A. O elenco do Tigre realizou um treinamento t\u00e9cnico e t\u00e1tico na tarde desta quarta-feira (10) no Centro de Treinamento Antenor Angeloni. Os carvoeiros enfrentar\u00e3o o Juventude na primeira rodada da competi\u00e7\u00e3o nacional. O &hellip; Tigre intensifica treinos antes da estreia do Brasileir\u00e3o, neste s\u00e1bado (13) Read More &raquo;","og_url":"https:\/\/sulsc.com\/index.php\/2024\/04\/11\/tigre-intensifica-treinos-antes-da-estreia-do-brasileirao-neste-sabado-13\/","article_author":"https:\/\/www.facebook.com\/profile.php?id=61559278119680","article_published_time":"2024-04-11T12:04:13+00:00","og_image":[{"width":1600,"height":1067,"url":"http:\/\/sulsc.com\/wp-content\/uploads\/2024\/04\/a.jpg","type":"image\/jpeg"}],"author":"Reda\u00e7\u00e3o Sul SC","twitter_card":"summary_large_image","twitter_creator":"@https:\/\/twitter.com\/PortalSulSC","twitter_misc":{"Written by":"Reda\u00e7\u00e3o Sul SC","Est. reading time":"1 minute"},"schema":{"@context":"https:\/\/schema.org","@graph":[{"@type":"WebPage","@id":"https:\/\/sulsc.com\/index.php\/2024\/04\/11\/tigre-intensifica-treinos-antes-da-estreia-do-brasileirao-neste-sabado-13\/","url":"https:\/\/sulsc.com\/index.php\/2024\/04\/11\/tigre-intensifica-treinos-antes-da-estreia-do-brasileirao-neste-sabado-13\/","name":"Tigre intensifica treinos antes da estreia do Brasileir\u00e3o, neste s\u00e1bado (13) -","isPartOf":{"@id":"https:\/\/sulsc.com\/#website"},"datePublished":"2024-04-11T12:04:13+00:00","dateModified":"2024-04-11T12:04:13+00:00","author":{"@id":"https:\/\/sulsc.com\/#\/schema\/person\/84d2fc571684f6248ba83092f07750a3"},"breadcrumb":{"@id":"https:\/\/sulsc.com\/index.php\/2024\/04\/11\/tigre-intensifica-treinos-antes-da-estreia-do-brasileirao-neste-sabado-13\/#breadcrumb"},"inLanguage":"en-US","potentialAction":[{"@type":"ReadAction","target":["https:\/\/sulsc.com\/index.php\/2024\/04\/11\/tigre-intensifica-treinos-antes-da-estreia-do-brasileirao-neste-sabado-13\/"]}]},{"@type":"BreadcrumbList","@id":"https:\/\/sulsc.com\/index.php\/2024\/04\/11\/tigre-intensifica-treinos-antes-da-estreia-do-brasileirao-neste-sabado-13\/#breadcrumb","itemListElement":[{"@type":"ListItem","position":1,"name":"In\u00edcio","item":"https:\/\/sulsc.com\/"},{"@type":"ListItem","position":2,"name":"Tigre intensifica treinos antes da estreia do Brasileir\u00e3o, neste s\u00e1bado (13)"}]},{"@type":"WebSite","@id":"https:\/\/sulsc.com\/#website","url":"https:\/\/sulsc.com\/","name":"","description":"","potentialAction":[{"@type":"SearchAction","target":{"@type":"EntryPoint","urlTemplate":"https:\/\/sulsc.com\/?s={search_term_string}"},"query-input":"required name=search_term_string"}],"inLanguage":"en-US"},{"@type":"Person","@id":"https:\/\/sulsc.com\/#\/schema\/person\/84d2fc571684f6248ba83092f07750a3","name":"Reda\u00e7\u00e3o Sul SC","image":{"@type":"ImageObject","inLanguage":"en-US","@id":"https:\/\/sulsc.com\/#\/schema\/person\/image\/e08d7fe2cc4ed596372063bbe852b8d0","url":"https:\/\/sulsc.com\/wp-content\/uploads\/2023\/09\/redacao.png","contentUrl":"https:\/\/sulsc.com\/wp-content\/uploads\/2023\/09\/redacao.png","caption":"Reda\u00e7\u00e3o Sul SC"},"description":"Foco em um jornalismo imparcial, voltado \u00e0 qualidade dos seus conte\u00fados e, assim, levar informa\u00e7\u00e3o de valor que agregue \u00e0 vida dos leitores. Esta \u00e9 grande miss\u00e3o do Portal de Not\u00edcias Sul SC. N\u00e3o \u00e9 quantidade que muda o mundo, sempre foi e seguir\u00e1 sendo qualidade!","sameAs":["https:\/\/sulsc.com\/","https:\/\/www.facebook.com\/profile.php?id=61559278119680","https:\/\/www.instagram.com\/sulscportal\/?hl=pt-br","https:\/\/twitter.com\/https:\/\/twitter.com\/PortalSulSC","https:\/\/www.youtube.com\/channel\/UCv_BE8GeySluDov2n8qhVmw"],"url":"https:\/\/sulsc.com\/index.php\/author\/redacao\/"}]}},"authors":[],"_links":{"self":[{"href":"https:\/\/sulsc.com\/index.php\/wp-json\/wp\/v2\/posts\/11027"}],"collection":[{"href":"https:\/\/sulsc.com\/index.php\/wp-json\/wp\/v2\/posts"}],"about":[{"href":"https:\/\/sulsc.com\/index.php\/wp-json\/wp\/v2\/types\/post"}],"author":[{"embeddable":true,"href":"https:\/\/sulsc.com\/index.php\/wp-json\/wp\/v2\/users\/3"}],"replies":[{"embeddable":true,"href":"https:\/\/sulsc.com\/index.php\/wp-json\/wp\/v2\/comments?post=11027"}],"version-history":[{"count":1,"href":"https:\/\/sulsc.com\/index.php\/wp-json\/wp\/v2\/posts\/11027\/revisions"}],"predecessor-version":[{"id":11029,"href":"https:\/\/sulsc.com\/index.php\/wp-json\/wp\/v2\/posts\/11027\/revisions\/11029"}],"wp:featuredmedia":[{"embeddable":true,"href":"https:\/\/sulsc.com\/index.php\/wp-json\/wp\/v2\/media\/11028"}],"wp:attachment":[{"href":"https:\/\/sulsc.com\/index.php\/wp-json\/wp\/v2\/media?parent=11027"}],"wp:term":[{"taxonomy":"category","embeddable":true,"href":"https:\/\/sulsc.com\/index.php\/wp-json\/wp\/v2\/categories?post=11027"},{"taxonomy":"post_tag","embeddable":true,"href":"https:\/\/sulsc.com\/index.php\/wp-json\/wp\/v2\/tags?post=11027"}],"curies":[{"name":"wp","href":"https:\/\/api.w.org\/{rel}","templated":true}]}}