{"id":1105,"date":"2023-09-14T15:03:19","date_gmt":"2023-09-14T18:03:19","guid":{"rendered":"https:\/\/sulsc.com\/?p=1105"},"modified":"2023-09-14T15:03:19","modified_gmt":"2023-09-14T18:03:19","slug":"programa-de-apadrinhamento-sera-apresentado-nesta-sexta-feira-15-em-laguna","status":"publish","type":"post","link":"https:\/\/sulsc.com\/index.php\/2023\/09\/14\/programa-de-apadrinhamento-sera-apresentado-nesta-sexta-feira-15-em-laguna\/","title":{"rendered":"Programa de Apadrinhamento ser\u00e1 apresentado nesta sexta-feira (15), em Laguna"},"content":{"rendered":"<article id=\"post-62135\" class=\"post-62135 post type-post status-publish format-standard has-post-thumbnail hentry category-noticias\">\n<div class=\"article-content clearfix\">\n<div class=\"entry-content clearfix\">\n<p>O Programa de Apadrinhamento de Crian\u00e7as e Adolescentes em Servi\u00e7o de Acolhimento Institucional ser\u00e1 apresentado pela prefeitura de Laguna nesta sexta-feira (15), no audit\u00f3rio, das 13h \u00e0s 18h. O Programa \u00e9 iniciativa do munic\u00edpio, atrav\u00e9s do Servi\u00e7o de Acolhimento \u2013 Abrigo Institucional da Secretaria Municipal de Assist\u00eancia Social e Habita\u00e7\u00e3o em parceria com Minist\u00e9rio P\u00fablico (MP) e a Vara da Inf\u00e2ncia e Juventude.<\/p>\n<p>Aprovado na C\u00e2mara Municipal, a lei que estabelece o Programa de Apadrinhamento de Crian\u00e7as e Adolescentes em Servi\u00e7os de Acolhimento do Abrigo Institucional, da Secretaria de Assist\u00eancia Social, tem como objetivo proporcionar \u00e0s crian\u00e7as e adolescentes acolhidas, v\u00ednculos externos \u00e0 institui\u00e7\u00e3o para fins de conviv\u00eancia familiar e comunit\u00e1ria e colabora\u00e7\u00e3o com o seu desenvolvimento nos aspectos social, moral, f\u00edsico, cognitivo, educacional e\/ou financeiro.<\/p>\n<p>O Programa de Apadrinhamento \u00e9 organizado pela coordena\u00e7\u00e3o e equipe t\u00e9cnica do respectivo Servi\u00e7os de Acolhimento do Abrigo Institucional Ana Antonina Ant\u00f4nio, da Secretaria de Assist\u00eancia Social do Munic\u00edpio, tendo apoio do Poder Judici\u00e1rio e Minist\u00e9rio P\u00fablico.<\/p>\n<p><img fetchpriority=\"high\" decoding=\"async\" class=\"alignnone size-medium wp-image-1107\" src=\"http:\/\/sulsc.com\/wp-content\/uploads\/2023\/09\/familia-acolhedora-300x200.jpg\" alt=\"\" width=\"300\" height=\"200\" srcset=\"https:\/\/sulsc.com\/wp-content\/uploads\/2023\/09\/familia-acolhedora-300x200.jpg 300w, https:\/\/sulsc.com\/wp-content\/uploads\/2023\/09\/familia-acolhedora.jpg 626w\" sizes=\"(max-width: 300px) 100vw, 300px\" \/><\/p>\n<p><strong>Confira aqui mais detalhes:<\/strong><\/p>\n<p>ALVO &#8211;\u00a0Crian\u00e7as e adolescentes que encontram-se acolhidos no Abrigo Institucional de Laguna-SC, com remotas possibilidades de reintegra\u00e7\u00e3o familiar ou ado\u00e7\u00e3o, com previs\u00e3o de longa perman\u00eancia no Servi\u00e7o de Acolhimento.<\/p>\n<p>MODALIDADE DE APADRINHAMENTO &#8211;\u00a0O apadrinhamento levar\u00e1 em considera\u00e7\u00e3o a necessidade das crian\u00e7as e adolescentes acolhidas, assim como a disponibilidade dos padrinhos, sendo ofertado por meio de quaisquer das modalidades abaixo discriminadas:<\/p>\n<p>I \u2013 Apadrinhamento Afetivo: Pessoa f\u00edsica, respons\u00e1vel em proporcionar a essa(s) crian\u00e7a(s) e\/ou adolescente(s) a conviv\u00eancia comunit\u00e1ria, podendo buscar o afilhado na institui\u00e7\u00e3o de acolhimento para levar para passeios nos finais de semana, f\u00e9rias escolares, feriados e datas comemorativas, mediante Termo de Autoriza\u00e7\u00e3o;<\/p>\n<p>II \u2013 Apadrinhamento Provedor: Pessoa f\u00edsica ou jur\u00eddica que d\u00e1 suporte material ou financeiro \u00e0 crian\u00e7a e\/ou adolescente em acolhimento, seja com doa\u00e7\u00e3o de roupas, cal\u00e7ados, brinquedos, materiais escolares, materiais de limpeza e higiene, custeio de tratamentos de sa\u00fade, patroc\u00ednio de cursos profissionalizantes, pr\u00e1ticas esportivas, entre outros;<\/p>\n<p>III \u2013 Apadrinhamento Prestador de Servi\u00e7o: Pessoa f\u00edsica ou jur\u00eddica, previamente cadastrada, que se disp\u00f5e a prestar servi\u00e7o \u00e0s crian\u00e7as e adolescentes acolhidos, conforme sua especialidade profissional.<\/p>\n<p>ABRANG\u00caNCIA &#8211;\u00a0Munic\u00edpios de Laguna e Pescaria Brava.<\/p>\n<p>QUEM PODE APADRINHAR &#8211;\u00a0Pessoas F\u00edsicas e\/ou Jur\u00eddicas.\u00a0Pessoas inseridas no Cadastro Nacional de Ado\u00e7\u00e3o poder\u00e3o ser inseridos como padrinhos apenas nas modalidades de provedor ou prestador de servi\u00e7o.<\/p>\n<\/div>\n<\/div>\n<\/article>\n","protected":false},"excerpt":{"rendered":"<p>O Programa de Apadrinhamento de Crian\u00e7as e Adolescentes em Servi\u00e7o de Acolhimento Institucional ser\u00e1 apresentado pela prefeitura de Laguna nesta sexta-feira (15), no audit\u00f3rio, das 13h \u00e0s 18h. O Programa \u00e9 iniciativa do munic\u00edpio, atrav\u00e9s do Servi\u00e7o de Acolhimento \u2013 Abrigo Institucional da Secretaria Municipal de Assist\u00eancia Social e Habita\u00e7\u00e3o em parceria com Minist\u00e9rio P\u00fablico &hellip;<\/p>\n<p class=\"read-more\"> <a class=\"\" href=\"https:\/\/sulsc.com\/index.php\/2023\/09\/14\/programa-de-apadrinhamento-sera-apresentado-nesta-sexta-feira-15-em-laguna\/\"> <span class=\"screen-reader-text\">Programa de Apadrinhamento ser\u00e1 apresentado nesta sexta-feira (15), em Laguna<\/span> Read More &raquo;<\/a><\/p>\n","protected":false},"author":3,"featured_media":1106,"comment_status":"open","ping_status":"open","sticky":false,"template":"","format":"standard","meta":{"site-sidebar-layout":"default","site-content-layout":"default","ast-site-content-layout":"","site-content-style":"default","site-sidebar-style":"default","ast-global-header-display":"","ast-banner-title-visibility":"","ast-main-header-display":"","ast-hfb-above-header-display":"","ast-hfb-below-header-display":"","ast-hfb-mobile-header-display":"","site-post-title":"","ast-breadcrumbs-content":"","ast-featured-img":"","footer-sml-layout":"","theme-transparent-header-meta":"default","adv-header-id-meta":"","stick-header-meta":"","header-above-stick-meta":"","header-main-stick-meta":"","header-below-stick-meta":"","astra-migrate-meta-layouts":"","footnotes":""},"categories":[1,22],"tags":[],"yoast_head":"<!-- This site is optimized with the Yoast SEO plugin v21.4 - https:\/\/yoast.com\/wordpress\/plugins\/seo\/ -->\n<title>Programa de Apadrinhamento ser\u00e1 apresentado nesta sexta-feira (15), em Laguna -<\/title>\n<meta name=\"robots\" content=\"index, follow, max-snippet:-1, max-image-preview:large, max-video-preview:-1\" \/>\n<link rel=\"canonical\" href=\"https:\/\/sulsc.com\/index.php\/2023\/09\/14\/programa-de-apadrinhamento-sera-apresentado-nesta-sexta-feira-15-em-laguna\/\" \/>\n<meta property=\"og:locale\" content=\"en_US\" \/>\n<meta property=\"og:type\" content=\"article\" \/>\n<meta property=\"og:title\" content=\"Programa de Apadrinhamento ser\u00e1 apresentado nesta sexta-feira (15), em Laguna -\" \/>\n<meta property=\"og:description\" content=\"O Programa de Apadrinhamento de Crian\u00e7as e Adolescentes em Servi\u00e7o de Acolhimento Institucional ser\u00e1 apresentado pela prefeitura de Laguna nesta sexta-feira (15), no audit\u00f3rio, das 13h \u00e0s 18h. O Programa \u00e9 iniciativa do munic\u00edpio, atrav\u00e9s do Servi\u00e7o de Acolhimento \u2013 Abrigo Institucional da Secretaria Municipal de Assist\u00eancia Social e Habita\u00e7\u00e3o em parceria com Minist\u00e9rio P\u00fablico &hellip; Programa de Apadrinhamento ser\u00e1 apresentado nesta sexta-feira (15), em Laguna Read More &raquo;\" \/>\n<meta property=\"og:url\" content=\"https:\/\/sulsc.com\/index.php\/2023\/09\/14\/programa-de-apadrinhamento-sera-apresentado-nesta-sexta-feira-15-em-laguna\/\" \/>\n<meta property=\"article:author\" content=\"https:\/\/www.facebook.com\/profile.php?id=61559278119680\" \/>\n<meta property=\"article:published_time\" content=\"2023-09-14T18:03:19+00:00\" \/>\n<meta property=\"og:image\" content=\"https:\/\/sulsc.com\/wp-content\/uploads\/2023\/09\/Programa-Apadrinhamento-de-Criancas-e-Adolescentes-do-Abrigo-Institucional-programacao-15-set.jpeg\" \/>\n\t<meta property=\"og:image:width\" content=\"1000\" \/>\n\t<meta property=\"og:image:height\" content=\"1000\" \/>\n\t<meta property=\"og:image:type\" content=\"image\/jpeg\" \/>\n<meta name=\"author\" content=\"Reda\u00e7\u00e3o Sul SC\" \/>\n<meta name=\"twitter:card\" content=\"summary_large_image\" \/>\n<meta name=\"twitter:creator\" content=\"@https:\/\/twitter.com\/PortalSulSC\" \/>\n<meta name=\"twitter:label1\" content=\"Written by\" \/>\n\t<meta name=\"twitter:data1\" content=\"Reda\u00e7\u00e3o Sul SC\" \/>\n\t<meta name=\"twitter:label2\" content=\"Est. reading time\" \/>\n\t<meta name=\"twitter:data2\" content=\"2 minutes\" \/>\n<script type=\"application\/ld+json\" class=\"yoast-schema-graph\">{\"@context\":\"https:\/\/schema.org\",\"@graph\":[{\"@type\":\"WebPage\",\"@id\":\"https:\/\/sulsc.com\/index.php\/2023\/09\/14\/programa-de-apadrinhamento-sera-apresentado-nesta-sexta-feira-15-em-laguna\/\",\"url\":\"https:\/\/sulsc.com\/index.php\/2023\/09\/14\/programa-de-apadrinhamento-sera-apresentado-nesta-sexta-feira-15-em-laguna\/\",\"name\":\"Programa de Apadrinhamento ser\u00e1 apresentado nesta sexta-feira (15), em Laguna -\",\"isPartOf\":{\"@id\":\"https:\/\/sulsc.com\/#website\"},\"datePublished\":\"2023-09-14T18:03:19+00:00\",\"dateModified\":\"2023-09-14T18:03:19+00:00\",\"author\":{\"@id\":\"https:\/\/sulsc.com\/#\/schema\/person\/84d2fc571684f6248ba83092f07750a3\"},\"breadcrumb\":{\"@id\":\"https:\/\/sulsc.com\/index.php\/2023\/09\/14\/programa-de-apadrinhamento-sera-apresentado-nesta-sexta-feira-15-em-laguna\/#breadcrumb\"},\"inLanguage\":\"en-US\",\"potentialAction\":[{\"@type\":\"ReadAction\",\"target\":[\"https:\/\/sulsc.com\/index.php\/2023\/09\/14\/programa-de-apadrinhamento-sera-apresentado-nesta-sexta-feira-15-em-laguna\/\"]}]},{\"@type\":\"BreadcrumbList\",\"@id\":\"https:\/\/sulsc.com\/index.php\/2023\/09\/14\/programa-de-apadrinhamento-sera-apresentado-nesta-sexta-feira-15-em-laguna\/#breadcrumb\",\"itemListElement\":[{\"@type\":\"ListItem\",\"position\":1,\"name\":\"In\u00edcio\",\"item\":\"https:\/\/sulsc.com\/\"},{\"@type\":\"ListItem\",\"position\":2,\"name\":\"Programa de Apadrinhamento ser\u00e1 apresentado nesta sexta-feira (15), em Laguna\"}]},{\"@type\":\"WebSite\",\"@id\":\"https:\/\/sulsc.com\/#website\",\"url\":\"https:\/\/sulsc.com\/\",\"name\":\"\",\"description\":\"\",\"potentialAction\":[{\"@type\":\"SearchAction\",\"target\":{\"@type\":\"EntryPoint\",\"urlTemplate\":\"https:\/\/sulsc.com\/?s={search_term_string}\"},\"query-input\":\"required name=search_term_string\"}],\"inLanguage\":\"en-US\"},{\"@type\":\"Person\",\"@id\":\"https:\/\/sulsc.com\/#\/schema\/person\/84d2fc571684f6248ba83092f07750a3\",\"name\":\"Reda\u00e7\u00e3o Sul SC\",\"image\":{\"@type\":\"ImageObject\",\"inLanguage\":\"en-US\",\"@id\":\"https:\/\/sulsc.com\/#\/schema\/person\/image\/e08d7fe2cc4ed596372063bbe852b8d0\",\"url\":\"https:\/\/sulsc.com\/wp-content\/uploads\/2023\/09\/redacao.png\",\"contentUrl\":\"https:\/\/sulsc.com\/wp-content\/uploads\/2023\/09\/redacao.png\",\"caption\":\"Reda\u00e7\u00e3o Sul SC\"},\"description\":\"Foco em um jornalismo imparcial, voltado \u00e0 qualidade dos seus conte\u00fados e, assim, levar informa\u00e7\u00e3o de valor que agregue \u00e0 vida dos leitores. Esta \u00e9 grande miss\u00e3o do Portal de Not\u00edcias Sul SC. N\u00e3o \u00e9 quantidade que muda o mundo, sempre foi e seguir\u00e1 sendo qualidade!\",\"sameAs\":[\"https:\/\/sulsc.com\/\",\"https:\/\/www.facebook.com\/profile.php?id=61559278119680\",\"https:\/\/www.instagram.com\/sulscportal\/?hl=pt-br\",\"https:\/\/twitter.com\/https:\/\/twitter.com\/PortalSulSC\",\"https:\/\/www.youtube.com\/channel\/UCv_BE8GeySluDov2n8qhVmw\"],\"url\":\"https:\/\/sulsc.com\/index.php\/author\/redacao\/\"}]}<\/script>\n<!-- \/ Yoast SEO plugin. -->","yoast_head_json":{"title":"Programa de Apadrinhamento ser\u00e1 apresentado nesta sexta-feira (15), em Laguna -","robots":{"index":"index","follow":"follow","max-snippet":"max-snippet:-1","max-image-preview":"max-image-preview:large","max-video-preview":"max-video-preview:-1"},"canonical":"https:\/\/sulsc.com\/index.php\/2023\/09\/14\/programa-de-apadrinhamento-sera-apresentado-nesta-sexta-feira-15-em-laguna\/","og_locale":"en_US","og_type":"article","og_title":"Programa de Apadrinhamento ser\u00e1 apresentado nesta sexta-feira (15), em Laguna -","og_description":"O Programa de Apadrinhamento de Crian\u00e7as e Adolescentes em Servi\u00e7o de Acolhimento Institucional ser\u00e1 apresentado pela prefeitura de Laguna nesta sexta-feira (15), no audit\u00f3rio, das 13h \u00e0s 18h. O Programa \u00e9 iniciativa do munic\u00edpio, atrav\u00e9s do Servi\u00e7o de Acolhimento \u2013 Abrigo Institucional da Secretaria Municipal de Assist\u00eancia Social e Habita\u00e7\u00e3o em parceria com Minist\u00e9rio P\u00fablico &hellip; Programa de Apadrinhamento ser\u00e1 apresentado nesta sexta-feira (15), em Laguna Read More &raquo;","og_url":"https:\/\/sulsc.com\/index.php\/2023\/09\/14\/programa-de-apadrinhamento-sera-apresentado-nesta-sexta-feira-15-em-laguna\/","article_author":"https:\/\/www.facebook.com\/profile.php?id=61559278119680","article_published_time":"2023-09-14T18:03:19+00:00","og_image":[{"width":1000,"height":1000,"url":"https:\/\/sulsc.com\/wp-content\/uploads\/2023\/09\/Programa-Apadrinhamento-de-Criancas-e-Adolescentes-do-Abrigo-Institucional-programacao-15-set.jpeg","type":"image\/jpeg"}],"author":"Reda\u00e7\u00e3o Sul SC","twitter_card":"summary_large_image","twitter_creator":"@https:\/\/twitter.com\/PortalSulSC","twitter_misc":{"Written by":"Reda\u00e7\u00e3o Sul SC","Est. reading time":"2 minutes"},"schema":{"@context":"https:\/\/schema.org","@graph":[{"@type":"WebPage","@id":"https:\/\/sulsc.com\/index.php\/2023\/09\/14\/programa-de-apadrinhamento-sera-apresentado-nesta-sexta-feira-15-em-laguna\/","url":"https:\/\/sulsc.com\/index.php\/2023\/09\/14\/programa-de-apadrinhamento-sera-apresentado-nesta-sexta-feira-15-em-laguna\/","name":"Programa de Apadrinhamento ser\u00e1 apresentado nesta sexta-feira (15), em Laguna -","isPartOf":{"@id":"https:\/\/sulsc.com\/#website"},"datePublished":"2023-09-14T18:03:19+00:00","dateModified":"2023-09-14T18:03:19+00:00","author":{"@id":"https:\/\/sulsc.com\/#\/schema\/person\/84d2fc571684f6248ba83092f07750a3"},"breadcrumb":{"@id":"https:\/\/sulsc.com\/index.php\/2023\/09\/14\/programa-de-apadrinhamento-sera-apresentado-nesta-sexta-feira-15-em-laguna\/#breadcrumb"},"inLanguage":"en-US","potentialAction":[{"@type":"ReadAction","target":["https:\/\/sulsc.com\/index.php\/2023\/09\/14\/programa-de-apadrinhamento-sera-apresentado-nesta-sexta-feira-15-em-laguna\/"]}]},{"@type":"BreadcrumbList","@id":"https:\/\/sulsc.com\/index.php\/2023\/09\/14\/programa-de-apadrinhamento-sera-apresentado-nesta-sexta-feira-15-em-laguna\/#breadcrumb","itemListElement":[{"@type":"ListItem","position":1,"name":"In\u00edcio","item":"https:\/\/sulsc.com\/"},{"@type":"ListItem","position":2,"name":"Programa de Apadrinhamento ser\u00e1 apresentado nesta sexta-feira (15), em Laguna"}]},{"@type":"WebSite","@id":"https:\/\/sulsc.com\/#website","url":"https:\/\/sulsc.com\/","name":"","description":"","potentialAction":[{"@type":"SearchAction","target":{"@type":"EntryPoint","urlTemplate":"https:\/\/sulsc.com\/?s={search_term_string}"},"query-input":"required name=search_term_string"}],"inLanguage":"en-US"},{"@type":"Person","@id":"https:\/\/sulsc.com\/#\/schema\/person\/84d2fc571684f6248ba83092f07750a3","name":"Reda\u00e7\u00e3o Sul SC","image":{"@type":"ImageObject","inLanguage":"en-US","@id":"https:\/\/sulsc.com\/#\/schema\/person\/image\/e08d7fe2cc4ed596372063bbe852b8d0","url":"https:\/\/sulsc.com\/wp-content\/uploads\/2023\/09\/redacao.png","contentUrl":"https:\/\/sulsc.com\/wp-content\/uploads\/2023\/09\/redacao.png","caption":"Reda\u00e7\u00e3o Sul SC"},"description":"Foco em um jornalismo imparcial, voltado \u00e0 qualidade dos seus conte\u00fados e, assim, levar informa\u00e7\u00e3o de valor que agregue \u00e0 vida dos leitores. Esta \u00e9 grande miss\u00e3o do Portal de Not\u00edcias Sul SC. N\u00e3o \u00e9 quantidade que muda o mundo, sempre foi e seguir\u00e1 sendo qualidade!","sameAs":["https:\/\/sulsc.com\/","https:\/\/www.facebook.com\/profile.php?id=61559278119680","https:\/\/www.instagram.com\/sulscportal\/?hl=pt-br","https:\/\/twitter.com\/https:\/\/twitter.com\/PortalSulSC","https:\/\/www.youtube.com\/channel\/UCv_BE8GeySluDov2n8qhVmw"],"url":"https:\/\/sulsc.com\/index.php\/author\/redacao\/"}]}},"authors":[],"_links":{"self":[{"href":"https:\/\/sulsc.com\/index.php\/wp-json\/wp\/v2\/posts\/1105"}],"collection":[{"href":"https:\/\/sulsc.com\/index.php\/wp-json\/wp\/v2\/posts"}],"about":[{"href":"https:\/\/sulsc.com\/index.php\/wp-json\/wp\/v2\/types\/post"}],"author":[{"embeddable":true,"href":"https:\/\/sulsc.com\/index.php\/wp-json\/wp\/v2\/users\/3"}],"replies":[{"embeddable":true,"href":"https:\/\/sulsc.com\/index.php\/wp-json\/wp\/v2\/comments?post=1105"}],"version-history":[{"count":1,"href":"https:\/\/sulsc.com\/index.php\/wp-json\/wp\/v2\/posts\/1105\/revisions"}],"predecessor-version":[{"id":1108,"href":"https:\/\/sulsc.com\/index.php\/wp-json\/wp\/v2\/posts\/1105\/revisions\/1108"}],"wp:featuredmedia":[{"embeddable":true,"href":"https:\/\/sulsc.com\/index.php\/wp-json\/wp\/v2\/media\/1106"}],"wp:attachment":[{"href":"https:\/\/sulsc.com\/index.php\/wp-json\/wp\/v2\/media?parent=1105"}],"wp:term":[{"taxonomy":"category","embeddable":true,"href":"https:\/\/sulsc.com\/index.php\/wp-json\/wp\/v2\/categories?post=1105"},{"taxonomy":"post_tag","embeddable":true,"href":"https:\/\/sulsc.com\/index.php\/wp-json\/wp\/v2\/tags?post=1105"}],"curies":[{"name":"wp","href":"https:\/\/api.w.org\/{rel}","templated":true}]}}