{"id":1120,"date":"2023-09-14T17:40:43","date_gmt":"2023-09-14T20:40:43","guid":{"rendered":"https:\/\/sulsc.com\/?p=1120"},"modified":"2023-09-14T17:15:37","modified_gmt":"2023-09-14T20:15:37","slug":"padrasto-e-preso-suspeito-de-abusar-da-enteada-de-8-anos-em-criciuma","status":"publish","type":"post","link":"https:\/\/sulsc.com\/index.php\/2023\/09\/14\/padrasto-e-preso-suspeito-de-abusar-da-enteada-de-8-anos-em-criciuma\/","title":{"rendered":"Padrasto \u00e9 preso suspeito de abusar da enteada de 8 anos, em Crici\u00fama"},"content":{"rendered":"<p>Uma crian\u00e7a de oito anos relatou \u00e0 Pol\u00edcia Militar (PM) na noite de quarta-feira (13), que foi v\u00edtima de abuso sexual por parte de seu padrasto no munic\u00edpio de Crici\u00fama. Ap\u00f3s a den\u00fancia, a v\u00edtima foi encaminhada ao Hospital Materno-Infantil Santa Catarina (HMISC).\u00a0 onde os profissionais de sa\u00fade identificaram evid\u00eancias de abuso sexual e imediatamente acionaram a pol\u00edcia.<\/p>\n<p>De acordo com informa\u00e7\u00f5es da PM, a equipe m\u00e9dica do hospital constatou que a crian\u00e7a apresentou desconforto ao urinar. Ela relatou tamb\u00e9m ter sido v\u00edtima de abuso sexual por parte de seu padrasto por algum tempo. A menina foi levada ao hospital pela m\u00e3e, acompanhada pelo padrasto.<\/p>\n<p>A crian\u00e7a relatou aos policiais que era abusada pelo padrasto quando ia brincar em uma casinha, uma situa\u00e7\u00e3o que vinha ocorrendo desde o ano anterior. Ela afirmou ter revelado o crime \u00e0 av\u00f3 e \u00e0 m\u00e3e na \u00faltima quarta-feira.<\/p>\n<p>A m\u00e3e da crian\u00e7a relatou que, ao tomar conhecimento dos abusos relatados pela filha, confrontou o marido e imediatamente levou a menina ao hospital. Ela tamb\u00e9m nunca afirmou ter suspeitado do comportamento do esposo.<\/p>\n<p>Quando a equipe procurou localizar o homem no hospital, descobriu que ele havia deixado a unidade, mas ap\u00f3s buscas na \u00e1rea, o suspeito foi encontrado em via p\u00fablica. Ele negou ter cometido um crime e disse que a crian\u00e7a tinha problemas psicol\u00f3gicos. O padrasto foi preso e prorrogado pela Delegacia de Pol\u00edcia Civil.<\/p>\n<p>&nbsp;<\/p>\n<p>Fonte: O Munic\u00edpio<\/p>\n","protected":false},"excerpt":{"rendered":"<p>Uma crian\u00e7a de oito anos relatou \u00e0 Pol\u00edcia Militar (PM) na noite de quarta-feira (13), que foi v\u00edtima de abuso sexual por parte de seu padrasto no munic\u00edpio de Crici\u00fama. Ap\u00f3s a den\u00fancia, a v\u00edtima foi encaminhada ao Hospital Materno-Infantil Santa Catarina (HMISC).\u00a0 onde os profissionais de sa\u00fade identificaram evid\u00eancias de abuso sexual e imediatamente &hellip;<\/p>\n<p class=\"read-more\"> <a class=\"\" href=\"https:\/\/sulsc.com\/index.php\/2023\/09\/14\/padrasto-e-preso-suspeito-de-abusar-da-enteada-de-8-anos-em-criciuma\/\"> <span class=\"screen-reader-text\">Padrasto \u00e9 preso suspeito de abusar da enteada de 8 anos, em Crici\u00fama<\/span> Read More &raquo;<\/a><\/p>\n","protected":false},"author":3,"featured_media":1121,"comment_status":"open","ping_status":"open","sticky":false,"template":"","format":"standard","meta":{"site-sidebar-layout":"default","site-content-layout":"default","ast-site-content-layout":"","site-content-style":"default","site-sidebar-style":"default","ast-global-header-display":"","ast-banner-title-visibility":"","ast-main-header-display":"","ast-hfb-above-header-display":"","ast-hfb-below-header-display":"","ast-hfb-mobile-header-display":"","site-post-title":"","ast-breadcrumbs-content":"","ast-featured-img":"","footer-sml-layout":"","theme-transparent-header-meta":"default","adv-header-id-meta":"","stick-header-meta":"","header-above-stick-meta":"","header-main-stick-meta":"","header-below-stick-meta":"","astra-migrate-meta-layouts":"","footnotes":""},"categories":[23,8],"tags":[],"yoast_head":"<!-- This site is optimized with the Yoast SEO plugin v21.4 - https:\/\/yoast.com\/wordpress\/plugins\/seo\/ -->\n<title>Padrasto \u00e9 preso suspeito de abusar da enteada de 8 anos, em Crici\u00fama -<\/title>\n<meta name=\"robots\" content=\"index, follow, max-snippet:-1, max-image-preview:large, max-video-preview:-1\" \/>\n<link rel=\"canonical\" href=\"https:\/\/sulsc.com\/index.php\/2023\/09\/14\/padrasto-e-preso-suspeito-de-abusar-da-enteada-de-8-anos-em-criciuma\/\" \/>\n<meta property=\"og:locale\" content=\"en_US\" \/>\n<meta property=\"og:type\" content=\"article\" \/>\n<meta property=\"og:title\" content=\"Padrasto \u00e9 preso suspeito de abusar da enteada de 8 anos, em Crici\u00fama -\" \/>\n<meta property=\"og:description\" content=\"Uma crian\u00e7a de oito anos relatou \u00e0 Pol\u00edcia Militar (PM) na noite de quarta-feira (13), que foi v\u00edtima de abuso sexual por parte de seu padrasto no munic\u00edpio de Crici\u00fama. Ap\u00f3s a den\u00fancia, a v\u00edtima foi encaminhada ao Hospital Materno-Infantil Santa Catarina (HMISC).\u00a0 onde os profissionais de sa\u00fade identificaram evid\u00eancias de abuso sexual e imediatamente &hellip; Padrasto \u00e9 preso suspeito de abusar da enteada de 8 anos, em Crici\u00fama Read More &raquo;\" \/>\n<meta property=\"og:url\" content=\"https:\/\/sulsc.com\/index.php\/2023\/09\/14\/padrasto-e-preso-suspeito-de-abusar-da-enteada-de-8-anos-em-criciuma\/\" \/>\n<meta property=\"article:author\" content=\"https:\/\/www.facebook.com\/profile.php?id=61559278119680\" \/>\n<meta property=\"article:published_time\" content=\"2023-09-14T20:40:43+00:00\" \/>\n<meta property=\"article:modified_time\" content=\"2023-09-14T20:15:37+00:00\" \/>\n<meta property=\"og:image\" content=\"https:\/\/sulsc.com\/wp-content\/uploads\/2023\/09\/Abuso-agressao-infantil.jpg\" \/>\n\t<meta property=\"og:image:width\" content=\"624\" \/>\n\t<meta property=\"og:image:height\" content=\"351\" \/>\n\t<meta property=\"og:image:type\" content=\"image\/jpeg\" \/>\n<meta name=\"author\" content=\"Reda\u00e7\u00e3o Sul SC\" \/>\n<meta name=\"twitter:card\" content=\"summary_large_image\" \/>\n<meta name=\"twitter:creator\" content=\"@https:\/\/twitter.com\/PortalSulSC\" \/>\n<meta name=\"twitter:label1\" content=\"Written by\" \/>\n\t<meta name=\"twitter:data1\" content=\"Reda\u00e7\u00e3o Sul SC\" \/>\n\t<meta name=\"twitter:label2\" content=\"Est. reading time\" \/>\n\t<meta name=\"twitter:data2\" content=\"1 minute\" \/>\n<script type=\"application\/ld+json\" class=\"yoast-schema-graph\">{\"@context\":\"https:\/\/schema.org\",\"@graph\":[{\"@type\":\"WebPage\",\"@id\":\"https:\/\/sulsc.com\/index.php\/2023\/09\/14\/padrasto-e-preso-suspeito-de-abusar-da-enteada-de-8-anos-em-criciuma\/\",\"url\":\"https:\/\/sulsc.com\/index.php\/2023\/09\/14\/padrasto-e-preso-suspeito-de-abusar-da-enteada-de-8-anos-em-criciuma\/\",\"name\":\"Padrasto \u00e9 preso suspeito de abusar da enteada de 8 anos, em Crici\u00fama -\",\"isPartOf\":{\"@id\":\"https:\/\/sulsc.com\/#website\"},\"datePublished\":\"2023-09-14T20:40:43+00:00\",\"dateModified\":\"2023-09-14T20:15:37+00:00\",\"author\":{\"@id\":\"https:\/\/sulsc.com\/#\/schema\/person\/84d2fc571684f6248ba83092f07750a3\"},\"breadcrumb\":{\"@id\":\"https:\/\/sulsc.com\/index.php\/2023\/09\/14\/padrasto-e-preso-suspeito-de-abusar-da-enteada-de-8-anos-em-criciuma\/#breadcrumb\"},\"inLanguage\":\"en-US\",\"potentialAction\":[{\"@type\":\"ReadAction\",\"target\":[\"https:\/\/sulsc.com\/index.php\/2023\/09\/14\/padrasto-e-preso-suspeito-de-abusar-da-enteada-de-8-anos-em-criciuma\/\"]}]},{\"@type\":\"BreadcrumbList\",\"@id\":\"https:\/\/sulsc.com\/index.php\/2023\/09\/14\/padrasto-e-preso-suspeito-de-abusar-da-enteada-de-8-anos-em-criciuma\/#breadcrumb\",\"itemListElement\":[{\"@type\":\"ListItem\",\"position\":1,\"name\":\"In\u00edcio\",\"item\":\"https:\/\/sulsc.com\/\"},{\"@type\":\"ListItem\",\"position\":2,\"name\":\"Padrasto \u00e9 preso suspeito de abusar da enteada de 8 anos, em Crici\u00fama\"}]},{\"@type\":\"WebSite\",\"@id\":\"https:\/\/sulsc.com\/#website\",\"url\":\"https:\/\/sulsc.com\/\",\"name\":\"\",\"description\":\"\",\"potentialAction\":[{\"@type\":\"SearchAction\",\"target\":{\"@type\":\"EntryPoint\",\"urlTemplate\":\"https:\/\/sulsc.com\/?s={search_term_string}\"},\"query-input\":\"required name=search_term_string\"}],\"inLanguage\":\"en-US\"},{\"@type\":\"Person\",\"@id\":\"https:\/\/sulsc.com\/#\/schema\/person\/84d2fc571684f6248ba83092f07750a3\",\"name\":\"Reda\u00e7\u00e3o Sul SC\",\"image\":{\"@type\":\"ImageObject\",\"inLanguage\":\"en-US\",\"@id\":\"https:\/\/sulsc.com\/#\/schema\/person\/image\/e08d7fe2cc4ed596372063bbe852b8d0\",\"url\":\"https:\/\/sulsc.com\/wp-content\/uploads\/2023\/09\/redacao.png\",\"contentUrl\":\"https:\/\/sulsc.com\/wp-content\/uploads\/2023\/09\/redacao.png\",\"caption\":\"Reda\u00e7\u00e3o Sul SC\"},\"description\":\"Foco em um jornalismo imparcial, voltado \u00e0 qualidade dos seus conte\u00fados e, assim, levar informa\u00e7\u00e3o de valor que agregue \u00e0 vida dos leitores. Esta \u00e9 grande miss\u00e3o do Portal de Not\u00edcias Sul SC. N\u00e3o \u00e9 quantidade que muda o mundo, sempre foi e seguir\u00e1 sendo qualidade!\",\"sameAs\":[\"https:\/\/sulsc.com\/\",\"https:\/\/www.facebook.com\/profile.php?id=61559278119680\",\"https:\/\/www.instagram.com\/sulscportal\/?hl=pt-br\",\"https:\/\/twitter.com\/https:\/\/twitter.com\/PortalSulSC\",\"https:\/\/www.youtube.com\/channel\/UCv_BE8GeySluDov2n8qhVmw\"],\"url\":\"https:\/\/sulsc.com\/index.php\/author\/redacao\/\"}]}<\/script>\n<!-- \/ Yoast SEO plugin. -->","yoast_head_json":{"title":"Padrasto \u00e9 preso suspeito de abusar da enteada de 8 anos, em Crici\u00fama -","robots":{"index":"index","follow":"follow","max-snippet":"max-snippet:-1","max-image-preview":"max-image-preview:large","max-video-preview":"max-video-preview:-1"},"canonical":"https:\/\/sulsc.com\/index.php\/2023\/09\/14\/padrasto-e-preso-suspeito-de-abusar-da-enteada-de-8-anos-em-criciuma\/","og_locale":"en_US","og_type":"article","og_title":"Padrasto \u00e9 preso suspeito de abusar da enteada de 8 anos, em Crici\u00fama -","og_description":"Uma crian\u00e7a de oito anos relatou \u00e0 Pol\u00edcia Militar (PM) na noite de quarta-feira (13), que foi v\u00edtima de abuso sexual por parte de seu padrasto no munic\u00edpio de Crici\u00fama. Ap\u00f3s a den\u00fancia, a v\u00edtima foi encaminhada ao Hospital Materno-Infantil Santa Catarina (HMISC).\u00a0 onde os profissionais de sa\u00fade identificaram evid\u00eancias de abuso sexual e imediatamente &hellip; Padrasto \u00e9 preso suspeito de abusar da enteada de 8 anos, em Crici\u00fama Read More &raquo;","og_url":"https:\/\/sulsc.com\/index.php\/2023\/09\/14\/padrasto-e-preso-suspeito-de-abusar-da-enteada-de-8-anos-em-criciuma\/","article_author":"https:\/\/www.facebook.com\/profile.php?id=61559278119680","article_published_time":"2023-09-14T20:40:43+00:00","article_modified_time":"2023-09-14T20:15:37+00:00","og_image":[{"width":624,"height":351,"url":"https:\/\/sulsc.com\/wp-content\/uploads\/2023\/09\/Abuso-agressao-infantil.jpg","type":"image\/jpeg"}],"author":"Reda\u00e7\u00e3o Sul SC","twitter_card":"summary_large_image","twitter_creator":"@https:\/\/twitter.com\/PortalSulSC","twitter_misc":{"Written by":"Reda\u00e7\u00e3o Sul SC","Est. reading time":"1 minute"},"schema":{"@context":"https:\/\/schema.org","@graph":[{"@type":"WebPage","@id":"https:\/\/sulsc.com\/index.php\/2023\/09\/14\/padrasto-e-preso-suspeito-de-abusar-da-enteada-de-8-anos-em-criciuma\/","url":"https:\/\/sulsc.com\/index.php\/2023\/09\/14\/padrasto-e-preso-suspeito-de-abusar-da-enteada-de-8-anos-em-criciuma\/","name":"Padrasto \u00e9 preso suspeito de abusar da enteada de 8 anos, em Crici\u00fama -","isPartOf":{"@id":"https:\/\/sulsc.com\/#website"},"datePublished":"2023-09-14T20:40:43+00:00","dateModified":"2023-09-14T20:15:37+00:00","author":{"@id":"https:\/\/sulsc.com\/#\/schema\/person\/84d2fc571684f6248ba83092f07750a3"},"breadcrumb":{"@id":"https:\/\/sulsc.com\/index.php\/2023\/09\/14\/padrasto-e-preso-suspeito-de-abusar-da-enteada-de-8-anos-em-criciuma\/#breadcrumb"},"inLanguage":"en-US","potentialAction":[{"@type":"ReadAction","target":["https:\/\/sulsc.com\/index.php\/2023\/09\/14\/padrasto-e-preso-suspeito-de-abusar-da-enteada-de-8-anos-em-criciuma\/"]}]},{"@type":"BreadcrumbList","@id":"https:\/\/sulsc.com\/index.php\/2023\/09\/14\/padrasto-e-preso-suspeito-de-abusar-da-enteada-de-8-anos-em-criciuma\/#breadcrumb","itemListElement":[{"@type":"ListItem","position":1,"name":"In\u00edcio","item":"https:\/\/sulsc.com\/"},{"@type":"ListItem","position":2,"name":"Padrasto \u00e9 preso suspeito de abusar da enteada de 8 anos, em Crici\u00fama"}]},{"@type":"WebSite","@id":"https:\/\/sulsc.com\/#website","url":"https:\/\/sulsc.com\/","name":"","description":"","potentialAction":[{"@type":"SearchAction","target":{"@type":"EntryPoint","urlTemplate":"https:\/\/sulsc.com\/?s={search_term_string}"},"query-input":"required name=search_term_string"}],"inLanguage":"en-US"},{"@type":"Person","@id":"https:\/\/sulsc.com\/#\/schema\/person\/84d2fc571684f6248ba83092f07750a3","name":"Reda\u00e7\u00e3o Sul SC","image":{"@type":"ImageObject","inLanguage":"en-US","@id":"https:\/\/sulsc.com\/#\/schema\/person\/image\/e08d7fe2cc4ed596372063bbe852b8d0","url":"https:\/\/sulsc.com\/wp-content\/uploads\/2023\/09\/redacao.png","contentUrl":"https:\/\/sulsc.com\/wp-content\/uploads\/2023\/09\/redacao.png","caption":"Reda\u00e7\u00e3o Sul SC"},"description":"Foco em um jornalismo imparcial, voltado \u00e0 qualidade dos seus conte\u00fados e, assim, levar informa\u00e7\u00e3o de valor que agregue \u00e0 vida dos leitores. Esta \u00e9 grande miss\u00e3o do Portal de Not\u00edcias Sul SC. N\u00e3o \u00e9 quantidade que muda o mundo, sempre foi e seguir\u00e1 sendo qualidade!","sameAs":["https:\/\/sulsc.com\/","https:\/\/www.facebook.com\/profile.php?id=61559278119680","https:\/\/www.instagram.com\/sulscportal\/?hl=pt-br","https:\/\/twitter.com\/https:\/\/twitter.com\/PortalSulSC","https:\/\/www.youtube.com\/channel\/UCv_BE8GeySluDov2n8qhVmw"],"url":"https:\/\/sulsc.com\/index.php\/author\/redacao\/"}]}},"authors":[],"_links":{"self":[{"href":"https:\/\/sulsc.com\/index.php\/wp-json\/wp\/v2\/posts\/1120"}],"collection":[{"href":"https:\/\/sulsc.com\/index.php\/wp-json\/wp\/v2\/posts"}],"about":[{"href":"https:\/\/sulsc.com\/index.php\/wp-json\/wp\/v2\/types\/post"}],"author":[{"embeddable":true,"href":"https:\/\/sulsc.com\/index.php\/wp-json\/wp\/v2\/users\/3"}],"replies":[{"embeddable":true,"href":"https:\/\/sulsc.com\/index.php\/wp-json\/wp\/v2\/comments?post=1120"}],"version-history":[{"count":1,"href":"https:\/\/sulsc.com\/index.php\/wp-json\/wp\/v2\/posts\/1120\/revisions"}],"predecessor-version":[{"id":1122,"href":"https:\/\/sulsc.com\/index.php\/wp-json\/wp\/v2\/posts\/1120\/revisions\/1122"}],"wp:featuredmedia":[{"embeddable":true,"href":"https:\/\/sulsc.com\/index.php\/wp-json\/wp\/v2\/media\/1121"}],"wp:attachment":[{"href":"https:\/\/sulsc.com\/index.php\/wp-json\/wp\/v2\/media?parent=1120"}],"wp:term":[{"taxonomy":"category","embeddable":true,"href":"https:\/\/sulsc.com\/index.php\/wp-json\/wp\/v2\/categories?post=1120"},{"taxonomy":"post_tag","embeddable":true,"href":"https:\/\/sulsc.com\/index.php\/wp-json\/wp\/v2\/tags?post=1120"}],"curies":[{"name":"wp","href":"https:\/\/api.w.org\/{rel}","templated":true}]}}