{"id":1123,"date":"2023-09-14T18:20:00","date_gmt":"2023-09-14T21:20:00","guid":{"rendered":"https:\/\/sulsc.com\/?p=1123"},"modified":"2023-09-16T10:53:30","modified_gmt":"2023-09-16T13:53:30","slug":"acesso-ao-farol-de-santa-marta-recebe-primeira-camada-de-asfalto-nesta-quinta-feira","status":"publish","type":"post","link":"https:\/\/sulsc.com\/index.php\/2023\/09\/14\/acesso-ao-farol-de-santa-marta-recebe-primeira-camada-de-asfalto-nesta-quinta-feira\/","title":{"rendered":"Acesso ao Farol de Santa Marta recebe primeira camada de asfalto nesta quinta-feira"},"content":{"rendered":"<p>E o acesso ao Farol de Santa Marta recebe o t\u00e3o sonhado asfalto. A empresa respons\u00e1vel pela obra deu in\u00edcio nessa quinta-feira (14). A aplica\u00e7\u00e3o da primeira camada e os trabalhos devem seguir ao longo dos pr\u00f3ximos dias.<\/p>\n<p>A pavimenta\u00e7\u00e3o \u00e9 uma antiga reivindica\u00e7\u00e3o de moradores, comerciantes e turistas. A obra contempla al\u00e9m de pavimenta\u00e7\u00e3o asf\u00e1ltica, drenagem pluvial, passeios com acessibilidade e sinaliza\u00e7\u00e3o vi\u00e1ria, de acordo com o projeto, possui 755 metros de extens\u00e3o.<\/p>\n<p>Os motoristas que utilizam a via devem atentar para as mudan\u00e7as no tr\u00e2nsito por conta das obras, al\u00e9m de poss\u00edveis desvios e movimenta\u00e7\u00e3o constante de maquin\u00e1rios e oper\u00e1rios. A obra tem o valor total de R$ 1.467.415,71.<\/p>\n<p>&nbsp;<\/p>\n<p>Fonte: Hora Hiper<\/p>\n","protected":false},"excerpt":{"rendered":"<p>E o acesso ao Farol de Santa Marta recebe o t\u00e3o sonhado asfalto. A empresa respons\u00e1vel pela obra deu in\u00edcio nessa quinta-feira (14). A aplica\u00e7\u00e3o da primeira camada e os trabalhos devem seguir ao longo dos pr\u00f3ximos dias. A pavimenta\u00e7\u00e3o \u00e9 uma antiga reivindica\u00e7\u00e3o de moradores, comerciantes e turistas. A obra contempla al\u00e9m de pavimenta\u00e7\u00e3o &hellip;<\/p>\n<p class=\"read-more\"> <a class=\"\" href=\"https:\/\/sulsc.com\/index.php\/2023\/09\/14\/acesso-ao-farol-de-santa-marta-recebe-primeira-camada-de-asfalto-nesta-quinta-feira\/\"> <span class=\"screen-reader-text\">Acesso ao Farol de Santa Marta recebe primeira camada de asfalto nesta quinta-feira<\/span> Read More &raquo;<\/a><\/p>\n","protected":false},"author":3,"featured_media":1124,"comment_status":"open","ping_status":"open","sticky":false,"template":"","format":"standard","meta":{"site-sidebar-layout":"default","site-content-layout":"default","ast-site-content-layout":"","site-content-style":"default","site-sidebar-style":"default","ast-global-header-display":"","ast-banner-title-visibility":"","ast-main-header-display":"","ast-hfb-above-header-display":"","ast-hfb-below-header-display":"","ast-hfb-mobile-header-display":"","site-post-title":"","ast-breadcrumbs-content":"","ast-featured-img":"","footer-sml-layout":"","theme-transparent-header-meta":"default","adv-header-id-meta":"","stick-header-meta":"","header-above-stick-meta":"","header-main-stick-meta":"","header-below-stick-meta":"","astra-migrate-meta-layouts":"","footnotes":""},"categories":[1,8],"tags":[],"yoast_head":"<!-- This site is optimized with the Yoast SEO plugin v21.4 - https:\/\/yoast.com\/wordpress\/plugins\/seo\/ -->\n<title>Acesso ao Farol de Santa Marta recebe primeira camada de asfalto nesta quinta-feira -<\/title>\n<meta name=\"robots\" content=\"index, follow, max-snippet:-1, max-image-preview:large, max-video-preview:-1\" \/>\n<link rel=\"canonical\" href=\"https:\/\/sulsc.com\/index.php\/2023\/09\/14\/acesso-ao-farol-de-santa-marta-recebe-primeira-camada-de-asfalto-nesta-quinta-feira\/\" \/>\n<meta property=\"og:locale\" content=\"en_US\" \/>\n<meta property=\"og:type\" content=\"article\" \/>\n<meta property=\"og:title\" content=\"Acesso ao Farol de Santa Marta recebe primeira camada de asfalto nesta quinta-feira -\" \/>\n<meta property=\"og:description\" content=\"E o acesso ao Farol de Santa Marta recebe o t\u00e3o sonhado asfalto. A empresa respons\u00e1vel pela obra deu in\u00edcio nessa quinta-feira (14). A aplica\u00e7\u00e3o da primeira camada e os trabalhos devem seguir ao longo dos pr\u00f3ximos dias. A pavimenta\u00e7\u00e3o \u00e9 uma antiga reivindica\u00e7\u00e3o de moradores, comerciantes e turistas. A obra contempla al\u00e9m de pavimenta\u00e7\u00e3o &hellip; Acesso ao Farol de Santa Marta recebe primeira camada de asfalto nesta quinta-feira Read More &raquo;\" \/>\n<meta property=\"og:url\" content=\"https:\/\/sulsc.com\/index.php\/2023\/09\/14\/acesso-ao-farol-de-santa-marta-recebe-primeira-camada-de-asfalto-nesta-quinta-feira\/\" \/>\n<meta property=\"article:author\" content=\"https:\/\/www.facebook.com\/profile.php?id=61559278119680\" \/>\n<meta property=\"article:published_time\" content=\"2023-09-14T21:20:00+00:00\" \/>\n<meta property=\"article:modified_time\" content=\"2023-09-16T13:53:30+00:00\" \/>\n<meta property=\"og:image\" content=\"https:\/\/sulsc.com\/wp-content\/uploads\/2023\/09\/Acesso-ao-Farol-de-Santa-Marta-recebe-primeira-camada-de-asfalto-nesta-quinta-feira.jpg\" \/>\n\t<meta property=\"og:image:width\" content=\"668\" \/>\n\t<meta property=\"og:image:height\" content=\"550\" \/>\n\t<meta property=\"og:image:type\" content=\"image\/jpeg\" \/>\n<meta name=\"author\" content=\"Reda\u00e7\u00e3o Sul SC\" \/>\n<meta name=\"twitter:card\" content=\"summary_large_image\" \/>\n<meta name=\"twitter:creator\" content=\"@https:\/\/twitter.com\/PortalSulSC\" \/>\n<meta name=\"twitter:label1\" content=\"Written by\" \/>\n\t<meta name=\"twitter:data1\" content=\"Reda\u00e7\u00e3o Sul SC\" \/>\n\t<meta name=\"twitter:label2\" content=\"Est. reading time\" \/>\n\t<meta name=\"twitter:data2\" content=\"1 minute\" \/>\n<script type=\"application\/ld+json\" class=\"yoast-schema-graph\">{\"@context\":\"https:\/\/schema.org\",\"@graph\":[{\"@type\":\"WebPage\",\"@id\":\"https:\/\/sulsc.com\/index.php\/2023\/09\/14\/acesso-ao-farol-de-santa-marta-recebe-primeira-camada-de-asfalto-nesta-quinta-feira\/\",\"url\":\"https:\/\/sulsc.com\/index.php\/2023\/09\/14\/acesso-ao-farol-de-santa-marta-recebe-primeira-camada-de-asfalto-nesta-quinta-feira\/\",\"name\":\"Acesso ao Farol de Santa Marta recebe primeira camada de asfalto nesta quinta-feira -\",\"isPartOf\":{\"@id\":\"https:\/\/sulsc.com\/#website\"},\"datePublished\":\"2023-09-14T21:20:00+00:00\",\"dateModified\":\"2023-09-16T13:53:30+00:00\",\"author\":{\"@id\":\"https:\/\/sulsc.com\/#\/schema\/person\/84d2fc571684f6248ba83092f07750a3\"},\"breadcrumb\":{\"@id\":\"https:\/\/sulsc.com\/index.php\/2023\/09\/14\/acesso-ao-farol-de-santa-marta-recebe-primeira-camada-de-asfalto-nesta-quinta-feira\/#breadcrumb\"},\"inLanguage\":\"en-US\",\"potentialAction\":[{\"@type\":\"ReadAction\",\"target\":[\"https:\/\/sulsc.com\/index.php\/2023\/09\/14\/acesso-ao-farol-de-santa-marta-recebe-primeira-camada-de-asfalto-nesta-quinta-feira\/\"]}]},{\"@type\":\"BreadcrumbList\",\"@id\":\"https:\/\/sulsc.com\/index.php\/2023\/09\/14\/acesso-ao-farol-de-santa-marta-recebe-primeira-camada-de-asfalto-nesta-quinta-feira\/#breadcrumb\",\"itemListElement\":[{\"@type\":\"ListItem\",\"position\":1,\"name\":\"In\u00edcio\",\"item\":\"https:\/\/sulsc.com\/\"},{\"@type\":\"ListItem\",\"position\":2,\"name\":\"Acesso ao Farol de Santa Marta recebe primeira camada de asfalto nesta quinta-feira\"}]},{\"@type\":\"WebSite\",\"@id\":\"https:\/\/sulsc.com\/#website\",\"url\":\"https:\/\/sulsc.com\/\",\"name\":\"\",\"description\":\"\",\"potentialAction\":[{\"@type\":\"SearchAction\",\"target\":{\"@type\":\"EntryPoint\",\"urlTemplate\":\"https:\/\/sulsc.com\/?s={search_term_string}\"},\"query-input\":\"required name=search_term_string\"}],\"inLanguage\":\"en-US\"},{\"@type\":\"Person\",\"@id\":\"https:\/\/sulsc.com\/#\/schema\/person\/84d2fc571684f6248ba83092f07750a3\",\"name\":\"Reda\u00e7\u00e3o Sul SC\",\"image\":{\"@type\":\"ImageObject\",\"inLanguage\":\"en-US\",\"@id\":\"https:\/\/sulsc.com\/#\/schema\/person\/image\/e08d7fe2cc4ed596372063bbe852b8d0\",\"url\":\"https:\/\/sulsc.com\/wp-content\/uploads\/2023\/09\/redacao.png\",\"contentUrl\":\"https:\/\/sulsc.com\/wp-content\/uploads\/2023\/09\/redacao.png\",\"caption\":\"Reda\u00e7\u00e3o Sul SC\"},\"description\":\"Foco em um jornalismo imparcial, voltado \u00e0 qualidade dos seus conte\u00fados e, assim, levar informa\u00e7\u00e3o de valor que agregue \u00e0 vida dos leitores. Esta \u00e9 grande miss\u00e3o do Portal de Not\u00edcias Sul SC. N\u00e3o \u00e9 quantidade que muda o mundo, sempre foi e seguir\u00e1 sendo qualidade!\",\"sameAs\":[\"https:\/\/sulsc.com\/\",\"https:\/\/www.facebook.com\/profile.php?id=61559278119680\",\"https:\/\/www.instagram.com\/sulscportal\/?hl=pt-br\",\"https:\/\/twitter.com\/https:\/\/twitter.com\/PortalSulSC\",\"https:\/\/www.youtube.com\/channel\/UCv_BE8GeySluDov2n8qhVmw\"],\"url\":\"https:\/\/sulsc.com\/index.php\/author\/redacao\/\"}]}<\/script>\n<!-- \/ Yoast SEO plugin. -->","yoast_head_json":{"title":"Acesso ao Farol de Santa Marta recebe primeira camada de asfalto nesta quinta-feira -","robots":{"index":"index","follow":"follow","max-snippet":"max-snippet:-1","max-image-preview":"max-image-preview:large","max-video-preview":"max-video-preview:-1"},"canonical":"https:\/\/sulsc.com\/index.php\/2023\/09\/14\/acesso-ao-farol-de-santa-marta-recebe-primeira-camada-de-asfalto-nesta-quinta-feira\/","og_locale":"en_US","og_type":"article","og_title":"Acesso ao Farol de Santa Marta recebe primeira camada de asfalto nesta quinta-feira -","og_description":"E o acesso ao Farol de Santa Marta recebe o t\u00e3o sonhado asfalto. A empresa respons\u00e1vel pela obra deu in\u00edcio nessa quinta-feira (14). A aplica\u00e7\u00e3o da primeira camada e os trabalhos devem seguir ao longo dos pr\u00f3ximos dias. A pavimenta\u00e7\u00e3o \u00e9 uma antiga reivindica\u00e7\u00e3o de moradores, comerciantes e turistas. A obra contempla al\u00e9m de pavimenta\u00e7\u00e3o &hellip; Acesso ao Farol de Santa Marta recebe primeira camada de asfalto nesta quinta-feira Read More &raquo;","og_url":"https:\/\/sulsc.com\/index.php\/2023\/09\/14\/acesso-ao-farol-de-santa-marta-recebe-primeira-camada-de-asfalto-nesta-quinta-feira\/","article_author":"https:\/\/www.facebook.com\/profile.php?id=61559278119680","article_published_time":"2023-09-14T21:20:00+00:00","article_modified_time":"2023-09-16T13:53:30+00:00","og_image":[{"width":668,"height":550,"url":"https:\/\/sulsc.com\/wp-content\/uploads\/2023\/09\/Acesso-ao-Farol-de-Santa-Marta-recebe-primeira-camada-de-asfalto-nesta-quinta-feira.jpg","type":"image\/jpeg"}],"author":"Reda\u00e7\u00e3o Sul SC","twitter_card":"summary_large_image","twitter_creator":"@https:\/\/twitter.com\/PortalSulSC","twitter_misc":{"Written by":"Reda\u00e7\u00e3o Sul SC","Est. reading time":"1 minute"},"schema":{"@context":"https:\/\/schema.org","@graph":[{"@type":"WebPage","@id":"https:\/\/sulsc.com\/index.php\/2023\/09\/14\/acesso-ao-farol-de-santa-marta-recebe-primeira-camada-de-asfalto-nesta-quinta-feira\/","url":"https:\/\/sulsc.com\/index.php\/2023\/09\/14\/acesso-ao-farol-de-santa-marta-recebe-primeira-camada-de-asfalto-nesta-quinta-feira\/","name":"Acesso ao Farol de Santa Marta recebe primeira camada de asfalto nesta quinta-feira -","isPartOf":{"@id":"https:\/\/sulsc.com\/#website"},"datePublished":"2023-09-14T21:20:00+00:00","dateModified":"2023-09-16T13:53:30+00:00","author":{"@id":"https:\/\/sulsc.com\/#\/schema\/person\/84d2fc571684f6248ba83092f07750a3"},"breadcrumb":{"@id":"https:\/\/sulsc.com\/index.php\/2023\/09\/14\/acesso-ao-farol-de-santa-marta-recebe-primeira-camada-de-asfalto-nesta-quinta-feira\/#breadcrumb"},"inLanguage":"en-US","potentialAction":[{"@type":"ReadAction","target":["https:\/\/sulsc.com\/index.php\/2023\/09\/14\/acesso-ao-farol-de-santa-marta-recebe-primeira-camada-de-asfalto-nesta-quinta-feira\/"]}]},{"@type":"BreadcrumbList","@id":"https:\/\/sulsc.com\/index.php\/2023\/09\/14\/acesso-ao-farol-de-santa-marta-recebe-primeira-camada-de-asfalto-nesta-quinta-feira\/#breadcrumb","itemListElement":[{"@type":"ListItem","position":1,"name":"In\u00edcio","item":"https:\/\/sulsc.com\/"},{"@type":"ListItem","position":2,"name":"Acesso ao Farol de Santa Marta recebe primeira camada de asfalto nesta quinta-feira"}]},{"@type":"WebSite","@id":"https:\/\/sulsc.com\/#website","url":"https:\/\/sulsc.com\/","name":"","description":"","potentialAction":[{"@type":"SearchAction","target":{"@type":"EntryPoint","urlTemplate":"https:\/\/sulsc.com\/?s={search_term_string}"},"query-input":"required name=search_term_string"}],"inLanguage":"en-US"},{"@type":"Person","@id":"https:\/\/sulsc.com\/#\/schema\/person\/84d2fc571684f6248ba83092f07750a3","name":"Reda\u00e7\u00e3o Sul SC","image":{"@type":"ImageObject","inLanguage":"en-US","@id":"https:\/\/sulsc.com\/#\/schema\/person\/image\/e08d7fe2cc4ed596372063bbe852b8d0","url":"https:\/\/sulsc.com\/wp-content\/uploads\/2023\/09\/redacao.png","contentUrl":"https:\/\/sulsc.com\/wp-content\/uploads\/2023\/09\/redacao.png","caption":"Reda\u00e7\u00e3o Sul SC"},"description":"Foco em um jornalismo imparcial, voltado \u00e0 qualidade dos seus conte\u00fados e, assim, levar informa\u00e7\u00e3o de valor que agregue \u00e0 vida dos leitores. Esta \u00e9 grande miss\u00e3o do Portal de Not\u00edcias Sul SC. N\u00e3o \u00e9 quantidade que muda o mundo, sempre foi e seguir\u00e1 sendo qualidade!","sameAs":["https:\/\/sulsc.com\/","https:\/\/www.facebook.com\/profile.php?id=61559278119680","https:\/\/www.instagram.com\/sulscportal\/?hl=pt-br","https:\/\/twitter.com\/https:\/\/twitter.com\/PortalSulSC","https:\/\/www.youtube.com\/channel\/UCv_BE8GeySluDov2n8qhVmw"],"url":"https:\/\/sulsc.com\/index.php\/author\/redacao\/"}]}},"authors":[],"_links":{"self":[{"href":"https:\/\/sulsc.com\/index.php\/wp-json\/wp\/v2\/posts\/1123"}],"collection":[{"href":"https:\/\/sulsc.com\/index.php\/wp-json\/wp\/v2\/posts"}],"about":[{"href":"https:\/\/sulsc.com\/index.php\/wp-json\/wp\/v2\/types\/post"}],"author":[{"embeddable":true,"href":"https:\/\/sulsc.com\/index.php\/wp-json\/wp\/v2\/users\/3"}],"replies":[{"embeddable":true,"href":"https:\/\/sulsc.com\/index.php\/wp-json\/wp\/v2\/comments?post=1123"}],"version-history":[{"count":1,"href":"https:\/\/sulsc.com\/index.php\/wp-json\/wp\/v2\/posts\/1123\/revisions"}],"predecessor-version":[{"id":1125,"href":"https:\/\/sulsc.com\/index.php\/wp-json\/wp\/v2\/posts\/1123\/revisions\/1125"}],"wp:featuredmedia":[{"embeddable":true,"href":"https:\/\/sulsc.com\/index.php\/wp-json\/wp\/v2\/media\/1124"}],"wp:attachment":[{"href":"https:\/\/sulsc.com\/index.php\/wp-json\/wp\/v2\/media?parent=1123"}],"wp:term":[{"taxonomy":"category","embeddable":true,"href":"https:\/\/sulsc.com\/index.php\/wp-json\/wp\/v2\/categories?post=1123"},{"taxonomy":"post_tag","embeddable":true,"href":"https:\/\/sulsc.com\/index.php\/wp-json\/wp\/v2\/tags?post=1123"}],"curies":[{"name":"wp","href":"https:\/\/api.w.org\/{rel}","templated":true}]}}