{"id":1131,"date":"2023-09-16T11:11:55","date_gmt":"2023-09-16T14:11:55","guid":{"rendered":"https:\/\/sulsc.com\/?p=1131"},"modified":"2023-09-16T12:03:40","modified_gmt":"2023-09-16T15:03:40","slug":"semana-nacional-do-transito-sera-aberta-neste-sabado-16","status":"publish","type":"post","link":"https:\/\/sulsc.com\/index.php\/2023\/09\/16\/semana-nacional-do-transito-sera-aberta-neste-sabado-16\/","title":{"rendered":"Semana Nacional do Tr\u00e2nsito ser\u00e1 aberta neste s\u00e1bado (16)"},"content":{"rendered":"<p>A Semana Nacional do Tr\u00e2nsito, que ocorre entre 18 a 25 de setembro \u00e9 aberta neste s\u00e1bado (16), Tubar\u00e3o . Neste ano, o tema da campanha \u00e9 \u201cNo tr\u00e2nsito, escolha a vida\u201d. O evento \u00e9 uma iniciativa do Rotary Club de Tubar\u00e3o Leste, com apoio da Prefeitura, por meio da Secretaria de Seguran\u00e7a, Tr\u00e2nsito e Patrim\u00f4nio, e diversas empresas privadas parcerias.<\/p>\n<p>Assim como em anos anteriores, boa parte da programa\u00e7\u00e3o acontecer\u00e1 na Pra\u00e7a Sete de Setembro, no Centro. Nessa iniciativa, os \u00f3rg\u00e3os e entidades do Sistema Nacional de Tr\u00e2nsito empenham-se em suas atividades de educa\u00e7\u00e3o, fiscaliza\u00e7\u00e3o e engenharia para, de forma conjunta, trabalhar na constru\u00e7\u00e3o de vias e espa\u00e7os mais seguros e sustent\u00e1veis ambientalmente, e tamb\u00e9m conscientizar motoristas e pedestres sobre como manter o tr\u00e2nsito mais seguro.<\/p>\n<p>De acordo com o coordenador da Semana Nacional do Tr\u00e2nsito em Tubar\u00e3o, Luis Rodrigo de Queiroz Bremenkamp, a a\u00e7\u00e3o \u00e9 de extrema import\u00e2ncia por diversas raz\u00f5es. \u201cEm primeiro lugar, ela \u00e9 fundamental para a preserva\u00e7\u00e3o da vida. Acidentes de tr\u00e2nsito podem resultar em les\u00f5es graves ou at\u00e9 mesmo na morte de condutores, passageiros, pedestres e ciclistas. O objetivo da Semana Nacional do Tr\u00e2nsito \u00e9 de conscientizar a todos sobre a import\u00e2ncia das leis para termos um tr\u00e2nsito mais seguro\u201d, destaca Rodrigo.<\/p>\n<p>A programa\u00e7\u00e3o completa da Semana Nacional do Tr\u00e2nsito est\u00e1 na galeria abaixo:<\/p>\n<figure class=\"wp-block-image size-large\"><a class=\"glg-a-custom-wrap\" href=\"https:\/\/tubarao.sc.gov.br\/uploads\/sites\/265\/2023\/09\/8-819x1024.png\"><img fetchpriority=\"high\" decoding=\"async\" class=\"wp-image-162014 tg-image-to-reveal-fade-in tg-image-to-reveal-fade-in--is-revealed\" src=\"https:\/\/tubarao.sc.gov.br\/uploads\/sites\/265\/2023\/09\/8-819x1024.png\" sizes=\"(max-width: 819px) 100vw, 819px\" srcset=\"https:\/\/tubarao.sc.gov.br\/uploads\/sites\/265\/2023\/09\/8-819x1024.png 819w, https:\/\/tubarao.sc.gov.br\/uploads\/sites\/265\/2023\/09\/8-240x300.png 240w, https:\/\/tubarao.sc.gov.br\/uploads\/sites\/265\/2023\/09\/8-768x960.png 768w, https:\/\/tubarao.sc.gov.br\/uploads\/sites\/265\/2023\/09\/8.png 1080w\" alt=\"\" width=\"819\" height=\"1024\" data-id=\"162014\" \/><\/a><\/figure>\n<figure class=\"wp-block-image size-large\"><a class=\"glg-a-custom-wrap\" href=\"https:\/\/tubarao.sc.gov.br\/uploads\/sites\/265\/2023\/09\/9-819x1024.png\"><img decoding=\"async\" class=\"wp-image-162016 tg-image-to-reveal-fade-in tg-image-to-reveal-fade-in--is-revealed\" src=\"https:\/\/tubarao.sc.gov.br\/uploads\/sites\/265\/2023\/09\/9-819x1024.png\" sizes=\"(max-width: 819px) 100vw, 819px\" srcset=\"https:\/\/tubarao.sc.gov.br\/uploads\/sites\/265\/2023\/09\/9-819x1024.png 819w, https:\/\/tubarao.sc.gov.br\/uploads\/sites\/265\/2023\/09\/9-240x300.png 240w, https:\/\/tubarao.sc.gov.br\/uploads\/sites\/265\/2023\/09\/9-768x960.png 768w, https:\/\/tubarao.sc.gov.br\/uploads\/sites\/265\/2023\/09\/9.png 1080w\" alt=\"\" width=\"819\" height=\"1024\" data-id=\"162016\" \/><\/a><\/figure>\n<figure class=\"wp-block-image size-large\"><a class=\"glg-a-custom-wrap\" href=\"https:\/\/tubarao.sc.gov.br\/uploads\/sites\/265\/2023\/09\/10-819x1024.png\"><img decoding=\"async\" class=\"wp-image-162015 tg-image-to-reveal-fade-in tg-image-to-reveal-fade-in--is-revealed\" src=\"https:\/\/tubarao.sc.gov.br\/uploads\/sites\/265\/2023\/09\/10-819x1024.png\" sizes=\"(max-width: 819px) 100vw, 819px\" srcset=\"https:\/\/tubarao.sc.gov.br\/uploads\/sites\/265\/2023\/09\/10-819x1024.png 819w, https:\/\/tubarao.sc.gov.br\/uploads\/sites\/265\/2023\/09\/10-240x300.png 240w, https:\/\/tubarao.sc.gov.br\/uploads\/sites\/265\/2023\/09\/10-768x960.png 768w, https:\/\/tubarao.sc.gov.br\/uploads\/sites\/265\/2023\/09\/10.png 1080w\" alt=\"\" width=\"819\" height=\"1024\" data-id=\"162015\" \/><\/a><\/figure>\n<figure class=\"wp-block-image size-large\"><a class=\"glg-a-custom-wrap\" href=\"https:\/\/tubarao.sc.gov.br\/uploads\/sites\/265\/2023\/09\/11-819x1024.png\"><img loading=\"lazy\" decoding=\"async\" class=\"wp-image-162017 tg-image-to-reveal-fade-in tg-image-to-reveal-fade-in--is-revealed\" src=\"https:\/\/tubarao.sc.gov.br\/uploads\/sites\/265\/2023\/09\/11-819x1024.png\" sizes=\"(max-width: 819px) 100vw, 819px\" srcset=\"https:\/\/tubarao.sc.gov.br\/uploads\/sites\/265\/2023\/09\/11-819x1024.png 819w, https:\/\/tubarao.sc.gov.br\/uploads\/sites\/265\/2023\/09\/11-240x300.png 240w, https:\/\/tubarao.sc.gov.br\/uploads\/sites\/265\/2023\/09\/11-768x960.png 768w, https:\/\/tubarao.sc.gov.br\/uploads\/sites\/265\/2023\/09\/11.png 1080w\" alt=\"\" width=\"819\" height=\"1024\" data-id=\"162017\" \/><\/a><\/figure>\n<p>&nbsp;<\/p>\n<p>Fonte: Pref. Tubar\u00e3o<\/p>\n","protected":false},"excerpt":{"rendered":"<p>A Semana Nacional do Tr\u00e2nsito, que ocorre entre 18 a 25 de setembro \u00e9 aberta neste s\u00e1bado (16), Tubar\u00e3o . Neste ano, o tema da campanha \u00e9 \u201cNo tr\u00e2nsito, escolha a vida\u201d. O evento \u00e9 uma iniciativa do Rotary Club de Tubar\u00e3o Leste, com apoio da Prefeitura, por meio da Secretaria de Seguran\u00e7a, Tr\u00e2nsito e &hellip;<\/p>\n<p class=\"read-more\"> <a class=\"\" href=\"https:\/\/sulsc.com\/index.php\/2023\/09\/16\/semana-nacional-do-transito-sera-aberta-neste-sabado-16\/\"> <span class=\"screen-reader-text\">Semana Nacional do Tr\u00e2nsito ser\u00e1 aberta neste s\u00e1bado (16)<\/span> Read More &raquo;<\/a><\/p>\n","protected":false},"author":3,"featured_media":1137,"comment_status":"open","ping_status":"open","sticky":false,"template":"","format":"standard","meta":{"site-sidebar-layout":"default","site-content-layout":"default","ast-site-content-layout":"","site-content-style":"default","site-sidebar-style":"default","ast-global-header-display":"","ast-banner-title-visibility":"","ast-main-header-display":"","ast-hfb-above-header-display":"","ast-hfb-below-header-display":"","ast-hfb-mobile-header-display":"","site-post-title":"","ast-breadcrumbs-content":"","ast-featured-img":"","footer-sml-layout":"","theme-transparent-header-meta":"default","adv-header-id-meta":"","stick-header-meta":"","header-above-stick-meta":"","header-main-stick-meta":"","header-below-stick-meta":"","astra-migrate-meta-layouts":"","footnotes":""},"categories":[1],"tags":[],"yoast_head":"<!-- This site is optimized with the Yoast SEO plugin v21.4 - https:\/\/yoast.com\/wordpress\/plugins\/seo\/ -->\n<title>Semana Nacional do Tr\u00e2nsito ser\u00e1 aberta neste s\u00e1bado (16) -<\/title>\n<meta name=\"robots\" content=\"index, follow, max-snippet:-1, max-image-preview:large, max-video-preview:-1\" \/>\n<link rel=\"canonical\" href=\"https:\/\/sulsc.com\/index.php\/2023\/09\/16\/semana-nacional-do-transito-sera-aberta-neste-sabado-16\/\" \/>\n<meta property=\"og:locale\" content=\"en_US\" \/>\n<meta property=\"og:type\" content=\"article\" \/>\n<meta property=\"og:title\" content=\"Semana Nacional do Tr\u00e2nsito ser\u00e1 aberta neste s\u00e1bado (16) -\" \/>\n<meta property=\"og:description\" content=\"A Semana Nacional do Tr\u00e2nsito, que ocorre entre 18 a 25 de setembro \u00e9 aberta neste s\u00e1bado (16), Tubar\u00e3o . Neste ano, o tema da campanha \u00e9 \u201cNo tr\u00e2nsito, escolha a vida\u201d. O evento \u00e9 uma iniciativa do Rotary Club de Tubar\u00e3o Leste, com apoio da Prefeitura, por meio da Secretaria de Seguran\u00e7a, Tr\u00e2nsito e &hellip; Semana Nacional do Tr\u00e2nsito ser\u00e1 aberta neste s\u00e1bado (16) Read More &raquo;\" \/>\n<meta property=\"og:url\" content=\"https:\/\/sulsc.com\/index.php\/2023\/09\/16\/semana-nacional-do-transito-sera-aberta-neste-sabado-16\/\" \/>\n<meta property=\"article:author\" content=\"https:\/\/www.facebook.com\/profile.php?id=61559278119680\" \/>\n<meta property=\"article:published_time\" content=\"2023-09-16T14:11:55+00:00\" \/>\n<meta property=\"article:modified_time\" content=\"2023-09-16T15:03:40+00:00\" \/>\n<meta property=\"og:image\" content=\"https:\/\/sulsc.com\/wp-content\/uploads\/2023\/09\/Avenida-Patricio-Lima-13.jpg\" \/>\n\t<meta property=\"og:image:width\" content=\"1000\" \/>\n\t<meta property=\"og:image:height\" content=\"662\" \/>\n\t<meta property=\"og:image:type\" content=\"image\/jpeg\" \/>\n<meta name=\"author\" content=\"Reda\u00e7\u00e3o Sul SC\" \/>\n<meta name=\"twitter:card\" content=\"summary_large_image\" \/>\n<meta name=\"twitter:creator\" content=\"@https:\/\/twitter.com\/PortalSulSC\" \/>\n<meta name=\"twitter:label1\" content=\"Written by\" \/>\n\t<meta name=\"twitter:data1\" content=\"Reda\u00e7\u00e3o Sul SC\" \/>\n\t<meta name=\"twitter:label2\" content=\"Est. reading time\" \/>\n\t<meta name=\"twitter:data2\" content=\"1 minute\" \/>\n<script type=\"application\/ld+json\" class=\"yoast-schema-graph\">{\"@context\":\"https:\/\/schema.org\",\"@graph\":[{\"@type\":\"WebPage\",\"@id\":\"https:\/\/sulsc.com\/index.php\/2023\/09\/16\/semana-nacional-do-transito-sera-aberta-neste-sabado-16\/\",\"url\":\"https:\/\/sulsc.com\/index.php\/2023\/09\/16\/semana-nacional-do-transito-sera-aberta-neste-sabado-16\/\",\"name\":\"Semana Nacional do Tr\u00e2nsito ser\u00e1 aberta neste s\u00e1bado (16) -\",\"isPartOf\":{\"@id\":\"https:\/\/sulsc.com\/#website\"},\"datePublished\":\"2023-09-16T14:11:55+00:00\",\"dateModified\":\"2023-09-16T15:03:40+00:00\",\"author\":{\"@id\":\"https:\/\/sulsc.com\/#\/schema\/person\/84d2fc571684f6248ba83092f07750a3\"},\"breadcrumb\":{\"@id\":\"https:\/\/sulsc.com\/index.php\/2023\/09\/16\/semana-nacional-do-transito-sera-aberta-neste-sabado-16\/#breadcrumb\"},\"inLanguage\":\"en-US\",\"potentialAction\":[{\"@type\":\"ReadAction\",\"target\":[\"https:\/\/sulsc.com\/index.php\/2023\/09\/16\/semana-nacional-do-transito-sera-aberta-neste-sabado-16\/\"]}]},{\"@type\":\"BreadcrumbList\",\"@id\":\"https:\/\/sulsc.com\/index.php\/2023\/09\/16\/semana-nacional-do-transito-sera-aberta-neste-sabado-16\/#breadcrumb\",\"itemListElement\":[{\"@type\":\"ListItem\",\"position\":1,\"name\":\"In\u00edcio\",\"item\":\"https:\/\/sulsc.com\/\"},{\"@type\":\"ListItem\",\"position\":2,\"name\":\"Semana Nacional do Tr\u00e2nsito ser\u00e1 aberta neste s\u00e1bado (16)\"}]},{\"@type\":\"WebSite\",\"@id\":\"https:\/\/sulsc.com\/#website\",\"url\":\"https:\/\/sulsc.com\/\",\"name\":\"\",\"description\":\"\",\"potentialAction\":[{\"@type\":\"SearchAction\",\"target\":{\"@type\":\"EntryPoint\",\"urlTemplate\":\"https:\/\/sulsc.com\/?s={search_term_string}\"},\"query-input\":\"required name=search_term_string\"}],\"inLanguage\":\"en-US\"},{\"@type\":\"Person\",\"@id\":\"https:\/\/sulsc.com\/#\/schema\/person\/84d2fc571684f6248ba83092f07750a3\",\"name\":\"Reda\u00e7\u00e3o Sul SC\",\"image\":{\"@type\":\"ImageObject\",\"inLanguage\":\"en-US\",\"@id\":\"https:\/\/sulsc.com\/#\/schema\/person\/image\/e08d7fe2cc4ed596372063bbe852b8d0\",\"url\":\"https:\/\/sulsc.com\/wp-content\/uploads\/2023\/09\/redacao.png\",\"contentUrl\":\"https:\/\/sulsc.com\/wp-content\/uploads\/2023\/09\/redacao.png\",\"caption\":\"Reda\u00e7\u00e3o Sul SC\"},\"description\":\"Foco em um jornalismo imparcial, voltado \u00e0 qualidade dos seus conte\u00fados e, assim, levar informa\u00e7\u00e3o de valor que agregue \u00e0 vida dos leitores. Esta \u00e9 grande miss\u00e3o do Portal de Not\u00edcias Sul SC. N\u00e3o \u00e9 quantidade que muda o mundo, sempre foi e seguir\u00e1 sendo qualidade!\",\"sameAs\":[\"https:\/\/sulsc.com\/\",\"https:\/\/www.facebook.com\/profile.php?id=61559278119680\",\"https:\/\/www.instagram.com\/sulscportal\/?hl=pt-br\",\"https:\/\/twitter.com\/https:\/\/twitter.com\/PortalSulSC\",\"https:\/\/www.youtube.com\/channel\/UCv_BE8GeySluDov2n8qhVmw\"],\"url\":\"https:\/\/sulsc.com\/index.php\/author\/redacao\/\"}]}<\/script>\n<!-- \/ Yoast SEO plugin. -->","yoast_head_json":{"title":"Semana Nacional do Tr\u00e2nsito ser\u00e1 aberta neste s\u00e1bado (16) -","robots":{"index":"index","follow":"follow","max-snippet":"max-snippet:-1","max-image-preview":"max-image-preview:large","max-video-preview":"max-video-preview:-1"},"canonical":"https:\/\/sulsc.com\/index.php\/2023\/09\/16\/semana-nacional-do-transito-sera-aberta-neste-sabado-16\/","og_locale":"en_US","og_type":"article","og_title":"Semana Nacional do Tr\u00e2nsito ser\u00e1 aberta neste s\u00e1bado (16) -","og_description":"A Semana Nacional do Tr\u00e2nsito, que ocorre entre 18 a 25 de setembro \u00e9 aberta neste s\u00e1bado (16), Tubar\u00e3o . Neste ano, o tema da campanha \u00e9 \u201cNo tr\u00e2nsito, escolha a vida\u201d. O evento \u00e9 uma iniciativa do Rotary Club de Tubar\u00e3o Leste, com apoio da Prefeitura, por meio da Secretaria de Seguran\u00e7a, Tr\u00e2nsito e &hellip; Semana Nacional do Tr\u00e2nsito ser\u00e1 aberta neste s\u00e1bado (16) Read More &raquo;","og_url":"https:\/\/sulsc.com\/index.php\/2023\/09\/16\/semana-nacional-do-transito-sera-aberta-neste-sabado-16\/","article_author":"https:\/\/www.facebook.com\/profile.php?id=61559278119680","article_published_time":"2023-09-16T14:11:55+00:00","article_modified_time":"2023-09-16T15:03:40+00:00","og_image":[{"width":1000,"height":662,"url":"https:\/\/sulsc.com\/wp-content\/uploads\/2023\/09\/Avenida-Patricio-Lima-13.jpg","type":"image\/jpeg"}],"author":"Reda\u00e7\u00e3o Sul SC","twitter_card":"summary_large_image","twitter_creator":"@https:\/\/twitter.com\/PortalSulSC","twitter_misc":{"Written by":"Reda\u00e7\u00e3o Sul SC","Est. reading time":"1 minute"},"schema":{"@context":"https:\/\/schema.org","@graph":[{"@type":"WebPage","@id":"https:\/\/sulsc.com\/index.php\/2023\/09\/16\/semana-nacional-do-transito-sera-aberta-neste-sabado-16\/","url":"https:\/\/sulsc.com\/index.php\/2023\/09\/16\/semana-nacional-do-transito-sera-aberta-neste-sabado-16\/","name":"Semana Nacional do Tr\u00e2nsito ser\u00e1 aberta neste s\u00e1bado (16) -","isPartOf":{"@id":"https:\/\/sulsc.com\/#website"},"datePublished":"2023-09-16T14:11:55+00:00","dateModified":"2023-09-16T15:03:40+00:00","author":{"@id":"https:\/\/sulsc.com\/#\/schema\/person\/84d2fc571684f6248ba83092f07750a3"},"breadcrumb":{"@id":"https:\/\/sulsc.com\/index.php\/2023\/09\/16\/semana-nacional-do-transito-sera-aberta-neste-sabado-16\/#breadcrumb"},"inLanguage":"en-US","potentialAction":[{"@type":"ReadAction","target":["https:\/\/sulsc.com\/index.php\/2023\/09\/16\/semana-nacional-do-transito-sera-aberta-neste-sabado-16\/"]}]},{"@type":"BreadcrumbList","@id":"https:\/\/sulsc.com\/index.php\/2023\/09\/16\/semana-nacional-do-transito-sera-aberta-neste-sabado-16\/#breadcrumb","itemListElement":[{"@type":"ListItem","position":1,"name":"In\u00edcio","item":"https:\/\/sulsc.com\/"},{"@type":"ListItem","position":2,"name":"Semana Nacional do Tr\u00e2nsito ser\u00e1 aberta neste s\u00e1bado (16)"}]},{"@type":"WebSite","@id":"https:\/\/sulsc.com\/#website","url":"https:\/\/sulsc.com\/","name":"","description":"","potentialAction":[{"@type":"SearchAction","target":{"@type":"EntryPoint","urlTemplate":"https:\/\/sulsc.com\/?s={search_term_string}"},"query-input":"required name=search_term_string"}],"inLanguage":"en-US"},{"@type":"Person","@id":"https:\/\/sulsc.com\/#\/schema\/person\/84d2fc571684f6248ba83092f07750a3","name":"Reda\u00e7\u00e3o Sul SC","image":{"@type":"ImageObject","inLanguage":"en-US","@id":"https:\/\/sulsc.com\/#\/schema\/person\/image\/e08d7fe2cc4ed596372063bbe852b8d0","url":"https:\/\/sulsc.com\/wp-content\/uploads\/2023\/09\/redacao.png","contentUrl":"https:\/\/sulsc.com\/wp-content\/uploads\/2023\/09\/redacao.png","caption":"Reda\u00e7\u00e3o Sul SC"},"description":"Foco em um jornalismo imparcial, voltado \u00e0 qualidade dos seus conte\u00fados e, assim, levar informa\u00e7\u00e3o de valor que agregue \u00e0 vida dos leitores. Esta \u00e9 grande miss\u00e3o do Portal de Not\u00edcias Sul SC. N\u00e3o \u00e9 quantidade que muda o mundo, sempre foi e seguir\u00e1 sendo qualidade!","sameAs":["https:\/\/sulsc.com\/","https:\/\/www.facebook.com\/profile.php?id=61559278119680","https:\/\/www.instagram.com\/sulscportal\/?hl=pt-br","https:\/\/twitter.com\/https:\/\/twitter.com\/PortalSulSC","https:\/\/www.youtube.com\/channel\/UCv_BE8GeySluDov2n8qhVmw"],"url":"https:\/\/sulsc.com\/index.php\/author\/redacao\/"}]}},"authors":[],"_links":{"self":[{"href":"https:\/\/sulsc.com\/index.php\/wp-json\/wp\/v2\/posts\/1131"}],"collection":[{"href":"https:\/\/sulsc.com\/index.php\/wp-json\/wp\/v2\/posts"}],"about":[{"href":"https:\/\/sulsc.com\/index.php\/wp-json\/wp\/v2\/types\/post"}],"author":[{"embeddable":true,"href":"https:\/\/sulsc.com\/index.php\/wp-json\/wp\/v2\/users\/3"}],"replies":[{"embeddable":true,"href":"https:\/\/sulsc.com\/index.php\/wp-json\/wp\/v2\/comments?post=1131"}],"version-history":[{"count":1,"href":"https:\/\/sulsc.com\/index.php\/wp-json\/wp\/v2\/posts\/1131\/revisions"}],"predecessor-version":[{"id":1133,"href":"https:\/\/sulsc.com\/index.php\/wp-json\/wp\/v2\/posts\/1131\/revisions\/1133"}],"wp:featuredmedia":[{"embeddable":true,"href":"https:\/\/sulsc.com\/index.php\/wp-json\/wp\/v2\/media\/1137"}],"wp:attachment":[{"href":"https:\/\/sulsc.com\/index.php\/wp-json\/wp\/v2\/media?parent=1131"}],"wp:term":[{"taxonomy":"category","embeddable":true,"href":"https:\/\/sulsc.com\/index.php\/wp-json\/wp\/v2\/categories?post=1131"},{"taxonomy":"post_tag","embeddable":true,"href":"https:\/\/sulsc.com\/index.php\/wp-json\/wp\/v2\/tags?post=1131"}],"curies":[{"name":"wp","href":"https:\/\/api.w.org\/{rel}","templated":true}]}}