{"id":11355,"date":"2024-04-27T11:29:13","date_gmt":"2024-04-27T14:29:13","guid":{"rendered":"https:\/\/sulsc.com\/?p=11355"},"modified":"2024-04-27T15:26:21","modified_gmt":"2024-04-27T18:26:21","slug":"ima-divulga-relatorio-mensal-com-informacoes-de-balneabilidade-do-mes-de-abril","status":"publish","type":"post","link":"https:\/\/sulsc.com\/index.php\/2024\/04\/27\/ima-divulga-relatorio-mensal-com-informacoes-de-balneabilidade-do-mes-de-abril\/","title":{"rendered":"IMA divulga relat\u00f3rio mensal com informa\u00e7\u00f5es de balneabilidade do m\u00eas de abril"},"content":{"rendered":"<p><span style=\"vertical-align: inherit;\"><span style=\"vertical-align: inherit;\">O Instituto do Meio Ambiente do Estado de Santa Catarina (IMA) divulga o relat\u00f3rio de balneabilidade referente ao m\u00eas de abril. De acordo com as coletas realizadas nos 238 pontos monitorados pelo Instituto no Litoral Catarinense, 187 s\u00e3o pr\u00f3prios para banho, o que representa 78,57%. Em Florian\u00f3polis, dos 87 pontos espec\u00edficos, 67 s\u00e3o adequados para banho, o que equivale a 77,01%.<\/span><\/span><\/p>\n<p><span style=\"vertical-align: inherit;\"><span style=\"vertical-align: inherit;\">O Programa de Monitoramento da Balneabilidade do IMA contempla 28 munic\u00edpios litor\u00e2neos e mais de 100 praias e\/ou balne\u00e1rios do Sul ao Norte de Santa Catarina, compondo as cidades de: Ararangu\u00e1, Balne\u00e1rio Arroio do Silva, Balne\u00e1rio Gaivota, Balne\u00e1rio Cambori\u00fa, Balne\u00e1rio Barra do Sul, Balne\u00e1rio Rinc\u00e3o, Barra Velha, Bigua\u00e7u, Bombinhas, Florian\u00f3polis, Garopaba, Governador Celso Ramos, Imbituba, Itaja\u00ed, Itapema, Itapo\u00e1, Jaguaruna, Joinville, Laguna, Navegantes, Palho\u00e7a, Paulo Lopes, Passo de Torres, Penha, Balne\u00e1rio Pi\u00e7arras, Porto Belo, S\u00e3o Francisco do Sul e S\u00e3o Jos\u00e9.<\/span><\/span><\/p>\n<p><img fetchpriority=\"high\" decoding=\"async\" class=\"alignnone size-medium wp-image-11356\" src=\"http:\/\/sulsc.com\/wp-content\/uploads\/2024\/04\/IMA-divulga-relatorio-de-balneabilidade-300x225.jpeg\" alt=\"\" width=\"300\" height=\"225\" srcset=\"https:\/\/sulsc.com\/wp-content\/uploads\/2024\/04\/IMA-divulga-relatorio-de-balneabilidade-300x225.jpeg 300w, https:\/\/sulsc.com\/wp-content\/uploads\/2024\/04\/IMA-divulga-relatorio-de-balneabilidade-1024x768.jpeg 1024w, https:\/\/sulsc.com\/wp-content\/uploads\/2024\/04\/IMA-divulga-relatorio-de-balneabilidade-768x576.jpeg 768w, https:\/\/sulsc.com\/wp-content\/uploads\/2024\/04\/IMA-divulga-relatorio-de-balneabilidade-1536x1152.jpeg 1536w, https:\/\/sulsc.com\/wp-content\/uploads\/2024\/04\/IMA-divulga-relatorio-de-balneabilidade.jpeg 1600w\" sizes=\"(max-width: 300px) 100vw, 300px\" \/><\/p>\n<p><strong><span style=\"vertical-align: inherit;\"><span style=\"vertical-align: inherit;\">Nota T\u00e9cnica<\/span><\/span><\/strong><\/p>\n<p><span style=\"vertical-align: inherit;\"><span style=\"vertical-align: inherit;\">O \u00faltimo relat\u00f3rio de balneabilidade divulgado em 27 de mar\u00e7o de 2024, demonstrava que Florian\u00f3polis (regi\u00e3o de Coqueiros), os pontos 04, 05, 06 e 07, respectivamente, Praia da Saudade, Praia do Meio, Praia do Itagua\u00e7u e Praia das Palmeiras, ostentavam uma condi\u00e7\u00e3o de impropriedade em car\u00e1ter preventivo, visto a ocorr\u00eancia de toxicidade de algas que come\u00e7ou no dia 19 de fevereiro como uma combina\u00e7\u00e3o de diversos fatores ambientais desenvolvidos e a presen\u00e7a de in\u00f3culos de c\u00e9lulas de\u00a0 <\/span><\/span><em><span style=\"vertical-align: inherit;\"><span style=\"vertical-align: inherit;\">Karenia spp.<\/span><\/span><\/em><span style=\"vertical-align: inherit;\"><span style=\"vertical-align: inherit;\"> \u00a0na regi\u00e3o.<\/span><\/span><\/p>\n<p><span style=\"vertical-align: inherit;\"><span style=\"vertical-align: inherit;\">Neste mesmo dia foi poss\u00edvel perceber a presen\u00e7a de manchas escuras sobre o mar no Sul da Ilha de Florian\u00f3polis, podendo ser ali o in\u00edcio da perturba\u00e7\u00e3o que se deslocou para dentro da Ba\u00eda Sul. J\u00e1 dentro da Ba\u00eda Sul, a fam\u00edlia encontrou boas condi\u00e7\u00f5es para a sua manuten\u00e7\u00e3o, e prevaleceu por pelo menos 30 dias.<\/span><\/span><\/p>\n<p><span style=\"vertical-align: inherit;\"><span style=\"vertical-align: inherit;\">J\u00e1 no dia 20 de abril n\u00e3o se percebeu qualquer sinal daquele acontecimento marcante presente nos dias anteriores atrav\u00e9s de imagens de sat\u00e9lite. Para confirmar a situa\u00e7\u00e3o real da \u00e1rea, novas coletas\u00a0 <\/span><\/span><em><span style=\"vertical-align: inherit;\"><span style=\"vertical-align: inherit;\">in loco<\/span><\/span><\/em><span style=\"vertical-align: inherit;\"><span style=\"vertical-align: inherit;\"> \u00a0foram realizadas pelo IMA em 22 de abril de 2024 e examinadas em parceria com o Instituto Federal de Santa Catarina (IFSC), campus de Itaja\u00ed, Laborat\u00f3rio LAQUA.<\/span><\/span><\/p>\n<p><span style=\"vertical-align: inherit;\"><span style=\"vertical-align: inherit;\">Todas as amostras coletadas n\u00e3o foram apresentadas em mais c\u00e9lulas de\u00a0 <\/span><\/span><em><span style=\"vertical-align: inherit;\"><span style=\"vertical-align: inherit;\">Karenia spp.<\/span><\/span><\/em><span style=\"vertical-align: inherit;\"><span style=\"vertical-align: inherit;\"> , confirmando a dispers\u00e3o da concentra\u00e7\u00e3o desta microalga potencialmente t\u00f3xica. Nossas coletadas rotineiramente pela Cidasc tamb\u00e9m apontaram o fim da particularidade nos pontos monitorados por aquele \u00f3rg\u00e3o.<\/span><\/span><\/p>\n<p><span style=\"vertical-align: inherit;\"><span style=\"vertical-align: inherit;\">O ocean\u00f3grafo do IMA, Carlos Eduardo Junqueira de Azevedo Tibiri\u00e7a, concluiu que a subst\u00e2ncia da microalga potencialmente t\u00f3xica,\u00a0 <\/span><\/span><em><span style=\"vertical-align: inherit;\"><span style=\"vertical-align: inherit;\">Karenia spp.<\/span><\/span><\/em><span style=\"vertical-align: inherit;\"><span style=\"vertical-align: inherit;\"> \u00a0que ocorreu desde o in\u00edcio de mar\u00e7o deste ano na Ba\u00eda Sul, entre a Ilha de Florian\u00f3polis e o continente, se dispersou. Assim, para os pontos de balneabilidade acima mencionados que foram considerados impr\u00f3prios apenas pela presen\u00e7a da les\u00e3o, a situa\u00e7\u00e3o pode ser atualizada para \u201cPr\u00f3pria para Banho\u201d, seguindo sempre a recomenda\u00e7\u00e3o de evitar banho em qualquer mancha desconhecida presente na \u00e1gua.<\/span><\/span><\/p>\n<p>&nbsp;<\/p>\n<p><strong><span style=\"vertical-align: inherit;\"><span style=\"vertical-align: inherit;\">Divulga\u00e7\u00e3o da Balneabilidade<\/span><\/span><\/strong><\/p>\n<p><span style=\"vertical-align: inherit;\"><span style=\"vertical-align: inherit;\">O Programa de Monitoramento de Balneabilidade do IMA segue um\u00a0 <\/span><\/span><a role=\"link\" href=\"https:\/\/www.ima.sc.gov.br\/index.php\/qualidade-ambiental\/balneabilidade\/cronogramas-e-coletas\"><u><span style=\"vertical-align: inherit;\"><span style=\"vertical-align: inherit;\">cronograma pr\u00e9vio de coletas<\/span><\/span><\/u><\/a><u>\u00a0<\/u><span style=\"vertical-align: inherit;\"><span style=\"vertical-align: inherit;\"> comprovando transpar\u00eancia e publicidade ao processo. Desta forma, todo cidad\u00e3o pode acompanhar quando houver uma coleta em determinado ponto. \u00c0 medida que as an\u00e1lises est\u00e3o sendo conclu\u00eddas pelo laborat\u00f3rio do IMA, o resultado do ponto \u00e9 atualizado automaticamente e pode ser conferido no\u00a0 <\/span><\/span><strong><a role=\"link\" href=\"https:\/\/balneabilidade.ima.sc.gov.br\/\"><u><span style=\"vertical-align: inherit;\"><span style=\"vertical-align: inherit;\">mapa do site<\/span><\/span><\/u><\/a><u>\u00a0<\/u><\/strong><span style=\"vertical-align: inherit;\"><span style=\"vertical-align: inherit;\"> e no aplicativo Praia Segura do Corpo de Bombeiros Militar de Santa Catarina (CBMSC).<\/span><\/span><\/p>\n<p><span style=\"vertical-align: inherit;\"><span style=\"vertical-align: inherit;\">Para acompanhar os resultados das coletas, basta clicar nas bandeirinhas do ponto de interesse e conferir no mapa do site o status da propriedade da praia e os dados da \u00faltima coleta realizada no local. O site tamb\u00e9m possui o menu hist\u00f3rico, um espa\u00e7o de pesquisa onde \u00e9 poss\u00edvel acessar dados, hor\u00e1rios, condi\u00e7\u00f5es de vento, mar\u00e9, entre outras informa\u00e7\u00f5es que s\u00e3o registradas no momento da coleta e os resultados da condi\u00e7\u00e3o pr\u00f3pria ou impr\u00f3pria de cada ponto amostrado.<\/span><\/span><\/p>\n<p><span style=\"vertical-align: inherit;\"><span style=\"vertical-align: inherit;\">De novembro a mar\u00e7o, o IMA realiza o monitoramento da balneabilidade das praias catarinenses semanalmente, e \u00e0s sextas-feiras, divulga um\u00a0 <\/span><\/span><em><span style=\"vertical-align: inherit;\"><span style=\"vertical-align: inherit;\">release\u00a0<\/span><\/span><\/em><span style=\"vertical-align: inherit;\"><span style=\"vertical-align: inherit;\"> com o balan\u00e7o da semana. J\u00e1 entre os meses de abril e outubro, a pesquisa e a divulga\u00e7\u00e3o s\u00e3o mensais.<\/span><\/span><\/p>\n<div class=\"addtoany_share_save_container addtoany_content addtoany_content_bottom\">\n<div class=\"a2a_kit a2a_kit_size_22 addtoany_list\" data-a2a-url=\"https:\/\/estado.sc.gov.br\/noticias\/ima-divulga-relatorio-mensal-com-informacoes-de-balneabilidade-do-mes-de-abril-3\/\" data-a2a-title=\"IMA divulga relat\u00f3rio mensal com informa\u00e7\u00f5es de balneabilidade do m\u00eas de abril\"><\/div>\n<\/div>\n","protected":false},"excerpt":{"rendered":"<p>O Instituto do Meio Ambiente do Estado de Santa Catarina (IMA) divulga o relat\u00f3rio de balneabilidade referente ao m\u00eas de abril. De acordo com as coletas realizadas nos 238 pontos monitorados pelo Instituto no Litoral Catarinense, 187 s\u00e3o pr\u00f3prios para banho, o que representa 78,57%. Em Florian\u00f3polis, dos 87 pontos espec\u00edficos, 67 s\u00e3o adequados para &hellip;<\/p>\n<p class=\"read-more\"> <a class=\"\" href=\"https:\/\/sulsc.com\/index.php\/2024\/04\/27\/ima-divulga-relatorio-mensal-com-informacoes-de-balneabilidade-do-mes-de-abril\/\"> <span class=\"screen-reader-text\">IMA divulga relat\u00f3rio mensal com informa\u00e7\u00f5es de balneabilidade do m\u00eas de abril<\/span> Read More &raquo;<\/a><\/p>\n","protected":false},"author":3,"featured_media":11356,"comment_status":"open","ping_status":"open","sticky":false,"template":"","format":"standard","meta":{"site-sidebar-layout":"default","site-content-layout":"","ast-site-content-layout":"default","site-content-style":"default","site-sidebar-style":"default","ast-global-header-display":"","ast-banner-title-visibility":"","ast-main-header-display":"","ast-hfb-above-header-display":"","ast-hfb-below-header-display":"","ast-hfb-mobile-header-display":"","site-post-title":"","ast-breadcrumbs-content":"","ast-featured-img":"","footer-sml-layout":"","theme-transparent-header-meta":"default","adv-header-id-meta":"","stick-header-meta":"","header-above-stick-meta":"","header-main-stick-meta":"","header-below-stick-meta":"","astra-migrate-meta-layouts":"set","footnotes":""},"categories":[17],"tags":[],"yoast_head":"<!-- This site is optimized with the Yoast SEO plugin v21.4 - https:\/\/yoast.com\/wordpress\/plugins\/seo\/ -->\n<title>IMA divulga relat\u00f3rio mensal com informa\u00e7\u00f5es de balneabilidade do m\u00eas de abril -<\/title>\n<meta name=\"robots\" content=\"index, follow, max-snippet:-1, max-image-preview:large, max-video-preview:-1\" \/>\n<link rel=\"canonical\" href=\"https:\/\/sulsc.com\/index.php\/2024\/04\/27\/ima-divulga-relatorio-mensal-com-informacoes-de-balneabilidade-do-mes-de-abril\/\" \/>\n<meta property=\"og:locale\" content=\"en_US\" \/>\n<meta property=\"og:type\" content=\"article\" \/>\n<meta property=\"og:title\" content=\"IMA divulga relat\u00f3rio mensal com informa\u00e7\u00f5es de balneabilidade do m\u00eas de abril -\" \/>\n<meta property=\"og:description\" content=\"O Instituto do Meio Ambiente do Estado de Santa Catarina (IMA) divulga o relat\u00f3rio de balneabilidade referente ao m\u00eas de abril. De acordo com as coletas realizadas nos 238 pontos monitorados pelo Instituto no Litoral Catarinense, 187 s\u00e3o pr\u00f3prios para banho, o que representa 78,57%. Em Florian\u00f3polis, dos 87 pontos espec\u00edficos, 67 s\u00e3o adequados para &hellip; IMA divulga relat\u00f3rio mensal com informa\u00e7\u00f5es de balneabilidade do m\u00eas de abril Read More &raquo;\" \/>\n<meta property=\"og:url\" content=\"https:\/\/sulsc.com\/index.php\/2024\/04\/27\/ima-divulga-relatorio-mensal-com-informacoes-de-balneabilidade-do-mes-de-abril\/\" \/>\n<meta property=\"article:author\" content=\"https:\/\/www.facebook.com\/profile.php?id=61559278119680\" \/>\n<meta property=\"article:published_time\" content=\"2024-04-27T14:29:13+00:00\" \/>\n<meta property=\"article:modified_time\" content=\"2024-04-27T18:26:21+00:00\" \/>\n<meta property=\"og:image\" content=\"http:\/\/sulsc.com\/wp-content\/uploads\/2024\/04\/IMA-divulga-relatorio-de-balneabilidade.jpeg\" \/>\n\t<meta property=\"og:image:width\" content=\"1600\" \/>\n\t<meta property=\"og:image:height\" content=\"1200\" \/>\n\t<meta property=\"og:image:type\" content=\"image\/jpeg\" \/>\n<meta name=\"author\" content=\"Reda\u00e7\u00e3o Sul SC\" \/>\n<meta name=\"twitter:card\" content=\"summary_large_image\" \/>\n<meta name=\"twitter:creator\" content=\"@https:\/\/twitter.com\/PortalSulSC\" \/>\n<meta name=\"twitter:label1\" content=\"Written by\" \/>\n\t<meta name=\"twitter:data1\" content=\"Reda\u00e7\u00e3o Sul SC\" \/>\n\t<meta name=\"twitter:label2\" content=\"Est. reading time\" \/>\n\t<meta name=\"twitter:data2\" content=\"4 minutes\" \/>\n<script type=\"application\/ld+json\" class=\"yoast-schema-graph\">{\"@context\":\"https:\/\/schema.org\",\"@graph\":[{\"@type\":\"WebPage\",\"@id\":\"https:\/\/sulsc.com\/index.php\/2024\/04\/27\/ima-divulga-relatorio-mensal-com-informacoes-de-balneabilidade-do-mes-de-abril\/\",\"url\":\"https:\/\/sulsc.com\/index.php\/2024\/04\/27\/ima-divulga-relatorio-mensal-com-informacoes-de-balneabilidade-do-mes-de-abril\/\",\"name\":\"IMA divulga relat\u00f3rio mensal com informa\u00e7\u00f5es de balneabilidade do m\u00eas de abril -\",\"isPartOf\":{\"@id\":\"https:\/\/sulsc.com\/#website\"},\"datePublished\":\"2024-04-27T14:29:13+00:00\",\"dateModified\":\"2024-04-27T18:26:21+00:00\",\"author\":{\"@id\":\"https:\/\/sulsc.com\/#\/schema\/person\/84d2fc571684f6248ba83092f07750a3\"},\"breadcrumb\":{\"@id\":\"https:\/\/sulsc.com\/index.php\/2024\/04\/27\/ima-divulga-relatorio-mensal-com-informacoes-de-balneabilidade-do-mes-de-abril\/#breadcrumb\"},\"inLanguage\":\"en-US\",\"potentialAction\":[{\"@type\":\"ReadAction\",\"target\":[\"https:\/\/sulsc.com\/index.php\/2024\/04\/27\/ima-divulga-relatorio-mensal-com-informacoes-de-balneabilidade-do-mes-de-abril\/\"]}]},{\"@type\":\"BreadcrumbList\",\"@id\":\"https:\/\/sulsc.com\/index.php\/2024\/04\/27\/ima-divulga-relatorio-mensal-com-informacoes-de-balneabilidade-do-mes-de-abril\/#breadcrumb\",\"itemListElement\":[{\"@type\":\"ListItem\",\"position\":1,\"name\":\"In\u00edcio\",\"item\":\"https:\/\/sulsc.com\/\"},{\"@type\":\"ListItem\",\"position\":2,\"name\":\"IMA divulga relat\u00f3rio mensal com informa\u00e7\u00f5es de balneabilidade do m\u00eas de abril\"}]},{\"@type\":\"WebSite\",\"@id\":\"https:\/\/sulsc.com\/#website\",\"url\":\"https:\/\/sulsc.com\/\",\"name\":\"\",\"description\":\"\",\"potentialAction\":[{\"@type\":\"SearchAction\",\"target\":{\"@type\":\"EntryPoint\",\"urlTemplate\":\"https:\/\/sulsc.com\/?s={search_term_string}\"},\"query-input\":\"required name=search_term_string\"}],\"inLanguage\":\"en-US\"},{\"@type\":\"Person\",\"@id\":\"https:\/\/sulsc.com\/#\/schema\/person\/84d2fc571684f6248ba83092f07750a3\",\"name\":\"Reda\u00e7\u00e3o Sul SC\",\"image\":{\"@type\":\"ImageObject\",\"inLanguage\":\"en-US\",\"@id\":\"https:\/\/sulsc.com\/#\/schema\/person\/image\/e08d7fe2cc4ed596372063bbe852b8d0\",\"url\":\"https:\/\/sulsc.com\/wp-content\/uploads\/2023\/09\/redacao.png\",\"contentUrl\":\"https:\/\/sulsc.com\/wp-content\/uploads\/2023\/09\/redacao.png\",\"caption\":\"Reda\u00e7\u00e3o Sul SC\"},\"description\":\"Foco em um jornalismo imparcial, voltado \u00e0 qualidade dos seus conte\u00fados e, assim, levar informa\u00e7\u00e3o de valor que agregue \u00e0 vida dos leitores. Esta \u00e9 grande miss\u00e3o do Portal de Not\u00edcias Sul SC. N\u00e3o \u00e9 quantidade que muda o mundo, sempre foi e seguir\u00e1 sendo qualidade!\",\"sameAs\":[\"https:\/\/sulsc.com\/\",\"https:\/\/www.facebook.com\/profile.php?id=61559278119680\",\"https:\/\/www.instagram.com\/sulscportal\/?hl=pt-br\",\"https:\/\/twitter.com\/https:\/\/twitter.com\/PortalSulSC\",\"https:\/\/www.youtube.com\/channel\/UCv_BE8GeySluDov2n8qhVmw\"],\"url\":\"https:\/\/sulsc.com\/index.php\/author\/redacao\/\"}]}<\/script>\n<!-- \/ Yoast SEO plugin. -->","yoast_head_json":{"title":"IMA divulga relat\u00f3rio mensal com informa\u00e7\u00f5es de balneabilidade do m\u00eas de abril -","robots":{"index":"index","follow":"follow","max-snippet":"max-snippet:-1","max-image-preview":"max-image-preview:large","max-video-preview":"max-video-preview:-1"},"canonical":"https:\/\/sulsc.com\/index.php\/2024\/04\/27\/ima-divulga-relatorio-mensal-com-informacoes-de-balneabilidade-do-mes-de-abril\/","og_locale":"en_US","og_type":"article","og_title":"IMA divulga relat\u00f3rio mensal com informa\u00e7\u00f5es de balneabilidade do m\u00eas de abril -","og_description":"O Instituto do Meio Ambiente do Estado de Santa Catarina (IMA) divulga o relat\u00f3rio de balneabilidade referente ao m\u00eas de abril. De acordo com as coletas realizadas nos 238 pontos monitorados pelo Instituto no Litoral Catarinense, 187 s\u00e3o pr\u00f3prios para banho, o que representa 78,57%. Em Florian\u00f3polis, dos 87 pontos espec\u00edficos, 67 s\u00e3o adequados para &hellip; IMA divulga relat\u00f3rio mensal com informa\u00e7\u00f5es de balneabilidade do m\u00eas de abril Read More &raquo;","og_url":"https:\/\/sulsc.com\/index.php\/2024\/04\/27\/ima-divulga-relatorio-mensal-com-informacoes-de-balneabilidade-do-mes-de-abril\/","article_author":"https:\/\/www.facebook.com\/profile.php?id=61559278119680","article_published_time":"2024-04-27T14:29:13+00:00","article_modified_time":"2024-04-27T18:26:21+00:00","og_image":[{"width":1600,"height":1200,"url":"http:\/\/sulsc.com\/wp-content\/uploads\/2024\/04\/IMA-divulga-relatorio-de-balneabilidade.jpeg","type":"image\/jpeg"}],"author":"Reda\u00e7\u00e3o Sul SC","twitter_card":"summary_large_image","twitter_creator":"@https:\/\/twitter.com\/PortalSulSC","twitter_misc":{"Written by":"Reda\u00e7\u00e3o Sul SC","Est. reading time":"4 minutes"},"schema":{"@context":"https:\/\/schema.org","@graph":[{"@type":"WebPage","@id":"https:\/\/sulsc.com\/index.php\/2024\/04\/27\/ima-divulga-relatorio-mensal-com-informacoes-de-balneabilidade-do-mes-de-abril\/","url":"https:\/\/sulsc.com\/index.php\/2024\/04\/27\/ima-divulga-relatorio-mensal-com-informacoes-de-balneabilidade-do-mes-de-abril\/","name":"IMA divulga relat\u00f3rio mensal com informa\u00e7\u00f5es de balneabilidade do m\u00eas de abril -","isPartOf":{"@id":"https:\/\/sulsc.com\/#website"},"datePublished":"2024-04-27T14:29:13+00:00","dateModified":"2024-04-27T18:26:21+00:00","author":{"@id":"https:\/\/sulsc.com\/#\/schema\/person\/84d2fc571684f6248ba83092f07750a3"},"breadcrumb":{"@id":"https:\/\/sulsc.com\/index.php\/2024\/04\/27\/ima-divulga-relatorio-mensal-com-informacoes-de-balneabilidade-do-mes-de-abril\/#breadcrumb"},"inLanguage":"en-US","potentialAction":[{"@type":"ReadAction","target":["https:\/\/sulsc.com\/index.php\/2024\/04\/27\/ima-divulga-relatorio-mensal-com-informacoes-de-balneabilidade-do-mes-de-abril\/"]}]},{"@type":"BreadcrumbList","@id":"https:\/\/sulsc.com\/index.php\/2024\/04\/27\/ima-divulga-relatorio-mensal-com-informacoes-de-balneabilidade-do-mes-de-abril\/#breadcrumb","itemListElement":[{"@type":"ListItem","position":1,"name":"In\u00edcio","item":"https:\/\/sulsc.com\/"},{"@type":"ListItem","position":2,"name":"IMA divulga relat\u00f3rio mensal com informa\u00e7\u00f5es de balneabilidade do m\u00eas de abril"}]},{"@type":"WebSite","@id":"https:\/\/sulsc.com\/#website","url":"https:\/\/sulsc.com\/","name":"","description":"","potentialAction":[{"@type":"SearchAction","target":{"@type":"EntryPoint","urlTemplate":"https:\/\/sulsc.com\/?s={search_term_string}"},"query-input":"required name=search_term_string"}],"inLanguage":"en-US"},{"@type":"Person","@id":"https:\/\/sulsc.com\/#\/schema\/person\/84d2fc571684f6248ba83092f07750a3","name":"Reda\u00e7\u00e3o Sul SC","image":{"@type":"ImageObject","inLanguage":"en-US","@id":"https:\/\/sulsc.com\/#\/schema\/person\/image\/e08d7fe2cc4ed596372063bbe852b8d0","url":"https:\/\/sulsc.com\/wp-content\/uploads\/2023\/09\/redacao.png","contentUrl":"https:\/\/sulsc.com\/wp-content\/uploads\/2023\/09\/redacao.png","caption":"Reda\u00e7\u00e3o Sul SC"},"description":"Foco em um jornalismo imparcial, voltado \u00e0 qualidade dos seus conte\u00fados e, assim, levar informa\u00e7\u00e3o de valor que agregue \u00e0 vida dos leitores. Esta \u00e9 grande miss\u00e3o do Portal de Not\u00edcias Sul SC. N\u00e3o \u00e9 quantidade que muda o mundo, sempre foi e seguir\u00e1 sendo qualidade!","sameAs":["https:\/\/sulsc.com\/","https:\/\/www.facebook.com\/profile.php?id=61559278119680","https:\/\/www.instagram.com\/sulscportal\/?hl=pt-br","https:\/\/twitter.com\/https:\/\/twitter.com\/PortalSulSC","https:\/\/www.youtube.com\/channel\/UCv_BE8GeySluDov2n8qhVmw"],"url":"https:\/\/sulsc.com\/index.php\/author\/redacao\/"}]}},"authors":[],"_links":{"self":[{"href":"https:\/\/sulsc.com\/index.php\/wp-json\/wp\/v2\/posts\/11355"}],"collection":[{"href":"https:\/\/sulsc.com\/index.php\/wp-json\/wp\/v2\/posts"}],"about":[{"href":"https:\/\/sulsc.com\/index.php\/wp-json\/wp\/v2\/types\/post"}],"author":[{"embeddable":true,"href":"https:\/\/sulsc.com\/index.php\/wp-json\/wp\/v2\/users\/3"}],"replies":[{"embeddable":true,"href":"https:\/\/sulsc.com\/index.php\/wp-json\/wp\/v2\/comments?post=11355"}],"version-history":[{"count":2,"href":"https:\/\/sulsc.com\/index.php\/wp-json\/wp\/v2\/posts\/11355\/revisions"}],"predecessor-version":[{"id":11384,"href":"https:\/\/sulsc.com\/index.php\/wp-json\/wp\/v2\/posts\/11355\/revisions\/11384"}],"wp:featuredmedia":[{"embeddable":true,"href":"https:\/\/sulsc.com\/index.php\/wp-json\/wp\/v2\/media\/11356"}],"wp:attachment":[{"href":"https:\/\/sulsc.com\/index.php\/wp-json\/wp\/v2\/media?parent=11355"}],"wp:term":[{"taxonomy":"category","embeddable":true,"href":"https:\/\/sulsc.com\/index.php\/wp-json\/wp\/v2\/categories?post=11355"},{"taxonomy":"post_tag","embeddable":true,"href":"https:\/\/sulsc.com\/index.php\/wp-json\/wp\/v2\/tags?post=11355"}],"curies":[{"name":"wp","href":"https:\/\/api.w.org\/{rel}","templated":true}]}}