{"id":1142,"date":"2023-09-16T12:27:05","date_gmt":"2023-09-16T15:27:05","guid":{"rendered":"https:\/\/sulsc.com\/?p=1142"},"modified":"2023-09-16T12:27:05","modified_gmt":"2023-09-16T15:27:05","slug":"projetos-sobre-anita-garibaldi-serao-apresentados-dia-26-no-cine-mussi","status":"publish","type":"post","link":"https:\/\/sulsc.com\/index.php\/2023\/09\/16\/projetos-sobre-anita-garibaldi-serao-apresentados-dia-26-no-cine-mussi\/","title":{"rendered":"Projetos sobre Anita Garibaldi ser\u00e3o apresentados dia 26, no Cine Mussi"},"content":{"rendered":"<p>Para contribuir com o desenvolvimento tur\u00edstico e cultural da regi\u00e3o, a Prefeitura de Laguna, por meio da Funda\u00e7\u00e3o Lagunense de Cultura (FLC) promove um evento especial. A a\u00e7\u00e3o conta com o Instituto CulturAnita e Encantos do Sul.<\/p>\n<p>Na oportunidade, ser\u00e3o apresentados dois projetos internacionais de grande import\u00e2ncia: \u2018Caminhos de Anita\u2019 e \u2018Anita Fidelis\u2019. O objetivo destes projetos \u00e9 incluir as cidades do sul de Santa Catarina em iniciativas que promovam o turismo e a cultura das cidades.<\/p>\n<p>O encontro, aberto ao p\u00fablico, ocorre no pr\u00f3ximo dia 26 de setembro, \u00e0s 14h, no Cine Teatro Mussi, Centro Hist\u00f3rico. Diversas institui\u00e7\u00f5es catarinenses, apoiam o evento, incluindo o Tribunal de Justi\u00e7a, Assembleia Legislativa de Santa Catarina, Academia Catarinense de Letras, Instituto Hist\u00f3rico e Geogr\u00e1fico de Santa Catarina, al\u00e9m de cidades catarinenses, riograndenses e paranaenses que se uniram a essa causa.<\/p>\n<p>&nbsp;<\/p>\n<p><img fetchpriority=\"high\" decoding=\"async\" class=\"alignnone size-medium wp-image-1144\" src=\"http:\/\/sulsc.com\/wp-content\/uploads\/2023\/09\/aerea-do-Centro-Historico-de-Laguna-300x197.png\" alt=\"\" width=\"300\" height=\"197\" srcset=\"https:\/\/sulsc.com\/wp-content\/uploads\/2023\/09\/aerea-do-Centro-Historico-de-Laguna-300x197.png 300w, https:\/\/sulsc.com\/wp-content\/uploads\/2023\/09\/aerea-do-Centro-Historico-de-Laguna-768x503.png 768w, https:\/\/sulsc.com\/wp-content\/uploads\/2023\/09\/aerea-do-Centro-Historico-de-Laguna.png 850w\" sizes=\"(max-width: 300px) 100vw, 300px\" \/><\/p>\n<p>Fonte: Pref. Laguna<\/p>\n","protected":false},"excerpt":{"rendered":"<p>Para contribuir com o desenvolvimento tur\u00edstico e cultural da regi\u00e3o, a Prefeitura de Laguna, por meio da Funda\u00e7\u00e3o Lagunense de Cultura (FLC) promove um evento especial. A a\u00e7\u00e3o conta com o Instituto CulturAnita e Encantos do Sul. Na oportunidade, ser\u00e3o apresentados dois projetos internacionais de grande import\u00e2ncia: \u2018Caminhos de Anita\u2019 e \u2018Anita Fidelis\u2019. O objetivo &hellip;<\/p>\n<p class=\"read-more\"> <a class=\"\" href=\"https:\/\/sulsc.com\/index.php\/2023\/09\/16\/projetos-sobre-anita-garibaldi-serao-apresentados-dia-26-no-cine-mussi\/\"> <span class=\"screen-reader-text\">Projetos sobre Anita Garibaldi ser\u00e3o apresentados dia 26, no Cine Mussi<\/span> Read More &raquo;<\/a><\/p>\n","protected":false},"author":3,"featured_media":1143,"comment_status":"open","ping_status":"open","sticky":false,"template":"","format":"standard","meta":{"site-sidebar-layout":"default","site-content-layout":"default","ast-site-content-layout":"","site-content-style":"default","site-sidebar-style":"default","ast-global-header-display":"","ast-banner-title-visibility":"","ast-main-header-display":"","ast-hfb-above-header-display":"","ast-hfb-below-header-display":"","ast-hfb-mobile-header-display":"","site-post-title":"","ast-breadcrumbs-content":"","ast-featured-img":"","footer-sml-layout":"","theme-transparent-header-meta":"default","adv-header-id-meta":"","stick-header-meta":"","header-above-stick-meta":"","header-main-stick-meta":"","header-below-stick-meta":"","astra-migrate-meta-layouts":"","footnotes":""},"categories":[1,22],"tags":[],"yoast_head":"<!-- This site is optimized with the Yoast SEO plugin v21.4 - https:\/\/yoast.com\/wordpress\/plugins\/seo\/ -->\n<title>Projetos sobre Anita Garibaldi ser\u00e3o apresentados dia 26, no Cine Mussi -<\/title>\n<meta name=\"robots\" content=\"index, follow, max-snippet:-1, max-image-preview:large, max-video-preview:-1\" \/>\n<link rel=\"canonical\" href=\"https:\/\/sulsc.com\/index.php\/2023\/09\/16\/projetos-sobre-anita-garibaldi-serao-apresentados-dia-26-no-cine-mussi\/\" \/>\n<meta property=\"og:locale\" content=\"en_US\" \/>\n<meta property=\"og:type\" content=\"article\" \/>\n<meta property=\"og:title\" content=\"Projetos sobre Anita Garibaldi ser\u00e3o apresentados dia 26, no Cine Mussi -\" \/>\n<meta property=\"og:description\" content=\"Para contribuir com o desenvolvimento tur\u00edstico e cultural da regi\u00e3o, a Prefeitura de Laguna, por meio da Funda\u00e7\u00e3o Lagunense de Cultura (FLC) promove um evento especial. A a\u00e7\u00e3o conta com o Instituto CulturAnita e Encantos do Sul. Na oportunidade, ser\u00e3o apresentados dois projetos internacionais de grande import\u00e2ncia: \u2018Caminhos de Anita\u2019 e \u2018Anita Fidelis\u2019. O objetivo &hellip; Projetos sobre Anita Garibaldi ser\u00e3o apresentados dia 26, no Cine Mussi Read More &raquo;\" \/>\n<meta property=\"og:url\" content=\"https:\/\/sulsc.com\/index.php\/2023\/09\/16\/projetos-sobre-anita-garibaldi-serao-apresentados-dia-26-no-cine-mussi\/\" \/>\n<meta property=\"article:author\" content=\"https:\/\/www.facebook.com\/profile.php?id=61559278119680\" \/>\n<meta property=\"article:published_time\" content=\"2023-09-16T15:27:05+00:00\" \/>\n<meta property=\"og:image\" content=\"https:\/\/sulsc.com\/wp-content\/uploads\/2023\/09\/praca-republica-juliana-anita-garibaldi-e1694815371737-800x445-1.jpeg\" \/>\n\t<meta property=\"og:image:width\" content=\"800\" \/>\n\t<meta property=\"og:image:height\" content=\"445\" \/>\n\t<meta property=\"og:image:type\" content=\"image\/jpeg\" \/>\n<meta name=\"author\" content=\"Reda\u00e7\u00e3o Sul SC\" \/>\n<meta name=\"twitter:card\" content=\"summary_large_image\" \/>\n<meta name=\"twitter:creator\" content=\"@https:\/\/twitter.com\/PortalSulSC\" \/>\n<meta name=\"twitter:label1\" content=\"Written by\" \/>\n\t<meta name=\"twitter:data1\" content=\"Reda\u00e7\u00e3o Sul SC\" \/>\n\t<meta name=\"twitter:label2\" content=\"Est. reading time\" \/>\n\t<meta name=\"twitter:data2\" content=\"1 minute\" \/>\n<script type=\"application\/ld+json\" class=\"yoast-schema-graph\">{\"@context\":\"https:\/\/schema.org\",\"@graph\":[{\"@type\":\"WebPage\",\"@id\":\"https:\/\/sulsc.com\/index.php\/2023\/09\/16\/projetos-sobre-anita-garibaldi-serao-apresentados-dia-26-no-cine-mussi\/\",\"url\":\"https:\/\/sulsc.com\/index.php\/2023\/09\/16\/projetos-sobre-anita-garibaldi-serao-apresentados-dia-26-no-cine-mussi\/\",\"name\":\"Projetos sobre Anita Garibaldi ser\u00e3o apresentados dia 26, no Cine Mussi -\",\"isPartOf\":{\"@id\":\"https:\/\/sulsc.com\/#website\"},\"datePublished\":\"2023-09-16T15:27:05+00:00\",\"dateModified\":\"2023-09-16T15:27:05+00:00\",\"author\":{\"@id\":\"https:\/\/sulsc.com\/#\/schema\/person\/84d2fc571684f6248ba83092f07750a3\"},\"breadcrumb\":{\"@id\":\"https:\/\/sulsc.com\/index.php\/2023\/09\/16\/projetos-sobre-anita-garibaldi-serao-apresentados-dia-26-no-cine-mussi\/#breadcrumb\"},\"inLanguage\":\"en-US\",\"potentialAction\":[{\"@type\":\"ReadAction\",\"target\":[\"https:\/\/sulsc.com\/index.php\/2023\/09\/16\/projetos-sobre-anita-garibaldi-serao-apresentados-dia-26-no-cine-mussi\/\"]}]},{\"@type\":\"BreadcrumbList\",\"@id\":\"https:\/\/sulsc.com\/index.php\/2023\/09\/16\/projetos-sobre-anita-garibaldi-serao-apresentados-dia-26-no-cine-mussi\/#breadcrumb\",\"itemListElement\":[{\"@type\":\"ListItem\",\"position\":1,\"name\":\"In\u00edcio\",\"item\":\"https:\/\/sulsc.com\/\"},{\"@type\":\"ListItem\",\"position\":2,\"name\":\"Projetos sobre Anita Garibaldi ser\u00e3o apresentados dia 26, no Cine Mussi\"}]},{\"@type\":\"WebSite\",\"@id\":\"https:\/\/sulsc.com\/#website\",\"url\":\"https:\/\/sulsc.com\/\",\"name\":\"\",\"description\":\"\",\"potentialAction\":[{\"@type\":\"SearchAction\",\"target\":{\"@type\":\"EntryPoint\",\"urlTemplate\":\"https:\/\/sulsc.com\/?s={search_term_string}\"},\"query-input\":\"required name=search_term_string\"}],\"inLanguage\":\"en-US\"},{\"@type\":\"Person\",\"@id\":\"https:\/\/sulsc.com\/#\/schema\/person\/84d2fc571684f6248ba83092f07750a3\",\"name\":\"Reda\u00e7\u00e3o Sul SC\",\"image\":{\"@type\":\"ImageObject\",\"inLanguage\":\"en-US\",\"@id\":\"https:\/\/sulsc.com\/#\/schema\/person\/image\/e08d7fe2cc4ed596372063bbe852b8d0\",\"url\":\"https:\/\/sulsc.com\/wp-content\/uploads\/2023\/09\/redacao.png\",\"contentUrl\":\"https:\/\/sulsc.com\/wp-content\/uploads\/2023\/09\/redacao.png\",\"caption\":\"Reda\u00e7\u00e3o Sul SC\"},\"description\":\"Foco em um jornalismo imparcial, voltado \u00e0 qualidade dos seus conte\u00fados e, assim, levar informa\u00e7\u00e3o de valor que agregue \u00e0 vida dos leitores. Esta \u00e9 grande miss\u00e3o do Portal de Not\u00edcias Sul SC. N\u00e3o \u00e9 quantidade que muda o mundo, sempre foi e seguir\u00e1 sendo qualidade!\",\"sameAs\":[\"https:\/\/sulsc.com\/\",\"https:\/\/www.facebook.com\/profile.php?id=61559278119680\",\"https:\/\/www.instagram.com\/sulscportal\/?hl=pt-br\",\"https:\/\/twitter.com\/https:\/\/twitter.com\/PortalSulSC\",\"https:\/\/www.youtube.com\/channel\/UCv_BE8GeySluDov2n8qhVmw\"],\"url\":\"https:\/\/sulsc.com\/index.php\/author\/redacao\/\"}]}<\/script>\n<!-- \/ Yoast SEO plugin. -->","yoast_head_json":{"title":"Projetos sobre Anita Garibaldi ser\u00e3o apresentados dia 26, no Cine Mussi -","robots":{"index":"index","follow":"follow","max-snippet":"max-snippet:-1","max-image-preview":"max-image-preview:large","max-video-preview":"max-video-preview:-1"},"canonical":"https:\/\/sulsc.com\/index.php\/2023\/09\/16\/projetos-sobre-anita-garibaldi-serao-apresentados-dia-26-no-cine-mussi\/","og_locale":"en_US","og_type":"article","og_title":"Projetos sobre Anita Garibaldi ser\u00e3o apresentados dia 26, no Cine Mussi -","og_description":"Para contribuir com o desenvolvimento tur\u00edstico e cultural da regi\u00e3o, a Prefeitura de Laguna, por meio da Funda\u00e7\u00e3o Lagunense de Cultura (FLC) promove um evento especial. A a\u00e7\u00e3o conta com o Instituto CulturAnita e Encantos do Sul. Na oportunidade, ser\u00e3o apresentados dois projetos internacionais de grande import\u00e2ncia: \u2018Caminhos de Anita\u2019 e \u2018Anita Fidelis\u2019. O objetivo &hellip; Projetos sobre Anita Garibaldi ser\u00e3o apresentados dia 26, no Cine Mussi Read More &raquo;","og_url":"https:\/\/sulsc.com\/index.php\/2023\/09\/16\/projetos-sobre-anita-garibaldi-serao-apresentados-dia-26-no-cine-mussi\/","article_author":"https:\/\/www.facebook.com\/profile.php?id=61559278119680","article_published_time":"2023-09-16T15:27:05+00:00","og_image":[{"width":800,"height":445,"url":"https:\/\/sulsc.com\/wp-content\/uploads\/2023\/09\/praca-republica-juliana-anita-garibaldi-e1694815371737-800x445-1.jpeg","type":"image\/jpeg"}],"author":"Reda\u00e7\u00e3o Sul SC","twitter_card":"summary_large_image","twitter_creator":"@https:\/\/twitter.com\/PortalSulSC","twitter_misc":{"Written by":"Reda\u00e7\u00e3o Sul SC","Est. reading time":"1 minute"},"schema":{"@context":"https:\/\/schema.org","@graph":[{"@type":"WebPage","@id":"https:\/\/sulsc.com\/index.php\/2023\/09\/16\/projetos-sobre-anita-garibaldi-serao-apresentados-dia-26-no-cine-mussi\/","url":"https:\/\/sulsc.com\/index.php\/2023\/09\/16\/projetos-sobre-anita-garibaldi-serao-apresentados-dia-26-no-cine-mussi\/","name":"Projetos sobre Anita Garibaldi ser\u00e3o apresentados dia 26, no Cine Mussi -","isPartOf":{"@id":"https:\/\/sulsc.com\/#website"},"datePublished":"2023-09-16T15:27:05+00:00","dateModified":"2023-09-16T15:27:05+00:00","author":{"@id":"https:\/\/sulsc.com\/#\/schema\/person\/84d2fc571684f6248ba83092f07750a3"},"breadcrumb":{"@id":"https:\/\/sulsc.com\/index.php\/2023\/09\/16\/projetos-sobre-anita-garibaldi-serao-apresentados-dia-26-no-cine-mussi\/#breadcrumb"},"inLanguage":"en-US","potentialAction":[{"@type":"ReadAction","target":["https:\/\/sulsc.com\/index.php\/2023\/09\/16\/projetos-sobre-anita-garibaldi-serao-apresentados-dia-26-no-cine-mussi\/"]}]},{"@type":"BreadcrumbList","@id":"https:\/\/sulsc.com\/index.php\/2023\/09\/16\/projetos-sobre-anita-garibaldi-serao-apresentados-dia-26-no-cine-mussi\/#breadcrumb","itemListElement":[{"@type":"ListItem","position":1,"name":"In\u00edcio","item":"https:\/\/sulsc.com\/"},{"@type":"ListItem","position":2,"name":"Projetos sobre Anita Garibaldi ser\u00e3o apresentados dia 26, no Cine Mussi"}]},{"@type":"WebSite","@id":"https:\/\/sulsc.com\/#website","url":"https:\/\/sulsc.com\/","name":"","description":"","potentialAction":[{"@type":"SearchAction","target":{"@type":"EntryPoint","urlTemplate":"https:\/\/sulsc.com\/?s={search_term_string}"},"query-input":"required name=search_term_string"}],"inLanguage":"en-US"},{"@type":"Person","@id":"https:\/\/sulsc.com\/#\/schema\/person\/84d2fc571684f6248ba83092f07750a3","name":"Reda\u00e7\u00e3o Sul SC","image":{"@type":"ImageObject","inLanguage":"en-US","@id":"https:\/\/sulsc.com\/#\/schema\/person\/image\/e08d7fe2cc4ed596372063bbe852b8d0","url":"https:\/\/sulsc.com\/wp-content\/uploads\/2023\/09\/redacao.png","contentUrl":"https:\/\/sulsc.com\/wp-content\/uploads\/2023\/09\/redacao.png","caption":"Reda\u00e7\u00e3o Sul SC"},"description":"Foco em um jornalismo imparcial, voltado \u00e0 qualidade dos seus conte\u00fados e, assim, levar informa\u00e7\u00e3o de valor que agregue \u00e0 vida dos leitores. Esta \u00e9 grande miss\u00e3o do Portal de Not\u00edcias Sul SC. N\u00e3o \u00e9 quantidade que muda o mundo, sempre foi e seguir\u00e1 sendo qualidade!","sameAs":["https:\/\/sulsc.com\/","https:\/\/www.facebook.com\/profile.php?id=61559278119680","https:\/\/www.instagram.com\/sulscportal\/?hl=pt-br","https:\/\/twitter.com\/https:\/\/twitter.com\/PortalSulSC","https:\/\/www.youtube.com\/channel\/UCv_BE8GeySluDov2n8qhVmw"],"url":"https:\/\/sulsc.com\/index.php\/author\/redacao\/"}]}},"authors":[],"_links":{"self":[{"href":"https:\/\/sulsc.com\/index.php\/wp-json\/wp\/v2\/posts\/1142"}],"collection":[{"href":"https:\/\/sulsc.com\/index.php\/wp-json\/wp\/v2\/posts"}],"about":[{"href":"https:\/\/sulsc.com\/index.php\/wp-json\/wp\/v2\/types\/post"}],"author":[{"embeddable":true,"href":"https:\/\/sulsc.com\/index.php\/wp-json\/wp\/v2\/users\/3"}],"replies":[{"embeddable":true,"href":"https:\/\/sulsc.com\/index.php\/wp-json\/wp\/v2\/comments?post=1142"}],"version-history":[{"count":1,"href":"https:\/\/sulsc.com\/index.php\/wp-json\/wp\/v2\/posts\/1142\/revisions"}],"predecessor-version":[{"id":1145,"href":"https:\/\/sulsc.com\/index.php\/wp-json\/wp\/v2\/posts\/1142\/revisions\/1145"}],"wp:featuredmedia":[{"embeddable":true,"href":"https:\/\/sulsc.com\/index.php\/wp-json\/wp\/v2\/media\/1143"}],"wp:attachment":[{"href":"https:\/\/sulsc.com\/index.php\/wp-json\/wp\/v2\/media?parent=1142"}],"wp:term":[{"taxonomy":"category","embeddable":true,"href":"https:\/\/sulsc.com\/index.php\/wp-json\/wp\/v2\/categories?post=1142"},{"taxonomy":"post_tag","embeddable":true,"href":"https:\/\/sulsc.com\/index.php\/wp-json\/wp\/v2\/tags?post=1142"}],"curies":[{"name":"wp","href":"https:\/\/api.w.org\/{rel}","templated":true}]}}