{"id":11446,"date":"2024-04-29T10:30:28","date_gmt":"2024-04-29T13:30:28","guid":{"rendered":"https:\/\/sulsc.com\/?p=11446"},"modified":"2024-04-29T10:47:11","modified_gmt":"2024-04-29T13:47:11","slug":"quatro-estacoes-hidrologicas-e-uma-meteorologica-serao-instaladas-pela-agr-na-regiao","status":"publish","type":"post","link":"https:\/\/sulsc.com\/index.php\/2024\/04\/29\/quatro-estacoes-hidrologicas-e-uma-meteorologica-serao-instaladas-pela-agr-na-regiao\/","title":{"rendered":"Quatro esta\u00e7\u00f5es hidrol\u00f3gicas e uma meteorol\u00f3gica ser\u00e3o instaladas pela AGR na regi\u00e3o"},"content":{"rendered":"<p>Com o intuito de colaborar com o munic\u00edpio de Tubar\u00e3o e regi\u00e3o no sentido de amenizar os preju\u00edzos e perdas em casos de cheias, enchentes e alagamentos, a Ag\u00eancia Reguladora de Saneamento vai contratar uma empresa especializada para fornecimento, instala\u00e7\u00e3o e manuten\u00e7\u00e3o peri\u00f3dica de plataformas de coleta de dados para quatro esta\u00e7\u00f5es hidrol\u00f3gicas e uma meteorol\u00f3gica. A implanta\u00e7\u00e3o \u00e9 or\u00e7ada em aproximadamente R$ 381 mil.<\/p>\n<p>O investimento surgiu da necessidade de monitorar os n\u00edveis dos rios da bacia hidrogr\u00e1fica, a quantidade de chuvas e as condi\u00e7\u00f5es meteorol\u00f3gicas para oferecer maior seguran\u00e7a \u00e0 popula\u00e7\u00e3o\u00a0 e agilidade na comunica\u00e7\u00e3o sobre os n\u00edveis do rio.<\/p>\n<p>&#8220;Esse sistema de monitoramento ser\u00e1 muito \u00fatil para toda a regi\u00e3o, principalmente no sentido de levar informa\u00e7\u00f5es corretas \u00e0 popula\u00e7\u00e3o e tamb\u00e9m auxiliar na tomada de decis\u00f5es em situa\u00e7\u00f5es preocupantes&#8221;, destaca a Superintendente Geral interina da AGR, Madelon Peters.<\/p>\n<figure id=\"attachment_11453\" aria-describedby=\"caption-attachment-11453\" style=\"width: 1024px\" class=\"wp-caption alignnone\"><img fetchpriority=\"high\" decoding=\"async\" class=\"wp-image-11453 size-large\" src=\"http:\/\/sulsc.com\/wp-content\/uploads\/2024\/04\/WhatsApp-Image-2024-04-27-at-11.43.10-1024x701.jpeg\" alt=\"\" width=\"1024\" height=\"701\" srcset=\"https:\/\/sulsc.com\/wp-content\/uploads\/2024\/04\/WhatsApp-Image-2024-04-27-at-11.43.10-1024x701.jpeg 1024w, https:\/\/sulsc.com\/wp-content\/uploads\/2024\/04\/WhatsApp-Image-2024-04-27-at-11.43.10-300x206.jpeg 300w, https:\/\/sulsc.com\/wp-content\/uploads\/2024\/04\/WhatsApp-Image-2024-04-27-at-11.43.10-768x526.jpeg 768w, https:\/\/sulsc.com\/wp-content\/uploads\/2024\/04\/WhatsApp-Image-2024-04-27-at-11.43.10-1536x1052.jpeg 1536w, https:\/\/sulsc.com\/wp-content\/uploads\/2024\/04\/WhatsApp-Image-2024-04-27-at-11.43.10.jpeg 1600w\" sizes=\"(max-width: 1024px) 100vw, 1024px\" \/><figcaption id=\"caption-attachment-11453\" class=\"wp-caption-text\">Foto: Priscila Loch<\/figcaption><\/figure>\n<p>A esta\u00e7\u00e3o meteorol\u00f3gica ser\u00e1 instalada em Tubar\u00e3o. J\u00e1 as esta\u00e7\u00f5es hidrol\u00f3gicas ficar\u00e3o nos formadores do Rio Tubar\u00e3o (Orleans\/Lauro Muller); no Rio Bra\u00e7o do Norte (Rio Fortuna\/Bra\u00e7o do Norte\/S\u00e3o Ludgero); no Rio Capivari (S\u00e3o Martinho\/Armaz\u00e9m); e o trecho entre a ponte Paulinho May, em Tubar\u00e3o, e Capivari de Baixo.<\/p>\n<p>A licita\u00e7\u00e3o para contrata\u00e7\u00e3o de empresa especializada para fornecimento, instala\u00e7\u00e3o e manuten\u00e7\u00e3o peri\u00f3dica de plataformas de coleta de dados ser\u00e1 na modalidade Preg\u00e3o Eletr\u00f4nico atrav\u00e9s de Lote \u00danico. As empresas interessadas t\u00eam at\u00e9 as 13h30 do dia 10 de maio para apresentar as propostas. O prazo de vig\u00eancia do contrato ser\u00e1 de 12 meses, contados a partir da assinatura, prorrog\u00e1vel por at\u00e9 cinco anos.<\/p>\n","protected":false},"excerpt":{"rendered":"<p>Com o intuito de colaborar com o munic\u00edpio de Tubar\u00e3o e regi\u00e3o no sentido de amenizar os preju\u00edzos e perdas em casos de cheias, enchentes e alagamentos, a Ag\u00eancia Reguladora de Saneamento vai contratar uma empresa especializada para fornecimento, instala\u00e7\u00e3o e manuten\u00e7\u00e3o peri\u00f3dica de plataformas de coleta de dados para quatro esta\u00e7\u00f5es hidrol\u00f3gicas e uma &hellip;<\/p>\n<p class=\"read-more\"> <a class=\"\" href=\"https:\/\/sulsc.com\/index.php\/2024\/04\/29\/quatro-estacoes-hidrologicas-e-uma-meteorologica-serao-instaladas-pela-agr-na-regiao\/\"> <span class=\"screen-reader-text\">Quatro esta\u00e7\u00f5es hidrol\u00f3gicas e uma meteorol\u00f3gica ser\u00e3o instaladas pela AGR na regi\u00e3o<\/span> Read More &raquo;<\/a><\/p>\n","protected":false},"author":3,"featured_media":11453,"comment_status":"open","ping_status":"open","sticky":false,"template":"","format":"standard","meta":{"site-sidebar-layout":"default","site-content-layout":"","ast-site-content-layout":"default","site-content-style":"default","site-sidebar-style":"default","ast-global-header-display":"","ast-banner-title-visibility":"","ast-main-header-display":"","ast-hfb-above-header-display":"","ast-hfb-below-header-display":"","ast-hfb-mobile-header-display":"","site-post-title":"","ast-breadcrumbs-content":"","ast-featured-img":"","footer-sml-layout":"","theme-transparent-header-meta":"default","adv-header-id-meta":"","stick-header-meta":"","header-above-stick-meta":"","header-main-stick-meta":"","header-below-stick-meta":"","astra-migrate-meta-layouts":"set","footnotes":""},"categories":[1],"tags":[],"yoast_head":"<!-- This site is optimized with the Yoast SEO plugin v21.4 - https:\/\/yoast.com\/wordpress\/plugins\/seo\/ -->\n<title>Quatro esta\u00e7\u00f5es hidrol\u00f3gicas e uma meteorol\u00f3gica ser\u00e3o instaladas pela AGR na regi\u00e3o -<\/title>\n<meta name=\"robots\" content=\"index, follow, max-snippet:-1, max-image-preview:large, max-video-preview:-1\" \/>\n<link rel=\"canonical\" href=\"https:\/\/sulsc.com\/index.php\/2024\/04\/29\/quatro-estacoes-hidrologicas-e-uma-meteorologica-serao-instaladas-pela-agr-na-regiao\/\" \/>\n<meta property=\"og:locale\" content=\"en_US\" \/>\n<meta property=\"og:type\" content=\"article\" \/>\n<meta property=\"og:title\" content=\"Quatro esta\u00e7\u00f5es hidrol\u00f3gicas e uma meteorol\u00f3gica ser\u00e3o instaladas pela AGR na regi\u00e3o -\" \/>\n<meta property=\"og:description\" content=\"Com o intuito de colaborar com o munic\u00edpio de Tubar\u00e3o e regi\u00e3o no sentido de amenizar os preju\u00edzos e perdas em casos de cheias, enchentes e alagamentos, a Ag\u00eancia Reguladora de Saneamento vai contratar uma empresa especializada para fornecimento, instala\u00e7\u00e3o e manuten\u00e7\u00e3o peri\u00f3dica de plataformas de coleta de dados para quatro esta\u00e7\u00f5es hidrol\u00f3gicas e uma &hellip; Quatro esta\u00e7\u00f5es hidrol\u00f3gicas e uma meteorol\u00f3gica ser\u00e3o instaladas pela AGR na regi\u00e3o Read More &raquo;\" \/>\n<meta property=\"og:url\" content=\"https:\/\/sulsc.com\/index.php\/2024\/04\/29\/quatro-estacoes-hidrologicas-e-uma-meteorologica-serao-instaladas-pela-agr-na-regiao\/\" \/>\n<meta property=\"article:author\" content=\"https:\/\/www.facebook.com\/profile.php?id=61559278119680\" \/>\n<meta property=\"article:published_time\" content=\"2024-04-29T13:30:28+00:00\" \/>\n<meta property=\"article:modified_time\" content=\"2024-04-29T13:47:11+00:00\" \/>\n<meta property=\"og:image\" content=\"http:\/\/sulsc.com\/wp-content\/uploads\/2024\/04\/WhatsApp-Image-2024-04-27-at-11.43.10.jpeg\" \/>\n\t<meta property=\"og:image:width\" content=\"1600\" \/>\n\t<meta property=\"og:image:height\" content=\"1096\" \/>\n\t<meta property=\"og:image:type\" content=\"image\/jpeg\" \/>\n<meta name=\"author\" content=\"Reda\u00e7\u00e3o Sul SC\" \/>\n<meta name=\"twitter:card\" content=\"summary_large_image\" \/>\n<meta name=\"twitter:creator\" content=\"@https:\/\/twitter.com\/PortalSulSC\" \/>\n<meta name=\"twitter:label1\" content=\"Written by\" \/>\n\t<meta name=\"twitter:data1\" content=\"Reda\u00e7\u00e3o Sul SC\" \/>\n\t<meta name=\"twitter:label2\" content=\"Est. reading time\" \/>\n\t<meta name=\"twitter:data2\" content=\"2 minutes\" \/>\n<script type=\"application\/ld+json\" class=\"yoast-schema-graph\">{\"@context\":\"https:\/\/schema.org\",\"@graph\":[{\"@type\":\"WebPage\",\"@id\":\"https:\/\/sulsc.com\/index.php\/2024\/04\/29\/quatro-estacoes-hidrologicas-e-uma-meteorologica-serao-instaladas-pela-agr-na-regiao\/\",\"url\":\"https:\/\/sulsc.com\/index.php\/2024\/04\/29\/quatro-estacoes-hidrologicas-e-uma-meteorologica-serao-instaladas-pela-agr-na-regiao\/\",\"name\":\"Quatro esta\u00e7\u00f5es hidrol\u00f3gicas e uma meteorol\u00f3gica ser\u00e3o instaladas pela AGR na regi\u00e3o -\",\"isPartOf\":{\"@id\":\"https:\/\/sulsc.com\/#website\"},\"datePublished\":\"2024-04-29T13:30:28+00:00\",\"dateModified\":\"2024-04-29T13:47:11+00:00\",\"author\":{\"@id\":\"https:\/\/sulsc.com\/#\/schema\/person\/84d2fc571684f6248ba83092f07750a3\"},\"breadcrumb\":{\"@id\":\"https:\/\/sulsc.com\/index.php\/2024\/04\/29\/quatro-estacoes-hidrologicas-e-uma-meteorologica-serao-instaladas-pela-agr-na-regiao\/#breadcrumb\"},\"inLanguage\":\"en-US\",\"potentialAction\":[{\"@type\":\"ReadAction\",\"target\":[\"https:\/\/sulsc.com\/index.php\/2024\/04\/29\/quatro-estacoes-hidrologicas-e-uma-meteorologica-serao-instaladas-pela-agr-na-regiao\/\"]}]},{\"@type\":\"BreadcrumbList\",\"@id\":\"https:\/\/sulsc.com\/index.php\/2024\/04\/29\/quatro-estacoes-hidrologicas-e-uma-meteorologica-serao-instaladas-pela-agr-na-regiao\/#breadcrumb\",\"itemListElement\":[{\"@type\":\"ListItem\",\"position\":1,\"name\":\"In\u00edcio\",\"item\":\"https:\/\/sulsc.com\/\"},{\"@type\":\"ListItem\",\"position\":2,\"name\":\"Quatro esta\u00e7\u00f5es hidrol\u00f3gicas e uma meteorol\u00f3gica ser\u00e3o instaladas pela AGR na regi\u00e3o\"}]},{\"@type\":\"WebSite\",\"@id\":\"https:\/\/sulsc.com\/#website\",\"url\":\"https:\/\/sulsc.com\/\",\"name\":\"\",\"description\":\"\",\"potentialAction\":[{\"@type\":\"SearchAction\",\"target\":{\"@type\":\"EntryPoint\",\"urlTemplate\":\"https:\/\/sulsc.com\/?s={search_term_string}\"},\"query-input\":\"required name=search_term_string\"}],\"inLanguage\":\"en-US\"},{\"@type\":\"Person\",\"@id\":\"https:\/\/sulsc.com\/#\/schema\/person\/84d2fc571684f6248ba83092f07750a3\",\"name\":\"Reda\u00e7\u00e3o Sul SC\",\"image\":{\"@type\":\"ImageObject\",\"inLanguage\":\"en-US\",\"@id\":\"https:\/\/sulsc.com\/#\/schema\/person\/image\/e08d7fe2cc4ed596372063bbe852b8d0\",\"url\":\"https:\/\/sulsc.com\/wp-content\/uploads\/2023\/09\/redacao.png\",\"contentUrl\":\"https:\/\/sulsc.com\/wp-content\/uploads\/2023\/09\/redacao.png\",\"caption\":\"Reda\u00e7\u00e3o Sul SC\"},\"description\":\"Foco em um jornalismo imparcial, voltado \u00e0 qualidade dos seus conte\u00fados e, assim, levar informa\u00e7\u00e3o de valor que agregue \u00e0 vida dos leitores. Esta \u00e9 grande miss\u00e3o do Portal de Not\u00edcias Sul SC. N\u00e3o \u00e9 quantidade que muda o mundo, sempre foi e seguir\u00e1 sendo qualidade!\",\"sameAs\":[\"https:\/\/sulsc.com\/\",\"https:\/\/www.facebook.com\/profile.php?id=61559278119680\",\"https:\/\/www.instagram.com\/sulscportal\/?hl=pt-br\",\"https:\/\/twitter.com\/https:\/\/twitter.com\/PortalSulSC\",\"https:\/\/www.youtube.com\/channel\/UCv_BE8GeySluDov2n8qhVmw\"],\"url\":\"https:\/\/sulsc.com\/index.php\/author\/redacao\/\"}]}<\/script>\n<!-- \/ Yoast SEO plugin. -->","yoast_head_json":{"title":"Quatro esta\u00e7\u00f5es hidrol\u00f3gicas e uma meteorol\u00f3gica ser\u00e3o instaladas pela AGR na regi\u00e3o -","robots":{"index":"index","follow":"follow","max-snippet":"max-snippet:-1","max-image-preview":"max-image-preview:large","max-video-preview":"max-video-preview:-1"},"canonical":"https:\/\/sulsc.com\/index.php\/2024\/04\/29\/quatro-estacoes-hidrologicas-e-uma-meteorologica-serao-instaladas-pela-agr-na-regiao\/","og_locale":"en_US","og_type":"article","og_title":"Quatro esta\u00e7\u00f5es hidrol\u00f3gicas e uma meteorol\u00f3gica ser\u00e3o instaladas pela AGR na regi\u00e3o -","og_description":"Com o intuito de colaborar com o munic\u00edpio de Tubar\u00e3o e regi\u00e3o no sentido de amenizar os preju\u00edzos e perdas em casos de cheias, enchentes e alagamentos, a Ag\u00eancia Reguladora de Saneamento vai contratar uma empresa especializada para fornecimento, instala\u00e7\u00e3o e manuten\u00e7\u00e3o peri\u00f3dica de plataformas de coleta de dados para quatro esta\u00e7\u00f5es hidrol\u00f3gicas e uma &hellip; Quatro esta\u00e7\u00f5es hidrol\u00f3gicas e uma meteorol\u00f3gica ser\u00e3o instaladas pela AGR na regi\u00e3o Read More &raquo;","og_url":"https:\/\/sulsc.com\/index.php\/2024\/04\/29\/quatro-estacoes-hidrologicas-e-uma-meteorologica-serao-instaladas-pela-agr-na-regiao\/","article_author":"https:\/\/www.facebook.com\/profile.php?id=61559278119680","article_published_time":"2024-04-29T13:30:28+00:00","article_modified_time":"2024-04-29T13:47:11+00:00","og_image":[{"width":1600,"height":1096,"url":"http:\/\/sulsc.com\/wp-content\/uploads\/2024\/04\/WhatsApp-Image-2024-04-27-at-11.43.10.jpeg","type":"image\/jpeg"}],"author":"Reda\u00e7\u00e3o Sul SC","twitter_card":"summary_large_image","twitter_creator":"@https:\/\/twitter.com\/PortalSulSC","twitter_misc":{"Written by":"Reda\u00e7\u00e3o Sul SC","Est. reading time":"2 minutes"},"schema":{"@context":"https:\/\/schema.org","@graph":[{"@type":"WebPage","@id":"https:\/\/sulsc.com\/index.php\/2024\/04\/29\/quatro-estacoes-hidrologicas-e-uma-meteorologica-serao-instaladas-pela-agr-na-regiao\/","url":"https:\/\/sulsc.com\/index.php\/2024\/04\/29\/quatro-estacoes-hidrologicas-e-uma-meteorologica-serao-instaladas-pela-agr-na-regiao\/","name":"Quatro esta\u00e7\u00f5es hidrol\u00f3gicas e uma meteorol\u00f3gica ser\u00e3o instaladas pela AGR na regi\u00e3o -","isPartOf":{"@id":"https:\/\/sulsc.com\/#website"},"datePublished":"2024-04-29T13:30:28+00:00","dateModified":"2024-04-29T13:47:11+00:00","author":{"@id":"https:\/\/sulsc.com\/#\/schema\/person\/84d2fc571684f6248ba83092f07750a3"},"breadcrumb":{"@id":"https:\/\/sulsc.com\/index.php\/2024\/04\/29\/quatro-estacoes-hidrologicas-e-uma-meteorologica-serao-instaladas-pela-agr-na-regiao\/#breadcrumb"},"inLanguage":"en-US","potentialAction":[{"@type":"ReadAction","target":["https:\/\/sulsc.com\/index.php\/2024\/04\/29\/quatro-estacoes-hidrologicas-e-uma-meteorologica-serao-instaladas-pela-agr-na-regiao\/"]}]},{"@type":"BreadcrumbList","@id":"https:\/\/sulsc.com\/index.php\/2024\/04\/29\/quatro-estacoes-hidrologicas-e-uma-meteorologica-serao-instaladas-pela-agr-na-regiao\/#breadcrumb","itemListElement":[{"@type":"ListItem","position":1,"name":"In\u00edcio","item":"https:\/\/sulsc.com\/"},{"@type":"ListItem","position":2,"name":"Quatro esta\u00e7\u00f5es hidrol\u00f3gicas e uma meteorol\u00f3gica ser\u00e3o instaladas pela AGR na regi\u00e3o"}]},{"@type":"WebSite","@id":"https:\/\/sulsc.com\/#website","url":"https:\/\/sulsc.com\/","name":"","description":"","potentialAction":[{"@type":"SearchAction","target":{"@type":"EntryPoint","urlTemplate":"https:\/\/sulsc.com\/?s={search_term_string}"},"query-input":"required name=search_term_string"}],"inLanguage":"en-US"},{"@type":"Person","@id":"https:\/\/sulsc.com\/#\/schema\/person\/84d2fc571684f6248ba83092f07750a3","name":"Reda\u00e7\u00e3o Sul SC","image":{"@type":"ImageObject","inLanguage":"en-US","@id":"https:\/\/sulsc.com\/#\/schema\/person\/image\/e08d7fe2cc4ed596372063bbe852b8d0","url":"https:\/\/sulsc.com\/wp-content\/uploads\/2023\/09\/redacao.png","contentUrl":"https:\/\/sulsc.com\/wp-content\/uploads\/2023\/09\/redacao.png","caption":"Reda\u00e7\u00e3o Sul SC"},"description":"Foco em um jornalismo imparcial, voltado \u00e0 qualidade dos seus conte\u00fados e, assim, levar informa\u00e7\u00e3o de valor que agregue \u00e0 vida dos leitores. Esta \u00e9 grande miss\u00e3o do Portal de Not\u00edcias Sul SC. N\u00e3o \u00e9 quantidade que muda o mundo, sempre foi e seguir\u00e1 sendo qualidade!","sameAs":["https:\/\/sulsc.com\/","https:\/\/www.facebook.com\/profile.php?id=61559278119680","https:\/\/www.instagram.com\/sulscportal\/?hl=pt-br","https:\/\/twitter.com\/https:\/\/twitter.com\/PortalSulSC","https:\/\/www.youtube.com\/channel\/UCv_BE8GeySluDov2n8qhVmw"],"url":"https:\/\/sulsc.com\/index.php\/author\/redacao\/"}]}},"authors":[],"_links":{"self":[{"href":"https:\/\/sulsc.com\/index.php\/wp-json\/wp\/v2\/posts\/11446"}],"collection":[{"href":"https:\/\/sulsc.com\/index.php\/wp-json\/wp\/v2\/posts"}],"about":[{"href":"https:\/\/sulsc.com\/index.php\/wp-json\/wp\/v2\/types\/post"}],"author":[{"embeddable":true,"href":"https:\/\/sulsc.com\/index.php\/wp-json\/wp\/v2\/users\/3"}],"replies":[{"embeddable":true,"href":"https:\/\/sulsc.com\/index.php\/wp-json\/wp\/v2\/comments?post=11446"}],"version-history":[{"count":3,"href":"https:\/\/sulsc.com\/index.php\/wp-json\/wp\/v2\/posts\/11446\/revisions"}],"predecessor-version":[{"id":11467,"href":"https:\/\/sulsc.com\/index.php\/wp-json\/wp\/v2\/posts\/11446\/revisions\/11467"}],"wp:featuredmedia":[{"embeddable":true,"href":"https:\/\/sulsc.com\/index.php\/wp-json\/wp\/v2\/media\/11453"}],"wp:attachment":[{"href":"https:\/\/sulsc.com\/index.php\/wp-json\/wp\/v2\/media?parent=11446"}],"wp:term":[{"taxonomy":"category","embeddable":true,"href":"https:\/\/sulsc.com\/index.php\/wp-json\/wp\/v2\/categories?post=11446"},{"taxonomy":"post_tag","embeddable":true,"href":"https:\/\/sulsc.com\/index.php\/wp-json\/wp\/v2\/tags?post=11446"}],"curies":[{"name":"wp","href":"https:\/\/api.w.org\/{rel}","templated":true}]}}