{"id":1153,"date":"2023-09-18T08:30:29","date_gmt":"2023-09-18T11:30:29","guid":{"rendered":"https:\/\/sulsc.com\/?p=1153"},"modified":"2023-09-18T09:35:10","modified_gmt":"2023-09-18T12:35:10","slug":"festa-da-padroeira-reune-milhares-de-pessoas-em-tubarao","status":"publish","type":"post","link":"https:\/\/sulsc.com\/index.php\/2023\/09\/18\/festa-da-padroeira-reune-milhares-de-pessoas-em-tubarao\/","title":{"rendered":"Festa da Padroeira re\u00fane milhares de pessoas em Tubar\u00e3o"},"content":{"rendered":"<p>A Festa da Padroeira reuniu uma multid\u00e3o de fi\u00e9is ao longo dos cinco dias de celebra\u00e7\u00e3o. Na noite de s\u00e1bado (16), a Pra\u00e7a da Catedral acolheu o maior n\u00famero de devotos de Nossa Senhora da Piedade. O espa\u00e7o tamb\u00e9m recebeu os f\u00e3s da banda de rock cat\u00f3lico Rosa de Saron.<\/p>\n<p>Muitos deles viajaram em caravanas vindas do Rio Grande do Sul e de outras regi\u00f5es de Santa Catarina. \u201cSou f\u00e3 da banda e acompanho o trabalho desses m\u00fasicos h\u00e1 anos. Foi uma alegria conferir essa apresenta\u00e7\u00e3o ao vivo, cantar os grandes sucessos e participar desse momento de f\u00e9 junto \u00e0 comunidade\u201d, relata Jo\u00e3o Vicente da Rosa, 23 anos.<\/p>\n<p>Para o p\u00e1roco da Catedral de Tubar\u00e3o, padre Eduardo Rocha, a festa superou todas as expectativas. \u201cEstamos muito gratos pela presen\u00e7a e participa\u00e7\u00e3o do p\u00fablico. Muitas fam\u00edlias se reuniram em ora\u00e7\u00e3o e prestigiaram essa ocasi\u00e3o t\u00e3o especial. \u00c9 emocionante ver as pessoas unidas como Igreja em um momento t\u00e3o profundo de celebra\u00e7\u00e3o e f\u00e9\u201d, expressa.<\/p>\n<p><img fetchpriority=\"high\" decoding=\"async\" class=\"alignnone size-large wp-image-1156\" src=\"http:\/\/sulsc.com\/wp-content\/uploads\/2023\/09\/Festa-da-Padroeira-reune-milhares-de-pessoas-em-Tubarao-01-1024x787.jpeg\" alt=\"\" width=\"1024\" height=\"787\" srcset=\"https:\/\/sulsc.com\/wp-content\/uploads\/2023\/09\/Festa-da-Padroeira-reune-milhares-de-pessoas-em-Tubarao-01-1024x787.jpeg 1024w, https:\/\/sulsc.com\/wp-content\/uploads\/2023\/09\/Festa-da-Padroeira-reune-milhares-de-pessoas-em-Tubarao-01-300x231.jpeg 300w, https:\/\/sulsc.com\/wp-content\/uploads\/2023\/09\/Festa-da-Padroeira-reune-milhares-de-pessoas-em-Tubarao-01-768x590.jpeg 768w, https:\/\/sulsc.com\/wp-content\/uploads\/2023\/09\/Festa-da-Padroeira-reune-milhares-de-pessoas-em-Tubarao-01.jpeg 1067w\" sizes=\"(max-width: 1024px) 100vw, 1024px\" \/><\/p>\n<p>&nbsp;<\/p>\n<p><strong>Primeira imagem de Nossa Senhora \u00e9 venerada durante celebra\u00e7\u00e3o<\/strong><\/p>\n<p>Al\u00e9m das atra\u00e7\u00f5es na Pra\u00e7a da Catedral, ocorreram diversas celebra\u00e7\u00f5es especiais ao longo dos cinco dias da Festa da Padroeira. O destaque foi no final da tarde de sexta-feira, feriado municipal, quando a missa em honra \u00e0 Nossa Senhora da Piedade, presidida pelo padre Eduardo Rocha, lotou a Igreja.<\/p>\n<p>Durante este ato, os fi\u00e9is tiveram a oportunidade de venerar a primeira imagem de Nossa Senhora da Piedade, que chegou a Tubar\u00e3o h\u00e1 mais de 200 anos, e de prestar homenagem \u00e0 padroeira da cidade. \u201cEssa imagem \u00e9 exposta apenas uma vez ao ano, sempre durante a Festa da Padroeira. Agrade\u00e7o a todos que se juntaram a n\u00f3s nesse momento t\u00e3o especial\u201d, comenta o p\u00e1roco.<\/p>\n<p>Com uma trajet\u00f3ria de mais de 200 anos, a Festa da Padroeira \u00e9 um dos eventos mais tradicionais de Tubar\u00e3o. A cada ano, atrai fi\u00e9is e devotos de Nossa Senhora da Piedade para momentos de ora\u00e7\u00e3o e confraterniza\u00e7\u00e3o. A venerada imagem de Maria, trazida a Tubar\u00e3o em 1820 por Jo\u00e3o Teixeira Nunes, \u00e9 um s\u00edmbolo de f\u00e9 e devo\u00e7\u00e3o na comunidade.<\/p>\n","protected":false},"excerpt":{"rendered":"<p>A Festa da Padroeira reuniu uma multid\u00e3o de fi\u00e9is ao longo dos cinco dias de celebra\u00e7\u00e3o. Na noite de s\u00e1bado (16), a Pra\u00e7a da Catedral acolheu o maior n\u00famero de devotos de Nossa Senhora da Piedade. O espa\u00e7o tamb\u00e9m recebeu os f\u00e3s da banda de rock cat\u00f3lico Rosa de Saron. Muitos deles viajaram em caravanas &hellip;<\/p>\n<p class=\"read-more\"> <a class=\"\" href=\"https:\/\/sulsc.com\/index.php\/2023\/09\/18\/festa-da-padroeira-reune-milhares-de-pessoas-em-tubarao\/\"> <span class=\"screen-reader-text\">Festa da Padroeira re\u00fane milhares de pessoas em Tubar\u00e3o<\/span> Read More &raquo;<\/a><\/p>\n","protected":false},"author":3,"featured_media":1155,"comment_status":"open","ping_status":"open","sticky":false,"template":"","format":"standard","meta":{"site-sidebar-layout":"default","site-content-layout":"default","ast-site-content-layout":"","site-content-style":"default","site-sidebar-style":"default","ast-global-header-display":"","ast-banner-title-visibility":"","ast-main-header-display":"","ast-hfb-above-header-display":"","ast-hfb-below-header-display":"","ast-hfb-mobile-header-display":"","site-post-title":"","ast-breadcrumbs-content":"","ast-featured-img":"","footer-sml-layout":"","theme-transparent-header-meta":"default","adv-header-id-meta":"","stick-header-meta":"","header-above-stick-meta":"","header-main-stick-meta":"","header-below-stick-meta":"","astra-migrate-meta-layouts":"","footnotes":""},"categories":[1],"tags":[],"yoast_head":"<!-- This site is optimized with the Yoast SEO plugin v21.4 - https:\/\/yoast.com\/wordpress\/plugins\/seo\/ -->\n<title>Festa da Padroeira re\u00fane milhares de pessoas em Tubar\u00e3o -<\/title>\n<meta name=\"robots\" content=\"index, follow, max-snippet:-1, max-image-preview:large, max-video-preview:-1\" \/>\n<link rel=\"canonical\" href=\"https:\/\/sulsc.com\/index.php\/2023\/09\/18\/festa-da-padroeira-reune-milhares-de-pessoas-em-tubarao\/\" \/>\n<meta property=\"og:locale\" content=\"en_US\" \/>\n<meta property=\"og:type\" content=\"article\" \/>\n<meta property=\"og:title\" content=\"Festa da Padroeira re\u00fane milhares de pessoas em Tubar\u00e3o -\" \/>\n<meta property=\"og:description\" content=\"A Festa da Padroeira reuniu uma multid\u00e3o de fi\u00e9is ao longo dos cinco dias de celebra\u00e7\u00e3o. Na noite de s\u00e1bado (16), a Pra\u00e7a da Catedral acolheu o maior n\u00famero de devotos de Nossa Senhora da Piedade. O espa\u00e7o tamb\u00e9m recebeu os f\u00e3s da banda de rock cat\u00f3lico Rosa de Saron. Muitos deles viajaram em caravanas &hellip; Festa da Padroeira re\u00fane milhares de pessoas em Tubar\u00e3o Read More &raquo;\" \/>\n<meta property=\"og:url\" content=\"https:\/\/sulsc.com\/index.php\/2023\/09\/18\/festa-da-padroeira-reune-milhares-de-pessoas-em-tubarao\/\" \/>\n<meta property=\"article:author\" content=\"https:\/\/www.facebook.com\/profile.php?id=61559278119680\" \/>\n<meta property=\"article:published_time\" content=\"2023-09-18T11:30:29+00:00\" \/>\n<meta property=\"article:modified_time\" content=\"2023-09-18T12:35:10+00:00\" \/>\n<meta property=\"og:image\" content=\"https:\/\/sulsc.com\/wp-content\/uploads\/2023\/09\/Festa-da-Padroeira-reune-milhares-de-pessoas-em-Tubarao-02.jpeg\" \/>\n\t<meta property=\"og:image:width\" content=\"1070\" \/>\n\t<meta property=\"og:image:height\" content=\"767\" \/>\n\t<meta property=\"og:image:type\" content=\"image\/jpeg\" \/>\n<meta name=\"author\" content=\"Reda\u00e7\u00e3o Sul SC\" \/>\n<meta name=\"twitter:card\" content=\"summary_large_image\" \/>\n<meta name=\"twitter:creator\" content=\"@https:\/\/twitter.com\/PortalSulSC\" \/>\n<meta name=\"twitter:label1\" content=\"Written by\" \/>\n\t<meta name=\"twitter:data1\" content=\"Reda\u00e7\u00e3o Sul SC\" \/>\n\t<meta name=\"twitter:label2\" content=\"Est. reading time\" \/>\n\t<meta name=\"twitter:data2\" content=\"2 minutes\" \/>\n<script type=\"application\/ld+json\" class=\"yoast-schema-graph\">{\"@context\":\"https:\/\/schema.org\",\"@graph\":[{\"@type\":\"WebPage\",\"@id\":\"https:\/\/sulsc.com\/index.php\/2023\/09\/18\/festa-da-padroeira-reune-milhares-de-pessoas-em-tubarao\/\",\"url\":\"https:\/\/sulsc.com\/index.php\/2023\/09\/18\/festa-da-padroeira-reune-milhares-de-pessoas-em-tubarao\/\",\"name\":\"Festa da Padroeira re\u00fane milhares de pessoas em Tubar\u00e3o -\",\"isPartOf\":{\"@id\":\"https:\/\/sulsc.com\/#website\"},\"datePublished\":\"2023-09-18T11:30:29+00:00\",\"dateModified\":\"2023-09-18T12:35:10+00:00\",\"author\":{\"@id\":\"https:\/\/sulsc.com\/#\/schema\/person\/84d2fc571684f6248ba83092f07750a3\"},\"breadcrumb\":{\"@id\":\"https:\/\/sulsc.com\/index.php\/2023\/09\/18\/festa-da-padroeira-reune-milhares-de-pessoas-em-tubarao\/#breadcrumb\"},\"inLanguage\":\"en-US\",\"potentialAction\":[{\"@type\":\"ReadAction\",\"target\":[\"https:\/\/sulsc.com\/index.php\/2023\/09\/18\/festa-da-padroeira-reune-milhares-de-pessoas-em-tubarao\/\"]}]},{\"@type\":\"BreadcrumbList\",\"@id\":\"https:\/\/sulsc.com\/index.php\/2023\/09\/18\/festa-da-padroeira-reune-milhares-de-pessoas-em-tubarao\/#breadcrumb\",\"itemListElement\":[{\"@type\":\"ListItem\",\"position\":1,\"name\":\"In\u00edcio\",\"item\":\"https:\/\/sulsc.com\/\"},{\"@type\":\"ListItem\",\"position\":2,\"name\":\"Festa da Padroeira re\u00fane milhares de pessoas em Tubar\u00e3o\"}]},{\"@type\":\"WebSite\",\"@id\":\"https:\/\/sulsc.com\/#website\",\"url\":\"https:\/\/sulsc.com\/\",\"name\":\"\",\"description\":\"\",\"potentialAction\":[{\"@type\":\"SearchAction\",\"target\":{\"@type\":\"EntryPoint\",\"urlTemplate\":\"https:\/\/sulsc.com\/?s={search_term_string}\"},\"query-input\":\"required name=search_term_string\"}],\"inLanguage\":\"en-US\"},{\"@type\":\"Person\",\"@id\":\"https:\/\/sulsc.com\/#\/schema\/person\/84d2fc571684f6248ba83092f07750a3\",\"name\":\"Reda\u00e7\u00e3o Sul SC\",\"image\":{\"@type\":\"ImageObject\",\"inLanguage\":\"en-US\",\"@id\":\"https:\/\/sulsc.com\/#\/schema\/person\/image\/e08d7fe2cc4ed596372063bbe852b8d0\",\"url\":\"https:\/\/sulsc.com\/wp-content\/uploads\/2023\/09\/redacao.png\",\"contentUrl\":\"https:\/\/sulsc.com\/wp-content\/uploads\/2023\/09\/redacao.png\",\"caption\":\"Reda\u00e7\u00e3o Sul SC\"},\"description\":\"Foco em um jornalismo imparcial, voltado \u00e0 qualidade dos seus conte\u00fados e, assim, levar informa\u00e7\u00e3o de valor que agregue \u00e0 vida dos leitores. Esta \u00e9 grande miss\u00e3o do Portal de Not\u00edcias Sul SC. N\u00e3o \u00e9 quantidade que muda o mundo, sempre foi e seguir\u00e1 sendo qualidade!\",\"sameAs\":[\"https:\/\/sulsc.com\/\",\"https:\/\/www.facebook.com\/profile.php?id=61559278119680\",\"https:\/\/www.instagram.com\/sulscportal\/?hl=pt-br\",\"https:\/\/twitter.com\/https:\/\/twitter.com\/PortalSulSC\",\"https:\/\/www.youtube.com\/channel\/UCv_BE8GeySluDov2n8qhVmw\"],\"url\":\"https:\/\/sulsc.com\/index.php\/author\/redacao\/\"}]}<\/script>\n<!-- \/ Yoast SEO plugin. -->","yoast_head_json":{"title":"Festa da Padroeira re\u00fane milhares de pessoas em Tubar\u00e3o -","robots":{"index":"index","follow":"follow","max-snippet":"max-snippet:-1","max-image-preview":"max-image-preview:large","max-video-preview":"max-video-preview:-1"},"canonical":"https:\/\/sulsc.com\/index.php\/2023\/09\/18\/festa-da-padroeira-reune-milhares-de-pessoas-em-tubarao\/","og_locale":"en_US","og_type":"article","og_title":"Festa da Padroeira re\u00fane milhares de pessoas em Tubar\u00e3o -","og_description":"A Festa da Padroeira reuniu uma multid\u00e3o de fi\u00e9is ao longo dos cinco dias de celebra\u00e7\u00e3o. Na noite de s\u00e1bado (16), a Pra\u00e7a da Catedral acolheu o maior n\u00famero de devotos de Nossa Senhora da Piedade. O espa\u00e7o tamb\u00e9m recebeu os f\u00e3s da banda de rock cat\u00f3lico Rosa de Saron. Muitos deles viajaram em caravanas &hellip; Festa da Padroeira re\u00fane milhares de pessoas em Tubar\u00e3o Read More &raquo;","og_url":"https:\/\/sulsc.com\/index.php\/2023\/09\/18\/festa-da-padroeira-reune-milhares-de-pessoas-em-tubarao\/","article_author":"https:\/\/www.facebook.com\/profile.php?id=61559278119680","article_published_time":"2023-09-18T11:30:29+00:00","article_modified_time":"2023-09-18T12:35:10+00:00","og_image":[{"width":1070,"height":767,"url":"https:\/\/sulsc.com\/wp-content\/uploads\/2023\/09\/Festa-da-Padroeira-reune-milhares-de-pessoas-em-Tubarao-02.jpeg","type":"image\/jpeg"}],"author":"Reda\u00e7\u00e3o Sul SC","twitter_card":"summary_large_image","twitter_creator":"@https:\/\/twitter.com\/PortalSulSC","twitter_misc":{"Written by":"Reda\u00e7\u00e3o Sul SC","Est. reading time":"2 minutes"},"schema":{"@context":"https:\/\/schema.org","@graph":[{"@type":"WebPage","@id":"https:\/\/sulsc.com\/index.php\/2023\/09\/18\/festa-da-padroeira-reune-milhares-de-pessoas-em-tubarao\/","url":"https:\/\/sulsc.com\/index.php\/2023\/09\/18\/festa-da-padroeira-reune-milhares-de-pessoas-em-tubarao\/","name":"Festa da Padroeira re\u00fane milhares de pessoas em Tubar\u00e3o -","isPartOf":{"@id":"https:\/\/sulsc.com\/#website"},"datePublished":"2023-09-18T11:30:29+00:00","dateModified":"2023-09-18T12:35:10+00:00","author":{"@id":"https:\/\/sulsc.com\/#\/schema\/person\/84d2fc571684f6248ba83092f07750a3"},"breadcrumb":{"@id":"https:\/\/sulsc.com\/index.php\/2023\/09\/18\/festa-da-padroeira-reune-milhares-de-pessoas-em-tubarao\/#breadcrumb"},"inLanguage":"en-US","potentialAction":[{"@type":"ReadAction","target":["https:\/\/sulsc.com\/index.php\/2023\/09\/18\/festa-da-padroeira-reune-milhares-de-pessoas-em-tubarao\/"]}]},{"@type":"BreadcrumbList","@id":"https:\/\/sulsc.com\/index.php\/2023\/09\/18\/festa-da-padroeira-reune-milhares-de-pessoas-em-tubarao\/#breadcrumb","itemListElement":[{"@type":"ListItem","position":1,"name":"In\u00edcio","item":"https:\/\/sulsc.com\/"},{"@type":"ListItem","position":2,"name":"Festa da Padroeira re\u00fane milhares de pessoas em Tubar\u00e3o"}]},{"@type":"WebSite","@id":"https:\/\/sulsc.com\/#website","url":"https:\/\/sulsc.com\/","name":"","description":"","potentialAction":[{"@type":"SearchAction","target":{"@type":"EntryPoint","urlTemplate":"https:\/\/sulsc.com\/?s={search_term_string}"},"query-input":"required name=search_term_string"}],"inLanguage":"en-US"},{"@type":"Person","@id":"https:\/\/sulsc.com\/#\/schema\/person\/84d2fc571684f6248ba83092f07750a3","name":"Reda\u00e7\u00e3o Sul SC","image":{"@type":"ImageObject","inLanguage":"en-US","@id":"https:\/\/sulsc.com\/#\/schema\/person\/image\/e08d7fe2cc4ed596372063bbe852b8d0","url":"https:\/\/sulsc.com\/wp-content\/uploads\/2023\/09\/redacao.png","contentUrl":"https:\/\/sulsc.com\/wp-content\/uploads\/2023\/09\/redacao.png","caption":"Reda\u00e7\u00e3o Sul SC"},"description":"Foco em um jornalismo imparcial, voltado \u00e0 qualidade dos seus conte\u00fados e, assim, levar informa\u00e7\u00e3o de valor que agregue \u00e0 vida dos leitores. Esta \u00e9 grande miss\u00e3o do Portal de Not\u00edcias Sul SC. N\u00e3o \u00e9 quantidade que muda o mundo, sempre foi e seguir\u00e1 sendo qualidade!","sameAs":["https:\/\/sulsc.com\/","https:\/\/www.facebook.com\/profile.php?id=61559278119680","https:\/\/www.instagram.com\/sulscportal\/?hl=pt-br","https:\/\/twitter.com\/https:\/\/twitter.com\/PortalSulSC","https:\/\/www.youtube.com\/channel\/UCv_BE8GeySluDov2n8qhVmw"],"url":"https:\/\/sulsc.com\/index.php\/author\/redacao\/"}]}},"authors":[],"_links":{"self":[{"href":"https:\/\/sulsc.com\/index.php\/wp-json\/wp\/v2\/posts\/1153"}],"collection":[{"href":"https:\/\/sulsc.com\/index.php\/wp-json\/wp\/v2\/posts"}],"about":[{"href":"https:\/\/sulsc.com\/index.php\/wp-json\/wp\/v2\/types\/post"}],"author":[{"embeddable":true,"href":"https:\/\/sulsc.com\/index.php\/wp-json\/wp\/v2\/users\/3"}],"replies":[{"embeddable":true,"href":"https:\/\/sulsc.com\/index.php\/wp-json\/wp\/v2\/comments?post=1153"}],"version-history":[{"count":3,"href":"https:\/\/sulsc.com\/index.php\/wp-json\/wp\/v2\/posts\/1153\/revisions"}],"predecessor-version":[{"id":1158,"href":"https:\/\/sulsc.com\/index.php\/wp-json\/wp\/v2\/posts\/1153\/revisions\/1158"}],"wp:featuredmedia":[{"embeddable":true,"href":"https:\/\/sulsc.com\/index.php\/wp-json\/wp\/v2\/media\/1155"}],"wp:attachment":[{"href":"https:\/\/sulsc.com\/index.php\/wp-json\/wp\/v2\/media?parent=1153"}],"wp:term":[{"taxonomy":"category","embeddable":true,"href":"https:\/\/sulsc.com\/index.php\/wp-json\/wp\/v2\/categories?post=1153"},{"taxonomy":"post_tag","embeddable":true,"href":"https:\/\/sulsc.com\/index.php\/wp-json\/wp\/v2\/tags?post=1153"}],"curies":[{"name":"wp","href":"https:\/\/api.w.org\/{rel}","templated":true}]}}