{"id":11563,"date":"2024-05-02T09:20:49","date_gmt":"2024-05-02T12:20:49","guid":{"rendered":"https:\/\/sulsc.com\/?p=11563"},"modified":"2024-05-02T07:32:08","modified_gmt":"2024-05-02T10:32:08","slug":"celesc-abre-concurso-para-niveis-medio-tecnico-e-superior-com-salarios-de-ate-r-112-mil","status":"publish","type":"post","link":"https:\/\/sulsc.com\/index.php\/2024\/05\/02\/celesc-abre-concurso-para-niveis-medio-tecnico-e-superior-com-salarios-de-ate-r-112-mil\/","title":{"rendered":"Celesc abre concurso para n\u00edveis m\u00e9dio, t\u00e9cnico e superior com sal\u00e1rios de at\u00e9 R$ 11,2 mil"},"content":{"rendered":"<p>Um edital de concurso com vagas de n\u00edveis m\u00e9dio, t\u00e9cnico e superior foi lan\u00e7ado pela Celesc nesta ter\u00e7a-feira (30). O certame visa ao preenchimento de duas vagas de analista de sistemas e a forma\u00e7\u00e3o de cadastro de reserva para o chamamento dos aprovados conforme haja necessidade, enquanto o concurso tiver validade. As fun\u00e7\u00f5es t\u00eam cargas hor\u00e1rias entre 20h e 40h semanais e sal\u00e1rios de R$ 1.506,17 a R$ 11.264,15.<\/p>\n<section id=\"sp-main-body\">\n<div class=\"container\">\n<div class=\"row\">\n<div id=\"sp-component\" class=\"col-lg-12 \">\n<div class=\"sp-column \">\n<article class=\"item item-page\">\n<div>\n<p>As provas dever\u00e3o ser realizadas no dia 14 de setembro deste ano em Chapec\u00f3, Crici\u00fama, Grande Florian\u00f3polis, Joinville e Lages. As inscri\u00e7\u00f5es podem ser feitas entre os dias 30 de abril e 13 de junho, no <a href=\"https:\/\/acafe.org.br\/celesc\">site da Acafe<\/a>\u00a0pelo valor de R$ 130,00 para o cargo de n\u00edvel m\u00e9dio; R$ 140,00 para o cargo de n\u00edvel m\u00e9dio t\u00e9cnico e R$ 150,00 para o cargo de n\u00edvel superior.<\/p>\n<p>A organiza\u00e7\u00e3o do concurso est\u00e1 a cargo da Associa\u00e7\u00e3o Catarinense das Funda\u00e7\u00f5es Educacionais (Acafe). A homologa\u00e7\u00e3o das inscri\u00e7\u00f5es ser\u00e1 divulgada a partir das 16h do dia 21 de junho de 2024 no site.\u00a0Confira os detalhes das vagas de acordo com os n\u00edveis de escolaridade:<\/p>\n<p>&#8211; N\u00edvel m\u00e9dio: sal\u00e1rios a partir de R$ 1.506,17, com carga hor\u00e1ria de 20h semanais, para vagas de atendente comercial; e sal\u00e1rios a partir de R$ 2.992,64, com carga hor\u00e1ria de 40h semanais, para as demais vagas;<br \/>\n&#8211; N\u00edvel t\u00e9cnico: sal\u00e1rios a partir de R$ 3.651,60, com carga hor\u00e1ria de 40h semanais;<br \/>\n&#8211; N\u00edvel superior: sal\u00e1rios a partir de R$ 6.311,88, com carga hor\u00e1ria de 40h semanais, podendo chegar ao piso dos engenheiros \u2013 R$ 11,2 mil.<\/p>\n<p><img fetchpriority=\"high\" decoding=\"async\" class=\"alignnone size-full wp-image-11564\" src=\"http:\/\/sulsc.com\/wp-content\/uploads\/2024\/05\/Edital-Celesc.jpeg\" alt=\"\" width=\"1599\" height=\"1066\" srcset=\"https:\/\/sulsc.com\/wp-content\/uploads\/2024\/05\/Edital-Celesc.jpeg 1599w, https:\/\/sulsc.com\/wp-content\/uploads\/2024\/05\/Edital-Celesc-300x200.jpeg 300w, https:\/\/sulsc.com\/wp-content\/uploads\/2024\/05\/Edital-Celesc-1024x683.jpeg 1024w, https:\/\/sulsc.com\/wp-content\/uploads\/2024\/05\/Edital-Celesc-768x512.jpeg 768w, https:\/\/sulsc.com\/wp-content\/uploads\/2024\/05\/Edital-Celesc-1536x1024.jpeg 1536w\" sizes=\"(max-width: 1599px) 100vw, 1599px\" \/><\/p>\n<p>Entre os benef\u00edcios oferecidos est\u00e3o vale-alimenta\u00e7\u00e3o, plano de sa\u00fade, plano de previd\u00eancia complementar, aux\u00edlio para empregado estudante, participa\u00e7\u00e3o nos lucros, aux\u00edlio para empregado com defici\u00eancia e\/ou dependente, aux\u00edlio enfermidade, aux\u00edlio creche\/bab\u00e1, plano de cargos e sal\u00e1rios, entre outros.<\/p>\n<p>Confira todos os cargos previstos no concurso:<\/p>\n<p><strong>&#8211; N\u00edvel m\u00e9dio:<br \/>\n<\/strong>Assistente administrativo<br \/>\nAtendente comercial<\/p>\n<p><strong>&#8211; N\u00edvel t\u00e9cnico:<br \/>\n<\/strong>T\u00e9cnico em seguran\u00e7a do trabalho<br \/>\nT\u00e9cnico industrial em edifica\u00e7\u00f5e<br \/>\nT\u00e9cnico de n\u00edvel m\u00e9dio &#8211; enfermagem<br \/>\nT\u00e9cnico de n\u00edvel m\u00e9dio &#8211; qu\u00edmica<br \/>\nT\u00e9cnico industrial em eletr\u00f4nica<br \/>\nT\u00e9cnico industrial em eletrot\u00e9cnica<br \/>\nT\u00e9cnico industrial em mec\u00e2nica<br \/>\nT\u00e9cnico industrial telecomunica\u00e7\u00f5es<\/p>\n<p><strong>&#8211; N\u00edvel Superior:<br \/>\n<\/strong>Administrador<br \/>\nAdvogado<br \/>\nAnalista de n\u00edvel superior &#8211; psicologia<br \/>\nAnalista de sistemas &#8211; desenvolvimento<br \/>\nAnalista de sistemas \u2013 infraestrutura\/opera\u00e7\u00e3o\/seguran\u00e7a<br \/>\nAnalista de sistemas \u2013 neg\u00f3cios\/<br \/>\nAssistente social<br \/>\nContador<br \/>\nEconomista<br \/>\nEngenheiro ambiental<br \/>\nEngenheiro civil<br \/>\nEngenheiro de produ\u00e7\u00e3o el\u00e9trica<br \/>\nEngenheiro de seguran\u00e7a no trabalho<br \/>\nEngenheiro eletricista<br \/>\nEngenheiro em agrimensura<br \/>\nEngenheiro em mec\u00e2nica<\/p>\n<\/div>\n<\/article>\n<\/div>\n<\/div>\n<\/div>\n<\/div>\n<\/section>\n","protected":false},"excerpt":{"rendered":"<p>Um edital de concurso com vagas de n\u00edveis m\u00e9dio, t\u00e9cnico e superior foi lan\u00e7ado pela Celesc nesta ter\u00e7a-feira (30). O certame visa ao preenchimento de duas vagas de analista de sistemas e a forma\u00e7\u00e3o de cadastro de reserva para o chamamento dos aprovados conforme haja necessidade, enquanto o concurso tiver validade. As fun\u00e7\u00f5es t\u00eam cargas &hellip;<\/p>\n<p class=\"read-more\"> <a class=\"\" href=\"https:\/\/sulsc.com\/index.php\/2024\/05\/02\/celesc-abre-concurso-para-niveis-medio-tecnico-e-superior-com-salarios-de-ate-r-112-mil\/\"> <span class=\"screen-reader-text\">Celesc abre concurso para n\u00edveis m\u00e9dio, t\u00e9cnico e superior com sal\u00e1rios de at\u00e9 R$ 11,2 mil<\/span> Read More &raquo;<\/a><\/p>\n","protected":false},"author":3,"featured_media":11564,"comment_status":"open","ping_status":"open","sticky":false,"template":"","format":"standard","meta":{"site-sidebar-layout":"default","site-content-layout":"","ast-site-content-layout":"default","site-content-style":"default","site-sidebar-style":"default","ast-global-header-display":"","ast-banner-title-visibility":"","ast-main-header-display":"","ast-hfb-above-header-display":"","ast-hfb-below-header-display":"","ast-hfb-mobile-header-display":"","site-post-title":"","ast-breadcrumbs-content":"","ast-featured-img":"","footer-sml-layout":"","theme-transparent-header-meta":"default","adv-header-id-meta":"","stick-header-meta":"","header-above-stick-meta":"","header-main-stick-meta":"","header-below-stick-meta":"","astra-migrate-meta-layouts":"set","footnotes":""},"categories":[1],"tags":[],"yoast_head":"<!-- This site is optimized with the Yoast SEO plugin v21.4 - https:\/\/yoast.com\/wordpress\/plugins\/seo\/ -->\n<title>Celesc abre concurso para n\u00edveis m\u00e9dio, t\u00e9cnico e superior com sal\u00e1rios de at\u00e9 R$ 11,2 mil -<\/title>\n<meta name=\"description\" content=\"As provas dever\u00e3o ser realizadas no dia 14 de setembro deste ano em Chapec\u00f3, Crici\u00fama, Grande Florian\u00f3polis, Joinville e Lages\" \/>\n<meta name=\"robots\" content=\"index, follow, max-snippet:-1, max-image-preview:large, max-video-preview:-1\" \/>\n<link rel=\"canonical\" href=\"https:\/\/sulsc.com\/index.php\/2024\/05\/02\/celesc-abre-concurso-para-niveis-medio-tecnico-e-superior-com-salarios-de-ate-r-112-mil\/\" \/>\n<meta property=\"og:locale\" content=\"en_US\" \/>\n<meta property=\"og:type\" content=\"article\" \/>\n<meta property=\"og:title\" content=\"Celesc abre concurso para n\u00edveis m\u00e9dio, t\u00e9cnico e superior com sal\u00e1rios de at\u00e9 R$ 11,2 mil -\" \/>\n<meta property=\"og:description\" content=\"As provas dever\u00e3o ser realizadas no dia 14 de setembro deste ano em Chapec\u00f3, Crici\u00fama, Grande Florian\u00f3polis, Joinville e Lages\" \/>\n<meta property=\"og:url\" content=\"https:\/\/sulsc.com\/index.php\/2024\/05\/02\/celesc-abre-concurso-para-niveis-medio-tecnico-e-superior-com-salarios-de-ate-r-112-mil\/\" \/>\n<meta property=\"article:author\" content=\"https:\/\/www.facebook.com\/profile.php?id=61559278119680\" \/>\n<meta property=\"article:published_time\" content=\"2024-05-02T12:20:49+00:00\" \/>\n<meta property=\"article:modified_time\" content=\"2024-05-02T10:32:08+00:00\" \/>\n<meta property=\"og:image\" content=\"https:\/\/sulsc.com\/wp-content\/uploads\/2024\/05\/Edital-Celesc.jpeg\" \/>\n\t<meta property=\"og:image:width\" content=\"1599\" \/>\n\t<meta property=\"og:image:height\" content=\"1066\" \/>\n\t<meta property=\"og:image:type\" content=\"image\/jpeg\" \/>\n<meta name=\"author\" content=\"Reda\u00e7\u00e3o Sul SC\" \/>\n<meta name=\"twitter:card\" content=\"summary_large_image\" \/>\n<meta name=\"twitter:creator\" content=\"@https:\/\/twitter.com\/PortalSulSC\" \/>\n<meta name=\"twitter:label1\" content=\"Written by\" \/>\n\t<meta name=\"twitter:data1\" content=\"Reda\u00e7\u00e3o Sul SC\" \/>\n\t<meta name=\"twitter:label2\" content=\"Est. reading time\" \/>\n\t<meta name=\"twitter:data2\" content=\"2 minutes\" \/>\n<script type=\"application\/ld+json\" class=\"yoast-schema-graph\">{\"@context\":\"https:\/\/schema.org\",\"@graph\":[{\"@type\":\"WebPage\",\"@id\":\"https:\/\/sulsc.com\/index.php\/2024\/05\/02\/celesc-abre-concurso-para-niveis-medio-tecnico-e-superior-com-salarios-de-ate-r-112-mil\/\",\"url\":\"https:\/\/sulsc.com\/index.php\/2024\/05\/02\/celesc-abre-concurso-para-niveis-medio-tecnico-e-superior-com-salarios-de-ate-r-112-mil\/\",\"name\":\"Celesc abre concurso para n\u00edveis m\u00e9dio, t\u00e9cnico e superior com sal\u00e1rios de at\u00e9 R$ 11,2 mil -\",\"isPartOf\":{\"@id\":\"https:\/\/sulsc.com\/#website\"},\"datePublished\":\"2024-05-02T12:20:49+00:00\",\"dateModified\":\"2024-05-02T10:32:08+00:00\",\"author\":{\"@id\":\"https:\/\/sulsc.com\/#\/schema\/person\/84d2fc571684f6248ba83092f07750a3\"},\"description\":\"As provas dever\u00e3o ser realizadas no dia 14 de setembro deste ano em Chapec\u00f3, Crici\u00fama, Grande Florian\u00f3polis, Joinville e Lages\",\"breadcrumb\":{\"@id\":\"https:\/\/sulsc.com\/index.php\/2024\/05\/02\/celesc-abre-concurso-para-niveis-medio-tecnico-e-superior-com-salarios-de-ate-r-112-mil\/#breadcrumb\"},\"inLanguage\":\"en-US\",\"potentialAction\":[{\"@type\":\"ReadAction\",\"target\":[\"https:\/\/sulsc.com\/index.php\/2024\/05\/02\/celesc-abre-concurso-para-niveis-medio-tecnico-e-superior-com-salarios-de-ate-r-112-mil\/\"]}]},{\"@type\":\"BreadcrumbList\",\"@id\":\"https:\/\/sulsc.com\/index.php\/2024\/05\/02\/celesc-abre-concurso-para-niveis-medio-tecnico-e-superior-com-salarios-de-ate-r-112-mil\/#breadcrumb\",\"itemListElement\":[{\"@type\":\"ListItem\",\"position\":1,\"name\":\"In\u00edcio\",\"item\":\"https:\/\/sulsc.com\/\"},{\"@type\":\"ListItem\",\"position\":2,\"name\":\"Celesc abre concurso para n\u00edveis m\u00e9dio, t\u00e9cnico e superior com sal\u00e1rios de at\u00e9 R$ 11,2 mil\"}]},{\"@type\":\"WebSite\",\"@id\":\"https:\/\/sulsc.com\/#website\",\"url\":\"https:\/\/sulsc.com\/\",\"name\":\"\",\"description\":\"\",\"potentialAction\":[{\"@type\":\"SearchAction\",\"target\":{\"@type\":\"EntryPoint\",\"urlTemplate\":\"https:\/\/sulsc.com\/?s={search_term_string}\"},\"query-input\":\"required name=search_term_string\"}],\"inLanguage\":\"en-US\"},{\"@type\":\"Person\",\"@id\":\"https:\/\/sulsc.com\/#\/schema\/person\/84d2fc571684f6248ba83092f07750a3\",\"name\":\"Reda\u00e7\u00e3o Sul SC\",\"image\":{\"@type\":\"ImageObject\",\"inLanguage\":\"en-US\",\"@id\":\"https:\/\/sulsc.com\/#\/schema\/person\/image\/e08d7fe2cc4ed596372063bbe852b8d0\",\"url\":\"https:\/\/sulsc.com\/wp-content\/uploads\/2023\/09\/redacao.png\",\"contentUrl\":\"https:\/\/sulsc.com\/wp-content\/uploads\/2023\/09\/redacao.png\",\"caption\":\"Reda\u00e7\u00e3o Sul SC\"},\"description\":\"Foco em um jornalismo imparcial, voltado \u00e0 qualidade dos seus conte\u00fados e, assim, levar informa\u00e7\u00e3o de valor que agregue \u00e0 vida dos leitores. Esta \u00e9 grande miss\u00e3o do Portal de Not\u00edcias Sul SC. N\u00e3o \u00e9 quantidade que muda o mundo, sempre foi e seguir\u00e1 sendo qualidade!\",\"sameAs\":[\"https:\/\/sulsc.com\/\",\"https:\/\/www.facebook.com\/profile.php?id=61559278119680\",\"https:\/\/www.instagram.com\/sulscportal\/?hl=pt-br\",\"https:\/\/twitter.com\/https:\/\/twitter.com\/PortalSulSC\",\"https:\/\/www.youtube.com\/channel\/UCv_BE8GeySluDov2n8qhVmw\"],\"url\":\"https:\/\/sulsc.com\/index.php\/author\/redacao\/\"}]}<\/script>\n<!-- \/ Yoast SEO plugin. -->","yoast_head_json":{"title":"Celesc abre concurso para n\u00edveis m\u00e9dio, t\u00e9cnico e superior com sal\u00e1rios de at\u00e9 R$ 11,2 mil -","description":"As provas dever\u00e3o ser realizadas no dia 14 de setembro deste ano em Chapec\u00f3, Crici\u00fama, Grande Florian\u00f3polis, Joinville e Lages","robots":{"index":"index","follow":"follow","max-snippet":"max-snippet:-1","max-image-preview":"max-image-preview:large","max-video-preview":"max-video-preview:-1"},"canonical":"https:\/\/sulsc.com\/index.php\/2024\/05\/02\/celesc-abre-concurso-para-niveis-medio-tecnico-e-superior-com-salarios-de-ate-r-112-mil\/","og_locale":"en_US","og_type":"article","og_title":"Celesc abre concurso para n\u00edveis m\u00e9dio, t\u00e9cnico e superior com sal\u00e1rios de at\u00e9 R$ 11,2 mil -","og_description":"As provas dever\u00e3o ser realizadas no dia 14 de setembro deste ano em Chapec\u00f3, Crici\u00fama, Grande Florian\u00f3polis, Joinville e Lages","og_url":"https:\/\/sulsc.com\/index.php\/2024\/05\/02\/celesc-abre-concurso-para-niveis-medio-tecnico-e-superior-com-salarios-de-ate-r-112-mil\/","article_author":"https:\/\/www.facebook.com\/profile.php?id=61559278119680","article_published_time":"2024-05-02T12:20:49+00:00","article_modified_time":"2024-05-02T10:32:08+00:00","og_image":[{"width":1599,"height":1066,"url":"https:\/\/sulsc.com\/wp-content\/uploads\/2024\/05\/Edital-Celesc.jpeg","type":"image\/jpeg"}],"author":"Reda\u00e7\u00e3o Sul SC","twitter_card":"summary_large_image","twitter_creator":"@https:\/\/twitter.com\/PortalSulSC","twitter_misc":{"Written by":"Reda\u00e7\u00e3o Sul SC","Est. reading time":"2 minutes"},"schema":{"@context":"https:\/\/schema.org","@graph":[{"@type":"WebPage","@id":"https:\/\/sulsc.com\/index.php\/2024\/05\/02\/celesc-abre-concurso-para-niveis-medio-tecnico-e-superior-com-salarios-de-ate-r-112-mil\/","url":"https:\/\/sulsc.com\/index.php\/2024\/05\/02\/celesc-abre-concurso-para-niveis-medio-tecnico-e-superior-com-salarios-de-ate-r-112-mil\/","name":"Celesc abre concurso para n\u00edveis m\u00e9dio, t\u00e9cnico e superior com sal\u00e1rios de at\u00e9 R$ 11,2 mil -","isPartOf":{"@id":"https:\/\/sulsc.com\/#website"},"datePublished":"2024-05-02T12:20:49+00:00","dateModified":"2024-05-02T10:32:08+00:00","author":{"@id":"https:\/\/sulsc.com\/#\/schema\/person\/84d2fc571684f6248ba83092f07750a3"},"description":"As provas dever\u00e3o ser realizadas no dia 14 de setembro deste ano em Chapec\u00f3, Crici\u00fama, Grande Florian\u00f3polis, Joinville e Lages","breadcrumb":{"@id":"https:\/\/sulsc.com\/index.php\/2024\/05\/02\/celesc-abre-concurso-para-niveis-medio-tecnico-e-superior-com-salarios-de-ate-r-112-mil\/#breadcrumb"},"inLanguage":"en-US","potentialAction":[{"@type":"ReadAction","target":["https:\/\/sulsc.com\/index.php\/2024\/05\/02\/celesc-abre-concurso-para-niveis-medio-tecnico-e-superior-com-salarios-de-ate-r-112-mil\/"]}]},{"@type":"BreadcrumbList","@id":"https:\/\/sulsc.com\/index.php\/2024\/05\/02\/celesc-abre-concurso-para-niveis-medio-tecnico-e-superior-com-salarios-de-ate-r-112-mil\/#breadcrumb","itemListElement":[{"@type":"ListItem","position":1,"name":"In\u00edcio","item":"https:\/\/sulsc.com\/"},{"@type":"ListItem","position":2,"name":"Celesc abre concurso para n\u00edveis m\u00e9dio, t\u00e9cnico e superior com sal\u00e1rios de at\u00e9 R$ 11,2 mil"}]},{"@type":"WebSite","@id":"https:\/\/sulsc.com\/#website","url":"https:\/\/sulsc.com\/","name":"","description":"","potentialAction":[{"@type":"SearchAction","target":{"@type":"EntryPoint","urlTemplate":"https:\/\/sulsc.com\/?s={search_term_string}"},"query-input":"required name=search_term_string"}],"inLanguage":"en-US"},{"@type":"Person","@id":"https:\/\/sulsc.com\/#\/schema\/person\/84d2fc571684f6248ba83092f07750a3","name":"Reda\u00e7\u00e3o Sul SC","image":{"@type":"ImageObject","inLanguage":"en-US","@id":"https:\/\/sulsc.com\/#\/schema\/person\/image\/e08d7fe2cc4ed596372063bbe852b8d0","url":"https:\/\/sulsc.com\/wp-content\/uploads\/2023\/09\/redacao.png","contentUrl":"https:\/\/sulsc.com\/wp-content\/uploads\/2023\/09\/redacao.png","caption":"Reda\u00e7\u00e3o Sul SC"},"description":"Foco em um jornalismo imparcial, voltado \u00e0 qualidade dos seus conte\u00fados e, assim, levar informa\u00e7\u00e3o de valor que agregue \u00e0 vida dos leitores. Esta \u00e9 grande miss\u00e3o do Portal de Not\u00edcias Sul SC. N\u00e3o \u00e9 quantidade que muda o mundo, sempre foi e seguir\u00e1 sendo qualidade!","sameAs":["https:\/\/sulsc.com\/","https:\/\/www.facebook.com\/profile.php?id=61559278119680","https:\/\/www.instagram.com\/sulscportal\/?hl=pt-br","https:\/\/twitter.com\/https:\/\/twitter.com\/PortalSulSC","https:\/\/www.youtube.com\/channel\/UCv_BE8GeySluDov2n8qhVmw"],"url":"https:\/\/sulsc.com\/index.php\/author\/redacao\/"}]}},"authors":[],"_links":{"self":[{"href":"https:\/\/sulsc.com\/index.php\/wp-json\/wp\/v2\/posts\/11563"}],"collection":[{"href":"https:\/\/sulsc.com\/index.php\/wp-json\/wp\/v2\/posts"}],"about":[{"href":"https:\/\/sulsc.com\/index.php\/wp-json\/wp\/v2\/types\/post"}],"author":[{"embeddable":true,"href":"https:\/\/sulsc.com\/index.php\/wp-json\/wp\/v2\/users\/3"}],"replies":[{"embeddable":true,"href":"https:\/\/sulsc.com\/index.php\/wp-json\/wp\/v2\/comments?post=11563"}],"version-history":[{"count":1,"href":"https:\/\/sulsc.com\/index.php\/wp-json\/wp\/v2\/posts\/11563\/revisions"}],"predecessor-version":[{"id":11565,"href":"https:\/\/sulsc.com\/index.php\/wp-json\/wp\/v2\/posts\/11563\/revisions\/11565"}],"wp:featuredmedia":[{"embeddable":true,"href":"https:\/\/sulsc.com\/index.php\/wp-json\/wp\/v2\/media\/11564"}],"wp:attachment":[{"href":"https:\/\/sulsc.com\/index.php\/wp-json\/wp\/v2\/media?parent=11563"}],"wp:term":[{"taxonomy":"category","embeddable":true,"href":"https:\/\/sulsc.com\/index.php\/wp-json\/wp\/v2\/categories?post=11563"},{"taxonomy":"post_tag","embeddable":true,"href":"https:\/\/sulsc.com\/index.php\/wp-json\/wp\/v2\/tags?post=11563"}],"curies":[{"name":"wp","href":"https:\/\/api.w.org\/{rel}","templated":true}]}}