{"id":11577,"date":"2024-05-02T17:00:03","date_gmt":"2024-05-02T20:00:03","guid":{"rendered":"https:\/\/sulsc.com\/?p=11577"},"modified":"2024-05-02T17:05:53","modified_gmt":"2024-05-02T20:05:53","slug":"reajuste-anual-da-tarifa-de-agua-de-tubarao-e-de-189-em-2024","status":"publish","type":"post","link":"https:\/\/sulsc.com\/index.php\/2024\/05\/02\/reajuste-anual-da-tarifa-de-agua-de-tubarao-e-de-189-em-2024\/","title":{"rendered":"Reajuste anual da tarifa de \u00e1gua de Tubar\u00e3o \u00e9 de 1,89% em 2024"},"content":{"rendered":"<p>A tarifa de \u00e1gua de Tubar\u00e3o tem um novo valor a partir desta quarta-feira (1\u00ba). O reajuste anual de 2024 foi de 1,89%. O \u00edndice foi votado e aprovado pelo Conselho Municipal de Saneamento B\u00e1sico.<\/p>\n<p>A Tubar\u00e3o Saneamento havia solicitado um reajuste de 12,68%. Por\u00e9m, os c\u00e1lculos feitos pela Ag\u00eancia Reguladora de Saneamento (AGR), respons\u00e1vel por garantir o equil\u00edbrio econ\u00f4mico-financeiro, apontaram um percentual bem menor.<\/p>\n<p>A tarifa b\u00e1sica residencial para at\u00e9 10 metros c\u00fabicos passar\u00e1 de R$ 45,94 para R$ 46,81. O decreto n\u00ba 7.542 foi sancionado pelo prefeito Jairo Cascaes.<\/p>\n<p><img fetchpriority=\"high\" decoding=\"async\" class=\"alignnone size-full wp-image-11578\" src=\"http:\/\/sulsc.com\/wp-content\/uploads\/2024\/05\/fatura-agua.png\" alt=\"\" width=\"768\" height=\"394\" srcset=\"https:\/\/sulsc.com\/wp-content\/uploads\/2024\/05\/fatura-agua.png 768w, https:\/\/sulsc.com\/wp-content\/uploads\/2024\/05\/fatura-agua-300x154.png 300w\" sizes=\"(max-width: 768px) 100vw, 768px\" \/><\/p>\n","protected":false},"excerpt":{"rendered":"<p>A tarifa de \u00e1gua de Tubar\u00e3o tem um novo valor a partir desta quarta-feira (1\u00ba). O reajuste anual de 2024 foi de 1,89%. O \u00edndice foi votado e aprovado pelo Conselho Municipal de Saneamento B\u00e1sico. A Tubar\u00e3o Saneamento havia solicitado um reajuste de 12,68%. Por\u00e9m, os c\u00e1lculos feitos pela Ag\u00eancia Reguladora de Saneamento (AGR), respons\u00e1vel &hellip;<\/p>\n<p class=\"read-more\"> <a class=\"\" href=\"https:\/\/sulsc.com\/index.php\/2024\/05\/02\/reajuste-anual-da-tarifa-de-agua-de-tubarao-e-de-189-em-2024\/\"> <span class=\"screen-reader-text\">Reajuste anual da tarifa de \u00e1gua de Tubar\u00e3o \u00e9 de 1,89% em 2024<\/span> Read More &raquo;<\/a><\/p>\n","protected":false},"author":3,"featured_media":11578,"comment_status":"open","ping_status":"open","sticky":false,"template":"","format":"standard","meta":{"site-sidebar-layout":"default","site-content-layout":"","ast-site-content-layout":"default","site-content-style":"default","site-sidebar-style":"default","ast-global-header-display":"","ast-banner-title-visibility":"","ast-main-header-display":"","ast-hfb-above-header-display":"","ast-hfb-below-header-display":"","ast-hfb-mobile-header-display":"","site-post-title":"","ast-breadcrumbs-content":"","ast-featured-img":"","footer-sml-layout":"","theme-transparent-header-meta":"default","adv-header-id-meta":"","stick-header-meta":"","header-above-stick-meta":"","header-main-stick-meta":"","header-below-stick-meta":"","astra-migrate-meta-layouts":"set","footnotes":""},"categories":[1],"tags":[],"yoast_head":"<!-- This site is optimized with the Yoast SEO plugin v21.4 - https:\/\/yoast.com\/wordpress\/plugins\/seo\/ -->\n<title>Reajuste anual da tarifa de \u00e1gua de Tubar\u00e3o \u00e9 de 1,89% em 2024 -<\/title>\n<meta name=\"robots\" content=\"index, follow, max-snippet:-1, max-image-preview:large, max-video-preview:-1\" \/>\n<link rel=\"canonical\" href=\"https:\/\/sulsc.com\/index.php\/2024\/05\/02\/reajuste-anual-da-tarifa-de-agua-de-tubarao-e-de-189-em-2024\/\" \/>\n<meta property=\"og:locale\" content=\"en_US\" \/>\n<meta property=\"og:type\" content=\"article\" \/>\n<meta property=\"og:title\" content=\"Reajuste anual da tarifa de \u00e1gua de Tubar\u00e3o \u00e9 de 1,89% em 2024 -\" \/>\n<meta property=\"og:description\" content=\"A tarifa de \u00e1gua de Tubar\u00e3o tem um novo valor a partir desta quarta-feira (1\u00ba). O reajuste anual de 2024 foi de 1,89%. O \u00edndice foi votado e aprovado pelo Conselho Municipal de Saneamento B\u00e1sico. A Tubar\u00e3o Saneamento havia solicitado um reajuste de 12,68%. Por\u00e9m, os c\u00e1lculos feitos pela Ag\u00eancia Reguladora de Saneamento (AGR), respons\u00e1vel &hellip; Reajuste anual da tarifa de \u00e1gua de Tubar\u00e3o \u00e9 de 1,89% em 2024 Read More &raquo;\" \/>\n<meta property=\"og:url\" content=\"https:\/\/sulsc.com\/index.php\/2024\/05\/02\/reajuste-anual-da-tarifa-de-agua-de-tubarao-e-de-189-em-2024\/\" \/>\n<meta property=\"article:author\" content=\"https:\/\/www.facebook.com\/profile.php?id=61559278119680\" \/>\n<meta property=\"article:published_time\" content=\"2024-05-02T20:00:03+00:00\" \/>\n<meta property=\"article:modified_time\" content=\"2024-05-02T20:05:53+00:00\" \/>\n<meta property=\"og:image\" content=\"http:\/\/sulsc.com\/wp-content\/uploads\/2024\/05\/fatura-agua.png\" \/>\n\t<meta property=\"og:image:width\" content=\"768\" \/>\n\t<meta property=\"og:image:height\" content=\"394\" \/>\n\t<meta property=\"og:image:type\" content=\"image\/png\" \/>\n<meta name=\"author\" content=\"Reda\u00e7\u00e3o Sul SC\" \/>\n<meta name=\"twitter:card\" content=\"summary_large_image\" \/>\n<meta name=\"twitter:creator\" content=\"@https:\/\/twitter.com\/PortalSulSC\" \/>\n<meta name=\"twitter:label1\" content=\"Written by\" \/>\n\t<meta name=\"twitter:data1\" content=\"Reda\u00e7\u00e3o Sul SC\" \/>\n\t<meta name=\"twitter:label2\" content=\"Est. reading time\" \/>\n\t<meta name=\"twitter:data2\" content=\"1 minute\" \/>\n<script type=\"application\/ld+json\" class=\"yoast-schema-graph\">{\"@context\":\"https:\/\/schema.org\",\"@graph\":[{\"@type\":\"WebPage\",\"@id\":\"https:\/\/sulsc.com\/index.php\/2024\/05\/02\/reajuste-anual-da-tarifa-de-agua-de-tubarao-e-de-189-em-2024\/\",\"url\":\"https:\/\/sulsc.com\/index.php\/2024\/05\/02\/reajuste-anual-da-tarifa-de-agua-de-tubarao-e-de-189-em-2024\/\",\"name\":\"Reajuste anual da tarifa de \u00e1gua de Tubar\u00e3o \u00e9 de 1,89% em 2024 -\",\"isPartOf\":{\"@id\":\"https:\/\/sulsc.com\/#website\"},\"datePublished\":\"2024-05-02T20:00:03+00:00\",\"dateModified\":\"2024-05-02T20:05:53+00:00\",\"author\":{\"@id\":\"https:\/\/sulsc.com\/#\/schema\/person\/84d2fc571684f6248ba83092f07750a3\"},\"breadcrumb\":{\"@id\":\"https:\/\/sulsc.com\/index.php\/2024\/05\/02\/reajuste-anual-da-tarifa-de-agua-de-tubarao-e-de-189-em-2024\/#breadcrumb\"},\"inLanguage\":\"en-US\",\"potentialAction\":[{\"@type\":\"ReadAction\",\"target\":[\"https:\/\/sulsc.com\/index.php\/2024\/05\/02\/reajuste-anual-da-tarifa-de-agua-de-tubarao-e-de-189-em-2024\/\"]}]},{\"@type\":\"BreadcrumbList\",\"@id\":\"https:\/\/sulsc.com\/index.php\/2024\/05\/02\/reajuste-anual-da-tarifa-de-agua-de-tubarao-e-de-189-em-2024\/#breadcrumb\",\"itemListElement\":[{\"@type\":\"ListItem\",\"position\":1,\"name\":\"In\u00edcio\",\"item\":\"https:\/\/sulsc.com\/\"},{\"@type\":\"ListItem\",\"position\":2,\"name\":\"Reajuste anual da tarifa de \u00e1gua de Tubar\u00e3o \u00e9 de 1,89% em 2024\"}]},{\"@type\":\"WebSite\",\"@id\":\"https:\/\/sulsc.com\/#website\",\"url\":\"https:\/\/sulsc.com\/\",\"name\":\"\",\"description\":\"\",\"potentialAction\":[{\"@type\":\"SearchAction\",\"target\":{\"@type\":\"EntryPoint\",\"urlTemplate\":\"https:\/\/sulsc.com\/?s={search_term_string}\"},\"query-input\":\"required name=search_term_string\"}],\"inLanguage\":\"en-US\"},{\"@type\":\"Person\",\"@id\":\"https:\/\/sulsc.com\/#\/schema\/person\/84d2fc571684f6248ba83092f07750a3\",\"name\":\"Reda\u00e7\u00e3o Sul SC\",\"image\":{\"@type\":\"ImageObject\",\"inLanguage\":\"en-US\",\"@id\":\"https:\/\/sulsc.com\/#\/schema\/person\/image\/e08d7fe2cc4ed596372063bbe852b8d0\",\"url\":\"https:\/\/sulsc.com\/wp-content\/uploads\/2023\/09\/redacao.png\",\"contentUrl\":\"https:\/\/sulsc.com\/wp-content\/uploads\/2023\/09\/redacao.png\",\"caption\":\"Reda\u00e7\u00e3o Sul SC\"},\"description\":\"Foco em um jornalismo imparcial, voltado \u00e0 qualidade dos seus conte\u00fados e, assim, levar informa\u00e7\u00e3o de valor que agregue \u00e0 vida dos leitores. Esta \u00e9 grande miss\u00e3o do Portal de Not\u00edcias Sul SC. N\u00e3o \u00e9 quantidade que muda o mundo, sempre foi e seguir\u00e1 sendo qualidade!\",\"sameAs\":[\"https:\/\/sulsc.com\/\",\"https:\/\/www.facebook.com\/profile.php?id=61559278119680\",\"https:\/\/www.instagram.com\/sulscportal\/?hl=pt-br\",\"https:\/\/twitter.com\/https:\/\/twitter.com\/PortalSulSC\",\"https:\/\/www.youtube.com\/channel\/UCv_BE8GeySluDov2n8qhVmw\"],\"url\":\"https:\/\/sulsc.com\/index.php\/author\/redacao\/\"}]}<\/script>\n<!-- \/ Yoast SEO plugin. -->","yoast_head_json":{"title":"Reajuste anual da tarifa de \u00e1gua de Tubar\u00e3o \u00e9 de 1,89% em 2024 -","robots":{"index":"index","follow":"follow","max-snippet":"max-snippet:-1","max-image-preview":"max-image-preview:large","max-video-preview":"max-video-preview:-1"},"canonical":"https:\/\/sulsc.com\/index.php\/2024\/05\/02\/reajuste-anual-da-tarifa-de-agua-de-tubarao-e-de-189-em-2024\/","og_locale":"en_US","og_type":"article","og_title":"Reajuste anual da tarifa de \u00e1gua de Tubar\u00e3o \u00e9 de 1,89% em 2024 -","og_description":"A tarifa de \u00e1gua de Tubar\u00e3o tem um novo valor a partir desta quarta-feira (1\u00ba). O reajuste anual de 2024 foi de 1,89%. O \u00edndice foi votado e aprovado pelo Conselho Municipal de Saneamento B\u00e1sico. A Tubar\u00e3o Saneamento havia solicitado um reajuste de 12,68%. Por\u00e9m, os c\u00e1lculos feitos pela Ag\u00eancia Reguladora de Saneamento (AGR), respons\u00e1vel &hellip; Reajuste anual da tarifa de \u00e1gua de Tubar\u00e3o \u00e9 de 1,89% em 2024 Read More &raquo;","og_url":"https:\/\/sulsc.com\/index.php\/2024\/05\/02\/reajuste-anual-da-tarifa-de-agua-de-tubarao-e-de-189-em-2024\/","article_author":"https:\/\/www.facebook.com\/profile.php?id=61559278119680","article_published_time":"2024-05-02T20:00:03+00:00","article_modified_time":"2024-05-02T20:05:53+00:00","og_image":[{"width":768,"height":394,"url":"http:\/\/sulsc.com\/wp-content\/uploads\/2024\/05\/fatura-agua.png","type":"image\/png"}],"author":"Reda\u00e7\u00e3o Sul SC","twitter_card":"summary_large_image","twitter_creator":"@https:\/\/twitter.com\/PortalSulSC","twitter_misc":{"Written by":"Reda\u00e7\u00e3o Sul SC","Est. reading time":"1 minute"},"schema":{"@context":"https:\/\/schema.org","@graph":[{"@type":"WebPage","@id":"https:\/\/sulsc.com\/index.php\/2024\/05\/02\/reajuste-anual-da-tarifa-de-agua-de-tubarao-e-de-189-em-2024\/","url":"https:\/\/sulsc.com\/index.php\/2024\/05\/02\/reajuste-anual-da-tarifa-de-agua-de-tubarao-e-de-189-em-2024\/","name":"Reajuste anual da tarifa de \u00e1gua de Tubar\u00e3o \u00e9 de 1,89% em 2024 -","isPartOf":{"@id":"https:\/\/sulsc.com\/#website"},"datePublished":"2024-05-02T20:00:03+00:00","dateModified":"2024-05-02T20:05:53+00:00","author":{"@id":"https:\/\/sulsc.com\/#\/schema\/person\/84d2fc571684f6248ba83092f07750a3"},"breadcrumb":{"@id":"https:\/\/sulsc.com\/index.php\/2024\/05\/02\/reajuste-anual-da-tarifa-de-agua-de-tubarao-e-de-189-em-2024\/#breadcrumb"},"inLanguage":"en-US","potentialAction":[{"@type":"ReadAction","target":["https:\/\/sulsc.com\/index.php\/2024\/05\/02\/reajuste-anual-da-tarifa-de-agua-de-tubarao-e-de-189-em-2024\/"]}]},{"@type":"BreadcrumbList","@id":"https:\/\/sulsc.com\/index.php\/2024\/05\/02\/reajuste-anual-da-tarifa-de-agua-de-tubarao-e-de-189-em-2024\/#breadcrumb","itemListElement":[{"@type":"ListItem","position":1,"name":"In\u00edcio","item":"https:\/\/sulsc.com\/"},{"@type":"ListItem","position":2,"name":"Reajuste anual da tarifa de \u00e1gua de Tubar\u00e3o \u00e9 de 1,89% em 2024"}]},{"@type":"WebSite","@id":"https:\/\/sulsc.com\/#website","url":"https:\/\/sulsc.com\/","name":"","description":"","potentialAction":[{"@type":"SearchAction","target":{"@type":"EntryPoint","urlTemplate":"https:\/\/sulsc.com\/?s={search_term_string}"},"query-input":"required name=search_term_string"}],"inLanguage":"en-US"},{"@type":"Person","@id":"https:\/\/sulsc.com\/#\/schema\/person\/84d2fc571684f6248ba83092f07750a3","name":"Reda\u00e7\u00e3o Sul SC","image":{"@type":"ImageObject","inLanguage":"en-US","@id":"https:\/\/sulsc.com\/#\/schema\/person\/image\/e08d7fe2cc4ed596372063bbe852b8d0","url":"https:\/\/sulsc.com\/wp-content\/uploads\/2023\/09\/redacao.png","contentUrl":"https:\/\/sulsc.com\/wp-content\/uploads\/2023\/09\/redacao.png","caption":"Reda\u00e7\u00e3o Sul SC"},"description":"Foco em um jornalismo imparcial, voltado \u00e0 qualidade dos seus conte\u00fados e, assim, levar informa\u00e7\u00e3o de valor que agregue \u00e0 vida dos leitores. Esta \u00e9 grande miss\u00e3o do Portal de Not\u00edcias Sul SC. N\u00e3o \u00e9 quantidade que muda o mundo, sempre foi e seguir\u00e1 sendo qualidade!","sameAs":["https:\/\/sulsc.com\/","https:\/\/www.facebook.com\/profile.php?id=61559278119680","https:\/\/www.instagram.com\/sulscportal\/?hl=pt-br","https:\/\/twitter.com\/https:\/\/twitter.com\/PortalSulSC","https:\/\/www.youtube.com\/channel\/UCv_BE8GeySluDov2n8qhVmw"],"url":"https:\/\/sulsc.com\/index.php\/author\/redacao\/"}]}},"authors":[],"_links":{"self":[{"href":"https:\/\/sulsc.com\/index.php\/wp-json\/wp\/v2\/posts\/11577"}],"collection":[{"href":"https:\/\/sulsc.com\/index.php\/wp-json\/wp\/v2\/posts"}],"about":[{"href":"https:\/\/sulsc.com\/index.php\/wp-json\/wp\/v2\/types\/post"}],"author":[{"embeddable":true,"href":"https:\/\/sulsc.com\/index.php\/wp-json\/wp\/v2\/users\/3"}],"replies":[{"embeddable":true,"href":"https:\/\/sulsc.com\/index.php\/wp-json\/wp\/v2\/comments?post=11577"}],"version-history":[{"count":1,"href":"https:\/\/sulsc.com\/index.php\/wp-json\/wp\/v2\/posts\/11577\/revisions"}],"predecessor-version":[{"id":11579,"href":"https:\/\/sulsc.com\/index.php\/wp-json\/wp\/v2\/posts\/11577\/revisions\/11579"}],"wp:featuredmedia":[{"embeddable":true,"href":"https:\/\/sulsc.com\/index.php\/wp-json\/wp\/v2\/media\/11578"}],"wp:attachment":[{"href":"https:\/\/sulsc.com\/index.php\/wp-json\/wp\/v2\/media?parent=11577"}],"wp:term":[{"taxonomy":"category","embeddable":true,"href":"https:\/\/sulsc.com\/index.php\/wp-json\/wp\/v2\/categories?post=11577"},{"taxonomy":"post_tag","embeddable":true,"href":"https:\/\/sulsc.com\/index.php\/wp-json\/wp\/v2\/tags?post=11577"}],"curies":[{"name":"wp","href":"https:\/\/api.w.org\/{rel}","templated":true}]}}