{"id":11580,"date":"2024-05-02T15:40:38","date_gmt":"2024-05-02T18:40:38","guid":{"rendered":"https:\/\/sulsc.com\/?p=11580"},"modified":"2024-05-02T14:45:59","modified_gmt":"2024-05-02T17:45:59","slug":"locutora-debora-souza-dos-santos-morre-aos-48-anos","status":"publish","type":"post","link":"https:\/\/sulsc.com\/index.php\/2024\/05\/02\/locutora-debora-souza-dos-santos-morre-aos-48-anos\/","title":{"rendered":"Locutora D\u00e9bora Souza dos Santos morre aos 48 anos"},"content":{"rendered":"<p>A locutora de D\u00e9bora Souza dos Santos, de 48 anos, morreu nesta quinta-feira (2). Deby, como era conhecida, estava internada nos \u00faltimos dias por conta de um tratamento contra um tumor na cabe\u00e7a.<\/p>\n<p>Desde 2021, quando foi diagnosticada com c\u00e2ncer de mama, a locutora na R\u00e1dio 102 FM, luta contra a doen\u00e7a. Amigos e familiares realizaram campanhas solid\u00e1rias para auxiliar no tratamento de Deby.\u00a0 A comunicadora era conhecida pelo carisma e simpatia com que tratava a todos durante a programa\u00e7\u00e3o da r\u00e1dio.<\/p>\n<p>\u201cEstamos de LUTO, nossa guerreira nos deixou, est\u00e1 com DEUS \ud83d\ude4f todos sabemos o quanto ela lutou e sim venceu, est\u00e1 em um lugar muito melhor \ud83d\ude4c Nossos sentimentos e p\u00easames a todos os familiares, amigos e colegas. Eterna Deby\u201d, homenageou a r\u00e1dio 102 FM em suas redes sociais.<\/p>\n<p>A cerim\u00f4nia f\u00fanebre de D\u00e9bora ter\u00e1 in\u00edcio \u00e0s 17h30 na Funer\u00e1ria Capivari. Uma celebra\u00e7\u00e3o ser\u00e1 realizada \u00e0s 9h desta sexta-feira (3), na Igreja S\u00e3o Jo\u00e3o Batista (Matriz). J\u00e1 o sepultamento ocorrer\u00e1 \u00e0s 10h na localidade de Laranjeiras em Pescaria Brava, \u00e0s 10h.<\/p>\n<p><img fetchpriority=\"high\" decoding=\"async\" class=\"alignnone size-full wp-image-11581\" src=\"http:\/\/sulsc.com\/wp-content\/uploads\/2024\/05\/Debora-Souza-dos-Santos.jpg\" alt=\"\" width=\"678\" height=\"555\" srcset=\"https:\/\/sulsc.com\/wp-content\/uploads\/2024\/05\/Debora-Souza-dos-Santos.jpg 678w, https:\/\/sulsc.com\/wp-content\/uploads\/2024\/05\/Debora-Souza-dos-Santos-300x246.jpg 300w\" sizes=\"(max-width: 678px) 100vw, 678px\" \/><\/p>\n","protected":false},"excerpt":{"rendered":"<p>A locutora de D\u00e9bora Souza dos Santos, de 48 anos, morreu nesta quinta-feira (2). Deby, como era conhecida, estava internada nos \u00faltimos dias por conta de um tratamento contra um tumor na cabe\u00e7a. Desde 2021, quando foi diagnosticada com c\u00e2ncer de mama, a locutora na R\u00e1dio 102 FM, luta contra a doen\u00e7a. Amigos e familiares &hellip;<\/p>\n<p class=\"read-more\"> <a class=\"\" href=\"https:\/\/sulsc.com\/index.php\/2024\/05\/02\/locutora-debora-souza-dos-santos-morre-aos-48-anos\/\"> <span class=\"screen-reader-text\">Locutora D\u00e9bora Souza dos Santos morre aos 48 anos<\/span> Read More &raquo;<\/a><\/p>\n","protected":false},"author":3,"featured_media":11581,"comment_status":"open","ping_status":"open","sticky":false,"template":"","format":"standard","meta":{"site-sidebar-layout":"default","site-content-layout":"","ast-site-content-layout":"default","site-content-style":"default","site-sidebar-style":"default","ast-global-header-display":"","ast-banner-title-visibility":"","ast-main-header-display":"","ast-hfb-above-header-display":"","ast-hfb-below-header-display":"","ast-hfb-mobile-header-display":"","site-post-title":"","ast-breadcrumbs-content":"","ast-featured-img":"","footer-sml-layout":"","theme-transparent-header-meta":"default","adv-header-id-meta":"","stick-header-meta":"","header-above-stick-meta":"","header-main-stick-meta":"","header-below-stick-meta":"","astra-migrate-meta-layouts":"set","footnotes":""},"categories":[1],"tags":[],"yoast_head":"<!-- This site is optimized with the Yoast SEO plugin v21.4 - https:\/\/yoast.com\/wordpress\/plugins\/seo\/ -->\n<title>Locutora D\u00e9bora Souza dos Santos morre aos 48 anos -<\/title>\n<meta name=\"description\" content=\"Deby, como era conhecida, estava internada nos \u00faltimos dias por conta de um tratamento contra um tumor na cabe\u00e7a\" \/>\n<meta name=\"robots\" content=\"index, follow, max-snippet:-1, max-image-preview:large, max-video-preview:-1\" \/>\n<link rel=\"canonical\" href=\"https:\/\/sulsc.com\/index.php\/2024\/05\/02\/locutora-debora-souza-dos-santos-morre-aos-48-anos\/\" \/>\n<meta property=\"og:locale\" content=\"en_US\" \/>\n<meta property=\"og:type\" content=\"article\" \/>\n<meta property=\"og:title\" content=\"Locutora D\u00e9bora Souza dos Santos morre aos 48 anos -\" \/>\n<meta property=\"og:description\" content=\"Deby, como era conhecida, estava internada nos \u00faltimos dias por conta de um tratamento contra um tumor na cabe\u00e7a\" \/>\n<meta property=\"og:url\" content=\"https:\/\/sulsc.com\/index.php\/2024\/05\/02\/locutora-debora-souza-dos-santos-morre-aos-48-anos\/\" \/>\n<meta property=\"article:author\" content=\"https:\/\/www.facebook.com\/profile.php?id=61559278119680\" \/>\n<meta property=\"article:published_time\" content=\"2024-05-02T18:40:38+00:00\" \/>\n<meta property=\"article:modified_time\" content=\"2024-05-02T17:45:59+00:00\" \/>\n<meta property=\"og:image\" content=\"https:\/\/sulsc.com\/wp-content\/uploads\/2024\/05\/Debora-Souza-dos-Santos.jpg\" \/>\n\t<meta property=\"og:image:width\" content=\"678\" \/>\n\t<meta property=\"og:image:height\" content=\"555\" \/>\n\t<meta property=\"og:image:type\" content=\"image\/jpeg\" \/>\n<meta name=\"author\" content=\"Reda\u00e7\u00e3o Sul SC\" \/>\n<meta name=\"twitter:card\" content=\"summary_large_image\" \/>\n<meta name=\"twitter:creator\" content=\"@https:\/\/twitter.com\/PortalSulSC\" \/>\n<meta name=\"twitter:label1\" content=\"Written by\" \/>\n\t<meta name=\"twitter:data1\" content=\"Reda\u00e7\u00e3o Sul SC\" \/>\n\t<meta name=\"twitter:label2\" content=\"Est. reading time\" \/>\n\t<meta name=\"twitter:data2\" content=\"1 minute\" \/>\n<script type=\"application\/ld+json\" class=\"yoast-schema-graph\">{\"@context\":\"https:\/\/schema.org\",\"@graph\":[{\"@type\":\"WebPage\",\"@id\":\"https:\/\/sulsc.com\/index.php\/2024\/05\/02\/locutora-debora-souza-dos-santos-morre-aos-48-anos\/\",\"url\":\"https:\/\/sulsc.com\/index.php\/2024\/05\/02\/locutora-debora-souza-dos-santos-morre-aos-48-anos\/\",\"name\":\"Locutora D\u00e9bora Souza dos Santos morre aos 48 anos -\",\"isPartOf\":{\"@id\":\"https:\/\/sulsc.com\/#website\"},\"datePublished\":\"2024-05-02T18:40:38+00:00\",\"dateModified\":\"2024-05-02T17:45:59+00:00\",\"author\":{\"@id\":\"https:\/\/sulsc.com\/#\/schema\/person\/84d2fc571684f6248ba83092f07750a3\"},\"description\":\"Deby, como era conhecida, estava internada nos \u00faltimos dias por conta de um tratamento contra um tumor na cabe\u00e7a\",\"breadcrumb\":{\"@id\":\"https:\/\/sulsc.com\/index.php\/2024\/05\/02\/locutora-debora-souza-dos-santos-morre-aos-48-anos\/#breadcrumb\"},\"inLanguage\":\"en-US\",\"potentialAction\":[{\"@type\":\"ReadAction\",\"target\":[\"https:\/\/sulsc.com\/index.php\/2024\/05\/02\/locutora-debora-souza-dos-santos-morre-aos-48-anos\/\"]}]},{\"@type\":\"BreadcrumbList\",\"@id\":\"https:\/\/sulsc.com\/index.php\/2024\/05\/02\/locutora-debora-souza-dos-santos-morre-aos-48-anos\/#breadcrumb\",\"itemListElement\":[{\"@type\":\"ListItem\",\"position\":1,\"name\":\"In\u00edcio\",\"item\":\"https:\/\/sulsc.com\/\"},{\"@type\":\"ListItem\",\"position\":2,\"name\":\"Locutora D\u00e9bora Souza dos Santos morre aos 48 anos\"}]},{\"@type\":\"WebSite\",\"@id\":\"https:\/\/sulsc.com\/#website\",\"url\":\"https:\/\/sulsc.com\/\",\"name\":\"\",\"description\":\"\",\"potentialAction\":[{\"@type\":\"SearchAction\",\"target\":{\"@type\":\"EntryPoint\",\"urlTemplate\":\"https:\/\/sulsc.com\/?s={search_term_string}\"},\"query-input\":\"required name=search_term_string\"}],\"inLanguage\":\"en-US\"},{\"@type\":\"Person\",\"@id\":\"https:\/\/sulsc.com\/#\/schema\/person\/84d2fc571684f6248ba83092f07750a3\",\"name\":\"Reda\u00e7\u00e3o Sul SC\",\"image\":{\"@type\":\"ImageObject\",\"inLanguage\":\"en-US\",\"@id\":\"https:\/\/sulsc.com\/#\/schema\/person\/image\/e08d7fe2cc4ed596372063bbe852b8d0\",\"url\":\"https:\/\/sulsc.com\/wp-content\/uploads\/2023\/09\/redacao.png\",\"contentUrl\":\"https:\/\/sulsc.com\/wp-content\/uploads\/2023\/09\/redacao.png\",\"caption\":\"Reda\u00e7\u00e3o Sul SC\"},\"description\":\"Foco em um jornalismo imparcial, voltado \u00e0 qualidade dos seus conte\u00fados e, assim, levar informa\u00e7\u00e3o de valor que agregue \u00e0 vida dos leitores. Esta \u00e9 grande miss\u00e3o do Portal de Not\u00edcias Sul SC. N\u00e3o \u00e9 quantidade que muda o mundo, sempre foi e seguir\u00e1 sendo qualidade!\",\"sameAs\":[\"https:\/\/sulsc.com\/\",\"https:\/\/www.facebook.com\/profile.php?id=61559278119680\",\"https:\/\/www.instagram.com\/sulscportal\/?hl=pt-br\",\"https:\/\/twitter.com\/https:\/\/twitter.com\/PortalSulSC\",\"https:\/\/www.youtube.com\/channel\/UCv_BE8GeySluDov2n8qhVmw\"],\"url\":\"https:\/\/sulsc.com\/index.php\/author\/redacao\/\"}]}<\/script>\n<!-- \/ Yoast SEO plugin. -->","yoast_head_json":{"title":"Locutora D\u00e9bora Souza dos Santos morre aos 48 anos -","description":"Deby, como era conhecida, estava internada nos \u00faltimos dias por conta de um tratamento contra um tumor na cabe\u00e7a","robots":{"index":"index","follow":"follow","max-snippet":"max-snippet:-1","max-image-preview":"max-image-preview:large","max-video-preview":"max-video-preview:-1"},"canonical":"https:\/\/sulsc.com\/index.php\/2024\/05\/02\/locutora-debora-souza-dos-santos-morre-aos-48-anos\/","og_locale":"en_US","og_type":"article","og_title":"Locutora D\u00e9bora Souza dos Santos morre aos 48 anos -","og_description":"Deby, como era conhecida, estava internada nos \u00faltimos dias por conta de um tratamento contra um tumor na cabe\u00e7a","og_url":"https:\/\/sulsc.com\/index.php\/2024\/05\/02\/locutora-debora-souza-dos-santos-morre-aos-48-anos\/","article_author":"https:\/\/www.facebook.com\/profile.php?id=61559278119680","article_published_time":"2024-05-02T18:40:38+00:00","article_modified_time":"2024-05-02T17:45:59+00:00","og_image":[{"width":678,"height":555,"url":"https:\/\/sulsc.com\/wp-content\/uploads\/2024\/05\/Debora-Souza-dos-Santos.jpg","type":"image\/jpeg"}],"author":"Reda\u00e7\u00e3o Sul SC","twitter_card":"summary_large_image","twitter_creator":"@https:\/\/twitter.com\/PortalSulSC","twitter_misc":{"Written by":"Reda\u00e7\u00e3o Sul SC","Est. reading time":"1 minute"},"schema":{"@context":"https:\/\/schema.org","@graph":[{"@type":"WebPage","@id":"https:\/\/sulsc.com\/index.php\/2024\/05\/02\/locutora-debora-souza-dos-santos-morre-aos-48-anos\/","url":"https:\/\/sulsc.com\/index.php\/2024\/05\/02\/locutora-debora-souza-dos-santos-morre-aos-48-anos\/","name":"Locutora D\u00e9bora Souza dos Santos morre aos 48 anos -","isPartOf":{"@id":"https:\/\/sulsc.com\/#website"},"datePublished":"2024-05-02T18:40:38+00:00","dateModified":"2024-05-02T17:45:59+00:00","author":{"@id":"https:\/\/sulsc.com\/#\/schema\/person\/84d2fc571684f6248ba83092f07750a3"},"description":"Deby, como era conhecida, estava internada nos \u00faltimos dias por conta de um tratamento contra um tumor na cabe\u00e7a","breadcrumb":{"@id":"https:\/\/sulsc.com\/index.php\/2024\/05\/02\/locutora-debora-souza-dos-santos-morre-aos-48-anos\/#breadcrumb"},"inLanguage":"en-US","potentialAction":[{"@type":"ReadAction","target":["https:\/\/sulsc.com\/index.php\/2024\/05\/02\/locutora-debora-souza-dos-santos-morre-aos-48-anos\/"]}]},{"@type":"BreadcrumbList","@id":"https:\/\/sulsc.com\/index.php\/2024\/05\/02\/locutora-debora-souza-dos-santos-morre-aos-48-anos\/#breadcrumb","itemListElement":[{"@type":"ListItem","position":1,"name":"In\u00edcio","item":"https:\/\/sulsc.com\/"},{"@type":"ListItem","position":2,"name":"Locutora D\u00e9bora Souza dos Santos morre aos 48 anos"}]},{"@type":"WebSite","@id":"https:\/\/sulsc.com\/#website","url":"https:\/\/sulsc.com\/","name":"","description":"","potentialAction":[{"@type":"SearchAction","target":{"@type":"EntryPoint","urlTemplate":"https:\/\/sulsc.com\/?s={search_term_string}"},"query-input":"required name=search_term_string"}],"inLanguage":"en-US"},{"@type":"Person","@id":"https:\/\/sulsc.com\/#\/schema\/person\/84d2fc571684f6248ba83092f07750a3","name":"Reda\u00e7\u00e3o Sul SC","image":{"@type":"ImageObject","inLanguage":"en-US","@id":"https:\/\/sulsc.com\/#\/schema\/person\/image\/e08d7fe2cc4ed596372063bbe852b8d0","url":"https:\/\/sulsc.com\/wp-content\/uploads\/2023\/09\/redacao.png","contentUrl":"https:\/\/sulsc.com\/wp-content\/uploads\/2023\/09\/redacao.png","caption":"Reda\u00e7\u00e3o Sul SC"},"description":"Foco em um jornalismo imparcial, voltado \u00e0 qualidade dos seus conte\u00fados e, assim, levar informa\u00e7\u00e3o de valor que agregue \u00e0 vida dos leitores. Esta \u00e9 grande miss\u00e3o do Portal de Not\u00edcias Sul SC. N\u00e3o \u00e9 quantidade que muda o mundo, sempre foi e seguir\u00e1 sendo qualidade!","sameAs":["https:\/\/sulsc.com\/","https:\/\/www.facebook.com\/profile.php?id=61559278119680","https:\/\/www.instagram.com\/sulscportal\/?hl=pt-br","https:\/\/twitter.com\/https:\/\/twitter.com\/PortalSulSC","https:\/\/www.youtube.com\/channel\/UCv_BE8GeySluDov2n8qhVmw"],"url":"https:\/\/sulsc.com\/index.php\/author\/redacao\/"}]}},"authors":[],"_links":{"self":[{"href":"https:\/\/sulsc.com\/index.php\/wp-json\/wp\/v2\/posts\/11580"}],"collection":[{"href":"https:\/\/sulsc.com\/index.php\/wp-json\/wp\/v2\/posts"}],"about":[{"href":"https:\/\/sulsc.com\/index.php\/wp-json\/wp\/v2\/types\/post"}],"author":[{"embeddable":true,"href":"https:\/\/sulsc.com\/index.php\/wp-json\/wp\/v2\/users\/3"}],"replies":[{"embeddable":true,"href":"https:\/\/sulsc.com\/index.php\/wp-json\/wp\/v2\/comments?post=11580"}],"version-history":[{"count":3,"href":"https:\/\/sulsc.com\/index.php\/wp-json\/wp\/v2\/posts\/11580\/revisions"}],"predecessor-version":[{"id":11584,"href":"https:\/\/sulsc.com\/index.php\/wp-json\/wp\/v2\/posts\/11580\/revisions\/11584"}],"wp:featuredmedia":[{"embeddable":true,"href":"https:\/\/sulsc.com\/index.php\/wp-json\/wp\/v2\/media\/11581"}],"wp:attachment":[{"href":"https:\/\/sulsc.com\/index.php\/wp-json\/wp\/v2\/media?parent=11580"}],"wp:term":[{"taxonomy":"category","embeddable":true,"href":"https:\/\/sulsc.com\/index.php\/wp-json\/wp\/v2\/categories?post=11580"},{"taxonomy":"post_tag","embeddable":true,"href":"https:\/\/sulsc.com\/index.php\/wp-json\/wp\/v2\/tags?post=11580"}],"curies":[{"name":"wp","href":"https:\/\/api.w.org\/{rel}","templated":true}]}}