{"id":11598,"date":"2024-05-03T08:00:50","date_gmt":"2024-05-03T11:00:50","guid":{"rendered":"https:\/\/sulsc.com\/?p=11598"},"modified":"2024-05-03T07:39:48","modified_gmt":"2024-05-03T10:39:48","slug":"ararangua-e-sao-joao-do-sul-decretam-situacao-de-emergencia","status":"publish","type":"post","link":"https:\/\/sulsc.com\/index.php\/2024\/05\/03\/ararangua-e-sao-joao-do-sul-decretam-situacao-de-emergencia\/","title":{"rendered":"Ararangu\u00e1 e S\u00e3o Jo\u00e3o do Sul decretam situa\u00e7\u00e3o de emerg\u00eancia"},"content":{"rendered":"<p>S\u00e3o Jo\u00e3o do Sul e Ararangu\u00e1 decretaram situa\u00e7\u00e3o de emerg\u00eancia nesta quinta-feira (2), devido \u00e0s fortes chuvas. Conforme o secret\u00e1rio municipal de Planejamento e coordenador da Defesa Civil de S\u00e3o Jo\u00e3o do Sul, Diego de Melo Herr, s\u00e3o 20 desalojados na cidade.<\/p>\n<p>Apesar de o munic\u00edpio ter um alojamento, n\u00e3o foi necess\u00e1rio a utiliza\u00e7\u00e3o, pois as pessoas foram para casa de parentes. \u201cDecretamos emerg\u00eancia em fun\u00e7\u00e3o das chuvas intensas j\u00e1 terem causado danos \u00e0 infraestrutura p\u00fablica, em rodovias, pontes, ao patrim\u00f4nio privado tamb\u00e9m. Tivemos registro de danos em lavouras, em resid\u00eancias\u201d, frisa o secret\u00e1rio.<\/p>\n<p>As aulas da rede municipal de ensino tamb\u00e9m foram suspensas no munic\u00edpio.<\/p>\n<p><img fetchpriority=\"high\" decoding=\"async\" class=\"alignnone size-full wp-image-11599\" src=\"http:\/\/sulsc.com\/wp-content\/uploads\/2024\/05\/Ararangua-e-Sao-Joao-do-Sul-decretam-situacao-de-emergencia.webp\" alt=\"\" width=\"1130\" height=\"580\" srcset=\"https:\/\/sulsc.com\/wp-content\/uploads\/2024\/05\/Ararangua-e-Sao-Joao-do-Sul-decretam-situacao-de-emergencia.webp 1130w, https:\/\/sulsc.com\/wp-content\/uploads\/2024\/05\/Ararangua-e-Sao-Joao-do-Sul-decretam-situacao-de-emergencia-300x154.webp 300w, https:\/\/sulsc.com\/wp-content\/uploads\/2024\/05\/Ararangua-e-Sao-Joao-do-Sul-decretam-situacao-de-emergencia-1024x526.webp 1024w, https:\/\/sulsc.com\/wp-content\/uploads\/2024\/05\/Ararangua-e-Sao-Joao-do-Sul-decretam-situacao-de-emergencia-768x394.webp 768w\" sizes=\"(max-width: 1130px) 100vw, 1130px\" \/><\/p>\n<p>Fonte: Litoral Sul<\/p>\n<p>&nbsp;<\/p>\n","protected":false},"excerpt":{"rendered":"<p>S\u00e3o Jo\u00e3o do Sul e Ararangu\u00e1 decretaram situa\u00e7\u00e3o de emerg\u00eancia nesta quinta-feira (2), devido \u00e0s fortes chuvas. Conforme o secret\u00e1rio municipal de Planejamento e coordenador da Defesa Civil de S\u00e3o Jo\u00e3o do Sul, Diego de Melo Herr, s\u00e3o 20 desalojados na cidade. Apesar de o munic\u00edpio ter um alojamento, n\u00e3o foi necess\u00e1rio a utiliza\u00e7\u00e3o, pois &hellip;<\/p>\n<p class=\"read-more\"> <a class=\"\" href=\"https:\/\/sulsc.com\/index.php\/2024\/05\/03\/ararangua-e-sao-joao-do-sul-decretam-situacao-de-emergencia\/\"> <span class=\"screen-reader-text\">Ararangu\u00e1 e S\u00e3o Jo\u00e3o do Sul decretam situa\u00e7\u00e3o de emerg\u00eancia<\/span> Read More &raquo;<\/a><\/p>\n","protected":false},"author":3,"featured_media":11599,"comment_status":"open","ping_status":"open","sticky":false,"template":"","format":"standard","meta":{"site-sidebar-layout":"default","site-content-layout":"","ast-site-content-layout":"default","site-content-style":"default","site-sidebar-style":"default","ast-global-header-display":"","ast-banner-title-visibility":"","ast-main-header-display":"","ast-hfb-above-header-display":"","ast-hfb-below-header-display":"","ast-hfb-mobile-header-display":"","site-post-title":"","ast-breadcrumbs-content":"","ast-featured-img":"","footer-sml-layout":"","theme-transparent-header-meta":"default","adv-header-id-meta":"","stick-header-meta":"","header-above-stick-meta":"","header-main-stick-meta":"","header-below-stick-meta":"","astra-migrate-meta-layouts":"set","footnotes":""},"categories":[24],"tags":[],"yoast_head":"<!-- This site is optimized with the Yoast SEO plugin v21.4 - https:\/\/yoast.com\/wordpress\/plugins\/seo\/ -->\n<title>Ararangu\u00e1 e S\u00e3o Jo\u00e3o do Sul decretam situa\u00e7\u00e3o de emerg\u00eancia -<\/title>\n<meta name=\"description\" content=\"A emerg\u00eancia foi decretada por conta das chuvas intensas terem causado danos \u00e0 infraestrutura p\u00fablica, rodovias, pontes e patrim\u00f4nio privado\" \/>\n<meta name=\"robots\" content=\"index, follow, max-snippet:-1, max-image-preview:large, max-video-preview:-1\" \/>\n<link rel=\"canonical\" href=\"https:\/\/sulsc.com\/index.php\/2024\/05\/03\/ararangua-e-sao-joao-do-sul-decretam-situacao-de-emergencia\/\" \/>\n<meta property=\"og:locale\" content=\"en_US\" \/>\n<meta property=\"og:type\" content=\"article\" \/>\n<meta property=\"og:title\" content=\"Ararangu\u00e1 e S\u00e3o Jo\u00e3o do Sul decretam situa\u00e7\u00e3o de emerg\u00eancia -\" \/>\n<meta property=\"og:description\" content=\"A emerg\u00eancia foi decretada por conta das chuvas intensas terem causado danos \u00e0 infraestrutura p\u00fablica, rodovias, pontes e patrim\u00f4nio privado\" \/>\n<meta property=\"og:url\" content=\"https:\/\/sulsc.com\/index.php\/2024\/05\/03\/ararangua-e-sao-joao-do-sul-decretam-situacao-de-emergencia\/\" \/>\n<meta property=\"article:author\" content=\"https:\/\/www.facebook.com\/profile.php?id=61559278119680\" \/>\n<meta property=\"article:published_time\" content=\"2024-05-03T11:00:50+00:00\" \/>\n<meta property=\"article:modified_time\" content=\"2024-05-03T10:39:48+00:00\" \/>\n<meta property=\"og:image\" content=\"https:\/\/sulsc.com\/wp-content\/uploads\/2024\/05\/Ararangua-e-Sao-Joao-do-Sul-decretam-situacao-de-emergencia.webp\" \/>\n\t<meta property=\"og:image:width\" content=\"1130\" \/>\n\t<meta property=\"og:image:height\" content=\"580\" \/>\n\t<meta property=\"og:image:type\" content=\"image\/webp\" \/>\n<meta name=\"author\" content=\"Reda\u00e7\u00e3o Sul SC\" \/>\n<meta name=\"twitter:card\" content=\"summary_large_image\" \/>\n<meta name=\"twitter:creator\" content=\"@https:\/\/twitter.com\/PortalSulSC\" \/>\n<meta name=\"twitter:label1\" content=\"Written by\" \/>\n\t<meta name=\"twitter:data1\" content=\"Reda\u00e7\u00e3o Sul SC\" \/>\n\t<meta name=\"twitter:label2\" content=\"Est. reading time\" \/>\n\t<meta name=\"twitter:data2\" content=\"1 minute\" \/>\n<script type=\"application\/ld+json\" class=\"yoast-schema-graph\">{\"@context\":\"https:\/\/schema.org\",\"@graph\":[{\"@type\":\"WebPage\",\"@id\":\"https:\/\/sulsc.com\/index.php\/2024\/05\/03\/ararangua-e-sao-joao-do-sul-decretam-situacao-de-emergencia\/\",\"url\":\"https:\/\/sulsc.com\/index.php\/2024\/05\/03\/ararangua-e-sao-joao-do-sul-decretam-situacao-de-emergencia\/\",\"name\":\"Ararangu\u00e1 e S\u00e3o Jo\u00e3o do Sul decretam situa\u00e7\u00e3o de emerg\u00eancia -\",\"isPartOf\":{\"@id\":\"https:\/\/sulsc.com\/#website\"},\"datePublished\":\"2024-05-03T11:00:50+00:00\",\"dateModified\":\"2024-05-03T10:39:48+00:00\",\"author\":{\"@id\":\"https:\/\/sulsc.com\/#\/schema\/person\/84d2fc571684f6248ba83092f07750a3\"},\"description\":\"A emerg\u00eancia foi decretada por conta das chuvas intensas terem causado danos \u00e0 infraestrutura p\u00fablica, rodovias, pontes e patrim\u00f4nio privado\",\"breadcrumb\":{\"@id\":\"https:\/\/sulsc.com\/index.php\/2024\/05\/03\/ararangua-e-sao-joao-do-sul-decretam-situacao-de-emergencia\/#breadcrumb\"},\"inLanguage\":\"en-US\",\"potentialAction\":[{\"@type\":\"ReadAction\",\"target\":[\"https:\/\/sulsc.com\/index.php\/2024\/05\/03\/ararangua-e-sao-joao-do-sul-decretam-situacao-de-emergencia\/\"]}]},{\"@type\":\"BreadcrumbList\",\"@id\":\"https:\/\/sulsc.com\/index.php\/2024\/05\/03\/ararangua-e-sao-joao-do-sul-decretam-situacao-de-emergencia\/#breadcrumb\",\"itemListElement\":[{\"@type\":\"ListItem\",\"position\":1,\"name\":\"In\u00edcio\",\"item\":\"https:\/\/sulsc.com\/\"},{\"@type\":\"ListItem\",\"position\":2,\"name\":\"Ararangu\u00e1 e S\u00e3o Jo\u00e3o do Sul decretam situa\u00e7\u00e3o de emerg\u00eancia\"}]},{\"@type\":\"WebSite\",\"@id\":\"https:\/\/sulsc.com\/#website\",\"url\":\"https:\/\/sulsc.com\/\",\"name\":\"\",\"description\":\"\",\"potentialAction\":[{\"@type\":\"SearchAction\",\"target\":{\"@type\":\"EntryPoint\",\"urlTemplate\":\"https:\/\/sulsc.com\/?s={search_term_string}\"},\"query-input\":\"required name=search_term_string\"}],\"inLanguage\":\"en-US\"},{\"@type\":\"Person\",\"@id\":\"https:\/\/sulsc.com\/#\/schema\/person\/84d2fc571684f6248ba83092f07750a3\",\"name\":\"Reda\u00e7\u00e3o Sul SC\",\"image\":{\"@type\":\"ImageObject\",\"inLanguage\":\"en-US\",\"@id\":\"https:\/\/sulsc.com\/#\/schema\/person\/image\/e08d7fe2cc4ed596372063bbe852b8d0\",\"url\":\"https:\/\/sulsc.com\/wp-content\/uploads\/2023\/09\/redacao.png\",\"contentUrl\":\"https:\/\/sulsc.com\/wp-content\/uploads\/2023\/09\/redacao.png\",\"caption\":\"Reda\u00e7\u00e3o Sul SC\"},\"description\":\"Foco em um jornalismo imparcial, voltado \u00e0 qualidade dos seus conte\u00fados e, assim, levar informa\u00e7\u00e3o de valor que agregue \u00e0 vida dos leitores. Esta \u00e9 grande miss\u00e3o do Portal de Not\u00edcias Sul SC. N\u00e3o \u00e9 quantidade que muda o mundo, sempre foi e seguir\u00e1 sendo qualidade!\",\"sameAs\":[\"https:\/\/sulsc.com\/\",\"https:\/\/www.facebook.com\/profile.php?id=61559278119680\",\"https:\/\/www.instagram.com\/sulscportal\/?hl=pt-br\",\"https:\/\/twitter.com\/https:\/\/twitter.com\/PortalSulSC\",\"https:\/\/www.youtube.com\/channel\/UCv_BE8GeySluDov2n8qhVmw\"],\"url\":\"https:\/\/sulsc.com\/index.php\/author\/redacao\/\"}]}<\/script>\n<!-- \/ Yoast SEO plugin. -->","yoast_head_json":{"title":"Ararangu\u00e1 e S\u00e3o Jo\u00e3o do Sul decretam situa\u00e7\u00e3o de emerg\u00eancia -","description":"A emerg\u00eancia foi decretada por conta das chuvas intensas terem causado danos \u00e0 infraestrutura p\u00fablica, rodovias, pontes e patrim\u00f4nio privado","robots":{"index":"index","follow":"follow","max-snippet":"max-snippet:-1","max-image-preview":"max-image-preview:large","max-video-preview":"max-video-preview:-1"},"canonical":"https:\/\/sulsc.com\/index.php\/2024\/05\/03\/ararangua-e-sao-joao-do-sul-decretam-situacao-de-emergencia\/","og_locale":"en_US","og_type":"article","og_title":"Ararangu\u00e1 e S\u00e3o Jo\u00e3o do Sul decretam situa\u00e7\u00e3o de emerg\u00eancia -","og_description":"A emerg\u00eancia foi decretada por conta das chuvas intensas terem causado danos \u00e0 infraestrutura p\u00fablica, rodovias, pontes e patrim\u00f4nio privado","og_url":"https:\/\/sulsc.com\/index.php\/2024\/05\/03\/ararangua-e-sao-joao-do-sul-decretam-situacao-de-emergencia\/","article_author":"https:\/\/www.facebook.com\/profile.php?id=61559278119680","article_published_time":"2024-05-03T11:00:50+00:00","article_modified_time":"2024-05-03T10:39:48+00:00","og_image":[{"width":1130,"height":580,"url":"https:\/\/sulsc.com\/wp-content\/uploads\/2024\/05\/Ararangua-e-Sao-Joao-do-Sul-decretam-situacao-de-emergencia.webp","type":"image\/webp"}],"author":"Reda\u00e7\u00e3o Sul SC","twitter_card":"summary_large_image","twitter_creator":"@https:\/\/twitter.com\/PortalSulSC","twitter_misc":{"Written by":"Reda\u00e7\u00e3o Sul SC","Est. reading time":"1 minute"},"schema":{"@context":"https:\/\/schema.org","@graph":[{"@type":"WebPage","@id":"https:\/\/sulsc.com\/index.php\/2024\/05\/03\/ararangua-e-sao-joao-do-sul-decretam-situacao-de-emergencia\/","url":"https:\/\/sulsc.com\/index.php\/2024\/05\/03\/ararangua-e-sao-joao-do-sul-decretam-situacao-de-emergencia\/","name":"Ararangu\u00e1 e S\u00e3o Jo\u00e3o do Sul decretam situa\u00e7\u00e3o de emerg\u00eancia -","isPartOf":{"@id":"https:\/\/sulsc.com\/#website"},"datePublished":"2024-05-03T11:00:50+00:00","dateModified":"2024-05-03T10:39:48+00:00","author":{"@id":"https:\/\/sulsc.com\/#\/schema\/person\/84d2fc571684f6248ba83092f07750a3"},"description":"A emerg\u00eancia foi decretada por conta das chuvas intensas terem causado danos \u00e0 infraestrutura p\u00fablica, rodovias, pontes e patrim\u00f4nio privado","breadcrumb":{"@id":"https:\/\/sulsc.com\/index.php\/2024\/05\/03\/ararangua-e-sao-joao-do-sul-decretam-situacao-de-emergencia\/#breadcrumb"},"inLanguage":"en-US","potentialAction":[{"@type":"ReadAction","target":["https:\/\/sulsc.com\/index.php\/2024\/05\/03\/ararangua-e-sao-joao-do-sul-decretam-situacao-de-emergencia\/"]}]},{"@type":"BreadcrumbList","@id":"https:\/\/sulsc.com\/index.php\/2024\/05\/03\/ararangua-e-sao-joao-do-sul-decretam-situacao-de-emergencia\/#breadcrumb","itemListElement":[{"@type":"ListItem","position":1,"name":"In\u00edcio","item":"https:\/\/sulsc.com\/"},{"@type":"ListItem","position":2,"name":"Ararangu\u00e1 e S\u00e3o Jo\u00e3o do Sul decretam situa\u00e7\u00e3o de emerg\u00eancia"}]},{"@type":"WebSite","@id":"https:\/\/sulsc.com\/#website","url":"https:\/\/sulsc.com\/","name":"","description":"","potentialAction":[{"@type":"SearchAction","target":{"@type":"EntryPoint","urlTemplate":"https:\/\/sulsc.com\/?s={search_term_string}"},"query-input":"required name=search_term_string"}],"inLanguage":"en-US"},{"@type":"Person","@id":"https:\/\/sulsc.com\/#\/schema\/person\/84d2fc571684f6248ba83092f07750a3","name":"Reda\u00e7\u00e3o Sul SC","image":{"@type":"ImageObject","inLanguage":"en-US","@id":"https:\/\/sulsc.com\/#\/schema\/person\/image\/e08d7fe2cc4ed596372063bbe852b8d0","url":"https:\/\/sulsc.com\/wp-content\/uploads\/2023\/09\/redacao.png","contentUrl":"https:\/\/sulsc.com\/wp-content\/uploads\/2023\/09\/redacao.png","caption":"Reda\u00e7\u00e3o Sul SC"},"description":"Foco em um jornalismo imparcial, voltado \u00e0 qualidade dos seus conte\u00fados e, assim, levar informa\u00e7\u00e3o de valor que agregue \u00e0 vida dos leitores. Esta \u00e9 grande miss\u00e3o do Portal de Not\u00edcias Sul SC. N\u00e3o \u00e9 quantidade que muda o mundo, sempre foi e seguir\u00e1 sendo qualidade!","sameAs":["https:\/\/sulsc.com\/","https:\/\/www.facebook.com\/profile.php?id=61559278119680","https:\/\/www.instagram.com\/sulscportal\/?hl=pt-br","https:\/\/twitter.com\/https:\/\/twitter.com\/PortalSulSC","https:\/\/www.youtube.com\/channel\/UCv_BE8GeySluDov2n8qhVmw"],"url":"https:\/\/sulsc.com\/index.php\/author\/redacao\/"}]}},"authors":[],"_links":{"self":[{"href":"https:\/\/sulsc.com\/index.php\/wp-json\/wp\/v2\/posts\/11598"}],"collection":[{"href":"https:\/\/sulsc.com\/index.php\/wp-json\/wp\/v2\/posts"}],"about":[{"href":"https:\/\/sulsc.com\/index.php\/wp-json\/wp\/v2\/types\/post"}],"author":[{"embeddable":true,"href":"https:\/\/sulsc.com\/index.php\/wp-json\/wp\/v2\/users\/3"}],"replies":[{"embeddable":true,"href":"https:\/\/sulsc.com\/index.php\/wp-json\/wp\/v2\/comments?post=11598"}],"version-history":[{"count":2,"href":"https:\/\/sulsc.com\/index.php\/wp-json\/wp\/v2\/posts\/11598\/revisions"}],"predecessor-version":[{"id":11601,"href":"https:\/\/sulsc.com\/index.php\/wp-json\/wp\/v2\/posts\/11598\/revisions\/11601"}],"wp:featuredmedia":[{"embeddable":true,"href":"https:\/\/sulsc.com\/index.php\/wp-json\/wp\/v2\/media\/11599"}],"wp:attachment":[{"href":"https:\/\/sulsc.com\/index.php\/wp-json\/wp\/v2\/media?parent=11598"}],"wp:term":[{"taxonomy":"category","embeddable":true,"href":"https:\/\/sulsc.com\/index.php\/wp-json\/wp\/v2\/categories?post=11598"},{"taxonomy":"post_tag","embeddable":true,"href":"https:\/\/sulsc.com\/index.php\/wp-json\/wp\/v2\/tags?post=11598"}],"curies":[{"name":"wp","href":"https:\/\/api.w.org\/{rel}","templated":true}]}}