{"id":1164,"date":"2023-09-18T14:40:14","date_gmt":"2023-09-18T17:40:14","guid":{"rendered":"https:\/\/sulsc.com\/?p=1164"},"modified":"2023-09-18T13:43:49","modified_gmt":"2023-09-18T16:43:49","slug":"rua-vereador-rui-medeiros-recebera-asfalto-em-laguna","status":"publish","type":"post","link":"https:\/\/sulsc.com\/index.php\/2023\/09\/18\/rua-vereador-rui-medeiros-recebera-asfalto-em-laguna\/","title":{"rendered":"Rua Vereador Rui Medeiros receber\u00e1 asfalto em Laguna"},"content":{"rendered":"<p>Cerca de 650 metros da rua Vereador Rui Medeiros, em Laguna, em breve receber\u00e1 asfalto. A obra \u00e9 um pedido antigo de moradores e comerciantes do bairro Portinho.<\/p>\n<p>Antes disso, equipes da Prefeitura de Laguna, por meio da Secretaria de Obras, iniciaram nesta segunda-feira (18), a instala\u00e7\u00e3o do sistema de drenagem. Ao todo, ser\u00e3o 14 bocas de lobo, com cinco caixas de passagem e 500 metros de tubula\u00e7\u00e3o.<\/p>\n<p><img fetchpriority=\"high\" decoding=\"async\" class=\"alignnone size-full wp-image-1166\" src=\"http:\/\/sulsc.com\/wp-content\/uploads\/2023\/09\/Rua-Vereador-Rui-Medeiros-progresso.jpeg\" alt=\"\" width=\"800\" height=\"445\" srcset=\"https:\/\/sulsc.com\/wp-content\/uploads\/2023\/09\/Rua-Vereador-Rui-Medeiros-progresso.jpeg 800w, https:\/\/sulsc.com\/wp-content\/uploads\/2023\/09\/Rua-Vereador-Rui-Medeiros-progresso-300x167.jpeg 300w, https:\/\/sulsc.com\/wp-content\/uploads\/2023\/09\/Rua-Vereador-Rui-Medeiros-progresso-768x427.jpeg 768w\" sizes=\"(max-width: 800px) 100vw, 800px\" \/><\/p>\n<p>Os trabalhos devem durar uma semana e ap\u00f3s isso inicia-se a coloca\u00e7\u00e3o do asfalto que far\u00e1 liga\u00e7\u00e3o com a rua J\u00falio Maur\u00edcio. A confirma\u00e7\u00e3o da obra se deu ap\u00f3s parceria entre o munic\u00edpio e o novo empreendimento que est\u00e1 sendo instalado paralelo a via.<\/p>\n<p>A Secretaria de Obras tamb\u00e9m anunciou que as lajotas retiradas ser\u00e3o aproveitadas em ruas do mesmo bairro. Todo o trabalho de drenagem e asfalto deve ser conclu\u00eddo em 30 dias, dependendo das condi\u00e7\u00f5es clim\u00e1ticas.<\/p>\n<p>&nbsp;<\/p>\n<p>Fonte: Pref. Laguna<\/p>\n","protected":false},"excerpt":{"rendered":"<p>Cerca de 650 metros da rua Vereador Rui Medeiros, em Laguna, em breve receber\u00e1 asfalto. A obra \u00e9 um pedido antigo de moradores e comerciantes do bairro Portinho. Antes disso, equipes da Prefeitura de Laguna, por meio da Secretaria de Obras, iniciaram nesta segunda-feira (18), a instala\u00e7\u00e3o do sistema de drenagem. Ao todo, ser\u00e3o 14 &hellip;<\/p>\n<p class=\"read-more\"> <a class=\"\" href=\"https:\/\/sulsc.com\/index.php\/2023\/09\/18\/rua-vereador-rui-medeiros-recebera-asfalto-em-laguna\/\"> <span class=\"screen-reader-text\">Rua Vereador Rui Medeiros receber\u00e1 asfalto em Laguna<\/span> Read More &raquo;<\/a><\/p>\n","protected":false},"author":3,"featured_media":1165,"comment_status":"open","ping_status":"open","sticky":false,"template":"","format":"standard","meta":{"site-sidebar-layout":"default","site-content-layout":"default","ast-site-content-layout":"","site-content-style":"default","site-sidebar-style":"default","ast-global-header-display":"","ast-banner-title-visibility":"","ast-main-header-display":"","ast-hfb-above-header-display":"","ast-hfb-below-header-display":"","ast-hfb-mobile-header-display":"","site-post-title":"","ast-breadcrumbs-content":"","ast-featured-img":"","footer-sml-layout":"","theme-transparent-header-meta":"default","adv-header-id-meta":"","stick-header-meta":"","header-above-stick-meta":"","header-main-stick-meta":"","header-below-stick-meta":"","astra-migrate-meta-layouts":"","footnotes":""},"categories":[1],"tags":[],"yoast_head":"<!-- This site is optimized with the Yoast SEO plugin v21.4 - https:\/\/yoast.com\/wordpress\/plugins\/seo\/ -->\n<title>Rua Vereador Rui Medeiros receber\u00e1 asfalto em Laguna -<\/title>\n<meta name=\"robots\" content=\"index, follow, max-snippet:-1, max-image-preview:large, max-video-preview:-1\" \/>\n<link rel=\"canonical\" href=\"https:\/\/sulsc.com\/index.php\/2023\/09\/18\/rua-vereador-rui-medeiros-recebera-asfalto-em-laguna\/\" \/>\n<meta property=\"og:locale\" content=\"en_US\" \/>\n<meta property=\"og:type\" content=\"article\" \/>\n<meta property=\"og:title\" content=\"Rua Vereador Rui Medeiros receber\u00e1 asfalto em Laguna -\" \/>\n<meta property=\"og:description\" content=\"Cerca de 650 metros da rua Vereador Rui Medeiros, em Laguna, em breve receber\u00e1 asfalto. A obra \u00e9 um pedido antigo de moradores e comerciantes do bairro Portinho. Antes disso, equipes da Prefeitura de Laguna, por meio da Secretaria de Obras, iniciaram nesta segunda-feira (18), a instala\u00e7\u00e3o do sistema de drenagem. Ao todo, ser\u00e3o 14 &hellip; Rua Vereador Rui Medeiros receber\u00e1 asfalto em Laguna Read More &raquo;\" \/>\n<meta property=\"og:url\" content=\"https:\/\/sulsc.com\/index.php\/2023\/09\/18\/rua-vereador-rui-medeiros-recebera-asfalto-em-laguna\/\" \/>\n<meta property=\"article:author\" content=\"https:\/\/www.facebook.com\/profile.php?id=61559278119680\" \/>\n<meta property=\"article:published_time\" content=\"2023-09-18T17:40:14+00:00\" \/>\n<meta property=\"article:modified_time\" content=\"2023-09-18T16:43:49+00:00\" \/>\n<meta property=\"og:image\" content=\"https:\/\/sulsc.com\/wp-content\/uploads\/2023\/09\/rua-rui-medeiros-drenagem-e-aslfato-1.jpeg\" \/>\n\t<meta property=\"og:image:width\" content=\"739\" \/>\n\t<meta property=\"og:image:height\" content=\"866\" \/>\n\t<meta property=\"og:image:type\" content=\"image\/jpeg\" \/>\n<meta name=\"author\" content=\"Reda\u00e7\u00e3o Sul SC\" \/>\n<meta name=\"twitter:card\" content=\"summary_large_image\" \/>\n<meta name=\"twitter:creator\" content=\"@https:\/\/twitter.com\/PortalSulSC\" \/>\n<meta name=\"twitter:label1\" content=\"Written by\" \/>\n\t<meta name=\"twitter:data1\" content=\"Reda\u00e7\u00e3o Sul SC\" \/>\n\t<meta name=\"twitter:label2\" content=\"Est. reading time\" \/>\n\t<meta name=\"twitter:data2\" content=\"1 minute\" \/>\n<script type=\"application\/ld+json\" class=\"yoast-schema-graph\">{\"@context\":\"https:\/\/schema.org\",\"@graph\":[{\"@type\":\"WebPage\",\"@id\":\"https:\/\/sulsc.com\/index.php\/2023\/09\/18\/rua-vereador-rui-medeiros-recebera-asfalto-em-laguna\/\",\"url\":\"https:\/\/sulsc.com\/index.php\/2023\/09\/18\/rua-vereador-rui-medeiros-recebera-asfalto-em-laguna\/\",\"name\":\"Rua Vereador Rui Medeiros receber\u00e1 asfalto em Laguna -\",\"isPartOf\":{\"@id\":\"https:\/\/sulsc.com\/#website\"},\"datePublished\":\"2023-09-18T17:40:14+00:00\",\"dateModified\":\"2023-09-18T16:43:49+00:00\",\"author\":{\"@id\":\"https:\/\/sulsc.com\/#\/schema\/person\/84d2fc571684f6248ba83092f07750a3\"},\"breadcrumb\":{\"@id\":\"https:\/\/sulsc.com\/index.php\/2023\/09\/18\/rua-vereador-rui-medeiros-recebera-asfalto-em-laguna\/#breadcrumb\"},\"inLanguage\":\"en-US\",\"potentialAction\":[{\"@type\":\"ReadAction\",\"target\":[\"https:\/\/sulsc.com\/index.php\/2023\/09\/18\/rua-vereador-rui-medeiros-recebera-asfalto-em-laguna\/\"]}]},{\"@type\":\"BreadcrumbList\",\"@id\":\"https:\/\/sulsc.com\/index.php\/2023\/09\/18\/rua-vereador-rui-medeiros-recebera-asfalto-em-laguna\/#breadcrumb\",\"itemListElement\":[{\"@type\":\"ListItem\",\"position\":1,\"name\":\"In\u00edcio\",\"item\":\"https:\/\/sulsc.com\/\"},{\"@type\":\"ListItem\",\"position\":2,\"name\":\"Rua Vereador Rui Medeiros receber\u00e1 asfalto em Laguna\"}]},{\"@type\":\"WebSite\",\"@id\":\"https:\/\/sulsc.com\/#website\",\"url\":\"https:\/\/sulsc.com\/\",\"name\":\"\",\"description\":\"\",\"potentialAction\":[{\"@type\":\"SearchAction\",\"target\":{\"@type\":\"EntryPoint\",\"urlTemplate\":\"https:\/\/sulsc.com\/?s={search_term_string}\"},\"query-input\":\"required name=search_term_string\"}],\"inLanguage\":\"en-US\"},{\"@type\":\"Person\",\"@id\":\"https:\/\/sulsc.com\/#\/schema\/person\/84d2fc571684f6248ba83092f07750a3\",\"name\":\"Reda\u00e7\u00e3o Sul SC\",\"image\":{\"@type\":\"ImageObject\",\"inLanguage\":\"en-US\",\"@id\":\"https:\/\/sulsc.com\/#\/schema\/person\/image\/e08d7fe2cc4ed596372063bbe852b8d0\",\"url\":\"https:\/\/sulsc.com\/wp-content\/uploads\/2023\/09\/redacao.png\",\"contentUrl\":\"https:\/\/sulsc.com\/wp-content\/uploads\/2023\/09\/redacao.png\",\"caption\":\"Reda\u00e7\u00e3o Sul SC\"},\"description\":\"Foco em um jornalismo imparcial, voltado \u00e0 qualidade dos seus conte\u00fados e, assim, levar informa\u00e7\u00e3o de valor que agregue \u00e0 vida dos leitores. Esta \u00e9 grande miss\u00e3o do Portal de Not\u00edcias Sul SC. N\u00e3o \u00e9 quantidade que muda o mundo, sempre foi e seguir\u00e1 sendo qualidade!\",\"sameAs\":[\"https:\/\/sulsc.com\/\",\"https:\/\/www.facebook.com\/profile.php?id=61559278119680\",\"https:\/\/www.instagram.com\/sulscportal\/?hl=pt-br\",\"https:\/\/twitter.com\/https:\/\/twitter.com\/PortalSulSC\",\"https:\/\/www.youtube.com\/channel\/UCv_BE8GeySluDov2n8qhVmw\"],\"url\":\"https:\/\/sulsc.com\/index.php\/author\/redacao\/\"}]}<\/script>\n<!-- \/ Yoast SEO plugin. -->","yoast_head_json":{"title":"Rua Vereador Rui Medeiros receber\u00e1 asfalto em Laguna -","robots":{"index":"index","follow":"follow","max-snippet":"max-snippet:-1","max-image-preview":"max-image-preview:large","max-video-preview":"max-video-preview:-1"},"canonical":"https:\/\/sulsc.com\/index.php\/2023\/09\/18\/rua-vereador-rui-medeiros-recebera-asfalto-em-laguna\/","og_locale":"en_US","og_type":"article","og_title":"Rua Vereador Rui Medeiros receber\u00e1 asfalto em Laguna -","og_description":"Cerca de 650 metros da rua Vereador Rui Medeiros, em Laguna, em breve receber\u00e1 asfalto. A obra \u00e9 um pedido antigo de moradores e comerciantes do bairro Portinho. Antes disso, equipes da Prefeitura de Laguna, por meio da Secretaria de Obras, iniciaram nesta segunda-feira (18), a instala\u00e7\u00e3o do sistema de drenagem. Ao todo, ser\u00e3o 14 &hellip; Rua Vereador Rui Medeiros receber\u00e1 asfalto em Laguna Read More &raquo;","og_url":"https:\/\/sulsc.com\/index.php\/2023\/09\/18\/rua-vereador-rui-medeiros-recebera-asfalto-em-laguna\/","article_author":"https:\/\/www.facebook.com\/profile.php?id=61559278119680","article_published_time":"2023-09-18T17:40:14+00:00","article_modified_time":"2023-09-18T16:43:49+00:00","og_image":[{"width":739,"height":866,"url":"https:\/\/sulsc.com\/wp-content\/uploads\/2023\/09\/rua-rui-medeiros-drenagem-e-aslfato-1.jpeg","type":"image\/jpeg"}],"author":"Reda\u00e7\u00e3o Sul SC","twitter_card":"summary_large_image","twitter_creator":"@https:\/\/twitter.com\/PortalSulSC","twitter_misc":{"Written by":"Reda\u00e7\u00e3o Sul SC","Est. reading time":"1 minute"},"schema":{"@context":"https:\/\/schema.org","@graph":[{"@type":"WebPage","@id":"https:\/\/sulsc.com\/index.php\/2023\/09\/18\/rua-vereador-rui-medeiros-recebera-asfalto-em-laguna\/","url":"https:\/\/sulsc.com\/index.php\/2023\/09\/18\/rua-vereador-rui-medeiros-recebera-asfalto-em-laguna\/","name":"Rua Vereador Rui Medeiros receber\u00e1 asfalto em Laguna -","isPartOf":{"@id":"https:\/\/sulsc.com\/#website"},"datePublished":"2023-09-18T17:40:14+00:00","dateModified":"2023-09-18T16:43:49+00:00","author":{"@id":"https:\/\/sulsc.com\/#\/schema\/person\/84d2fc571684f6248ba83092f07750a3"},"breadcrumb":{"@id":"https:\/\/sulsc.com\/index.php\/2023\/09\/18\/rua-vereador-rui-medeiros-recebera-asfalto-em-laguna\/#breadcrumb"},"inLanguage":"en-US","potentialAction":[{"@type":"ReadAction","target":["https:\/\/sulsc.com\/index.php\/2023\/09\/18\/rua-vereador-rui-medeiros-recebera-asfalto-em-laguna\/"]}]},{"@type":"BreadcrumbList","@id":"https:\/\/sulsc.com\/index.php\/2023\/09\/18\/rua-vereador-rui-medeiros-recebera-asfalto-em-laguna\/#breadcrumb","itemListElement":[{"@type":"ListItem","position":1,"name":"In\u00edcio","item":"https:\/\/sulsc.com\/"},{"@type":"ListItem","position":2,"name":"Rua Vereador Rui Medeiros receber\u00e1 asfalto em Laguna"}]},{"@type":"WebSite","@id":"https:\/\/sulsc.com\/#website","url":"https:\/\/sulsc.com\/","name":"","description":"","potentialAction":[{"@type":"SearchAction","target":{"@type":"EntryPoint","urlTemplate":"https:\/\/sulsc.com\/?s={search_term_string}"},"query-input":"required name=search_term_string"}],"inLanguage":"en-US"},{"@type":"Person","@id":"https:\/\/sulsc.com\/#\/schema\/person\/84d2fc571684f6248ba83092f07750a3","name":"Reda\u00e7\u00e3o Sul SC","image":{"@type":"ImageObject","inLanguage":"en-US","@id":"https:\/\/sulsc.com\/#\/schema\/person\/image\/e08d7fe2cc4ed596372063bbe852b8d0","url":"https:\/\/sulsc.com\/wp-content\/uploads\/2023\/09\/redacao.png","contentUrl":"https:\/\/sulsc.com\/wp-content\/uploads\/2023\/09\/redacao.png","caption":"Reda\u00e7\u00e3o Sul SC"},"description":"Foco em um jornalismo imparcial, voltado \u00e0 qualidade dos seus conte\u00fados e, assim, levar informa\u00e7\u00e3o de valor que agregue \u00e0 vida dos leitores. Esta \u00e9 grande miss\u00e3o do Portal de Not\u00edcias Sul SC. N\u00e3o \u00e9 quantidade que muda o mundo, sempre foi e seguir\u00e1 sendo qualidade!","sameAs":["https:\/\/sulsc.com\/","https:\/\/www.facebook.com\/profile.php?id=61559278119680","https:\/\/www.instagram.com\/sulscportal\/?hl=pt-br","https:\/\/twitter.com\/https:\/\/twitter.com\/PortalSulSC","https:\/\/www.youtube.com\/channel\/UCv_BE8GeySluDov2n8qhVmw"],"url":"https:\/\/sulsc.com\/index.php\/author\/redacao\/"}]}},"authors":[],"_links":{"self":[{"href":"https:\/\/sulsc.com\/index.php\/wp-json\/wp\/v2\/posts\/1164"}],"collection":[{"href":"https:\/\/sulsc.com\/index.php\/wp-json\/wp\/v2\/posts"}],"about":[{"href":"https:\/\/sulsc.com\/index.php\/wp-json\/wp\/v2\/types\/post"}],"author":[{"embeddable":true,"href":"https:\/\/sulsc.com\/index.php\/wp-json\/wp\/v2\/users\/3"}],"replies":[{"embeddable":true,"href":"https:\/\/sulsc.com\/index.php\/wp-json\/wp\/v2\/comments?post=1164"}],"version-history":[{"count":1,"href":"https:\/\/sulsc.com\/index.php\/wp-json\/wp\/v2\/posts\/1164\/revisions"}],"predecessor-version":[{"id":1167,"href":"https:\/\/sulsc.com\/index.php\/wp-json\/wp\/v2\/posts\/1164\/revisions\/1167"}],"wp:featuredmedia":[{"embeddable":true,"href":"https:\/\/sulsc.com\/index.php\/wp-json\/wp\/v2\/media\/1165"}],"wp:attachment":[{"href":"https:\/\/sulsc.com\/index.php\/wp-json\/wp\/v2\/media?parent=1164"}],"wp:term":[{"taxonomy":"category","embeddable":true,"href":"https:\/\/sulsc.com\/index.php\/wp-json\/wp\/v2\/categories?post=1164"},{"taxonomy":"post_tag","embeddable":true,"href":"https:\/\/sulsc.com\/index.php\/wp-json\/wp\/v2\/tags?post=1164"}],"curies":[{"name":"wp","href":"https:\/\/api.w.org\/{rel}","templated":true}]}}