{"id":11649,"date":"2024-05-04T14:45:17","date_gmt":"2024-05-04T17:45:17","guid":{"rendered":"https:\/\/sulsc.com\/?p=11649"},"modified":"2024-05-04T14:43:26","modified_gmt":"2024-05-04T17:43:26","slug":"mais-de-60-dos-municipios-do-rs-ja-foram-afetados-pelos-temporais","status":"publish","type":"post","link":"https:\/\/sulsc.com\/index.php\/2024\/05\/04\/mais-de-60-dos-municipios-do-rs-ja-foram-afetados-pelos-temporais\/","title":{"rendered":"Mais de 60% dos munic\u00edpios do RS j\u00e1 foram afetados pelos temporais"},"content":{"rendered":"<p>Dos 497 munic\u00edpios do Rio Grande do Sul, 300 foram afetados pelas fortes chuvas que atingem o estado, o que corresponde a 60,36% dos munic\u00edpios. A informa\u00e7\u00e3o consta no Boletim da Defesa Civil estadual, atualizado \u00e0s 12h deste s\u00e1bado (4).<\/p>\n<p>O n\u00famero de mortos subiu para 57 em decorr\u00eancia dos temporais, superando as 54 mortes registradas em setembro do ano passado, quando um ciclone extratropical atingiu o estado.\u00a0Desde segunda-feira (29), pelo menos, 67 pessoas continuam desaparecidas e outras 74 est\u00e3o feridas. A Defesa Civil ga\u00facha contabiliza que 32.640 desalojados e 9.581 est\u00e3o temporariamente em abrigos.<\/p>\n<p>Sobre os servi\u00e7os de infraestrutura no estado, o governo do Rio Grande do Sul divulgou, neste s\u00e1bado (4) que as chuvas deixaram 350 mil localidades sem energia el\u00e9trica, sendo 54 mil da distribuidora CEEE Equatorial somados a 296 mil pontos abastecidos pela empresa RGE Sul.<\/p>\n<p>Em rela\u00e7\u00e3o ao fornecimento de \u00e1gua tratada, a Corsan informa que 860,9 mil pessoas, 28% do total de clientes da companhia, est\u00e3o sem abastecimento de \u00e1gua. As cheias tamb\u00e9m afetaram os servi\u00e7os de telecomunica\u00e7\u00f5es (telefonia e internet) em 128 munic\u00edpios.\u00a0Neste s\u00e1bado (4), s\u00e3o 128 trechos em 61 rodovias com bloqueios totais e parciais, entre estradas e pontes, conforme atualiza\u00e7\u00e3o das 9h. O pr\u00f3ximo boletim ser\u00e1 divulgado \u00e0s 18h deste s\u00e1bado.<\/p>\n<p>As aulas est\u00e3o suspensas em toda rede de ensino estadual, que conta com 2.338 escolas. Quase 200 mil (199.724) estudantes est\u00e3o impactados pelo fechamento das salas de aula. At\u00e9 o momento, 603 escolas afetadas, sendo 224 danificadas, 30 servindo de abrigo e as demais com problemas de acesso e outros.<\/p>\n<p><img fetchpriority=\"high\" decoding=\"async\" class=\"alignnone size-full wp-image-11650\" src=\"http:\/\/sulsc.com\/wp-content\/uploads\/2024\/05\/Mais-de-60-dos-municipios-do-RS-ja-foram-afetados-pelos-temporais.webp\" alt=\"\" width=\"1170\" height=\"700\" srcset=\"https:\/\/sulsc.com\/wp-content\/uploads\/2024\/05\/Mais-de-60-dos-municipios-do-RS-ja-foram-afetados-pelos-temporais.webp 1170w, https:\/\/sulsc.com\/wp-content\/uploads\/2024\/05\/Mais-de-60-dos-municipios-do-RS-ja-foram-afetados-pelos-temporais-300x179.webp 300w, https:\/\/sulsc.com\/wp-content\/uploads\/2024\/05\/Mais-de-60-dos-municipios-do-RS-ja-foram-afetados-pelos-temporais-1024x613.webp 1024w, https:\/\/sulsc.com\/wp-content\/uploads\/2024\/05\/Mais-de-60-dos-municipios-do-RS-ja-foram-afetados-pelos-temporais-768x459.webp 768w\" sizes=\"(max-width: 1170px) 100vw, 1170px\" \/><\/p>\n<p>&nbsp;<\/p>\n<p><strong>Previs\u00e3o do tempo<\/strong><\/p>\n<p>Os temporais continuar\u00e3o fortes neste fim de semana e podem agravar as enchentes. De acordo com o Instituto Nacional de Meteorologia (Inmet), at\u00e9 este domingo (5) de maio, s\u00e3o previstas as chuvas ainda ser\u00e3o volumosas, podendo superar os 100 mil\u00edmetros (mm) por dia, entre o norte do Rio Grande do Sul e o sul de Santa Catarina; as rajadas de ventos podem superar os 60 km\/h. O instituto prev\u00ea tamb\u00e9m a ocorr\u00eancia de descargas el\u00e9tricas (raios) e poss\u00edvel queda de pedras de granizo, no momento das tempestades mais severas.<\/p>\n<p>&nbsp;<\/p>\n<p><strong>Ajuda<\/strong><\/p>\n<p>Em caso de emerg\u00eancia, as pessoas devem ligar para a Defesa Civil no munic\u00edpio (telefone 199) e para o Corpo de Bombeiros Militar (telefone 193).\u00a0Tamb\u00e9m \u00e9 poss\u00edvel cadastrar para receberem os alertas meteorol\u00f3gicos da Defesa Civil estadual. Basta enviar por SMS, no celular, o CEP da localidade onde o interessado est\u00e1 para o n\u00famero 40199. Em seguida, uma mensagem de confirma\u00e7\u00e3o ser\u00e1 enviada, tornando o n\u00famero dispon\u00edvel para receber as informa\u00e7\u00f5es sempre que forem divulgadas pela Defesa Civil estadual.\u00a0O cadastro pode ser feito via aplicativo Whatsapp. Antes, \u00e9 necess\u00e1rio enviar uma mensagem de texto pelo telefone (61) 2034-4611.<\/p>\n","protected":false},"excerpt":{"rendered":"<p>Dos 497 munic\u00edpios do Rio Grande do Sul, 300 foram afetados pelas fortes chuvas que atingem o estado, o que corresponde a 60,36% dos munic\u00edpios. A informa\u00e7\u00e3o consta no Boletim da Defesa Civil estadual, atualizado \u00e0s 12h deste s\u00e1bado (4). O n\u00famero de mortos subiu para 57 em decorr\u00eancia dos temporais, superando as 54 mortes &hellip;<\/p>\n<p class=\"read-more\"> <a class=\"\" href=\"https:\/\/sulsc.com\/index.php\/2024\/05\/04\/mais-de-60-dos-municipios-do-rs-ja-foram-afetados-pelos-temporais\/\"> <span class=\"screen-reader-text\">Mais de 60% dos munic\u00edpios do RS j\u00e1 foram afetados pelos temporais<\/span> Read More &raquo;<\/a><\/p>\n","protected":false},"author":3,"featured_media":11650,"comment_status":"open","ping_status":"open","sticky":false,"template":"","format":"standard","meta":{"site-sidebar-layout":"default","site-content-layout":"","ast-site-content-layout":"default","site-content-style":"default","site-sidebar-style":"default","ast-global-header-display":"","ast-banner-title-visibility":"","ast-main-header-display":"","ast-hfb-above-header-display":"","ast-hfb-below-header-display":"","ast-hfb-mobile-header-display":"","site-post-title":"","ast-breadcrumbs-content":"","ast-featured-img":"","footer-sml-layout":"","theme-transparent-header-meta":"default","adv-header-id-meta":"","stick-header-meta":"","header-above-stick-meta":"","header-main-stick-meta":"","header-below-stick-meta":"","astra-migrate-meta-layouts":"set","footnotes":""},"categories":[1],"tags":[],"yoast_head":"<!-- This site is optimized with the Yoast SEO plugin v21.4 - https:\/\/yoast.com\/wordpress\/plugins\/seo\/ -->\n<title>Mais de 60% dos munic\u00edpios do RS j\u00e1 foram afetados pelos temporais -<\/title>\n<meta name=\"description\" content=\"N\u00famero de mortos sobe para 57 e supera mortes de setembro de 2023\" \/>\n<meta name=\"robots\" content=\"index, follow, max-snippet:-1, max-image-preview:large, max-video-preview:-1\" \/>\n<link rel=\"canonical\" href=\"https:\/\/sulsc.com\/index.php\/2024\/05\/04\/mais-de-60-dos-municipios-do-rs-ja-foram-afetados-pelos-temporais\/\" \/>\n<meta property=\"og:locale\" content=\"en_US\" \/>\n<meta property=\"og:type\" content=\"article\" \/>\n<meta property=\"og:title\" content=\"Mais de 60% dos munic\u00edpios do RS j\u00e1 foram afetados pelos temporais -\" \/>\n<meta property=\"og:description\" content=\"N\u00famero de mortos sobe para 57 e supera mortes de setembro de 2023\" \/>\n<meta property=\"og:url\" content=\"https:\/\/sulsc.com\/index.php\/2024\/05\/04\/mais-de-60-dos-municipios-do-rs-ja-foram-afetados-pelos-temporais\/\" \/>\n<meta property=\"article:author\" content=\"https:\/\/www.facebook.com\/profile.php?id=61559278119680\" \/>\n<meta property=\"article:published_time\" content=\"2024-05-04T17:45:17+00:00\" \/>\n<meta property=\"article:modified_time\" content=\"2024-05-04T17:43:26+00:00\" \/>\n<meta property=\"og:image\" content=\"https:\/\/sulsc.com\/wp-content\/uploads\/2024\/05\/Mais-de-60-dos-municipios-do-RS-ja-foram-afetados-pelos-temporais.webp\" \/>\n\t<meta property=\"og:image:width\" content=\"1170\" \/>\n\t<meta property=\"og:image:height\" content=\"700\" \/>\n\t<meta property=\"og:image:type\" content=\"image\/webp\" \/>\n<meta name=\"author\" content=\"Reda\u00e7\u00e3o Sul SC\" \/>\n<meta name=\"twitter:card\" content=\"summary_large_image\" \/>\n<meta name=\"twitter:creator\" content=\"@https:\/\/twitter.com\/PortalSulSC\" \/>\n<meta name=\"twitter:label1\" content=\"Written by\" \/>\n\t<meta name=\"twitter:data1\" content=\"Reda\u00e7\u00e3o Sul SC\" \/>\n\t<meta name=\"twitter:label2\" content=\"Est. reading time\" \/>\n\t<meta name=\"twitter:data2\" content=\"3 minutes\" \/>\n<script type=\"application\/ld+json\" class=\"yoast-schema-graph\">{\"@context\":\"https:\/\/schema.org\",\"@graph\":[{\"@type\":\"WebPage\",\"@id\":\"https:\/\/sulsc.com\/index.php\/2024\/05\/04\/mais-de-60-dos-municipios-do-rs-ja-foram-afetados-pelos-temporais\/\",\"url\":\"https:\/\/sulsc.com\/index.php\/2024\/05\/04\/mais-de-60-dos-municipios-do-rs-ja-foram-afetados-pelos-temporais\/\",\"name\":\"Mais de 60% dos munic\u00edpios do RS j\u00e1 foram afetados pelos temporais -\",\"isPartOf\":{\"@id\":\"https:\/\/sulsc.com\/#website\"},\"datePublished\":\"2024-05-04T17:45:17+00:00\",\"dateModified\":\"2024-05-04T17:43:26+00:00\",\"author\":{\"@id\":\"https:\/\/sulsc.com\/#\/schema\/person\/84d2fc571684f6248ba83092f07750a3\"},\"description\":\"N\u00famero de mortos sobe para 57 e supera mortes de setembro de 2023\",\"breadcrumb\":{\"@id\":\"https:\/\/sulsc.com\/index.php\/2024\/05\/04\/mais-de-60-dos-municipios-do-rs-ja-foram-afetados-pelos-temporais\/#breadcrumb\"},\"inLanguage\":\"en-US\",\"potentialAction\":[{\"@type\":\"ReadAction\",\"target\":[\"https:\/\/sulsc.com\/index.php\/2024\/05\/04\/mais-de-60-dos-municipios-do-rs-ja-foram-afetados-pelos-temporais\/\"]}]},{\"@type\":\"BreadcrumbList\",\"@id\":\"https:\/\/sulsc.com\/index.php\/2024\/05\/04\/mais-de-60-dos-municipios-do-rs-ja-foram-afetados-pelos-temporais\/#breadcrumb\",\"itemListElement\":[{\"@type\":\"ListItem\",\"position\":1,\"name\":\"In\u00edcio\",\"item\":\"https:\/\/sulsc.com\/\"},{\"@type\":\"ListItem\",\"position\":2,\"name\":\"Mais de 60% dos munic\u00edpios do RS j\u00e1 foram afetados pelos temporais\"}]},{\"@type\":\"WebSite\",\"@id\":\"https:\/\/sulsc.com\/#website\",\"url\":\"https:\/\/sulsc.com\/\",\"name\":\"\",\"description\":\"\",\"potentialAction\":[{\"@type\":\"SearchAction\",\"target\":{\"@type\":\"EntryPoint\",\"urlTemplate\":\"https:\/\/sulsc.com\/?s={search_term_string}\"},\"query-input\":\"required name=search_term_string\"}],\"inLanguage\":\"en-US\"},{\"@type\":\"Person\",\"@id\":\"https:\/\/sulsc.com\/#\/schema\/person\/84d2fc571684f6248ba83092f07750a3\",\"name\":\"Reda\u00e7\u00e3o Sul SC\",\"image\":{\"@type\":\"ImageObject\",\"inLanguage\":\"en-US\",\"@id\":\"https:\/\/sulsc.com\/#\/schema\/person\/image\/e08d7fe2cc4ed596372063bbe852b8d0\",\"url\":\"https:\/\/sulsc.com\/wp-content\/uploads\/2023\/09\/redacao.png\",\"contentUrl\":\"https:\/\/sulsc.com\/wp-content\/uploads\/2023\/09\/redacao.png\",\"caption\":\"Reda\u00e7\u00e3o Sul SC\"},\"description\":\"Foco em um jornalismo imparcial, voltado \u00e0 qualidade dos seus conte\u00fados e, assim, levar informa\u00e7\u00e3o de valor que agregue \u00e0 vida dos leitores. Esta \u00e9 grande miss\u00e3o do Portal de Not\u00edcias Sul SC. N\u00e3o \u00e9 quantidade que muda o mundo, sempre foi e seguir\u00e1 sendo qualidade!\",\"sameAs\":[\"https:\/\/sulsc.com\/\",\"https:\/\/www.facebook.com\/profile.php?id=61559278119680\",\"https:\/\/www.instagram.com\/sulscportal\/?hl=pt-br\",\"https:\/\/twitter.com\/https:\/\/twitter.com\/PortalSulSC\",\"https:\/\/www.youtube.com\/channel\/UCv_BE8GeySluDov2n8qhVmw\"],\"url\":\"https:\/\/sulsc.com\/index.php\/author\/redacao\/\"}]}<\/script>\n<!-- \/ Yoast SEO plugin. -->","yoast_head_json":{"title":"Mais de 60% dos munic\u00edpios do RS j\u00e1 foram afetados pelos temporais -","description":"N\u00famero de mortos sobe para 57 e supera mortes de setembro de 2023","robots":{"index":"index","follow":"follow","max-snippet":"max-snippet:-1","max-image-preview":"max-image-preview:large","max-video-preview":"max-video-preview:-1"},"canonical":"https:\/\/sulsc.com\/index.php\/2024\/05\/04\/mais-de-60-dos-municipios-do-rs-ja-foram-afetados-pelos-temporais\/","og_locale":"en_US","og_type":"article","og_title":"Mais de 60% dos munic\u00edpios do RS j\u00e1 foram afetados pelos temporais -","og_description":"N\u00famero de mortos sobe para 57 e supera mortes de setembro de 2023","og_url":"https:\/\/sulsc.com\/index.php\/2024\/05\/04\/mais-de-60-dos-municipios-do-rs-ja-foram-afetados-pelos-temporais\/","article_author":"https:\/\/www.facebook.com\/profile.php?id=61559278119680","article_published_time":"2024-05-04T17:45:17+00:00","article_modified_time":"2024-05-04T17:43:26+00:00","og_image":[{"width":1170,"height":700,"url":"https:\/\/sulsc.com\/wp-content\/uploads\/2024\/05\/Mais-de-60-dos-municipios-do-RS-ja-foram-afetados-pelos-temporais.webp","type":"image\/webp"}],"author":"Reda\u00e7\u00e3o Sul SC","twitter_card":"summary_large_image","twitter_creator":"@https:\/\/twitter.com\/PortalSulSC","twitter_misc":{"Written by":"Reda\u00e7\u00e3o Sul SC","Est. reading time":"3 minutes"},"schema":{"@context":"https:\/\/schema.org","@graph":[{"@type":"WebPage","@id":"https:\/\/sulsc.com\/index.php\/2024\/05\/04\/mais-de-60-dos-municipios-do-rs-ja-foram-afetados-pelos-temporais\/","url":"https:\/\/sulsc.com\/index.php\/2024\/05\/04\/mais-de-60-dos-municipios-do-rs-ja-foram-afetados-pelos-temporais\/","name":"Mais de 60% dos munic\u00edpios do RS j\u00e1 foram afetados pelos temporais -","isPartOf":{"@id":"https:\/\/sulsc.com\/#website"},"datePublished":"2024-05-04T17:45:17+00:00","dateModified":"2024-05-04T17:43:26+00:00","author":{"@id":"https:\/\/sulsc.com\/#\/schema\/person\/84d2fc571684f6248ba83092f07750a3"},"description":"N\u00famero de mortos sobe para 57 e supera mortes de setembro de 2023","breadcrumb":{"@id":"https:\/\/sulsc.com\/index.php\/2024\/05\/04\/mais-de-60-dos-municipios-do-rs-ja-foram-afetados-pelos-temporais\/#breadcrumb"},"inLanguage":"en-US","potentialAction":[{"@type":"ReadAction","target":["https:\/\/sulsc.com\/index.php\/2024\/05\/04\/mais-de-60-dos-municipios-do-rs-ja-foram-afetados-pelos-temporais\/"]}]},{"@type":"BreadcrumbList","@id":"https:\/\/sulsc.com\/index.php\/2024\/05\/04\/mais-de-60-dos-municipios-do-rs-ja-foram-afetados-pelos-temporais\/#breadcrumb","itemListElement":[{"@type":"ListItem","position":1,"name":"In\u00edcio","item":"https:\/\/sulsc.com\/"},{"@type":"ListItem","position":2,"name":"Mais de 60% dos munic\u00edpios do RS j\u00e1 foram afetados pelos temporais"}]},{"@type":"WebSite","@id":"https:\/\/sulsc.com\/#website","url":"https:\/\/sulsc.com\/","name":"","description":"","potentialAction":[{"@type":"SearchAction","target":{"@type":"EntryPoint","urlTemplate":"https:\/\/sulsc.com\/?s={search_term_string}"},"query-input":"required name=search_term_string"}],"inLanguage":"en-US"},{"@type":"Person","@id":"https:\/\/sulsc.com\/#\/schema\/person\/84d2fc571684f6248ba83092f07750a3","name":"Reda\u00e7\u00e3o Sul SC","image":{"@type":"ImageObject","inLanguage":"en-US","@id":"https:\/\/sulsc.com\/#\/schema\/person\/image\/e08d7fe2cc4ed596372063bbe852b8d0","url":"https:\/\/sulsc.com\/wp-content\/uploads\/2023\/09\/redacao.png","contentUrl":"https:\/\/sulsc.com\/wp-content\/uploads\/2023\/09\/redacao.png","caption":"Reda\u00e7\u00e3o Sul SC"},"description":"Foco em um jornalismo imparcial, voltado \u00e0 qualidade dos seus conte\u00fados e, assim, levar informa\u00e7\u00e3o de valor que agregue \u00e0 vida dos leitores. Esta \u00e9 grande miss\u00e3o do Portal de Not\u00edcias Sul SC. N\u00e3o \u00e9 quantidade que muda o mundo, sempre foi e seguir\u00e1 sendo qualidade!","sameAs":["https:\/\/sulsc.com\/","https:\/\/www.facebook.com\/profile.php?id=61559278119680","https:\/\/www.instagram.com\/sulscportal\/?hl=pt-br","https:\/\/twitter.com\/https:\/\/twitter.com\/PortalSulSC","https:\/\/www.youtube.com\/channel\/UCv_BE8GeySluDov2n8qhVmw"],"url":"https:\/\/sulsc.com\/index.php\/author\/redacao\/"}]}},"authors":[],"_links":{"self":[{"href":"https:\/\/sulsc.com\/index.php\/wp-json\/wp\/v2\/posts\/11649"}],"collection":[{"href":"https:\/\/sulsc.com\/index.php\/wp-json\/wp\/v2\/posts"}],"about":[{"href":"https:\/\/sulsc.com\/index.php\/wp-json\/wp\/v2\/types\/post"}],"author":[{"embeddable":true,"href":"https:\/\/sulsc.com\/index.php\/wp-json\/wp\/v2\/users\/3"}],"replies":[{"embeddable":true,"href":"https:\/\/sulsc.com\/index.php\/wp-json\/wp\/v2\/comments?post=11649"}],"version-history":[{"count":1,"href":"https:\/\/sulsc.com\/index.php\/wp-json\/wp\/v2\/posts\/11649\/revisions"}],"predecessor-version":[{"id":11651,"href":"https:\/\/sulsc.com\/index.php\/wp-json\/wp\/v2\/posts\/11649\/revisions\/11651"}],"wp:featuredmedia":[{"embeddable":true,"href":"https:\/\/sulsc.com\/index.php\/wp-json\/wp\/v2\/media\/11650"}],"wp:attachment":[{"href":"https:\/\/sulsc.com\/index.php\/wp-json\/wp\/v2\/media?parent=11649"}],"wp:term":[{"taxonomy":"category","embeddable":true,"href":"https:\/\/sulsc.com\/index.php\/wp-json\/wp\/v2\/categories?post=11649"},{"taxonomy":"post_tag","embeddable":true,"href":"https:\/\/sulsc.com\/index.php\/wp-json\/wp\/v2\/tags?post=11649"}],"curies":[{"name":"wp","href":"https:\/\/api.w.org\/{rel}","templated":true}]}}