{"id":1187,"date":"2023-09-18T18:40:49","date_gmt":"2023-09-18T21:40:49","guid":{"rendered":"https:\/\/sulsc.com\/?p=1187"},"modified":"2023-09-18T19:37:24","modified_gmt":"2023-09-18T22:37:24","slug":"encontros-do-programa-salto-aceleradora-iniciam-nesta-segunda-feira18-em-criciuma","status":"publish","type":"post","link":"https:\/\/sulsc.com\/index.php\/2023\/09\/18\/encontros-do-programa-salto-aceleradora-iniciam-nesta-segunda-feira18-em-criciuma\/","title":{"rendered":"Encontros do Programa Salto Aceleradora iniciam nesta segunda-feira(18), em Crici\u00fama"},"content":{"rendered":"<p>Os encontros do Programa Salto Aceleradora, iniciam nessa segunda feira (18), com a aula inaugural, marcada para 19h no Sal\u00e3o Ouro Negro, no Pa\u00e7o Municipal Marcos Rovaris. O programa, que \u00e9 gratuito, segue at\u00e9 o dia 21 de novembro, com encontros semanais das 19h \u00e0s 22h. At\u00e9 o momento, 168 empreendedores est\u00e3o inscritos para participar das aulas.<\/p>\n<p>\u201cEsta \u00e9 mais uma a\u00e7\u00e3o importante para o desenvolvimento socioecon\u00f4mico da nossa cidade, com foco microempreendedor individual que tem assim a oportunidade de alavancar o seu neg\u00f3cio\u201d, destaca o prefeito Cl\u00e9sio Salvaro.\u00a0 O Salto Aceleradora, \u00e9 o maior programa de acelera\u00e7\u00e3o para pequenos neg\u00f3cios do Brasil e tem como objetivo proporcionar aprendizados sobre gest\u00e3o e crescimento de neg\u00f3cios.<\/p>\n<p>De acordo com o diretor de Desenvolvimento Econ\u00f4mico da Prefeitura de Crici\u00fama, Aldinei Potelecki, o programa \u00e9 de grande import\u00e2ncia para auxiliar o empreendedor a entender o neg\u00f3cio, o cliente e o produto. \u201cMuitas empresas encerram suas atividades logo no in\u00edcio, pois o empreendedor n\u00e3o possui conhecimento sobre a gest\u00e3o do neg\u00f3cio. O objetivo do projeto \u00e9 contribuir para reduzir o \u00edndice de mortalidade de empresas e promover seu crescimento e prosperidade\u201d, afirma.<\/p>\n<p>O Salto Aceleradora visa proporcionar aprendizados sobre gest\u00e3o e crescimento de neg\u00f3cios, de forma gratuita. A iniciativa \u00e9 uma parceria entre a Prefeitura de Crici\u00fama, Sebrae Santa Catarina e Impacto Hub Floripa. O programa ter\u00e1 tr\u00eas focos de trabalho, primeiro no empreendedor, no desenvolvimento das caracter\u00edsticas empreendedoras, para que ele possa se identificar e reconhecer como um. O segundo, com foco no neg\u00f3cio,\u00a0 e por \u00faltimo, o foco no crescimento e no planejamento estrat\u00e9gico.<\/p>\n<p>&nbsp;<\/p>\n<p><strong>Sobre o programa<\/strong><\/p>\n<p>Desde 2017, o Salto Aceleradora leva educa\u00e7\u00e3o empreendedora e desenvolvimento econ\u00f4mico aos pequenos neg\u00f3cios. O programa j\u00e1 atingiu as cinco regi\u00f5es do Brasil, com impactos significativos para os neg\u00f3cios dos saltitantes, como s\u00e3o chamados os acelerados participantes do programa.<\/p>\n<p>No ano de 2022, foram 1.712 participa\u00e7\u00f5es, das quais 52,5% declararam ter percebido aumento m\u00e9dio de faturamento mensal. O crescimento m\u00e9dio do faturamento foi de R$631,00, totalizando 664 novos empregos e 23.515 clientes.<\/p>\n<p>Mais informa\u00e7\u00f5es podem ser obtidas na Casa do Empreendedor, localizada no piso superior do Pa\u00e7o Municipal Marcos Rovaris, de segunda-feira a sexta-feira, das 8h \u00e0s 17h, ou pelo telefone (48) 3431-0200.<\/p>\n<p>&nbsp;<\/p>\n<p>Fonte: Pref. Crici\u00fama<\/p>\n","protected":false},"excerpt":{"rendered":"<p>Os encontros do Programa Salto Aceleradora, iniciam nessa segunda feira (18), com a aula inaugural, marcada para 19h no Sal\u00e3o Ouro Negro, no Pa\u00e7o Municipal Marcos Rovaris. O programa, que \u00e9 gratuito, segue at\u00e9 o dia 21 de novembro, com encontros semanais das 19h \u00e0s 22h. At\u00e9 o momento, 168 empreendedores est\u00e3o inscritos para participar &hellip;<\/p>\n<p class=\"read-more\"> <a class=\"\" href=\"https:\/\/sulsc.com\/index.php\/2023\/09\/18\/encontros-do-programa-salto-aceleradora-iniciam-nesta-segunda-feira18-em-criciuma\/\"> <span class=\"screen-reader-text\">Encontros do Programa Salto Aceleradora iniciam nesta segunda-feira(18), em Crici\u00fama<\/span> Read More &raquo;<\/a><\/p>\n","protected":false},"author":3,"featured_media":1188,"comment_status":"open","ping_status":"open","sticky":false,"template":"","format":"standard","meta":{"site-sidebar-layout":"default","site-content-layout":"default","ast-site-content-layout":"","site-content-style":"default","site-sidebar-style":"default","ast-global-header-display":"","ast-banner-title-visibility":"","ast-main-header-display":"","ast-hfb-above-header-display":"","ast-hfb-below-header-display":"","ast-hfb-mobile-header-display":"","site-post-title":"","ast-breadcrumbs-content":"","ast-featured-img":"","footer-sml-layout":"","theme-transparent-header-meta":"default","adv-header-id-meta":"","stick-header-meta":"","header-above-stick-meta":"","header-main-stick-meta":"","header-below-stick-meta":"","astra-migrate-meta-layouts":"","footnotes":""},"categories":[23,1],"tags":[],"yoast_head":"<!-- This site is optimized with the Yoast SEO plugin v21.4 - https:\/\/yoast.com\/wordpress\/plugins\/seo\/ -->\n<title>Encontros do Programa Salto Aceleradora iniciam nesta segunda-feira(18), em Crici\u00fama -<\/title>\n<meta name=\"robots\" content=\"index, follow, max-snippet:-1, max-image-preview:large, max-video-preview:-1\" \/>\n<link rel=\"canonical\" href=\"https:\/\/sulsc.com\/index.php\/2023\/09\/18\/encontros-do-programa-salto-aceleradora-iniciam-nesta-segunda-feira18-em-criciuma\/\" \/>\n<meta property=\"og:locale\" content=\"en_US\" \/>\n<meta property=\"og:type\" content=\"article\" \/>\n<meta property=\"og:title\" content=\"Encontros do Programa Salto Aceleradora iniciam nesta segunda-feira(18), em Crici\u00fama -\" \/>\n<meta property=\"og:description\" content=\"Os encontros do Programa Salto Aceleradora, iniciam nessa segunda feira (18), com a aula inaugural, marcada para 19h no Sal\u00e3o Ouro Negro, no Pa\u00e7o Municipal Marcos Rovaris. O programa, que \u00e9 gratuito, segue at\u00e9 o dia 21 de novembro, com encontros semanais das 19h \u00e0s 22h. At\u00e9 o momento, 168 empreendedores est\u00e3o inscritos para participar &hellip; Encontros do Programa Salto Aceleradora iniciam nesta segunda-feira(18), em Crici\u00fama Read More &raquo;\" \/>\n<meta property=\"og:url\" content=\"https:\/\/sulsc.com\/index.php\/2023\/09\/18\/encontros-do-programa-salto-aceleradora-iniciam-nesta-segunda-feira18-em-criciuma\/\" \/>\n<meta property=\"article:author\" content=\"https:\/\/www.facebook.com\/profile.php?id=61559278119680\" \/>\n<meta property=\"article:published_time\" content=\"2023-09-18T21:40:49+00:00\" \/>\n<meta property=\"article:modified_time\" content=\"2023-09-18T22:37:24+00:00\" \/>\n<meta property=\"og:image\" content=\"https:\/\/sulsc.com\/wp-content\/uploads\/2023\/09\/Casa-do-Empreendedor.jpeg\" \/>\n\t<meta property=\"og:image:width\" content=\"1600\" \/>\n\t<meta property=\"og:image:height\" content=\"1200\" \/>\n\t<meta property=\"og:image:type\" content=\"image\/jpeg\" \/>\n<meta name=\"author\" content=\"Reda\u00e7\u00e3o Sul SC\" \/>\n<meta name=\"twitter:card\" content=\"summary_large_image\" \/>\n<meta name=\"twitter:creator\" content=\"@https:\/\/twitter.com\/PortalSulSC\" \/>\n<meta name=\"twitter:label1\" content=\"Written by\" \/>\n\t<meta name=\"twitter:data1\" content=\"Reda\u00e7\u00e3o Sul SC\" \/>\n\t<meta name=\"twitter:label2\" content=\"Est. reading time\" \/>\n\t<meta name=\"twitter:data2\" content=\"2 minutes\" \/>\n<script type=\"application\/ld+json\" class=\"yoast-schema-graph\">{\"@context\":\"https:\/\/schema.org\",\"@graph\":[{\"@type\":\"WebPage\",\"@id\":\"https:\/\/sulsc.com\/index.php\/2023\/09\/18\/encontros-do-programa-salto-aceleradora-iniciam-nesta-segunda-feira18-em-criciuma\/\",\"url\":\"https:\/\/sulsc.com\/index.php\/2023\/09\/18\/encontros-do-programa-salto-aceleradora-iniciam-nesta-segunda-feira18-em-criciuma\/\",\"name\":\"Encontros do Programa Salto Aceleradora iniciam nesta segunda-feira(18), em Crici\u00fama -\",\"isPartOf\":{\"@id\":\"https:\/\/sulsc.com\/#website\"},\"datePublished\":\"2023-09-18T21:40:49+00:00\",\"dateModified\":\"2023-09-18T22:37:24+00:00\",\"author\":{\"@id\":\"https:\/\/sulsc.com\/#\/schema\/person\/84d2fc571684f6248ba83092f07750a3\"},\"breadcrumb\":{\"@id\":\"https:\/\/sulsc.com\/index.php\/2023\/09\/18\/encontros-do-programa-salto-aceleradora-iniciam-nesta-segunda-feira18-em-criciuma\/#breadcrumb\"},\"inLanguage\":\"en-US\",\"potentialAction\":[{\"@type\":\"ReadAction\",\"target\":[\"https:\/\/sulsc.com\/index.php\/2023\/09\/18\/encontros-do-programa-salto-aceleradora-iniciam-nesta-segunda-feira18-em-criciuma\/\"]}]},{\"@type\":\"BreadcrumbList\",\"@id\":\"https:\/\/sulsc.com\/index.php\/2023\/09\/18\/encontros-do-programa-salto-aceleradora-iniciam-nesta-segunda-feira18-em-criciuma\/#breadcrumb\",\"itemListElement\":[{\"@type\":\"ListItem\",\"position\":1,\"name\":\"In\u00edcio\",\"item\":\"https:\/\/sulsc.com\/\"},{\"@type\":\"ListItem\",\"position\":2,\"name\":\"Encontros do Programa Salto Aceleradora iniciam nesta segunda-feira(18), em Crici\u00fama\"}]},{\"@type\":\"WebSite\",\"@id\":\"https:\/\/sulsc.com\/#website\",\"url\":\"https:\/\/sulsc.com\/\",\"name\":\"\",\"description\":\"\",\"potentialAction\":[{\"@type\":\"SearchAction\",\"target\":{\"@type\":\"EntryPoint\",\"urlTemplate\":\"https:\/\/sulsc.com\/?s={search_term_string}\"},\"query-input\":\"required name=search_term_string\"}],\"inLanguage\":\"en-US\"},{\"@type\":\"Person\",\"@id\":\"https:\/\/sulsc.com\/#\/schema\/person\/84d2fc571684f6248ba83092f07750a3\",\"name\":\"Reda\u00e7\u00e3o Sul SC\",\"image\":{\"@type\":\"ImageObject\",\"inLanguage\":\"en-US\",\"@id\":\"https:\/\/sulsc.com\/#\/schema\/person\/image\/e08d7fe2cc4ed596372063bbe852b8d0\",\"url\":\"https:\/\/sulsc.com\/wp-content\/uploads\/2023\/09\/redacao.png\",\"contentUrl\":\"https:\/\/sulsc.com\/wp-content\/uploads\/2023\/09\/redacao.png\",\"caption\":\"Reda\u00e7\u00e3o Sul SC\"},\"description\":\"Foco em um jornalismo imparcial, voltado \u00e0 qualidade dos seus conte\u00fados e, assim, levar informa\u00e7\u00e3o de valor que agregue \u00e0 vida dos leitores. Esta \u00e9 grande miss\u00e3o do Portal de Not\u00edcias Sul SC. N\u00e3o \u00e9 quantidade que muda o mundo, sempre foi e seguir\u00e1 sendo qualidade!\",\"sameAs\":[\"https:\/\/sulsc.com\/\",\"https:\/\/www.facebook.com\/profile.php?id=61559278119680\",\"https:\/\/www.instagram.com\/sulscportal\/?hl=pt-br\",\"https:\/\/twitter.com\/https:\/\/twitter.com\/PortalSulSC\",\"https:\/\/www.youtube.com\/channel\/UCv_BE8GeySluDov2n8qhVmw\"],\"url\":\"https:\/\/sulsc.com\/index.php\/author\/redacao\/\"}]}<\/script>\n<!-- \/ Yoast SEO plugin. -->","yoast_head_json":{"title":"Encontros do Programa Salto Aceleradora iniciam nesta segunda-feira(18), em Crici\u00fama -","robots":{"index":"index","follow":"follow","max-snippet":"max-snippet:-1","max-image-preview":"max-image-preview:large","max-video-preview":"max-video-preview:-1"},"canonical":"https:\/\/sulsc.com\/index.php\/2023\/09\/18\/encontros-do-programa-salto-aceleradora-iniciam-nesta-segunda-feira18-em-criciuma\/","og_locale":"en_US","og_type":"article","og_title":"Encontros do Programa Salto Aceleradora iniciam nesta segunda-feira(18), em Crici\u00fama -","og_description":"Os encontros do Programa Salto Aceleradora, iniciam nessa segunda feira (18), com a aula inaugural, marcada para 19h no Sal\u00e3o Ouro Negro, no Pa\u00e7o Municipal Marcos Rovaris. O programa, que \u00e9 gratuito, segue at\u00e9 o dia 21 de novembro, com encontros semanais das 19h \u00e0s 22h. At\u00e9 o momento, 168 empreendedores est\u00e3o inscritos para participar &hellip; Encontros do Programa Salto Aceleradora iniciam nesta segunda-feira(18), em Crici\u00fama Read More &raquo;","og_url":"https:\/\/sulsc.com\/index.php\/2023\/09\/18\/encontros-do-programa-salto-aceleradora-iniciam-nesta-segunda-feira18-em-criciuma\/","article_author":"https:\/\/www.facebook.com\/profile.php?id=61559278119680","article_published_time":"2023-09-18T21:40:49+00:00","article_modified_time":"2023-09-18T22:37:24+00:00","og_image":[{"width":1600,"height":1200,"url":"https:\/\/sulsc.com\/wp-content\/uploads\/2023\/09\/Casa-do-Empreendedor.jpeg","type":"image\/jpeg"}],"author":"Reda\u00e7\u00e3o Sul SC","twitter_card":"summary_large_image","twitter_creator":"@https:\/\/twitter.com\/PortalSulSC","twitter_misc":{"Written by":"Reda\u00e7\u00e3o Sul SC","Est. reading time":"2 minutes"},"schema":{"@context":"https:\/\/schema.org","@graph":[{"@type":"WebPage","@id":"https:\/\/sulsc.com\/index.php\/2023\/09\/18\/encontros-do-programa-salto-aceleradora-iniciam-nesta-segunda-feira18-em-criciuma\/","url":"https:\/\/sulsc.com\/index.php\/2023\/09\/18\/encontros-do-programa-salto-aceleradora-iniciam-nesta-segunda-feira18-em-criciuma\/","name":"Encontros do Programa Salto Aceleradora iniciam nesta segunda-feira(18), em Crici\u00fama -","isPartOf":{"@id":"https:\/\/sulsc.com\/#website"},"datePublished":"2023-09-18T21:40:49+00:00","dateModified":"2023-09-18T22:37:24+00:00","author":{"@id":"https:\/\/sulsc.com\/#\/schema\/person\/84d2fc571684f6248ba83092f07750a3"},"breadcrumb":{"@id":"https:\/\/sulsc.com\/index.php\/2023\/09\/18\/encontros-do-programa-salto-aceleradora-iniciam-nesta-segunda-feira18-em-criciuma\/#breadcrumb"},"inLanguage":"en-US","potentialAction":[{"@type":"ReadAction","target":["https:\/\/sulsc.com\/index.php\/2023\/09\/18\/encontros-do-programa-salto-aceleradora-iniciam-nesta-segunda-feira18-em-criciuma\/"]}]},{"@type":"BreadcrumbList","@id":"https:\/\/sulsc.com\/index.php\/2023\/09\/18\/encontros-do-programa-salto-aceleradora-iniciam-nesta-segunda-feira18-em-criciuma\/#breadcrumb","itemListElement":[{"@type":"ListItem","position":1,"name":"In\u00edcio","item":"https:\/\/sulsc.com\/"},{"@type":"ListItem","position":2,"name":"Encontros do Programa Salto Aceleradora iniciam nesta segunda-feira(18), em Crici\u00fama"}]},{"@type":"WebSite","@id":"https:\/\/sulsc.com\/#website","url":"https:\/\/sulsc.com\/","name":"","description":"","potentialAction":[{"@type":"SearchAction","target":{"@type":"EntryPoint","urlTemplate":"https:\/\/sulsc.com\/?s={search_term_string}"},"query-input":"required name=search_term_string"}],"inLanguage":"en-US"},{"@type":"Person","@id":"https:\/\/sulsc.com\/#\/schema\/person\/84d2fc571684f6248ba83092f07750a3","name":"Reda\u00e7\u00e3o Sul SC","image":{"@type":"ImageObject","inLanguage":"en-US","@id":"https:\/\/sulsc.com\/#\/schema\/person\/image\/e08d7fe2cc4ed596372063bbe852b8d0","url":"https:\/\/sulsc.com\/wp-content\/uploads\/2023\/09\/redacao.png","contentUrl":"https:\/\/sulsc.com\/wp-content\/uploads\/2023\/09\/redacao.png","caption":"Reda\u00e7\u00e3o Sul SC"},"description":"Foco em um jornalismo imparcial, voltado \u00e0 qualidade dos seus conte\u00fados e, assim, levar informa\u00e7\u00e3o de valor que agregue \u00e0 vida dos leitores. Esta \u00e9 grande miss\u00e3o do Portal de Not\u00edcias Sul SC. N\u00e3o \u00e9 quantidade que muda o mundo, sempre foi e seguir\u00e1 sendo qualidade!","sameAs":["https:\/\/sulsc.com\/","https:\/\/www.facebook.com\/profile.php?id=61559278119680","https:\/\/www.instagram.com\/sulscportal\/?hl=pt-br","https:\/\/twitter.com\/https:\/\/twitter.com\/PortalSulSC","https:\/\/www.youtube.com\/channel\/UCv_BE8GeySluDov2n8qhVmw"],"url":"https:\/\/sulsc.com\/index.php\/author\/redacao\/"}]}},"authors":[],"_links":{"self":[{"href":"https:\/\/sulsc.com\/index.php\/wp-json\/wp\/v2\/posts\/1187"}],"collection":[{"href":"https:\/\/sulsc.com\/index.php\/wp-json\/wp\/v2\/posts"}],"about":[{"href":"https:\/\/sulsc.com\/index.php\/wp-json\/wp\/v2\/types\/post"}],"author":[{"embeddable":true,"href":"https:\/\/sulsc.com\/index.php\/wp-json\/wp\/v2\/users\/3"}],"replies":[{"embeddable":true,"href":"https:\/\/sulsc.com\/index.php\/wp-json\/wp\/v2\/comments?post=1187"}],"version-history":[{"count":1,"href":"https:\/\/sulsc.com\/index.php\/wp-json\/wp\/v2\/posts\/1187\/revisions"}],"predecessor-version":[{"id":1189,"href":"https:\/\/sulsc.com\/index.php\/wp-json\/wp\/v2\/posts\/1187\/revisions\/1189"}],"wp:featuredmedia":[{"embeddable":true,"href":"https:\/\/sulsc.com\/index.php\/wp-json\/wp\/v2\/media\/1188"}],"wp:attachment":[{"href":"https:\/\/sulsc.com\/index.php\/wp-json\/wp\/v2\/media?parent=1187"}],"wp:term":[{"taxonomy":"category","embeddable":true,"href":"https:\/\/sulsc.com\/index.php\/wp-json\/wp\/v2\/categories?post=1187"},{"taxonomy":"post_tag","embeddable":true,"href":"https:\/\/sulsc.com\/index.php\/wp-json\/wp\/v2\/tags?post=1187"}],"curies":[{"name":"wp","href":"https:\/\/api.w.org\/{rel}","templated":true}]}}