{"id":1199,"date":"2023-09-19T09:00:32","date_gmt":"2023-09-19T12:00:32","guid":{"rendered":"https:\/\/sulsc.com\/?p=1199"},"modified":"2023-09-19T09:31:39","modified_gmt":"2023-09-19T12:31:39","slug":"mae-e-filho-sao-presos-investigados-por-diversos-furtos-em-tubarao","status":"publish","type":"post","link":"https:\/\/sulsc.com\/index.php\/2023\/09\/19\/mae-e-filho-sao-presos-investigados-por-diversos-furtos-em-tubarao\/","title":{"rendered":"M\u00e3e e filho s\u00e3o presos, investigados por diversos furtos, em Tubar\u00e3o"},"content":{"rendered":"<p>Uma mulher e um homem, de 54 e 31 anos respectivamente, foram presos no inicio da tarde desta segunda-feira (18). A a\u00e7\u00e3o ocorreu no bairro S\u00e3o Jo\u00e3o, em Tubar\u00e3o. Os suspeitos que s\u00e3o m\u00e3e e filho eram investigados por praticarem diversos furtos na cidade.<\/p>\n<p>As pris\u00f5es foram realizadas pela Pol\u00edcia Civil atrav\u00e9s da Divis\u00e3o de Investiga\u00e7\u00e3o Criminal (DIC) de Tubar\u00e3o. A informa\u00e7\u00e3o \u00e9 de que um dos furtos ocorreu em uma barraca, a m\u00e3e enganou a funcion\u00e1ria do estabelecimento enquanto o filho roubava equipamentos eletr\u00f4nicos.<\/p>\n<p><img fetchpriority=\"high\" decoding=\"async\" class=\"alignnone size-large wp-image-1022\" src=\"http:\/\/sulsc.com\/wp-content\/uploads\/2023\/09\/policia-civil-1024x768.jpeg\" alt=\"\" width=\"1024\" height=\"768\" srcset=\"https:\/\/sulsc.com\/wp-content\/uploads\/2023\/09\/policia-civil-1024x768.jpeg 1024w, https:\/\/sulsc.com\/wp-content\/uploads\/2023\/09\/policia-civil-300x225.jpeg 300w, https:\/\/sulsc.com\/wp-content\/uploads\/2023\/09\/policia-civil-768x576.jpeg 768w, https:\/\/sulsc.com\/wp-content\/uploads\/2023\/09\/policia-civil.jpeg 1280w\" sizes=\"(max-width: 1024px) 100vw, 1024px\" \/><\/p>\n<p>Durante a investiga\u00e7\u00e3o, os dois suspeitos foram identificados por meio de an\u00e1lises de diversas imagens. Ap\u00f3s ser feito o inqu\u00e9rito policial, a Policia Civil representou a pris\u00e3o preventiva da dupla, autorizada pelo Ju\u00edzo da 1\u00ba Vara Criminal da Comarca de Tubar\u00e3o.<\/p>\n<p>De acordo com a equipe de investiga\u00e7\u00e3o, os dois suspeitos foram conduzidos \u00e0 DIC de Tubar\u00e3o e depois dos procedimentos da pol\u00edcia judici\u00e1ria, o filho foi encaminhado ao Pres\u00eddio Regional de Tubar\u00e3o e a m\u00e3e para o Pres\u00eddio Feminino de Crici\u00fama.<\/p>\n<p>&nbsp;<\/p>\n<p>Fonte: Engeplus<\/p>\n","protected":false},"excerpt":{"rendered":"<p>Uma mulher e um homem, de 54 e 31 anos respectivamente, foram presos no inicio da tarde desta segunda-feira (18). A a\u00e7\u00e3o ocorreu no bairro S\u00e3o Jo\u00e3o, em Tubar\u00e3o. Os suspeitos que s\u00e3o m\u00e3e e filho eram investigados por praticarem diversos furtos na cidade. As pris\u00f5es foram realizadas pela Pol\u00edcia Civil atrav\u00e9s da Divis\u00e3o de &hellip;<\/p>\n<p class=\"read-more\"> <a class=\"\" href=\"https:\/\/sulsc.com\/index.php\/2023\/09\/19\/mae-e-filho-sao-presos-investigados-por-diversos-furtos-em-tubarao\/\"> <span class=\"screen-reader-text\">M\u00e3e e filho s\u00e3o presos, investigados por diversos furtos, em Tubar\u00e3o<\/span> Read More &raquo;<\/a><\/p>\n","protected":false},"author":3,"featured_media":1200,"comment_status":"open","ping_status":"open","sticky":false,"template":"","format":"standard","meta":{"site-sidebar-layout":"default","site-content-layout":"default","ast-site-content-layout":"","site-content-style":"default","site-sidebar-style":"default","ast-global-header-display":"","ast-banner-title-visibility":"","ast-main-header-display":"","ast-hfb-above-header-display":"","ast-hfb-below-header-display":"","ast-hfb-mobile-header-display":"","site-post-title":"","ast-breadcrumbs-content":"","ast-featured-img":"","footer-sml-layout":"","theme-transparent-header-meta":"default","adv-header-id-meta":"","stick-header-meta":"","header-above-stick-meta":"","header-main-stick-meta":"","header-below-stick-meta":"","astra-migrate-meta-layouts":"","footnotes":""},"categories":[1],"tags":[],"yoast_head":"<!-- This site is optimized with the Yoast SEO plugin v21.4 - https:\/\/yoast.com\/wordpress\/plugins\/seo\/ -->\n<title>M\u00e3e e filho s\u00e3o presos, investigados por diversos furtos, em Tubar\u00e3o -<\/title>\n<meta name=\"robots\" content=\"index, follow, max-snippet:-1, max-image-preview:large, max-video-preview:-1\" \/>\n<link rel=\"canonical\" href=\"https:\/\/sulsc.com\/index.php\/2023\/09\/19\/mae-e-filho-sao-presos-investigados-por-diversos-furtos-em-tubarao\/\" \/>\n<meta property=\"og:locale\" content=\"en_US\" \/>\n<meta property=\"og:type\" content=\"article\" \/>\n<meta property=\"og:title\" content=\"M\u00e3e e filho s\u00e3o presos, investigados por diversos furtos, em Tubar\u00e3o -\" \/>\n<meta property=\"og:description\" content=\"Uma mulher e um homem, de 54 e 31 anos respectivamente, foram presos no inicio da tarde desta segunda-feira (18). A a\u00e7\u00e3o ocorreu no bairro S\u00e3o Jo\u00e3o, em Tubar\u00e3o. Os suspeitos que s\u00e3o m\u00e3e e filho eram investigados por praticarem diversos furtos na cidade. As pris\u00f5es foram realizadas pela Pol\u00edcia Civil atrav\u00e9s da Divis\u00e3o de &hellip; M\u00e3e e filho s\u00e3o presos, investigados por diversos furtos, em Tubar\u00e3o Read More &raquo;\" \/>\n<meta property=\"og:url\" content=\"https:\/\/sulsc.com\/index.php\/2023\/09\/19\/mae-e-filho-sao-presos-investigados-por-diversos-furtos-em-tubarao\/\" \/>\n<meta property=\"article:author\" content=\"https:\/\/www.facebook.com\/profile.php?id=61559278119680\" \/>\n<meta property=\"article:published_time\" content=\"2023-09-19T12:00:32+00:00\" \/>\n<meta property=\"article:modified_time\" content=\"2023-09-19T12:31:39+00:00\" \/>\n<meta property=\"og:image\" content=\"https:\/\/sulsc.com\/wp-content\/uploads\/2023\/09\/DIC-Tubarao.jpg\" \/>\n\t<meta property=\"og:image:width\" content=\"602\" \/>\n\t<meta property=\"og:image:height\" content=\"510\" \/>\n\t<meta property=\"og:image:type\" content=\"image\/jpeg\" \/>\n<meta name=\"author\" content=\"Reda\u00e7\u00e3o Sul SC\" \/>\n<meta name=\"twitter:card\" content=\"summary_large_image\" \/>\n<meta name=\"twitter:creator\" content=\"@https:\/\/twitter.com\/PortalSulSC\" \/>\n<meta name=\"twitter:label1\" content=\"Written by\" \/>\n\t<meta name=\"twitter:data1\" content=\"Reda\u00e7\u00e3o Sul SC\" \/>\n\t<meta name=\"twitter:label2\" content=\"Est. reading time\" \/>\n\t<meta name=\"twitter:data2\" content=\"1 minute\" \/>\n<script type=\"application\/ld+json\" class=\"yoast-schema-graph\">{\"@context\":\"https:\/\/schema.org\",\"@graph\":[{\"@type\":\"WebPage\",\"@id\":\"https:\/\/sulsc.com\/index.php\/2023\/09\/19\/mae-e-filho-sao-presos-investigados-por-diversos-furtos-em-tubarao\/\",\"url\":\"https:\/\/sulsc.com\/index.php\/2023\/09\/19\/mae-e-filho-sao-presos-investigados-por-diversos-furtos-em-tubarao\/\",\"name\":\"M\u00e3e e filho s\u00e3o presos, investigados por diversos furtos, em Tubar\u00e3o -\",\"isPartOf\":{\"@id\":\"https:\/\/sulsc.com\/#website\"},\"datePublished\":\"2023-09-19T12:00:32+00:00\",\"dateModified\":\"2023-09-19T12:31:39+00:00\",\"author\":{\"@id\":\"https:\/\/sulsc.com\/#\/schema\/person\/84d2fc571684f6248ba83092f07750a3\"},\"breadcrumb\":{\"@id\":\"https:\/\/sulsc.com\/index.php\/2023\/09\/19\/mae-e-filho-sao-presos-investigados-por-diversos-furtos-em-tubarao\/#breadcrumb\"},\"inLanguage\":\"en-US\",\"potentialAction\":[{\"@type\":\"ReadAction\",\"target\":[\"https:\/\/sulsc.com\/index.php\/2023\/09\/19\/mae-e-filho-sao-presos-investigados-por-diversos-furtos-em-tubarao\/\"]}]},{\"@type\":\"BreadcrumbList\",\"@id\":\"https:\/\/sulsc.com\/index.php\/2023\/09\/19\/mae-e-filho-sao-presos-investigados-por-diversos-furtos-em-tubarao\/#breadcrumb\",\"itemListElement\":[{\"@type\":\"ListItem\",\"position\":1,\"name\":\"In\u00edcio\",\"item\":\"https:\/\/sulsc.com\/\"},{\"@type\":\"ListItem\",\"position\":2,\"name\":\"M\u00e3e e filho s\u00e3o presos, investigados por diversos furtos, em Tubar\u00e3o\"}]},{\"@type\":\"WebSite\",\"@id\":\"https:\/\/sulsc.com\/#website\",\"url\":\"https:\/\/sulsc.com\/\",\"name\":\"\",\"description\":\"\",\"potentialAction\":[{\"@type\":\"SearchAction\",\"target\":{\"@type\":\"EntryPoint\",\"urlTemplate\":\"https:\/\/sulsc.com\/?s={search_term_string}\"},\"query-input\":\"required name=search_term_string\"}],\"inLanguage\":\"en-US\"},{\"@type\":\"Person\",\"@id\":\"https:\/\/sulsc.com\/#\/schema\/person\/84d2fc571684f6248ba83092f07750a3\",\"name\":\"Reda\u00e7\u00e3o Sul SC\",\"image\":{\"@type\":\"ImageObject\",\"inLanguage\":\"en-US\",\"@id\":\"https:\/\/sulsc.com\/#\/schema\/person\/image\/e08d7fe2cc4ed596372063bbe852b8d0\",\"url\":\"https:\/\/sulsc.com\/wp-content\/uploads\/2023\/09\/redacao.png\",\"contentUrl\":\"https:\/\/sulsc.com\/wp-content\/uploads\/2023\/09\/redacao.png\",\"caption\":\"Reda\u00e7\u00e3o Sul SC\"},\"description\":\"Foco em um jornalismo imparcial, voltado \u00e0 qualidade dos seus conte\u00fados e, assim, levar informa\u00e7\u00e3o de valor que agregue \u00e0 vida dos leitores. Esta \u00e9 grande miss\u00e3o do Portal de Not\u00edcias Sul SC. N\u00e3o \u00e9 quantidade que muda o mundo, sempre foi e seguir\u00e1 sendo qualidade!\",\"sameAs\":[\"https:\/\/sulsc.com\/\",\"https:\/\/www.facebook.com\/profile.php?id=61559278119680\",\"https:\/\/www.instagram.com\/sulscportal\/?hl=pt-br\",\"https:\/\/twitter.com\/https:\/\/twitter.com\/PortalSulSC\",\"https:\/\/www.youtube.com\/channel\/UCv_BE8GeySluDov2n8qhVmw\"],\"url\":\"https:\/\/sulsc.com\/index.php\/author\/redacao\/\"}]}<\/script>\n<!-- \/ Yoast SEO plugin. -->","yoast_head_json":{"title":"M\u00e3e e filho s\u00e3o presos, investigados por diversos furtos, em Tubar\u00e3o -","robots":{"index":"index","follow":"follow","max-snippet":"max-snippet:-1","max-image-preview":"max-image-preview:large","max-video-preview":"max-video-preview:-1"},"canonical":"https:\/\/sulsc.com\/index.php\/2023\/09\/19\/mae-e-filho-sao-presos-investigados-por-diversos-furtos-em-tubarao\/","og_locale":"en_US","og_type":"article","og_title":"M\u00e3e e filho s\u00e3o presos, investigados por diversos furtos, em Tubar\u00e3o -","og_description":"Uma mulher e um homem, de 54 e 31 anos respectivamente, foram presos no inicio da tarde desta segunda-feira (18). A a\u00e7\u00e3o ocorreu no bairro S\u00e3o Jo\u00e3o, em Tubar\u00e3o. Os suspeitos que s\u00e3o m\u00e3e e filho eram investigados por praticarem diversos furtos na cidade. As pris\u00f5es foram realizadas pela Pol\u00edcia Civil atrav\u00e9s da Divis\u00e3o de &hellip; M\u00e3e e filho s\u00e3o presos, investigados por diversos furtos, em Tubar\u00e3o Read More &raquo;","og_url":"https:\/\/sulsc.com\/index.php\/2023\/09\/19\/mae-e-filho-sao-presos-investigados-por-diversos-furtos-em-tubarao\/","article_author":"https:\/\/www.facebook.com\/profile.php?id=61559278119680","article_published_time":"2023-09-19T12:00:32+00:00","article_modified_time":"2023-09-19T12:31:39+00:00","og_image":[{"width":602,"height":510,"url":"https:\/\/sulsc.com\/wp-content\/uploads\/2023\/09\/DIC-Tubarao.jpg","type":"image\/jpeg"}],"author":"Reda\u00e7\u00e3o Sul SC","twitter_card":"summary_large_image","twitter_creator":"@https:\/\/twitter.com\/PortalSulSC","twitter_misc":{"Written by":"Reda\u00e7\u00e3o Sul SC","Est. reading time":"1 minute"},"schema":{"@context":"https:\/\/schema.org","@graph":[{"@type":"WebPage","@id":"https:\/\/sulsc.com\/index.php\/2023\/09\/19\/mae-e-filho-sao-presos-investigados-por-diversos-furtos-em-tubarao\/","url":"https:\/\/sulsc.com\/index.php\/2023\/09\/19\/mae-e-filho-sao-presos-investigados-por-diversos-furtos-em-tubarao\/","name":"M\u00e3e e filho s\u00e3o presos, investigados por diversos furtos, em Tubar\u00e3o -","isPartOf":{"@id":"https:\/\/sulsc.com\/#website"},"datePublished":"2023-09-19T12:00:32+00:00","dateModified":"2023-09-19T12:31:39+00:00","author":{"@id":"https:\/\/sulsc.com\/#\/schema\/person\/84d2fc571684f6248ba83092f07750a3"},"breadcrumb":{"@id":"https:\/\/sulsc.com\/index.php\/2023\/09\/19\/mae-e-filho-sao-presos-investigados-por-diversos-furtos-em-tubarao\/#breadcrumb"},"inLanguage":"en-US","potentialAction":[{"@type":"ReadAction","target":["https:\/\/sulsc.com\/index.php\/2023\/09\/19\/mae-e-filho-sao-presos-investigados-por-diversos-furtos-em-tubarao\/"]}]},{"@type":"BreadcrumbList","@id":"https:\/\/sulsc.com\/index.php\/2023\/09\/19\/mae-e-filho-sao-presos-investigados-por-diversos-furtos-em-tubarao\/#breadcrumb","itemListElement":[{"@type":"ListItem","position":1,"name":"In\u00edcio","item":"https:\/\/sulsc.com\/"},{"@type":"ListItem","position":2,"name":"M\u00e3e e filho s\u00e3o presos, investigados por diversos furtos, em Tubar\u00e3o"}]},{"@type":"WebSite","@id":"https:\/\/sulsc.com\/#website","url":"https:\/\/sulsc.com\/","name":"","description":"","potentialAction":[{"@type":"SearchAction","target":{"@type":"EntryPoint","urlTemplate":"https:\/\/sulsc.com\/?s={search_term_string}"},"query-input":"required name=search_term_string"}],"inLanguage":"en-US"},{"@type":"Person","@id":"https:\/\/sulsc.com\/#\/schema\/person\/84d2fc571684f6248ba83092f07750a3","name":"Reda\u00e7\u00e3o Sul SC","image":{"@type":"ImageObject","inLanguage":"en-US","@id":"https:\/\/sulsc.com\/#\/schema\/person\/image\/e08d7fe2cc4ed596372063bbe852b8d0","url":"https:\/\/sulsc.com\/wp-content\/uploads\/2023\/09\/redacao.png","contentUrl":"https:\/\/sulsc.com\/wp-content\/uploads\/2023\/09\/redacao.png","caption":"Reda\u00e7\u00e3o Sul SC"},"description":"Foco em um jornalismo imparcial, voltado \u00e0 qualidade dos seus conte\u00fados e, assim, levar informa\u00e7\u00e3o de valor que agregue \u00e0 vida dos leitores. Esta \u00e9 grande miss\u00e3o do Portal de Not\u00edcias Sul SC. N\u00e3o \u00e9 quantidade que muda o mundo, sempre foi e seguir\u00e1 sendo qualidade!","sameAs":["https:\/\/sulsc.com\/","https:\/\/www.facebook.com\/profile.php?id=61559278119680","https:\/\/www.instagram.com\/sulscportal\/?hl=pt-br","https:\/\/twitter.com\/https:\/\/twitter.com\/PortalSulSC","https:\/\/www.youtube.com\/channel\/UCv_BE8GeySluDov2n8qhVmw"],"url":"https:\/\/sulsc.com\/index.php\/author\/redacao\/"}]}},"authors":[],"_links":{"self":[{"href":"https:\/\/sulsc.com\/index.php\/wp-json\/wp\/v2\/posts\/1199"}],"collection":[{"href":"https:\/\/sulsc.com\/index.php\/wp-json\/wp\/v2\/posts"}],"about":[{"href":"https:\/\/sulsc.com\/index.php\/wp-json\/wp\/v2\/types\/post"}],"author":[{"embeddable":true,"href":"https:\/\/sulsc.com\/index.php\/wp-json\/wp\/v2\/users\/3"}],"replies":[{"embeddable":true,"href":"https:\/\/sulsc.com\/index.php\/wp-json\/wp\/v2\/comments?post=1199"}],"version-history":[{"count":1,"href":"https:\/\/sulsc.com\/index.php\/wp-json\/wp\/v2\/posts\/1199\/revisions"}],"predecessor-version":[{"id":1201,"href":"https:\/\/sulsc.com\/index.php\/wp-json\/wp\/v2\/posts\/1199\/revisions\/1201"}],"wp:featuredmedia":[{"embeddable":true,"href":"https:\/\/sulsc.com\/index.php\/wp-json\/wp\/v2\/media\/1200"}],"wp:attachment":[{"href":"https:\/\/sulsc.com\/index.php\/wp-json\/wp\/v2\/media?parent=1199"}],"wp:term":[{"taxonomy":"category","embeddable":true,"href":"https:\/\/sulsc.com\/index.php\/wp-json\/wp\/v2\/categories?post=1199"},{"taxonomy":"post_tag","embeddable":true,"href":"https:\/\/sulsc.com\/index.php\/wp-json\/wp\/v2\/tags?post=1199"}],"curies":[{"name":"wp","href":"https:\/\/api.w.org\/{rel}","templated":true}]}}