{"id":12022,"date":"2024-05-14T11:30:20","date_gmt":"2024-05-14T14:30:20","guid":{"rendered":"https:\/\/sulsc.com\/?p=12022"},"modified":"2024-05-14T09:10:41","modified_gmt":"2024-05-14T12:10:41","slug":"festa-do-camarao-e-adiada-em-imbituba","status":"publish","type":"post","link":"https:\/\/sulsc.com\/index.php\/2024\/05\/14\/festa-do-camarao-e-adiada-em-imbituba\/","title":{"rendered":"Festa do Camar\u00e3o \u00e9 adiada em Imbituba"},"content":{"rendered":"<p>A Festa Nacional do Camar\u00e3o, prevista para ocorrer entre os dias 21 e 23 de junho de 2024, m\u00eas de anivers\u00e1rio de Imbituba, foi adiada pela administra\u00e7\u00e3o municipal. A decis\u00e3o do prefeito Rosenvaldo da Silva J\u00fanior foi em apoio e respeito aos atingidos pelas enchentes no Rio Grande do Sul.<\/p>\n<p>A reuni\u00e3o, que definiu o adiamento nesta segunda-feira (13), contou com a participa\u00e7\u00e3o do Secret\u00e1rio Municipal de Desenvolvimento Econ\u00f4mico, Tur\u00edstico e Portu\u00e1rio, Alex Bondan. Ele tamb\u00e9m avaliou como necess\u00e1rio o adiamento da festa neste momento t\u00e3o preocupante.<\/p>\n<p><img fetchpriority=\"high\" decoding=\"async\" class=\"alignnone size-full wp-image-12023\" src=\"http:\/\/sulsc.com\/wp-content\/uploads\/2024\/05\/Festa-do-Camarao-e-adiada-em-Imbituba.jpg\" alt=\"\" width=\"800\" height=\"445\" srcset=\"https:\/\/sulsc.com\/wp-content\/uploads\/2024\/05\/Festa-do-Camarao-e-adiada-em-Imbituba.jpg 800w, https:\/\/sulsc.com\/wp-content\/uploads\/2024\/05\/Festa-do-Camarao-e-adiada-em-Imbituba-300x167.jpg 300w, https:\/\/sulsc.com\/wp-content\/uploads\/2024\/05\/Festa-do-Camarao-e-adiada-em-Imbituba-768x427.jpg 768w\" sizes=\"(max-width: 800px) 100vw, 800px\" \/><\/p>\n<p>&nbsp;<\/p>\n<p>Para o prefeito Rosenvaldo J\u00fanior, a trag\u00e9dia no Estado que tem uma liga\u00e7\u00e3o muito forte com Santa Catarina e, consequentemente, com Imbituba. \u00c9 algo sem precedentes e que requer o apoio de todos, seja nos resgates, no amparo aos atingidos e na reconstru\u00e7\u00e3o de toda aquela regi\u00e3o.<\/p>\n<p>Toda a cidade de Imbituba segue engajada no apoio ao Estado ga\u00facho. A Secretaria Municipal de Assist\u00eancia Social e Habita\u00e7\u00e3o (SEASH) est\u00e1 recebendo doa\u00e7\u00f5es de roupas, alimentos e materiais de higiene para o envio \u00e0s fam\u00edlias atingidas no Rio Grande do Sul. Al\u00e9m disso, pousadas, bares, restaurantes da Praia do Rosa e moradores em geral j\u00e1 enviaram 17 caminh\u00f5es carregados com doa\u00e7\u00f5es \u00e0s v\u00edtimas das cheias.<\/p>\n","protected":false},"excerpt":{"rendered":"<p>A Festa Nacional do Camar\u00e3o, prevista para ocorrer entre os dias 21 e 23 de junho de 2024, m\u00eas de anivers\u00e1rio de Imbituba, foi adiada pela administra\u00e7\u00e3o municipal. A decis\u00e3o do prefeito Rosenvaldo da Silva J\u00fanior foi em apoio e respeito aos atingidos pelas enchentes no Rio Grande do Sul. A reuni\u00e3o, que definiu o &hellip;<\/p>\n<p class=\"read-more\"> <a class=\"\" href=\"https:\/\/sulsc.com\/index.php\/2024\/05\/14\/festa-do-camarao-e-adiada-em-imbituba\/\"> <span class=\"screen-reader-text\">Festa do Camar\u00e3o \u00e9 adiada em Imbituba<\/span> Read More &raquo;<\/a><\/p>\n","protected":false},"author":3,"featured_media":12023,"comment_status":"open","ping_status":"open","sticky":false,"template":"","format":"standard","meta":{"site-sidebar-layout":"default","site-content-layout":"","ast-site-content-layout":"default","site-content-style":"default","site-sidebar-style":"default","ast-global-header-display":"","ast-banner-title-visibility":"","ast-main-header-display":"","ast-hfb-above-header-display":"","ast-hfb-below-header-display":"","ast-hfb-mobile-header-display":"","site-post-title":"","ast-breadcrumbs-content":"","ast-featured-img":"","footer-sml-layout":"","theme-transparent-header-meta":"default","adv-header-id-meta":"","stick-header-meta":"","header-above-stick-meta":"","header-main-stick-meta":"","header-below-stick-meta":"","astra-migrate-meta-layouts":"set","footnotes":""},"categories":[41],"tags":[833,1831,133],"yoast_head":"<!-- This site is optimized with the Yoast SEO plugin v21.4 - https:\/\/yoast.com\/wordpress\/plugins\/seo\/ -->\n<title>Festa do Camar\u00e3o \u00e9 adiada em Imbituba -<\/title>\n<meta name=\"description\" content=\"O cancelamento \u00e9 em respeito ao Rio Grande do Sul, por conta dos \u00faltimos acontecimentos registrados desde o final de abril\" \/>\n<meta name=\"robots\" content=\"index, follow, max-snippet:-1, max-image-preview:large, max-video-preview:-1\" \/>\n<link rel=\"canonical\" href=\"https:\/\/sulsc.com\/index.php\/2024\/05\/14\/festa-do-camarao-e-adiada-em-imbituba\/\" \/>\n<meta property=\"og:locale\" content=\"en_US\" \/>\n<meta property=\"og:type\" content=\"article\" \/>\n<meta property=\"og:title\" content=\"Festa do Camar\u00e3o \u00e9 adiada em Imbituba -\" \/>\n<meta property=\"og:description\" content=\"O cancelamento \u00e9 em respeito ao Rio Grande do Sul, por conta dos \u00faltimos acontecimentos registrados desde o final de abril\" \/>\n<meta property=\"og:url\" content=\"https:\/\/sulsc.com\/index.php\/2024\/05\/14\/festa-do-camarao-e-adiada-em-imbituba\/\" \/>\n<meta property=\"article:author\" content=\"https:\/\/www.facebook.com\/profile.php?id=61559278119680\" \/>\n<meta property=\"article:published_time\" content=\"2024-05-14T14:30:20+00:00\" \/>\n<meta property=\"article:modified_time\" content=\"2024-05-14T12:10:41+00:00\" \/>\n<meta property=\"og:image\" content=\"https:\/\/sulsc.com\/wp-content\/uploads\/2024\/05\/Festa-do-Camarao-e-adiada-em-Imbituba.jpg\" \/>\n\t<meta property=\"og:image:width\" content=\"800\" \/>\n\t<meta property=\"og:image:height\" content=\"445\" \/>\n\t<meta property=\"og:image:type\" content=\"image\/jpeg\" \/>\n<meta name=\"author\" content=\"Reda\u00e7\u00e3o Sul SC\" \/>\n<meta name=\"twitter:card\" content=\"summary_large_image\" \/>\n<meta name=\"twitter:creator\" content=\"@https:\/\/twitter.com\/PortalSulSC\" \/>\n<meta name=\"twitter:label1\" content=\"Written by\" \/>\n\t<meta name=\"twitter:data1\" content=\"Reda\u00e7\u00e3o Sul SC\" \/>\n\t<meta name=\"twitter:label2\" content=\"Est. reading time\" \/>\n\t<meta name=\"twitter:data2\" content=\"2 minutes\" \/>\n<script type=\"application\/ld+json\" class=\"yoast-schema-graph\">{\"@context\":\"https:\/\/schema.org\",\"@graph\":[{\"@type\":\"WebPage\",\"@id\":\"https:\/\/sulsc.com\/index.php\/2024\/05\/14\/festa-do-camarao-e-adiada-em-imbituba\/\",\"url\":\"https:\/\/sulsc.com\/index.php\/2024\/05\/14\/festa-do-camarao-e-adiada-em-imbituba\/\",\"name\":\"Festa do Camar\u00e3o \u00e9 adiada em Imbituba -\",\"isPartOf\":{\"@id\":\"https:\/\/sulsc.com\/#website\"},\"datePublished\":\"2024-05-14T14:30:20+00:00\",\"dateModified\":\"2024-05-14T12:10:41+00:00\",\"author\":{\"@id\":\"https:\/\/sulsc.com\/#\/schema\/person\/84d2fc571684f6248ba83092f07750a3\"},\"description\":\"O cancelamento \u00e9 em respeito ao Rio Grande do Sul, por conta dos \u00faltimos acontecimentos registrados desde o final de abril\",\"breadcrumb\":{\"@id\":\"https:\/\/sulsc.com\/index.php\/2024\/05\/14\/festa-do-camarao-e-adiada-em-imbituba\/#breadcrumb\"},\"inLanguage\":\"en-US\",\"potentialAction\":[{\"@type\":\"ReadAction\",\"target\":[\"https:\/\/sulsc.com\/index.php\/2024\/05\/14\/festa-do-camarao-e-adiada-em-imbituba\/\"]}]},{\"@type\":\"BreadcrumbList\",\"@id\":\"https:\/\/sulsc.com\/index.php\/2024\/05\/14\/festa-do-camarao-e-adiada-em-imbituba\/#breadcrumb\",\"itemListElement\":[{\"@type\":\"ListItem\",\"position\":1,\"name\":\"In\u00edcio\",\"item\":\"https:\/\/sulsc.com\/\"},{\"@type\":\"ListItem\",\"position\":2,\"name\":\"Festa do Camar\u00e3o \u00e9 adiada em Imbituba\"}]},{\"@type\":\"WebSite\",\"@id\":\"https:\/\/sulsc.com\/#website\",\"url\":\"https:\/\/sulsc.com\/\",\"name\":\"\",\"description\":\"\",\"potentialAction\":[{\"@type\":\"SearchAction\",\"target\":{\"@type\":\"EntryPoint\",\"urlTemplate\":\"https:\/\/sulsc.com\/?s={search_term_string}\"},\"query-input\":\"required name=search_term_string\"}],\"inLanguage\":\"en-US\"},{\"@type\":\"Person\",\"@id\":\"https:\/\/sulsc.com\/#\/schema\/person\/84d2fc571684f6248ba83092f07750a3\",\"name\":\"Reda\u00e7\u00e3o Sul SC\",\"image\":{\"@type\":\"ImageObject\",\"inLanguage\":\"en-US\",\"@id\":\"https:\/\/sulsc.com\/#\/schema\/person\/image\/e08d7fe2cc4ed596372063bbe852b8d0\",\"url\":\"https:\/\/sulsc.com\/wp-content\/uploads\/2023\/09\/redacao.png\",\"contentUrl\":\"https:\/\/sulsc.com\/wp-content\/uploads\/2023\/09\/redacao.png\",\"caption\":\"Reda\u00e7\u00e3o Sul SC\"},\"description\":\"Foco em um jornalismo imparcial, voltado \u00e0 qualidade dos seus conte\u00fados e, assim, levar informa\u00e7\u00e3o de valor que agregue \u00e0 vida dos leitores. Esta \u00e9 grande miss\u00e3o do Portal de Not\u00edcias Sul SC. N\u00e3o \u00e9 quantidade que muda o mundo, sempre foi e seguir\u00e1 sendo qualidade!\",\"sameAs\":[\"https:\/\/sulsc.com\/\",\"https:\/\/www.facebook.com\/profile.php?id=61559278119680\",\"https:\/\/www.instagram.com\/sulscportal\/?hl=pt-br\",\"https:\/\/twitter.com\/https:\/\/twitter.com\/PortalSulSC\",\"https:\/\/www.youtube.com\/channel\/UCv_BE8GeySluDov2n8qhVmw\"],\"url\":\"https:\/\/sulsc.com\/index.php\/author\/redacao\/\"}]}<\/script>\n<!-- \/ Yoast SEO plugin. -->","yoast_head_json":{"title":"Festa do Camar\u00e3o \u00e9 adiada em Imbituba -","description":"O cancelamento \u00e9 em respeito ao Rio Grande do Sul, por conta dos \u00faltimos acontecimentos registrados desde o final de abril","robots":{"index":"index","follow":"follow","max-snippet":"max-snippet:-1","max-image-preview":"max-image-preview:large","max-video-preview":"max-video-preview:-1"},"canonical":"https:\/\/sulsc.com\/index.php\/2024\/05\/14\/festa-do-camarao-e-adiada-em-imbituba\/","og_locale":"en_US","og_type":"article","og_title":"Festa do Camar\u00e3o \u00e9 adiada em Imbituba -","og_description":"O cancelamento \u00e9 em respeito ao Rio Grande do Sul, por conta dos \u00faltimos acontecimentos registrados desde o final de abril","og_url":"https:\/\/sulsc.com\/index.php\/2024\/05\/14\/festa-do-camarao-e-adiada-em-imbituba\/","article_author":"https:\/\/www.facebook.com\/profile.php?id=61559278119680","article_published_time":"2024-05-14T14:30:20+00:00","article_modified_time":"2024-05-14T12:10:41+00:00","og_image":[{"width":800,"height":445,"url":"https:\/\/sulsc.com\/wp-content\/uploads\/2024\/05\/Festa-do-Camarao-e-adiada-em-Imbituba.jpg","type":"image\/jpeg"}],"author":"Reda\u00e7\u00e3o Sul SC","twitter_card":"summary_large_image","twitter_creator":"@https:\/\/twitter.com\/PortalSulSC","twitter_misc":{"Written by":"Reda\u00e7\u00e3o Sul SC","Est. reading time":"2 minutes"},"schema":{"@context":"https:\/\/schema.org","@graph":[{"@type":"WebPage","@id":"https:\/\/sulsc.com\/index.php\/2024\/05\/14\/festa-do-camarao-e-adiada-em-imbituba\/","url":"https:\/\/sulsc.com\/index.php\/2024\/05\/14\/festa-do-camarao-e-adiada-em-imbituba\/","name":"Festa do Camar\u00e3o \u00e9 adiada em Imbituba -","isPartOf":{"@id":"https:\/\/sulsc.com\/#website"},"datePublished":"2024-05-14T14:30:20+00:00","dateModified":"2024-05-14T12:10:41+00:00","author":{"@id":"https:\/\/sulsc.com\/#\/schema\/person\/84d2fc571684f6248ba83092f07750a3"},"description":"O cancelamento \u00e9 em respeito ao Rio Grande do Sul, por conta dos \u00faltimos acontecimentos registrados desde o final de abril","breadcrumb":{"@id":"https:\/\/sulsc.com\/index.php\/2024\/05\/14\/festa-do-camarao-e-adiada-em-imbituba\/#breadcrumb"},"inLanguage":"en-US","potentialAction":[{"@type":"ReadAction","target":["https:\/\/sulsc.com\/index.php\/2024\/05\/14\/festa-do-camarao-e-adiada-em-imbituba\/"]}]},{"@type":"BreadcrumbList","@id":"https:\/\/sulsc.com\/index.php\/2024\/05\/14\/festa-do-camarao-e-adiada-em-imbituba\/#breadcrumb","itemListElement":[{"@type":"ListItem","position":1,"name":"In\u00edcio","item":"https:\/\/sulsc.com\/"},{"@type":"ListItem","position":2,"name":"Festa do Camar\u00e3o \u00e9 adiada em Imbituba"}]},{"@type":"WebSite","@id":"https:\/\/sulsc.com\/#website","url":"https:\/\/sulsc.com\/","name":"","description":"","potentialAction":[{"@type":"SearchAction","target":{"@type":"EntryPoint","urlTemplate":"https:\/\/sulsc.com\/?s={search_term_string}"},"query-input":"required name=search_term_string"}],"inLanguage":"en-US"},{"@type":"Person","@id":"https:\/\/sulsc.com\/#\/schema\/person\/84d2fc571684f6248ba83092f07750a3","name":"Reda\u00e7\u00e3o Sul SC","image":{"@type":"ImageObject","inLanguage":"en-US","@id":"https:\/\/sulsc.com\/#\/schema\/person\/image\/e08d7fe2cc4ed596372063bbe852b8d0","url":"https:\/\/sulsc.com\/wp-content\/uploads\/2023\/09\/redacao.png","contentUrl":"https:\/\/sulsc.com\/wp-content\/uploads\/2023\/09\/redacao.png","caption":"Reda\u00e7\u00e3o Sul SC"},"description":"Foco em um jornalismo imparcial, voltado \u00e0 qualidade dos seus conte\u00fados e, assim, levar informa\u00e7\u00e3o de valor que agregue \u00e0 vida dos leitores. Esta \u00e9 grande miss\u00e3o do Portal de Not\u00edcias Sul SC. N\u00e3o \u00e9 quantidade que muda o mundo, sempre foi e seguir\u00e1 sendo qualidade!","sameAs":["https:\/\/sulsc.com\/","https:\/\/www.facebook.com\/profile.php?id=61559278119680","https:\/\/www.instagram.com\/sulscportal\/?hl=pt-br","https:\/\/twitter.com\/https:\/\/twitter.com\/PortalSulSC","https:\/\/www.youtube.com\/channel\/UCv_BE8GeySluDov2n8qhVmw"],"url":"https:\/\/sulsc.com\/index.php\/author\/redacao\/"}]}},"authors":[],"_links":{"self":[{"href":"https:\/\/sulsc.com\/index.php\/wp-json\/wp\/v2\/posts\/12022"}],"collection":[{"href":"https:\/\/sulsc.com\/index.php\/wp-json\/wp\/v2\/posts"}],"about":[{"href":"https:\/\/sulsc.com\/index.php\/wp-json\/wp\/v2\/types\/post"}],"author":[{"embeddable":true,"href":"https:\/\/sulsc.com\/index.php\/wp-json\/wp\/v2\/users\/3"}],"replies":[{"embeddable":true,"href":"https:\/\/sulsc.com\/index.php\/wp-json\/wp\/v2\/comments?post=12022"}],"version-history":[{"count":1,"href":"https:\/\/sulsc.com\/index.php\/wp-json\/wp\/v2\/posts\/12022\/revisions"}],"predecessor-version":[{"id":12024,"href":"https:\/\/sulsc.com\/index.php\/wp-json\/wp\/v2\/posts\/12022\/revisions\/12024"}],"wp:featuredmedia":[{"embeddable":true,"href":"https:\/\/sulsc.com\/index.php\/wp-json\/wp\/v2\/media\/12023"}],"wp:attachment":[{"href":"https:\/\/sulsc.com\/index.php\/wp-json\/wp\/v2\/media?parent=12022"}],"wp:term":[{"taxonomy":"category","embeddable":true,"href":"https:\/\/sulsc.com\/index.php\/wp-json\/wp\/v2\/categories?post=12022"},{"taxonomy":"post_tag","embeddable":true,"href":"https:\/\/sulsc.com\/index.php\/wp-json\/wp\/v2\/tags?post=12022"}],"curies":[{"name":"wp","href":"https:\/\/api.w.org\/{rel}","templated":true}]}}