{"id":12141,"date":"2024-05-17T09:20:20","date_gmt":"2024-05-17T12:20:20","guid":{"rendered":"https:\/\/sulsc.com\/?p=12141"},"modified":"2024-05-16T22:30:40","modified_gmt":"2024-05-17T01:30:40","slug":"dia-mundial-da-reciclagem-e-marcado-por-acoes-anuais-na-tubarao-saneamento","status":"publish","type":"post","link":"https:\/\/sulsc.com\/index.php\/2024\/05\/17\/dia-mundial-da-reciclagem-e-marcado-por-acoes-anuais-na-tubarao-saneamento\/","title":{"rendered":"Dia Mundial da Reciclagem \u00e9 marcado por a\u00e7\u00f5es anuais na Tubar\u00e3o Saneamento"},"content":{"rendered":"<p>Na busca por estimular e refor\u00e7ar a reflex\u00e3o sobre a import\u00e2ncia da reciclagem, a Tubar\u00e3o Saneamento promoveu, na \u00faltima semana, uma atividade educativa de interven\u00e7\u00e3o sustent\u00e1vel alusiva ao Dia Mundial da Reciclagem, celebrado nesta sexta-feira (17). O prop\u00f3sito da a\u00e7\u00e3o foi demonstrar formas de otimizar e aprimorar a redu\u00e7\u00e3o de res\u00edduos no cotidiano.<\/p>\n<p>Surpreendendo mais de 100 colaboradores, a empresa contou com a presen\u00e7a de uma engenheira ambiental sanitarista especializada, que avaliou os setores e buscou promover uma maior conscientiza\u00e7\u00e3o entre os colaboradores da concession\u00e1ria sobre como reduzir, reutilizar e reciclar os res\u00edduos gerados no dia a dia da empresa.<\/p>\n<p>No Brasil, em m\u00e9dia, 343 quilos de lixo s\u00e3o produzidos por pessoa, por ano, o que totaliza cerca de 80 milh\u00f5es de toneladas de res\u00edduos, anualmente, no pa\u00eds todo, conforme dados da Associa\u00e7\u00e3o Brasileira de Empresas de Limpeza P\u00fablica e Res\u00edduos Especiais (Abralpe).<\/p>\n<p>Entretanto, \u00e9 alarmante perceber que apenas 4% desse total \u00e9 efetivamente reciclado. &#8220;\u00c9 um dado que nos faz refletir da nossa import\u00e2ncia nesse processo, porque precisamos lembrar que somos respons\u00e1veis pelo lixo que produzimos. Somos parte desse processo e precisamos nos unir para reduzir, cada vez mais, esse impacto&#8221;, destaca a supervisora de Socioambiental, Amanda Salles Fiedler.<\/p>\n<p><img fetchpriority=\"high\" decoding=\"async\" class=\"alignnone size-full wp-image-12142\" src=\"http:\/\/sulsc.com\/wp-content\/uploads\/2024\/05\/Dia-Mundial-da-Reciclagem-e-marcado-por-acoes-anuais-na-Tubarao-Saneamento.jpeg\" alt=\"\" width=\"1600\" height=\"1200\" srcset=\"https:\/\/sulsc.com\/wp-content\/uploads\/2024\/05\/Dia-Mundial-da-Reciclagem-e-marcado-por-acoes-anuais-na-Tubarao-Saneamento.jpeg 1600w, https:\/\/sulsc.com\/wp-content\/uploads\/2024\/05\/Dia-Mundial-da-Reciclagem-e-marcado-por-acoes-anuais-na-Tubarao-Saneamento-300x225.jpeg 300w, https:\/\/sulsc.com\/wp-content\/uploads\/2024\/05\/Dia-Mundial-da-Reciclagem-e-marcado-por-acoes-anuais-na-Tubarao-Saneamento-1024x768.jpeg 1024w, https:\/\/sulsc.com\/wp-content\/uploads\/2024\/05\/Dia-Mundial-da-Reciclagem-e-marcado-por-acoes-anuais-na-Tubarao-Saneamento-768x576.jpeg 768w, https:\/\/sulsc.com\/wp-content\/uploads\/2024\/05\/Dia-Mundial-da-Reciclagem-e-marcado-por-acoes-anuais-na-Tubarao-Saneamento-1536x1152.jpeg 1536w\" sizes=\"(max-width: 1600px) 100vw, 1600px\" \/><\/p>\n<p>Vindo no contraponto desses n\u00fameros, desde o in\u00edcio da concess\u00e3o, a Tubar\u00e3o Saneamento tem uma cultura marcada pela sustentabilidade e faz da destina\u00e7\u00e3o correta dos res\u00edduos, algo di\u00e1rio e comum. A empresa possui lixeiras separadas para papel, pl\u00e1stico, metal, vidro, res\u00edduos org\u00e2nicos e n\u00e3o recicl\u00e1veis.<\/p>\n<p>Uma parte desses res\u00edduos \u00e9 encaminhada para reciclagem pela prefeitura, enquanto a outra \u00e9 direcionada para empresas privadas que possuem destina\u00e7\u00f5es espec\u00edficas, como \u00e9 o caso do papel, pl\u00e1stico, metal, vidro e res\u00edduos de constru\u00e7\u00e3o civil.<\/p>\n<p>Al\u00e9m disso, a empresa adota destina\u00e7\u00f5es espec\u00edficas para tampas e lacres de hidr\u00f4metros e rolos de bobinas de faturas. \u201cAssim como geramos o lixo, precisamos buscar alternativas para reduzir o impacto tamb\u00e9m. Aqui o Dia da Reciclagem \u00e9 todo dia! N\u00f3s temos um compromisso s\u00f3lido com a sustentabilidade e contamos com nossos colaboradores para dar o nosso melhor, diariamente&#8221;, afirma o diretor Paulo Eduardo Canalles.<\/p>\n<p>No ano de 2024, a empresa tamb\u00e9m apoia e participa da campanha de arrecada\u00e7\u00e3o de tampinhas solid\u00e1rias, promovida pelo Grupo Catarinense de R\u00e1dios (GCR). Colaboradores est\u00e3o contribuindo com a coleta adicional de tampinhas de garrafas pets, produtos para cabelo, maionese, temperos, entre outros, em prol de institui\u00e7\u00f5es sem fins lucrativos do munic\u00edpio de Tubar\u00e3o.<\/p>\n","protected":false},"excerpt":{"rendered":"<p>Na busca por estimular e refor\u00e7ar a reflex\u00e3o sobre a import\u00e2ncia da reciclagem, a Tubar\u00e3o Saneamento promoveu, na \u00faltima semana, uma atividade educativa de interven\u00e7\u00e3o sustent\u00e1vel alusiva ao Dia Mundial da Reciclagem, celebrado nesta sexta-feira (17). O prop\u00f3sito da a\u00e7\u00e3o foi demonstrar formas de otimizar e aprimorar a redu\u00e7\u00e3o de res\u00edduos no cotidiano. Surpreendendo mais &hellip;<\/p>\n<p class=\"read-more\"> <a class=\"\" href=\"https:\/\/sulsc.com\/index.php\/2024\/05\/17\/dia-mundial-da-reciclagem-e-marcado-por-acoes-anuais-na-tubarao-saneamento\/\"> <span class=\"screen-reader-text\">Dia Mundial da Reciclagem \u00e9 marcado por a\u00e7\u00f5es anuais na Tubar\u00e3o Saneamento<\/span> Read More &raquo;<\/a><\/p>\n","protected":false},"author":3,"featured_media":12142,"comment_status":"open","ping_status":"open","sticky":false,"template":"","format":"standard","meta":{"site-sidebar-layout":"default","site-content-layout":"","ast-site-content-layout":"default","site-content-style":"default","site-sidebar-style":"default","ast-global-header-display":"","ast-banner-title-visibility":"","ast-main-header-display":"","ast-hfb-above-header-display":"","ast-hfb-below-header-display":"","ast-hfb-mobile-header-display":"","site-post-title":"","ast-breadcrumbs-content":"","ast-featured-img":"","footer-sml-layout":"","theme-transparent-header-meta":"default","adv-header-id-meta":"","stick-header-meta":"","header-above-stick-meta":"","header-main-stick-meta":"","header-below-stick-meta":"","astra-migrate-meta-layouts":"set","footnotes":""},"categories":[17],"tags":[1847,798,312],"yoast_head":"<!-- This site is optimized with the Yoast SEO plugin v21.4 - https:\/\/yoast.com\/wordpress\/plugins\/seo\/ -->\n<title>Dia Mundial da Reciclagem \u00e9 marcado por a\u00e7\u00f5es anuais na Tubar\u00e3o Saneamento -<\/title>\n<meta name=\"description\" content=\"Uma engenheira ambiental sanitarista especializada avaliou os setores e buscou promover uma maior conscientiza\u00e7\u00e3o\" \/>\n<meta name=\"robots\" content=\"index, follow, max-snippet:-1, max-image-preview:large, max-video-preview:-1\" \/>\n<link rel=\"canonical\" href=\"https:\/\/sulsc.com\/index.php\/2024\/05\/17\/dia-mundial-da-reciclagem-e-marcado-por-acoes-anuais-na-tubarao-saneamento\/\" \/>\n<meta property=\"og:locale\" content=\"en_US\" \/>\n<meta property=\"og:type\" content=\"article\" \/>\n<meta property=\"og:title\" content=\"Dia Mundial da Reciclagem \u00e9 marcado por a\u00e7\u00f5es anuais na Tubar\u00e3o Saneamento -\" \/>\n<meta property=\"og:description\" content=\"Uma engenheira ambiental sanitarista especializada avaliou os setores e buscou promover uma maior conscientiza\u00e7\u00e3o\" \/>\n<meta property=\"og:url\" content=\"https:\/\/sulsc.com\/index.php\/2024\/05\/17\/dia-mundial-da-reciclagem-e-marcado-por-acoes-anuais-na-tubarao-saneamento\/\" \/>\n<meta property=\"article:author\" content=\"https:\/\/www.facebook.com\/profile.php?id=61559278119680\" \/>\n<meta property=\"article:published_time\" content=\"2024-05-17T12:20:20+00:00\" \/>\n<meta property=\"article:modified_time\" content=\"2024-05-17T01:30:40+00:00\" \/>\n<meta property=\"og:image\" content=\"https:\/\/sulsc.com\/wp-content\/uploads\/2024\/05\/Dia-Mundial-da-Reciclagem-e-marcado-por-acoes-anuais-na-Tubarao-Saneamento.jpeg\" \/>\n\t<meta property=\"og:image:width\" content=\"1600\" \/>\n\t<meta property=\"og:image:height\" content=\"1200\" \/>\n\t<meta property=\"og:image:type\" content=\"image\/jpeg\" \/>\n<meta name=\"author\" content=\"Reda\u00e7\u00e3o Sul SC\" \/>\n<meta name=\"twitter:card\" content=\"summary_large_image\" \/>\n<meta name=\"twitter:creator\" content=\"@https:\/\/twitter.com\/PortalSulSC\" \/>\n<meta name=\"twitter:label1\" content=\"Written by\" \/>\n\t<meta name=\"twitter:data1\" content=\"Reda\u00e7\u00e3o Sul SC\" \/>\n\t<meta name=\"twitter:label2\" content=\"Est. reading time\" \/>\n\t<meta name=\"twitter:data2\" content=\"2 minutes\" \/>\n<script type=\"application\/ld+json\" class=\"yoast-schema-graph\">{\"@context\":\"https:\/\/schema.org\",\"@graph\":[{\"@type\":\"WebPage\",\"@id\":\"https:\/\/sulsc.com\/index.php\/2024\/05\/17\/dia-mundial-da-reciclagem-e-marcado-por-acoes-anuais-na-tubarao-saneamento\/\",\"url\":\"https:\/\/sulsc.com\/index.php\/2024\/05\/17\/dia-mundial-da-reciclagem-e-marcado-por-acoes-anuais-na-tubarao-saneamento\/\",\"name\":\"Dia Mundial da Reciclagem \u00e9 marcado por a\u00e7\u00f5es anuais na Tubar\u00e3o Saneamento -\",\"isPartOf\":{\"@id\":\"https:\/\/sulsc.com\/#website\"},\"datePublished\":\"2024-05-17T12:20:20+00:00\",\"dateModified\":\"2024-05-17T01:30:40+00:00\",\"author\":{\"@id\":\"https:\/\/sulsc.com\/#\/schema\/person\/84d2fc571684f6248ba83092f07750a3\"},\"description\":\"Uma engenheira ambiental sanitarista especializada avaliou os setores e buscou promover uma maior conscientiza\u00e7\u00e3o\",\"breadcrumb\":{\"@id\":\"https:\/\/sulsc.com\/index.php\/2024\/05\/17\/dia-mundial-da-reciclagem-e-marcado-por-acoes-anuais-na-tubarao-saneamento\/#breadcrumb\"},\"inLanguage\":\"en-US\",\"potentialAction\":[{\"@type\":\"ReadAction\",\"target\":[\"https:\/\/sulsc.com\/index.php\/2024\/05\/17\/dia-mundial-da-reciclagem-e-marcado-por-acoes-anuais-na-tubarao-saneamento\/\"]}]},{\"@type\":\"BreadcrumbList\",\"@id\":\"https:\/\/sulsc.com\/index.php\/2024\/05\/17\/dia-mundial-da-reciclagem-e-marcado-por-acoes-anuais-na-tubarao-saneamento\/#breadcrumb\",\"itemListElement\":[{\"@type\":\"ListItem\",\"position\":1,\"name\":\"In\u00edcio\",\"item\":\"https:\/\/sulsc.com\/\"},{\"@type\":\"ListItem\",\"position\":2,\"name\":\"Dia Mundial da Reciclagem \u00e9 marcado por a\u00e7\u00f5es anuais na Tubar\u00e3o Saneamento\"}]},{\"@type\":\"WebSite\",\"@id\":\"https:\/\/sulsc.com\/#website\",\"url\":\"https:\/\/sulsc.com\/\",\"name\":\"\",\"description\":\"\",\"potentialAction\":[{\"@type\":\"SearchAction\",\"target\":{\"@type\":\"EntryPoint\",\"urlTemplate\":\"https:\/\/sulsc.com\/?s={search_term_string}\"},\"query-input\":\"required name=search_term_string\"}],\"inLanguage\":\"en-US\"},{\"@type\":\"Person\",\"@id\":\"https:\/\/sulsc.com\/#\/schema\/person\/84d2fc571684f6248ba83092f07750a3\",\"name\":\"Reda\u00e7\u00e3o Sul SC\",\"image\":{\"@type\":\"ImageObject\",\"inLanguage\":\"en-US\",\"@id\":\"https:\/\/sulsc.com\/#\/schema\/person\/image\/e08d7fe2cc4ed596372063bbe852b8d0\",\"url\":\"https:\/\/sulsc.com\/wp-content\/uploads\/2023\/09\/redacao.png\",\"contentUrl\":\"https:\/\/sulsc.com\/wp-content\/uploads\/2023\/09\/redacao.png\",\"caption\":\"Reda\u00e7\u00e3o Sul SC\"},\"description\":\"Foco em um jornalismo imparcial, voltado \u00e0 qualidade dos seus conte\u00fados e, assim, levar informa\u00e7\u00e3o de valor que agregue \u00e0 vida dos leitores. Esta \u00e9 grande miss\u00e3o do Portal de Not\u00edcias Sul SC. N\u00e3o \u00e9 quantidade que muda o mundo, sempre foi e seguir\u00e1 sendo qualidade!\",\"sameAs\":[\"https:\/\/sulsc.com\/\",\"https:\/\/www.facebook.com\/profile.php?id=61559278119680\",\"https:\/\/www.instagram.com\/sulscportal\/?hl=pt-br\",\"https:\/\/twitter.com\/https:\/\/twitter.com\/PortalSulSC\",\"https:\/\/www.youtube.com\/channel\/UCv_BE8GeySluDov2n8qhVmw\"],\"url\":\"https:\/\/sulsc.com\/index.php\/author\/redacao\/\"}]}<\/script>\n<!-- \/ Yoast SEO plugin. -->","yoast_head_json":{"title":"Dia Mundial da Reciclagem \u00e9 marcado por a\u00e7\u00f5es anuais na Tubar\u00e3o Saneamento -","description":"Uma engenheira ambiental sanitarista especializada avaliou os setores e buscou promover uma maior conscientiza\u00e7\u00e3o","robots":{"index":"index","follow":"follow","max-snippet":"max-snippet:-1","max-image-preview":"max-image-preview:large","max-video-preview":"max-video-preview:-1"},"canonical":"https:\/\/sulsc.com\/index.php\/2024\/05\/17\/dia-mundial-da-reciclagem-e-marcado-por-acoes-anuais-na-tubarao-saneamento\/","og_locale":"en_US","og_type":"article","og_title":"Dia Mundial da Reciclagem \u00e9 marcado por a\u00e7\u00f5es anuais na Tubar\u00e3o Saneamento -","og_description":"Uma engenheira ambiental sanitarista especializada avaliou os setores e buscou promover uma maior conscientiza\u00e7\u00e3o","og_url":"https:\/\/sulsc.com\/index.php\/2024\/05\/17\/dia-mundial-da-reciclagem-e-marcado-por-acoes-anuais-na-tubarao-saneamento\/","article_author":"https:\/\/www.facebook.com\/profile.php?id=61559278119680","article_published_time":"2024-05-17T12:20:20+00:00","article_modified_time":"2024-05-17T01:30:40+00:00","og_image":[{"width":1600,"height":1200,"url":"https:\/\/sulsc.com\/wp-content\/uploads\/2024\/05\/Dia-Mundial-da-Reciclagem-e-marcado-por-acoes-anuais-na-Tubarao-Saneamento.jpeg","type":"image\/jpeg"}],"author":"Reda\u00e7\u00e3o Sul SC","twitter_card":"summary_large_image","twitter_creator":"@https:\/\/twitter.com\/PortalSulSC","twitter_misc":{"Written by":"Reda\u00e7\u00e3o Sul SC","Est. reading time":"2 minutes"},"schema":{"@context":"https:\/\/schema.org","@graph":[{"@type":"WebPage","@id":"https:\/\/sulsc.com\/index.php\/2024\/05\/17\/dia-mundial-da-reciclagem-e-marcado-por-acoes-anuais-na-tubarao-saneamento\/","url":"https:\/\/sulsc.com\/index.php\/2024\/05\/17\/dia-mundial-da-reciclagem-e-marcado-por-acoes-anuais-na-tubarao-saneamento\/","name":"Dia Mundial da Reciclagem \u00e9 marcado por a\u00e7\u00f5es anuais na Tubar\u00e3o Saneamento -","isPartOf":{"@id":"https:\/\/sulsc.com\/#website"},"datePublished":"2024-05-17T12:20:20+00:00","dateModified":"2024-05-17T01:30:40+00:00","author":{"@id":"https:\/\/sulsc.com\/#\/schema\/person\/84d2fc571684f6248ba83092f07750a3"},"description":"Uma engenheira ambiental sanitarista especializada avaliou os setores e buscou promover uma maior conscientiza\u00e7\u00e3o","breadcrumb":{"@id":"https:\/\/sulsc.com\/index.php\/2024\/05\/17\/dia-mundial-da-reciclagem-e-marcado-por-acoes-anuais-na-tubarao-saneamento\/#breadcrumb"},"inLanguage":"en-US","potentialAction":[{"@type":"ReadAction","target":["https:\/\/sulsc.com\/index.php\/2024\/05\/17\/dia-mundial-da-reciclagem-e-marcado-por-acoes-anuais-na-tubarao-saneamento\/"]}]},{"@type":"BreadcrumbList","@id":"https:\/\/sulsc.com\/index.php\/2024\/05\/17\/dia-mundial-da-reciclagem-e-marcado-por-acoes-anuais-na-tubarao-saneamento\/#breadcrumb","itemListElement":[{"@type":"ListItem","position":1,"name":"In\u00edcio","item":"https:\/\/sulsc.com\/"},{"@type":"ListItem","position":2,"name":"Dia Mundial da Reciclagem \u00e9 marcado por a\u00e7\u00f5es anuais na Tubar\u00e3o Saneamento"}]},{"@type":"WebSite","@id":"https:\/\/sulsc.com\/#website","url":"https:\/\/sulsc.com\/","name":"","description":"","potentialAction":[{"@type":"SearchAction","target":{"@type":"EntryPoint","urlTemplate":"https:\/\/sulsc.com\/?s={search_term_string}"},"query-input":"required name=search_term_string"}],"inLanguage":"en-US"},{"@type":"Person","@id":"https:\/\/sulsc.com\/#\/schema\/person\/84d2fc571684f6248ba83092f07750a3","name":"Reda\u00e7\u00e3o Sul SC","image":{"@type":"ImageObject","inLanguage":"en-US","@id":"https:\/\/sulsc.com\/#\/schema\/person\/image\/e08d7fe2cc4ed596372063bbe852b8d0","url":"https:\/\/sulsc.com\/wp-content\/uploads\/2023\/09\/redacao.png","contentUrl":"https:\/\/sulsc.com\/wp-content\/uploads\/2023\/09\/redacao.png","caption":"Reda\u00e7\u00e3o Sul SC"},"description":"Foco em um jornalismo imparcial, voltado \u00e0 qualidade dos seus conte\u00fados e, assim, levar informa\u00e7\u00e3o de valor que agregue \u00e0 vida dos leitores. Esta \u00e9 grande miss\u00e3o do Portal de Not\u00edcias Sul SC. N\u00e3o \u00e9 quantidade que muda o mundo, sempre foi e seguir\u00e1 sendo qualidade!","sameAs":["https:\/\/sulsc.com\/","https:\/\/www.facebook.com\/profile.php?id=61559278119680","https:\/\/www.instagram.com\/sulscportal\/?hl=pt-br","https:\/\/twitter.com\/https:\/\/twitter.com\/PortalSulSC","https:\/\/www.youtube.com\/channel\/UCv_BE8GeySluDov2n8qhVmw"],"url":"https:\/\/sulsc.com\/index.php\/author\/redacao\/"}]}},"authors":[],"_links":{"self":[{"href":"https:\/\/sulsc.com\/index.php\/wp-json\/wp\/v2\/posts\/12141"}],"collection":[{"href":"https:\/\/sulsc.com\/index.php\/wp-json\/wp\/v2\/posts"}],"about":[{"href":"https:\/\/sulsc.com\/index.php\/wp-json\/wp\/v2\/types\/post"}],"author":[{"embeddable":true,"href":"https:\/\/sulsc.com\/index.php\/wp-json\/wp\/v2\/users\/3"}],"replies":[{"embeddable":true,"href":"https:\/\/sulsc.com\/index.php\/wp-json\/wp\/v2\/comments?post=12141"}],"version-history":[{"count":1,"href":"https:\/\/sulsc.com\/index.php\/wp-json\/wp\/v2\/posts\/12141\/revisions"}],"predecessor-version":[{"id":12143,"href":"https:\/\/sulsc.com\/index.php\/wp-json\/wp\/v2\/posts\/12141\/revisions\/12143"}],"wp:featuredmedia":[{"embeddable":true,"href":"https:\/\/sulsc.com\/index.php\/wp-json\/wp\/v2\/media\/12142"}],"wp:attachment":[{"href":"https:\/\/sulsc.com\/index.php\/wp-json\/wp\/v2\/media?parent=12141"}],"wp:term":[{"taxonomy":"category","embeddable":true,"href":"https:\/\/sulsc.com\/index.php\/wp-json\/wp\/v2\/categories?post=12141"},{"taxonomy":"post_tag","embeddable":true,"href":"https:\/\/sulsc.com\/index.php\/wp-json\/wp\/v2\/tags?post=12141"}],"curies":[{"name":"wp","href":"https:\/\/api.w.org\/{rel}","templated":true}]}}