{"id":12212,"date":"2024-05-18T15:20:32","date_gmt":"2024-05-18T18:20:32","guid":{"rendered":"https:\/\/sulsc.com\/?p=12212"},"modified":"2024-05-18T15:28:13","modified_gmt":"2024-05-18T18:28:13","slug":"carreta-com-doacoes-para-rs-e-apreendida-pela-prf-levando-cocaina","status":"publish","type":"post","link":"https:\/\/sulsc.com\/index.php\/2024\/05\/18\/carreta-com-doacoes-para-rs-e-apreendida-pela-prf-levando-cocaina\/","title":{"rendered":"Carreta com doa\u00e7\u00f5es para RS \u00e9 aprendida pela Policia Estadual de SC levando coca\u00edna"},"content":{"rendered":"<p><span style=\"vertical-align: inherit;\"><span style=\"vertical-align: inherit;\"><span style=\"vertical-align: inherit;\"><span style=\"vertical-align: inherit;\">A ousadia dos criminosos parece n\u00e3o ter limites. Mas usar uma trag\u00e9dia humanit\u00e1ria para tentar encobrir o tr\u00e1fico de drogas \u00e9 ainda mais abomin\u00e1vel.<\/span><\/span><\/span><\/span><\/p>\n<p><span style=\"vertical-align: inherit;\"><span style=\"vertical-align: inherit;\"><span style=\"vertical-align: inherit;\"><span style=\"vertical-align: inherit;\">Era aparentemente mais um caminh\u00e3o de donativos no RS, mas nossos policiais e a Pol\u00edcia Rodovi\u00e1ria Militar de Santa Catarina interceptaram mais de 50 kg de coca\u00edna sendo transportados dentro de um pneu.<\/span><\/span><\/span><\/span><\/p>\n<p><span style=\"vertical-align: inherit;\"><span style=\"vertical-align: inherit;\"><span style=\"vertical-align: inherit;\"><span style=\"vertical-align: inherit;\">A apreens\u00e3o ocorreu na manh\u00e3 de hoje (18), no munic\u00edpio de S\u00e3o Domingos (SC). De acordo com o registro da ocorr\u00eancia, a carreta foi interceptada na rodovia estadual SC-480, no oeste catarinense.<\/span><\/span><\/span><\/span><\/p>\n<p><span style=\"vertical-align: inherit;\"><span style=\"vertical-align: inherit;\"><span style=\"vertical-align: inherit;\"><span style=\"vertical-align: inherit;\">Com placa de Cascavel, no Paran\u00e1, o ve\u00edculo transportou aproximadamente 20 toneladas de doa\u00e7\u00f5es que foram arrecadadas legalmente pela Defesa Civil paranaense. O caminh\u00e3o possu\u00eda inclusive um credencial de ajuda humanit\u00e1ria expedida pela Defesa Civil de Cascavel, e continha ainda um adesivo com os dizeres \u201cSOS Rio Grande do Sul\u201d. <\/span><\/span><\/span><\/span><br \/>\n<img fetchpriority=\"high\" decoding=\"async\" class=\"aligncenter size-full wp-image-12213\" src=\"http:\/\/sulsc.com\/wp-content\/uploads\/2024\/05\/SOS-RS.jpeg\" alt=\"\" width=\"882\" height=\"1280\" srcset=\"https:\/\/sulsc.com\/wp-content\/uploads\/2024\/05\/SOS-RS.jpeg 882w, https:\/\/sulsc.com\/wp-content\/uploads\/2024\/05\/SOS-RS-207x300.jpeg 207w, https:\/\/sulsc.com\/wp-content\/uploads\/2024\/05\/SOS-RS-706x1024.jpeg 706w, https:\/\/sulsc.com\/wp-content\/uploads\/2024\/05\/SOS-RS-768x1115.jpeg 768w\" sizes=\"(max-width: 882px) 100vw, 882px\" \/><br \/>\n<span style=\"vertical-align: inherit;\"><span style=\"vertical-align: inherit;\"><span style=\"vertical-align: inherit;\"><span style=\"vertical-align: inherit;\">O caminh\u00e3o realmente transportou 20 toneladas de doa\u00e7\u00f5es, leg\u00edtimas, e o motorista autorizado que deixou a droga em um posto de combust\u00edvel, antes de entregar as doa\u00e7\u00f5es em Porto Alegre.<\/span><\/span><\/span><\/span><\/p>\n<p><span style=\"vertical-align: inherit;\"><span style=\"vertical-align: inherit;\"><span style=\"vertical-align: inherit;\"><span style=\"vertical-align: inherit;\">Ele foi preso e apresentado \u00e0 pol\u00edcia judici\u00e1ria, juntamente com a droga apreendida.<\/span><\/span><\/span><\/span><\/p>\n<p><img decoding=\"async\" class=\"aligncenter size-full wp-image-12214\" src=\"http:\/\/sulsc.com\/wp-content\/uploads\/2024\/05\/COCAINA.jpeg\" alt=\"\" width=\"877\" height=\"1280\" srcset=\"https:\/\/sulsc.com\/wp-content\/uploads\/2024\/05\/COCAINA.jpeg 877w, https:\/\/sulsc.com\/wp-content\/uploads\/2024\/05\/COCAINA-206x300.jpeg 206w, https:\/\/sulsc.com\/wp-content\/uploads\/2024\/05\/COCAINA-702x1024.jpeg 702w, https:\/\/sulsc.com\/wp-content\/uploads\/2024\/05\/COCAINA-768x1121.jpeg 768w\" sizes=\"(max-width: 877px) 100vw, 877px\" \/><\/p>\n<p><span style=\"vertical-align: inherit;\"><span style=\"vertical-align: inherit;\"><span style=\"vertical-align: inherit;\"><span style=\"vertical-align: inherit;\">A carreta est\u00e1 em um posto da PRF, aguardando a chegada de outro ve\u00edculo para o transporte da carga. Em seguida, os donativos seguir\u00e3o diretamente para quem mais precisa, as v\u00edtimas da pior trag\u00e9dia clim\u00e1tica da hist\u00f3ria do Rio Grande do Sul.<\/span><\/span><\/span><\/span><\/p>\n<p>&nbsp;<\/p>\n","protected":false},"excerpt":{"rendered":"<p>A ousadia dos criminosos parece n\u00e3o ter limites. Mas usar uma trag\u00e9dia humanit\u00e1ria para tentar encobrir o tr\u00e1fico de drogas \u00e9 ainda mais abomin\u00e1vel. Era aparentemente mais um caminh\u00e3o de donativos no RS, mas nossos policiais e a Pol\u00edcia Rodovi\u00e1ria Militar de Santa Catarina interceptaram mais de 50 kg de coca\u00edna sendo transportados dentro de &hellip;<\/p>\n<p class=\"read-more\"> <a class=\"\" href=\"https:\/\/sulsc.com\/index.php\/2024\/05\/18\/carreta-com-doacoes-para-rs-e-apreendida-pela-prf-levando-cocaina\/\"> <span class=\"screen-reader-text\">Carreta com doa\u00e7\u00f5es para RS \u00e9 aprendida pela Policia Estadual de SC levando coca\u00edna<\/span> Read More &raquo;<\/a><\/p>\n","protected":false},"author":3,"featured_media":12216,"comment_status":"open","ping_status":"open","sticky":false,"template":"","format":"standard","meta":{"site-sidebar-layout":"default","site-content-layout":"","ast-site-content-layout":"default","site-content-style":"default","site-sidebar-style":"default","ast-global-header-display":"","ast-banner-title-visibility":"","ast-main-header-display":"","ast-hfb-above-header-display":"","ast-hfb-below-header-display":"","ast-hfb-mobile-header-display":"","site-post-title":"","ast-breadcrumbs-content":"","ast-featured-img":"","footer-sml-layout":"","theme-transparent-header-meta":"default","adv-header-id-meta":"","stick-header-meta":"","header-above-stick-meta":"","header-main-stick-meta":"","header-below-stick-meta":"","astra-migrate-meta-layouts":"set","footnotes":""},"categories":[8],"tags":[1854],"yoast_head":"<!-- This site is optimized with the Yoast SEO plugin v21.4 - https:\/\/yoast.com\/wordpress\/plugins\/seo\/ -->\n<title>Carreta com doa\u00e7\u00f5es para RS \u00e9 aprendida pela Policia Estadual de SC levando coca\u00edna -<\/title>\n<meta name=\"description\" content=\"Usar uma trag\u00e9dia humanit\u00e1ria para tentar encobrir o tr\u00e1fico de drogas \u00e9 ainda mais abomin\u00e1vel\" \/>\n<meta name=\"robots\" content=\"index, follow, max-snippet:-1, max-image-preview:large, max-video-preview:-1\" \/>\n<link rel=\"canonical\" href=\"https:\/\/sulsc.com\/index.php\/2024\/05\/18\/carreta-com-doacoes-para-rs-e-apreendida-pela-prf-levando-cocaina\/\" \/>\n<meta property=\"og:locale\" content=\"en_US\" \/>\n<meta property=\"og:type\" content=\"article\" \/>\n<meta property=\"og:title\" content=\"Carreta com doa\u00e7\u00f5es para RS \u00e9 aprendida pela Policia Estadual de SC levando coca\u00edna -\" \/>\n<meta property=\"og:description\" content=\"Usar uma trag\u00e9dia humanit\u00e1ria para tentar encobrir o tr\u00e1fico de drogas \u00e9 ainda mais abomin\u00e1vel\" \/>\n<meta property=\"og:url\" content=\"https:\/\/sulsc.com\/index.php\/2024\/05\/18\/carreta-com-doacoes-para-rs-e-apreendida-pela-prf-levando-cocaina\/\" \/>\n<meta property=\"article:author\" content=\"https:\/\/www.facebook.com\/profile.php?id=61559278119680\" \/>\n<meta property=\"article:published_time\" content=\"2024-05-18T18:20:32+00:00\" \/>\n<meta property=\"article:modified_time\" content=\"2024-05-18T18:28:13+00:00\" \/>\n<meta property=\"og:image\" content=\"http:\/\/sulsc.com\/wp-content\/uploads\/2024\/05\/PRF-COCA.jpeg\" \/>\n\t<meta property=\"og:image:width\" content=\"845\" \/>\n\t<meta property=\"og:image:height\" content=\"1280\" \/>\n\t<meta property=\"og:image:type\" content=\"image\/jpeg\" \/>\n<meta name=\"author\" content=\"Reda\u00e7\u00e3o Sul SC\" \/>\n<meta name=\"twitter:card\" content=\"summary_large_image\" \/>\n<meta name=\"twitter:creator\" content=\"@https:\/\/twitter.com\/PortalSulSC\" \/>\n<meta name=\"twitter:label1\" content=\"Written by\" \/>\n\t<meta name=\"twitter:data1\" content=\"Reda\u00e7\u00e3o Sul SC\" \/>\n\t<meta name=\"twitter:label2\" content=\"Est. reading time\" \/>\n\t<meta name=\"twitter:data2\" content=\"2 minutes\" \/>\n<script type=\"application\/ld+json\" class=\"yoast-schema-graph\">{\"@context\":\"https:\/\/schema.org\",\"@graph\":[{\"@type\":\"WebPage\",\"@id\":\"https:\/\/sulsc.com\/index.php\/2024\/05\/18\/carreta-com-doacoes-para-rs-e-apreendida-pela-prf-levando-cocaina\/\",\"url\":\"https:\/\/sulsc.com\/index.php\/2024\/05\/18\/carreta-com-doacoes-para-rs-e-apreendida-pela-prf-levando-cocaina\/\",\"name\":\"Carreta com doa\u00e7\u00f5es para RS \u00e9 aprendida pela Policia Estadual de SC levando coca\u00edna -\",\"isPartOf\":{\"@id\":\"https:\/\/sulsc.com\/#website\"},\"datePublished\":\"2024-05-18T18:20:32+00:00\",\"dateModified\":\"2024-05-18T18:28:13+00:00\",\"author\":{\"@id\":\"https:\/\/sulsc.com\/#\/schema\/person\/84d2fc571684f6248ba83092f07750a3\"},\"description\":\"Usar uma trag\u00e9dia humanit\u00e1ria para tentar encobrir o tr\u00e1fico de drogas \u00e9 ainda mais abomin\u00e1vel\",\"breadcrumb\":{\"@id\":\"https:\/\/sulsc.com\/index.php\/2024\/05\/18\/carreta-com-doacoes-para-rs-e-apreendida-pela-prf-levando-cocaina\/#breadcrumb\"},\"inLanguage\":\"en-US\",\"potentialAction\":[{\"@type\":\"ReadAction\",\"target\":[\"https:\/\/sulsc.com\/index.php\/2024\/05\/18\/carreta-com-doacoes-para-rs-e-apreendida-pela-prf-levando-cocaina\/\"]}]},{\"@type\":\"BreadcrumbList\",\"@id\":\"https:\/\/sulsc.com\/index.php\/2024\/05\/18\/carreta-com-doacoes-para-rs-e-apreendida-pela-prf-levando-cocaina\/#breadcrumb\",\"itemListElement\":[{\"@type\":\"ListItem\",\"position\":1,\"name\":\"In\u00edcio\",\"item\":\"https:\/\/sulsc.com\/\"},{\"@type\":\"ListItem\",\"position\":2,\"name\":\"Carreta com doa\u00e7\u00f5es para RS \u00e9 aprendida pela Policia Estadual de SC levando coca\u00edna\"}]},{\"@type\":\"WebSite\",\"@id\":\"https:\/\/sulsc.com\/#website\",\"url\":\"https:\/\/sulsc.com\/\",\"name\":\"\",\"description\":\"\",\"potentialAction\":[{\"@type\":\"SearchAction\",\"target\":{\"@type\":\"EntryPoint\",\"urlTemplate\":\"https:\/\/sulsc.com\/?s={search_term_string}\"},\"query-input\":\"required name=search_term_string\"}],\"inLanguage\":\"en-US\"},{\"@type\":\"Person\",\"@id\":\"https:\/\/sulsc.com\/#\/schema\/person\/84d2fc571684f6248ba83092f07750a3\",\"name\":\"Reda\u00e7\u00e3o Sul SC\",\"image\":{\"@type\":\"ImageObject\",\"inLanguage\":\"en-US\",\"@id\":\"https:\/\/sulsc.com\/#\/schema\/person\/image\/e08d7fe2cc4ed596372063bbe852b8d0\",\"url\":\"https:\/\/sulsc.com\/wp-content\/uploads\/2023\/09\/redacao.png\",\"contentUrl\":\"https:\/\/sulsc.com\/wp-content\/uploads\/2023\/09\/redacao.png\",\"caption\":\"Reda\u00e7\u00e3o Sul SC\"},\"description\":\"Foco em um jornalismo imparcial, voltado \u00e0 qualidade dos seus conte\u00fados e, assim, levar informa\u00e7\u00e3o de valor que agregue \u00e0 vida dos leitores. Esta \u00e9 grande miss\u00e3o do Portal de Not\u00edcias Sul SC. N\u00e3o \u00e9 quantidade que muda o mundo, sempre foi e seguir\u00e1 sendo qualidade!\",\"sameAs\":[\"https:\/\/sulsc.com\/\",\"https:\/\/www.facebook.com\/profile.php?id=61559278119680\",\"https:\/\/www.instagram.com\/sulscportal\/?hl=pt-br\",\"https:\/\/twitter.com\/https:\/\/twitter.com\/PortalSulSC\",\"https:\/\/www.youtube.com\/channel\/UCv_BE8GeySluDov2n8qhVmw\"],\"url\":\"https:\/\/sulsc.com\/index.php\/author\/redacao\/\"}]}<\/script>\n<!-- \/ Yoast SEO plugin. -->","yoast_head_json":{"title":"Carreta com doa\u00e7\u00f5es para RS \u00e9 aprendida pela Policia Estadual de SC levando coca\u00edna -","description":"Usar uma trag\u00e9dia humanit\u00e1ria para tentar encobrir o tr\u00e1fico de drogas \u00e9 ainda mais abomin\u00e1vel","robots":{"index":"index","follow":"follow","max-snippet":"max-snippet:-1","max-image-preview":"max-image-preview:large","max-video-preview":"max-video-preview:-1"},"canonical":"https:\/\/sulsc.com\/index.php\/2024\/05\/18\/carreta-com-doacoes-para-rs-e-apreendida-pela-prf-levando-cocaina\/","og_locale":"en_US","og_type":"article","og_title":"Carreta com doa\u00e7\u00f5es para RS \u00e9 aprendida pela Policia Estadual de SC levando coca\u00edna -","og_description":"Usar uma trag\u00e9dia humanit\u00e1ria para tentar encobrir o tr\u00e1fico de drogas \u00e9 ainda mais abomin\u00e1vel","og_url":"https:\/\/sulsc.com\/index.php\/2024\/05\/18\/carreta-com-doacoes-para-rs-e-apreendida-pela-prf-levando-cocaina\/","article_author":"https:\/\/www.facebook.com\/profile.php?id=61559278119680","article_published_time":"2024-05-18T18:20:32+00:00","article_modified_time":"2024-05-18T18:28:13+00:00","og_image":[{"width":845,"height":1280,"url":"http:\/\/sulsc.com\/wp-content\/uploads\/2024\/05\/PRF-COCA.jpeg","type":"image\/jpeg"}],"author":"Reda\u00e7\u00e3o Sul SC","twitter_card":"summary_large_image","twitter_creator":"@https:\/\/twitter.com\/PortalSulSC","twitter_misc":{"Written by":"Reda\u00e7\u00e3o Sul SC","Est. reading time":"2 minutes"},"schema":{"@context":"https:\/\/schema.org","@graph":[{"@type":"WebPage","@id":"https:\/\/sulsc.com\/index.php\/2024\/05\/18\/carreta-com-doacoes-para-rs-e-apreendida-pela-prf-levando-cocaina\/","url":"https:\/\/sulsc.com\/index.php\/2024\/05\/18\/carreta-com-doacoes-para-rs-e-apreendida-pela-prf-levando-cocaina\/","name":"Carreta com doa\u00e7\u00f5es para RS \u00e9 aprendida pela Policia Estadual de SC levando coca\u00edna -","isPartOf":{"@id":"https:\/\/sulsc.com\/#website"},"datePublished":"2024-05-18T18:20:32+00:00","dateModified":"2024-05-18T18:28:13+00:00","author":{"@id":"https:\/\/sulsc.com\/#\/schema\/person\/84d2fc571684f6248ba83092f07750a3"},"description":"Usar uma trag\u00e9dia humanit\u00e1ria para tentar encobrir o tr\u00e1fico de drogas \u00e9 ainda mais abomin\u00e1vel","breadcrumb":{"@id":"https:\/\/sulsc.com\/index.php\/2024\/05\/18\/carreta-com-doacoes-para-rs-e-apreendida-pela-prf-levando-cocaina\/#breadcrumb"},"inLanguage":"en-US","potentialAction":[{"@type":"ReadAction","target":["https:\/\/sulsc.com\/index.php\/2024\/05\/18\/carreta-com-doacoes-para-rs-e-apreendida-pela-prf-levando-cocaina\/"]}]},{"@type":"BreadcrumbList","@id":"https:\/\/sulsc.com\/index.php\/2024\/05\/18\/carreta-com-doacoes-para-rs-e-apreendida-pela-prf-levando-cocaina\/#breadcrumb","itemListElement":[{"@type":"ListItem","position":1,"name":"In\u00edcio","item":"https:\/\/sulsc.com\/"},{"@type":"ListItem","position":2,"name":"Carreta com doa\u00e7\u00f5es para RS \u00e9 aprendida pela Policia Estadual de SC levando coca\u00edna"}]},{"@type":"WebSite","@id":"https:\/\/sulsc.com\/#website","url":"https:\/\/sulsc.com\/","name":"","description":"","potentialAction":[{"@type":"SearchAction","target":{"@type":"EntryPoint","urlTemplate":"https:\/\/sulsc.com\/?s={search_term_string}"},"query-input":"required name=search_term_string"}],"inLanguage":"en-US"},{"@type":"Person","@id":"https:\/\/sulsc.com\/#\/schema\/person\/84d2fc571684f6248ba83092f07750a3","name":"Reda\u00e7\u00e3o Sul SC","image":{"@type":"ImageObject","inLanguage":"en-US","@id":"https:\/\/sulsc.com\/#\/schema\/person\/image\/e08d7fe2cc4ed596372063bbe852b8d0","url":"https:\/\/sulsc.com\/wp-content\/uploads\/2023\/09\/redacao.png","contentUrl":"https:\/\/sulsc.com\/wp-content\/uploads\/2023\/09\/redacao.png","caption":"Reda\u00e7\u00e3o Sul SC"},"description":"Foco em um jornalismo imparcial, voltado \u00e0 qualidade dos seus conte\u00fados e, assim, levar informa\u00e7\u00e3o de valor que agregue \u00e0 vida dos leitores. Esta \u00e9 grande miss\u00e3o do Portal de Not\u00edcias Sul SC. N\u00e3o \u00e9 quantidade que muda o mundo, sempre foi e seguir\u00e1 sendo qualidade!","sameAs":["https:\/\/sulsc.com\/","https:\/\/www.facebook.com\/profile.php?id=61559278119680","https:\/\/www.instagram.com\/sulscportal\/?hl=pt-br","https:\/\/twitter.com\/https:\/\/twitter.com\/PortalSulSC","https:\/\/www.youtube.com\/channel\/UCv_BE8GeySluDov2n8qhVmw"],"url":"https:\/\/sulsc.com\/index.php\/author\/redacao\/"}]}},"authors":[],"_links":{"self":[{"href":"https:\/\/sulsc.com\/index.php\/wp-json\/wp\/v2\/posts\/12212"}],"collection":[{"href":"https:\/\/sulsc.com\/index.php\/wp-json\/wp\/v2\/posts"}],"about":[{"href":"https:\/\/sulsc.com\/index.php\/wp-json\/wp\/v2\/types\/post"}],"author":[{"embeddable":true,"href":"https:\/\/sulsc.com\/index.php\/wp-json\/wp\/v2\/users\/3"}],"replies":[{"embeddable":true,"href":"https:\/\/sulsc.com\/index.php\/wp-json\/wp\/v2\/comments?post=12212"}],"version-history":[{"count":4,"href":"https:\/\/sulsc.com\/index.php\/wp-json\/wp\/v2\/posts\/12212\/revisions"}],"predecessor-version":[{"id":12220,"href":"https:\/\/sulsc.com\/index.php\/wp-json\/wp\/v2\/posts\/12212\/revisions\/12220"}],"wp:featuredmedia":[{"embeddable":true,"href":"https:\/\/sulsc.com\/index.php\/wp-json\/wp\/v2\/media\/12216"}],"wp:attachment":[{"href":"https:\/\/sulsc.com\/index.php\/wp-json\/wp\/v2\/media?parent=12212"}],"wp:term":[{"taxonomy":"category","embeddable":true,"href":"https:\/\/sulsc.com\/index.php\/wp-json\/wp\/v2\/categories?post=12212"},{"taxonomy":"post_tag","embeddable":true,"href":"https:\/\/sulsc.com\/index.php\/wp-json\/wp\/v2\/tags?post=12212"}],"curies":[{"name":"wp","href":"https:\/\/api.w.org\/{rel}","templated":true}]}}