{"id":1228,"date":"2023-09-19T17:40:01","date_gmt":"2023-09-19T20:40:01","guid":{"rendered":"https:\/\/sulsc.com\/?p=1228"},"modified":"2023-09-19T16:40:09","modified_gmt":"2023-09-19T19:40:09","slug":"visita-inusitada-de-urso-fecha-areas-de-parque-da-disney-nos-eua-e-gera-memes","status":"publish","type":"post","link":"https:\/\/sulsc.com\/index.php\/2023\/09\/19\/visita-inusitada-de-urso-fecha-areas-de-parque-da-disney-nos-eua-e-gera-memes\/","title":{"rendered":"&#8216;Visita&#8217; inusitada de urso fecha \u00e1reas de parque da Disney nos EUA e gera memes"},"content":{"rendered":"<p>A presen\u00e7a de um urso-negro provocou a interrup\u00e7\u00e3o de atra\u00e7\u00f5es do Magic Kingdomdo, parque de divers\u00f5es da Disney, em Orlando, nos EUA. A visita inusitada ocorreu nesta segunda-feira (18).\u00a0O animal foi visto em uma \u00e1rvore. Agentes da Comiss\u00e3o de Conserva\u00e7\u00e3o de Vida Selvagem da Fl\u00f3rida (FWC) foram acionados e capturaram o mam\u00edfero.<\/p>\n<p>Por conta da &#8220;visita&#8221; inusitada, algumas atra\u00e7\u00f5es do parque foram interrompidas nas \u00e1reas Frontierland, Liberty Square e Adventureland. Apesar do susto, ningu\u00e9m se machucou.\u00a0Em nota, a comiss\u00e3o apontou que o urso provavelmente estava em busca de comida.\u00a0A institui\u00e7\u00e3o estima que existam mais de 4 mil ursos-negros na Fl\u00f3rida e que a maioria est\u00e1 no centro do estado.<\/p>\n<p>&nbsp;<\/p>\n<p><strong>Memes<\/strong><\/p>\n<p>O caso chamou a aten\u00e7\u00e3o dos internautas, que fizeram refer\u00eancias ao desenho &#8220;Ursinho Pooh&#8221;, produzido pela Disney.<\/p>\n<p>&nbsp;<\/p>\n<p><img decoding=\"async\" src=\"https:\/\/s2-g1.glbimg.com\/mFqbzuF3DGIFg0puX9mdOhfaeps=\/0x0:620x622\/984x0\/smart\/filters:strip_icc()\/i.s3.glbimg.com\/v1\/AUTH_59edd422c0c84a879bd37670ae4f538a\/internal_photos\/bs\/2023\/G\/Y\/OGXpWhQ2W5D0dRmBhxJQ\/captura-de-tela-2023-09-18-194312.png\" alt=\"Meme diz que Ursinho Pooh foi enviado para negociar com urso que invadiu a Disney \u2014 Foto: Reprodu\u00e7\u00e3o\/Twitter\" \/><\/p>\n<p><img decoding=\"async\" src=\"https:\/\/s2-g1.glbimg.com\/ki5ukyfxiXDJ0iTqOz21NyUPvaQ=\/0x0:596x629\/984x0\/smart\/filters:strip_icc()\/i.s3.glbimg.com\/v1\/AUTH_59edd422c0c84a879bd37670ae4f538a\/internal_photos\/bs\/2023\/K\/6\/aT6J3YROaIBSDhsMe0dw\/captura-de-tela-2023-09-18-194443.png\" alt=\"Meme compara invas\u00e3o de urso em parque da Disney com Ursinho Pooh \u2014 Foto: Reprodu\u00e7\u00e3o \/ Twitter\" \/><\/p>\n<p><img decoding=\"async\" src=\"https:\/\/s2-g1.glbimg.com\/3NH7VhAd4ibC9Kyd4fe-w3wG0Hg=\/0x0:599x626\/984x0\/smart\/filters:strip_icc()\/i.s3.glbimg.com\/v1\/AUTH_59edd422c0c84a879bd37670ae4f538a\/internal_photos\/bs\/2023\/5\/U\/BTmj8fTD6HRQI6cA4zBA\/captura-de-tela-2023-09-18-194606.png\" alt=\"Meme brinca com invas\u00e3o de urso em parque da Disney \u2014 Foto: Reprodu\u00e7\u00e3o \/ Twitter\" \/><\/p>\n<p>&nbsp;<\/p>\n<p>Fonte: G1<\/p>\n","protected":false},"excerpt":{"rendered":"<p>A presen\u00e7a de um urso-negro provocou a interrup\u00e7\u00e3o de atra\u00e7\u00f5es do Magic Kingdomdo, parque de divers\u00f5es da Disney, em Orlando, nos EUA. A visita inusitada ocorreu nesta segunda-feira (18).\u00a0O animal foi visto em uma \u00e1rvore. Agentes da Comiss\u00e3o de Conserva\u00e7\u00e3o de Vida Selvagem da Fl\u00f3rida (FWC) foram acionados e capturaram o mam\u00edfero. Por conta da &hellip;<\/p>\n<p class=\"read-more\"> <a class=\"\" href=\"https:\/\/sulsc.com\/index.php\/2023\/09\/19\/visita-inusitada-de-urso-fecha-areas-de-parque-da-disney-nos-eua-e-gera-memes\/\"> <span class=\"screen-reader-text\">&#8216;Visita&#8217; inusitada de urso fecha \u00e1reas de parque da Disney nos EUA e gera memes<\/span> Read More &raquo;<\/a><\/p>\n","protected":false},"author":3,"featured_media":1229,"comment_status":"open","ping_status":"open","sticky":false,"template":"","format":"standard","meta":{"site-sidebar-layout":"default","site-content-layout":"default","ast-site-content-layout":"","site-content-style":"default","site-sidebar-style":"default","ast-global-header-display":"","ast-banner-title-visibility":"","ast-main-header-display":"","ast-hfb-above-header-display":"","ast-hfb-below-header-display":"","ast-hfb-mobile-header-display":"","site-post-title":"","ast-breadcrumbs-content":"","ast-featured-img":"","footer-sml-layout":"","theme-transparent-header-meta":"default","adv-header-id-meta":"","stick-header-meta":"","header-above-stick-meta":"","header-main-stick-meta":"","header-below-stick-meta":"","astra-migrate-meta-layouts":"","footnotes":""},"categories":[16],"tags":[],"yoast_head":"<!-- This site is optimized with the Yoast SEO plugin v21.4 - https:\/\/yoast.com\/wordpress\/plugins\/seo\/ -->\n<title>&#039;Visita&#039; inusitada de urso fecha \u00e1reas de parque da Disney nos EUA e gera memes -<\/title>\n<meta name=\"robots\" content=\"index, follow, max-snippet:-1, max-image-preview:large, max-video-preview:-1\" \/>\n<link rel=\"canonical\" href=\"https:\/\/sulsc.com\/index.php\/2023\/09\/19\/visita-inusitada-de-urso-fecha-areas-de-parque-da-disney-nos-eua-e-gera-memes\/\" \/>\n<meta property=\"og:locale\" content=\"en_US\" \/>\n<meta property=\"og:type\" content=\"article\" \/>\n<meta property=\"og:title\" content=\"&#039;Visita&#039; inusitada de urso fecha \u00e1reas de parque da Disney nos EUA e gera memes -\" \/>\n<meta property=\"og:description\" content=\"A presen\u00e7a de um urso-negro provocou a interrup\u00e7\u00e3o de atra\u00e7\u00f5es do Magic Kingdomdo, parque de divers\u00f5es da Disney, em Orlando, nos EUA. A visita inusitada ocorreu nesta segunda-feira (18).\u00a0O animal foi visto em uma \u00e1rvore. Agentes da Comiss\u00e3o de Conserva\u00e7\u00e3o de Vida Selvagem da Fl\u00f3rida (FWC) foram acionados e capturaram o mam\u00edfero. Por conta da &hellip; &#8216;Visita&#8217; inusitada de urso fecha \u00e1reas de parque da Disney nos EUA e gera memes Read More &raquo;\" \/>\n<meta property=\"og:url\" content=\"https:\/\/sulsc.com\/index.php\/2023\/09\/19\/visita-inusitada-de-urso-fecha-areas-de-parque-da-disney-nos-eua-e-gera-memes\/\" \/>\n<meta property=\"article:author\" content=\"https:\/\/www.facebook.com\/profile.php?id=61559278119680\" \/>\n<meta property=\"article:published_time\" content=\"2023-09-19T20:40:01+00:00\" \/>\n<meta property=\"article:modified_time\" content=\"2023-09-19T19:40:09+00:00\" \/>\n<meta property=\"og:image\" content=\"https:\/\/sulsc.com\/wp-content\/uploads\/2023\/09\/Disney.jpeg\" \/>\n\t<meta property=\"og:image:width\" content=\"1000\" \/>\n\t<meta property=\"og:image:height\" content=\"667\" \/>\n\t<meta property=\"og:image:type\" content=\"image\/jpeg\" \/>\n<meta name=\"author\" content=\"Reda\u00e7\u00e3o Sul SC\" \/>\n<meta name=\"twitter:card\" content=\"summary_large_image\" \/>\n<meta name=\"twitter:creator\" content=\"@https:\/\/twitter.com\/PortalSulSC\" \/>\n<meta name=\"twitter:label1\" content=\"Written by\" \/>\n\t<meta name=\"twitter:data1\" content=\"Reda\u00e7\u00e3o Sul SC\" \/>\n\t<meta name=\"twitter:label2\" content=\"Est. reading time\" \/>\n\t<meta name=\"twitter:data2\" content=\"1 minute\" \/>\n<script type=\"application\/ld+json\" class=\"yoast-schema-graph\">{\"@context\":\"https:\/\/schema.org\",\"@graph\":[{\"@type\":\"WebPage\",\"@id\":\"https:\/\/sulsc.com\/index.php\/2023\/09\/19\/visita-inusitada-de-urso-fecha-areas-de-parque-da-disney-nos-eua-e-gera-memes\/\",\"url\":\"https:\/\/sulsc.com\/index.php\/2023\/09\/19\/visita-inusitada-de-urso-fecha-areas-de-parque-da-disney-nos-eua-e-gera-memes\/\",\"name\":\"'Visita' inusitada de urso fecha \u00e1reas de parque da Disney nos EUA e gera memes -\",\"isPartOf\":{\"@id\":\"https:\/\/sulsc.com\/#website\"},\"datePublished\":\"2023-09-19T20:40:01+00:00\",\"dateModified\":\"2023-09-19T19:40:09+00:00\",\"author\":{\"@id\":\"https:\/\/sulsc.com\/#\/schema\/person\/84d2fc571684f6248ba83092f07750a3\"},\"breadcrumb\":{\"@id\":\"https:\/\/sulsc.com\/index.php\/2023\/09\/19\/visita-inusitada-de-urso-fecha-areas-de-parque-da-disney-nos-eua-e-gera-memes\/#breadcrumb\"},\"inLanguage\":\"en-US\",\"potentialAction\":[{\"@type\":\"ReadAction\",\"target\":[\"https:\/\/sulsc.com\/index.php\/2023\/09\/19\/visita-inusitada-de-urso-fecha-areas-de-parque-da-disney-nos-eua-e-gera-memes\/\"]}]},{\"@type\":\"BreadcrumbList\",\"@id\":\"https:\/\/sulsc.com\/index.php\/2023\/09\/19\/visita-inusitada-de-urso-fecha-areas-de-parque-da-disney-nos-eua-e-gera-memes\/#breadcrumb\",\"itemListElement\":[{\"@type\":\"ListItem\",\"position\":1,\"name\":\"In\u00edcio\",\"item\":\"https:\/\/sulsc.com\/\"},{\"@type\":\"ListItem\",\"position\":2,\"name\":\"&#8216;Visita&#8217; inusitada de urso fecha \u00e1reas de parque da Disney nos EUA e gera memes\"}]},{\"@type\":\"WebSite\",\"@id\":\"https:\/\/sulsc.com\/#website\",\"url\":\"https:\/\/sulsc.com\/\",\"name\":\"\",\"description\":\"\",\"potentialAction\":[{\"@type\":\"SearchAction\",\"target\":{\"@type\":\"EntryPoint\",\"urlTemplate\":\"https:\/\/sulsc.com\/?s={search_term_string}\"},\"query-input\":\"required name=search_term_string\"}],\"inLanguage\":\"en-US\"},{\"@type\":\"Person\",\"@id\":\"https:\/\/sulsc.com\/#\/schema\/person\/84d2fc571684f6248ba83092f07750a3\",\"name\":\"Reda\u00e7\u00e3o Sul SC\",\"image\":{\"@type\":\"ImageObject\",\"inLanguage\":\"en-US\",\"@id\":\"https:\/\/sulsc.com\/#\/schema\/person\/image\/e08d7fe2cc4ed596372063bbe852b8d0\",\"url\":\"https:\/\/sulsc.com\/wp-content\/uploads\/2023\/09\/redacao.png\",\"contentUrl\":\"https:\/\/sulsc.com\/wp-content\/uploads\/2023\/09\/redacao.png\",\"caption\":\"Reda\u00e7\u00e3o Sul SC\"},\"description\":\"Foco em um jornalismo imparcial, voltado \u00e0 qualidade dos seus conte\u00fados e, assim, levar informa\u00e7\u00e3o de valor que agregue \u00e0 vida dos leitores. Esta \u00e9 grande miss\u00e3o do Portal de Not\u00edcias Sul SC. N\u00e3o \u00e9 quantidade que muda o mundo, sempre foi e seguir\u00e1 sendo qualidade!\",\"sameAs\":[\"https:\/\/sulsc.com\/\",\"https:\/\/www.facebook.com\/profile.php?id=61559278119680\",\"https:\/\/www.instagram.com\/sulscportal\/?hl=pt-br\",\"https:\/\/twitter.com\/https:\/\/twitter.com\/PortalSulSC\",\"https:\/\/www.youtube.com\/channel\/UCv_BE8GeySluDov2n8qhVmw\"],\"url\":\"https:\/\/sulsc.com\/index.php\/author\/redacao\/\"}]}<\/script>\n<!-- \/ Yoast SEO plugin. -->","yoast_head_json":{"title":"'Visita' inusitada de urso fecha \u00e1reas de parque da Disney nos EUA e gera memes -","robots":{"index":"index","follow":"follow","max-snippet":"max-snippet:-1","max-image-preview":"max-image-preview:large","max-video-preview":"max-video-preview:-1"},"canonical":"https:\/\/sulsc.com\/index.php\/2023\/09\/19\/visita-inusitada-de-urso-fecha-areas-de-parque-da-disney-nos-eua-e-gera-memes\/","og_locale":"en_US","og_type":"article","og_title":"'Visita' inusitada de urso fecha \u00e1reas de parque da Disney nos EUA e gera memes -","og_description":"A presen\u00e7a de um urso-negro provocou a interrup\u00e7\u00e3o de atra\u00e7\u00f5es do Magic Kingdomdo, parque de divers\u00f5es da Disney, em Orlando, nos EUA. A visita inusitada ocorreu nesta segunda-feira (18).\u00a0O animal foi visto em uma \u00e1rvore. Agentes da Comiss\u00e3o de Conserva\u00e7\u00e3o de Vida Selvagem da Fl\u00f3rida (FWC) foram acionados e capturaram o mam\u00edfero. Por conta da &hellip; &#8216;Visita&#8217; inusitada de urso fecha \u00e1reas de parque da Disney nos EUA e gera memes Read More &raquo;","og_url":"https:\/\/sulsc.com\/index.php\/2023\/09\/19\/visita-inusitada-de-urso-fecha-areas-de-parque-da-disney-nos-eua-e-gera-memes\/","article_author":"https:\/\/www.facebook.com\/profile.php?id=61559278119680","article_published_time":"2023-09-19T20:40:01+00:00","article_modified_time":"2023-09-19T19:40:09+00:00","og_image":[{"width":1000,"height":667,"url":"https:\/\/sulsc.com\/wp-content\/uploads\/2023\/09\/Disney.jpeg","type":"image\/jpeg"}],"author":"Reda\u00e7\u00e3o Sul SC","twitter_card":"summary_large_image","twitter_creator":"@https:\/\/twitter.com\/PortalSulSC","twitter_misc":{"Written by":"Reda\u00e7\u00e3o Sul SC","Est. reading time":"1 minute"},"schema":{"@context":"https:\/\/schema.org","@graph":[{"@type":"WebPage","@id":"https:\/\/sulsc.com\/index.php\/2023\/09\/19\/visita-inusitada-de-urso-fecha-areas-de-parque-da-disney-nos-eua-e-gera-memes\/","url":"https:\/\/sulsc.com\/index.php\/2023\/09\/19\/visita-inusitada-de-urso-fecha-areas-de-parque-da-disney-nos-eua-e-gera-memes\/","name":"'Visita' inusitada de urso fecha \u00e1reas de parque da Disney nos EUA e gera memes -","isPartOf":{"@id":"https:\/\/sulsc.com\/#website"},"datePublished":"2023-09-19T20:40:01+00:00","dateModified":"2023-09-19T19:40:09+00:00","author":{"@id":"https:\/\/sulsc.com\/#\/schema\/person\/84d2fc571684f6248ba83092f07750a3"},"breadcrumb":{"@id":"https:\/\/sulsc.com\/index.php\/2023\/09\/19\/visita-inusitada-de-urso-fecha-areas-de-parque-da-disney-nos-eua-e-gera-memes\/#breadcrumb"},"inLanguage":"en-US","potentialAction":[{"@type":"ReadAction","target":["https:\/\/sulsc.com\/index.php\/2023\/09\/19\/visita-inusitada-de-urso-fecha-areas-de-parque-da-disney-nos-eua-e-gera-memes\/"]}]},{"@type":"BreadcrumbList","@id":"https:\/\/sulsc.com\/index.php\/2023\/09\/19\/visita-inusitada-de-urso-fecha-areas-de-parque-da-disney-nos-eua-e-gera-memes\/#breadcrumb","itemListElement":[{"@type":"ListItem","position":1,"name":"In\u00edcio","item":"https:\/\/sulsc.com\/"},{"@type":"ListItem","position":2,"name":"&#8216;Visita&#8217; inusitada de urso fecha \u00e1reas de parque da Disney nos EUA e gera memes"}]},{"@type":"WebSite","@id":"https:\/\/sulsc.com\/#website","url":"https:\/\/sulsc.com\/","name":"","description":"","potentialAction":[{"@type":"SearchAction","target":{"@type":"EntryPoint","urlTemplate":"https:\/\/sulsc.com\/?s={search_term_string}"},"query-input":"required name=search_term_string"}],"inLanguage":"en-US"},{"@type":"Person","@id":"https:\/\/sulsc.com\/#\/schema\/person\/84d2fc571684f6248ba83092f07750a3","name":"Reda\u00e7\u00e3o Sul SC","image":{"@type":"ImageObject","inLanguage":"en-US","@id":"https:\/\/sulsc.com\/#\/schema\/person\/image\/e08d7fe2cc4ed596372063bbe852b8d0","url":"https:\/\/sulsc.com\/wp-content\/uploads\/2023\/09\/redacao.png","contentUrl":"https:\/\/sulsc.com\/wp-content\/uploads\/2023\/09\/redacao.png","caption":"Reda\u00e7\u00e3o Sul SC"},"description":"Foco em um jornalismo imparcial, voltado \u00e0 qualidade dos seus conte\u00fados e, assim, levar informa\u00e7\u00e3o de valor que agregue \u00e0 vida dos leitores. Esta \u00e9 grande miss\u00e3o do Portal de Not\u00edcias Sul SC. N\u00e3o \u00e9 quantidade que muda o mundo, sempre foi e seguir\u00e1 sendo qualidade!","sameAs":["https:\/\/sulsc.com\/","https:\/\/www.facebook.com\/profile.php?id=61559278119680","https:\/\/www.instagram.com\/sulscportal\/?hl=pt-br","https:\/\/twitter.com\/https:\/\/twitter.com\/PortalSulSC","https:\/\/www.youtube.com\/channel\/UCv_BE8GeySluDov2n8qhVmw"],"url":"https:\/\/sulsc.com\/index.php\/author\/redacao\/"}]}},"authors":[],"_links":{"self":[{"href":"https:\/\/sulsc.com\/index.php\/wp-json\/wp\/v2\/posts\/1228"}],"collection":[{"href":"https:\/\/sulsc.com\/index.php\/wp-json\/wp\/v2\/posts"}],"about":[{"href":"https:\/\/sulsc.com\/index.php\/wp-json\/wp\/v2\/types\/post"}],"author":[{"embeddable":true,"href":"https:\/\/sulsc.com\/index.php\/wp-json\/wp\/v2\/users\/3"}],"replies":[{"embeddable":true,"href":"https:\/\/sulsc.com\/index.php\/wp-json\/wp\/v2\/comments?post=1228"}],"version-history":[{"count":2,"href":"https:\/\/sulsc.com\/index.php\/wp-json\/wp\/v2\/posts\/1228\/revisions"}],"predecessor-version":[{"id":1231,"href":"https:\/\/sulsc.com\/index.php\/wp-json\/wp\/v2\/posts\/1228\/revisions\/1231"}],"wp:featuredmedia":[{"embeddable":true,"href":"https:\/\/sulsc.com\/index.php\/wp-json\/wp\/v2\/media\/1229"}],"wp:attachment":[{"href":"https:\/\/sulsc.com\/index.php\/wp-json\/wp\/v2\/media?parent=1228"}],"wp:term":[{"taxonomy":"category","embeddable":true,"href":"https:\/\/sulsc.com\/index.php\/wp-json\/wp\/v2\/categories?post=1228"},{"taxonomy":"post_tag","embeddable":true,"href":"https:\/\/sulsc.com\/index.php\/wp-json\/wp\/v2\/tags?post=1228"}],"curies":[{"name":"wp","href":"https:\/\/api.w.org\/{rel}","templated":true}]}}