{"id":1233,"date":"2023-09-19T18:20:35","date_gmt":"2023-09-19T21:20:35","guid":{"rendered":"https:\/\/sulsc.com\/?p=1233"},"modified":"2023-09-19T17:43:56","modified_gmt":"2023-09-19T20:43:56","slug":"1233","status":"publish","type":"post","link":"https:\/\/sulsc.com\/index.php\/2023\/09\/19\/1233\/","title":{"rendered":"Exporta\u00e7\u00e3o de prote\u00edna animal catarinense segue em alta"},"content":{"rendered":"<p>Os novos mercados s\u00e3o destaques no relat\u00f3rio do Centro de Socioeconomia e Planejamento Agr\u00edcola \u2013 Epagri\/Cepa que mostra os n\u00fameros das exporta\u00e7\u00f5es de carne processada em Santa Catarina durante o m\u00eas de agosto. O relat\u00f3rio ressalta a import\u00e2ncia dos novos mercados no equil\u00edbrio e crescimento dos n\u00fameros exportados.<\/p>\n<p>Em agosto deste ano, Santa Catarina exportou 98,2 mil toneladas de carne de frango (in natura e industrializada), alta de 8,7% em rela\u00e7\u00e3o aos embarques do m\u00eas anterior, e de 8,9% na compara\u00e7\u00e3o com os de agosto de 2022. As receitas, por sua vez, foram de US$ 207,3 milh\u00f5es, alta de 5,7% em rela\u00e7\u00e3o \u00e0s do m\u00eas anterior e de 3,9% na compara\u00e7\u00e3o com as de agosto de 2022.<\/p>\n<p>Vale lembrar que, em raz\u00e3o da detec\u00e7\u00e3o de casos de influenza avi\u00e1ria altamente patog\u00eanica em Santa Catarina, os embarques para o Jap\u00e3o foram suspensos em meados de julho, situa\u00e7\u00e3o que se manteve at\u00e9 o dia 18 de agosto. Apesar do fim da suspens\u00e3o, os embarques catarinenses para o Jap\u00e3o registraram queda de 95% em agosto.<\/p>\n<p>Isso se deve, essencialmente, ao tempo necess\u00e1rio para que as empresas exportadoras reorganizem seu planejamento log\u00edstico e voltem a exportar para aquele destino.\u00a0No acumulado de janeiro a agosto, as exporta\u00e7\u00f5es atingiram 733,4 mil toneladas e US$ 1,58 bilh\u00e3o, altas de 7,1% e 8,7% em rela\u00e7\u00e3o ao mesmo per\u00edodo do ano passado, respectivamente.<\/p>\n<p>O estado foi respons\u00e1vel por 23,5% das receitas geradas pelas exporta\u00e7\u00f5es brasileiras de carne de frango nos oito primeiros meses deste ano.\u00a0Os resultados do per\u00edodo refletem o crescimento dos embarques para a maioria dos principais destinos, com destaque para a China (alta de 45,9% em quantidade e 43,3% em receitas, na compara\u00e7\u00e3o com o mesmo per\u00edodo de 2022) e Ar\u00e1bia Saudita (altas de 21,4% em quantidade e 26,7% em receitas).<\/p>\n<p>O Jap\u00e3o, por sua vez, registrou queda de 15,2% em quantidade e 9,2% em receitas. Com isso, o pa\u00eds, que j\u00e1 junho era o principal destino da carne de frango catarinense, perdeu posi\u00e7\u00f5es no ranking e atualmente ocupa a 3a posi\u00e7\u00e3o.<\/p>\n<p><img fetchpriority=\"high\" decoding=\"async\" class=\"alignnone size-full wp-image-1235\" src=\"http:\/\/sulsc.com\/wp-content\/uploads\/2023\/09\/exportacao-de-carne.jpg\" alt=\"\" width=\"800\" height=\"534\" srcset=\"https:\/\/sulsc.com\/wp-content\/uploads\/2023\/09\/exportacao-de-carne.jpg 800w, https:\/\/sulsc.com\/wp-content\/uploads\/2023\/09\/exportacao-de-carne-300x200.jpg 300w, https:\/\/sulsc.com\/wp-content\/uploads\/2023\/09\/exportacao-de-carne-768x513.jpg 768w\" sizes=\"(max-width: 800px) 100vw, 800px\" \/><br \/>\nJ\u00e1 sobre a carne su\u00edna (in natura, industrializada e mi\u00fados),\u00a0Santa Catarina exportou 62,3 mil toneladas em agosto, alta de 15,8% em rela\u00e7\u00e3o aos embarques do m\u00eas anterior e de 0,3% na compara\u00e7\u00e3o com os de agosto de 2022. As receitas, por sua vez, foram de US$ 146,8 milh\u00f5es, alta de 10,0% na compara\u00e7\u00e3o com as do m\u00eas anterior, mas queda de 2,1% em rela\u00e7\u00e3o \u00e0s de agosto de 2022.<\/p>\n<p>No acumulado de janeiro a agosto, Santa Catarina exportou 435,9 mil toneladas, com receitas de US$ 1,07 bilh\u00e3o, altas de 11,0% e 18,7%, respectivamente, em rela\u00e7\u00e3o \u00e0s exporta\u00e7\u00f5es do mesmo per\u00edodo do ano anterior. Mantendo-se o atual ritmo de embarques, Santa Catarina dever\u00e1 registrar um novo recorde de exporta\u00e7\u00f5es de carne su\u00edna.<\/p>\n<p>Santa Catarina foi respons\u00e1vel por 55,1% da quantidade e 56,6% das receitas das exporta\u00e7\u00f5es brasileiras de carne su\u00edna deste ano.<\/p>\n<p>China e Hong Kong responderam por 44,0% dos embarques catarinenses dos oito primeiros meses do ano. Vale destacar que, n\u00e3o obstante o crescimento das exporta\u00e7\u00f5es catarinenses ao longo deste ano, a participa\u00e7\u00e3o da China e de Hong Kong vem registrando quedas gradativas, o que demonstra a diversifica\u00e7\u00e3o de destinos, cen\u00e1rio favor\u00e1vel para o setor.<\/p>\n<p>Os resultados positivos desse per\u00edodo devem-se ao crescimento dos embarques para quase todos os principais compradores, em especial as Filipinas (altas de 21,3% em quantidade e de 32,3% em receitas), o Chile (74,2% e 89,5%) e o Jap\u00e3o (40,8% e 23,2%).<\/p>\n<p>A China, por sua vez, embora siga sendo o principal destino da carne su\u00edna catarinense, reduziu em 5,0% a quantidade adquirida do estado entre janeiro e agosto, na compara\u00e7\u00e3o com o mesmo per\u00edodo de 2022. Em termos de receitas, por outro lado, registou-se alta de 3,7%.<\/p>\n<p>Merece destaque tamb\u00e9m o caso do M\u00e9xico que, em novembro do ano passado, anunciou a abertura de seu mercado para a carne su\u00edna brasileira. No acumulado do ano, as exporta\u00e7\u00f5es para o M\u00e9xico j\u00e1 atingiram 11,5 mil toneladas, fazendo com que o mesmo ocupe a 6a posi\u00e7\u00e3o no ranking. Chama a aten\u00e7\u00e3o o crescimento dos embarques para o M\u00e9xico entre julho e agosto, per\u00edodo em que se registrou alta de 395,2%.<\/p>\n<p>No total, Santa Catarina exportou 167,5 mil toneladas de carnes (frangos, su\u00ednos, perus, patos e marrecos, bovinos, entre outras) em agosto, crescimento de 10,8% em rela\u00e7\u00e3o aos embarques do m\u00eas anterior e de 4,8% na compara\u00e7\u00e3o com os do mesmo m\u00eas de 2022. Em termos de receitas, o estado atingiu o montante de US$ 365,8 milh\u00f5es, alta de 6,1% em rela\u00e7\u00e3o \u00e0s de julho e de 0,7% na compara\u00e7\u00e3o com as receitas de agosto de 2022. No acumulado de janeiro a agosto, o estado exportou 1,23 milh\u00e3o de toneladas, com receitas de US$ 2,77 bilh\u00f5es, altas de 8,3% e 11,0%, respectivamente, em rela\u00e7\u00e3o ao mesmo per\u00edodo do ano anterior.<\/p>\n<p>&nbsp;<\/p>\n<p>Fonte: Gov. SC<\/p>\n","protected":false},"excerpt":{"rendered":"<p>Os novos mercados s\u00e3o destaques no relat\u00f3rio do Centro de Socioeconomia e Planejamento Agr\u00edcola \u2013 Epagri\/Cepa que mostra os n\u00fameros das exporta\u00e7\u00f5es de carne processada em Santa Catarina durante o m\u00eas de agosto. O relat\u00f3rio ressalta a import\u00e2ncia dos novos mercados no equil\u00edbrio e crescimento dos n\u00fameros exportados. Em agosto deste ano, Santa Catarina exportou &hellip;<\/p>\n<p class=\"read-more\"> <a class=\"\" href=\"https:\/\/sulsc.com\/index.php\/2023\/09\/19\/1233\/\"> <span class=\"screen-reader-text\">Exporta\u00e7\u00e3o de prote\u00edna animal catarinense segue em alta<\/span> Read More &raquo;<\/a><\/p>\n","protected":false},"author":3,"featured_media":1234,"comment_status":"open","ping_status":"open","sticky":false,"template":"","format":"standard","meta":{"site-sidebar-layout":"default","site-content-layout":"default","ast-site-content-layout":"","site-content-style":"default","site-sidebar-style":"default","ast-global-header-display":"","ast-banner-title-visibility":"","ast-main-header-display":"","ast-hfb-above-header-display":"","ast-hfb-below-header-display":"","ast-hfb-mobile-header-display":"","site-post-title":"","ast-breadcrumbs-content":"","ast-featured-img":"","footer-sml-layout":"","theme-transparent-header-meta":"default","adv-header-id-meta":"","stick-header-meta":"","header-above-stick-meta":"","header-main-stick-meta":"","header-below-stick-meta":"","astra-migrate-meta-layouts":"","footnotes":""},"categories":[40,11,1],"tags":[],"yoast_head":"<!-- This site is optimized with the Yoast SEO plugin v21.4 - https:\/\/yoast.com\/wordpress\/plugins\/seo\/ -->\n<title>Exporta\u00e7\u00e3o de prote\u00edna animal catarinense segue em alta -<\/title>\n<meta name=\"robots\" content=\"index, follow, max-snippet:-1, max-image-preview:large, max-video-preview:-1\" \/>\n<link rel=\"canonical\" href=\"https:\/\/sulsc.com\/index.php\/2023\/09\/19\/1233\/\" \/>\n<meta property=\"og:locale\" content=\"en_US\" \/>\n<meta property=\"og:type\" content=\"article\" \/>\n<meta property=\"og:title\" content=\"Exporta\u00e7\u00e3o de prote\u00edna animal catarinense segue em alta -\" \/>\n<meta property=\"og:description\" content=\"Os novos mercados s\u00e3o destaques no relat\u00f3rio do Centro de Socioeconomia e Planejamento Agr\u00edcola \u2013 Epagri\/Cepa que mostra os n\u00fameros das exporta\u00e7\u00f5es de carne processada em Santa Catarina durante o m\u00eas de agosto. O relat\u00f3rio ressalta a import\u00e2ncia dos novos mercados no equil\u00edbrio e crescimento dos n\u00fameros exportados. Em agosto deste ano, Santa Catarina exportou &hellip; Exporta\u00e7\u00e3o de prote\u00edna animal catarinense segue em alta Read More &raquo;\" \/>\n<meta property=\"og:url\" content=\"https:\/\/sulsc.com\/index.php\/2023\/09\/19\/1233\/\" \/>\n<meta property=\"article:author\" content=\"https:\/\/www.facebook.com\/profile.php?id=61559278119680\" \/>\n<meta property=\"article:published_time\" content=\"2023-09-19T21:20:35+00:00\" \/>\n<meta property=\"article:modified_time\" content=\"2023-09-19T20:43:56+00:00\" \/>\n<meta property=\"og:image\" content=\"https:\/\/sulsc.com\/wp-content\/uploads\/2023\/09\/exportacao-animal.jpg\" \/>\n\t<meta property=\"og:image:width\" content=\"1080\" \/>\n\t<meta property=\"og:image:height\" content=\"756\" \/>\n\t<meta property=\"og:image:type\" content=\"image\/jpeg\" \/>\n<meta name=\"author\" content=\"Reda\u00e7\u00e3o Sul SC\" \/>\n<meta name=\"twitter:card\" content=\"summary_large_image\" \/>\n<meta name=\"twitter:creator\" content=\"@https:\/\/twitter.com\/PortalSulSC\" \/>\n<meta name=\"twitter:label1\" content=\"Written by\" \/>\n\t<meta name=\"twitter:data1\" content=\"Reda\u00e7\u00e3o Sul SC\" \/>\n\t<meta name=\"twitter:label2\" content=\"Est. reading time\" \/>\n\t<meta name=\"twitter:data2\" content=\"4 minutes\" \/>\n<script type=\"application\/ld+json\" class=\"yoast-schema-graph\">{\"@context\":\"https:\/\/schema.org\",\"@graph\":[{\"@type\":\"WebPage\",\"@id\":\"https:\/\/sulsc.com\/index.php\/2023\/09\/19\/1233\/\",\"url\":\"https:\/\/sulsc.com\/index.php\/2023\/09\/19\/1233\/\",\"name\":\"Exporta\u00e7\u00e3o de prote\u00edna animal catarinense segue em alta -\",\"isPartOf\":{\"@id\":\"https:\/\/sulsc.com\/#website\"},\"datePublished\":\"2023-09-19T21:20:35+00:00\",\"dateModified\":\"2023-09-19T20:43:56+00:00\",\"author\":{\"@id\":\"https:\/\/sulsc.com\/#\/schema\/person\/84d2fc571684f6248ba83092f07750a3\"},\"breadcrumb\":{\"@id\":\"https:\/\/sulsc.com\/index.php\/2023\/09\/19\/1233\/#breadcrumb\"},\"inLanguage\":\"en-US\",\"potentialAction\":[{\"@type\":\"ReadAction\",\"target\":[\"https:\/\/sulsc.com\/index.php\/2023\/09\/19\/1233\/\"]}]},{\"@type\":\"BreadcrumbList\",\"@id\":\"https:\/\/sulsc.com\/index.php\/2023\/09\/19\/1233\/#breadcrumb\",\"itemListElement\":[{\"@type\":\"ListItem\",\"position\":1,\"name\":\"In\u00edcio\",\"item\":\"https:\/\/sulsc.com\/\"},{\"@type\":\"ListItem\",\"position\":2,\"name\":\"Exporta\u00e7\u00e3o de prote\u00edna animal catarinense segue em alta\"}]},{\"@type\":\"WebSite\",\"@id\":\"https:\/\/sulsc.com\/#website\",\"url\":\"https:\/\/sulsc.com\/\",\"name\":\"\",\"description\":\"\",\"potentialAction\":[{\"@type\":\"SearchAction\",\"target\":{\"@type\":\"EntryPoint\",\"urlTemplate\":\"https:\/\/sulsc.com\/?s={search_term_string}\"},\"query-input\":\"required name=search_term_string\"}],\"inLanguage\":\"en-US\"},{\"@type\":\"Person\",\"@id\":\"https:\/\/sulsc.com\/#\/schema\/person\/84d2fc571684f6248ba83092f07750a3\",\"name\":\"Reda\u00e7\u00e3o Sul SC\",\"image\":{\"@type\":\"ImageObject\",\"inLanguage\":\"en-US\",\"@id\":\"https:\/\/sulsc.com\/#\/schema\/person\/image\/e08d7fe2cc4ed596372063bbe852b8d0\",\"url\":\"https:\/\/sulsc.com\/wp-content\/uploads\/2023\/09\/redacao.png\",\"contentUrl\":\"https:\/\/sulsc.com\/wp-content\/uploads\/2023\/09\/redacao.png\",\"caption\":\"Reda\u00e7\u00e3o Sul SC\"},\"description\":\"Foco em um jornalismo imparcial, voltado \u00e0 qualidade dos seus conte\u00fados e, assim, levar informa\u00e7\u00e3o de valor que agregue \u00e0 vida dos leitores. Esta \u00e9 grande miss\u00e3o do Portal de Not\u00edcias Sul SC. N\u00e3o \u00e9 quantidade que muda o mundo, sempre foi e seguir\u00e1 sendo qualidade!\",\"sameAs\":[\"https:\/\/sulsc.com\/\",\"https:\/\/www.facebook.com\/profile.php?id=61559278119680\",\"https:\/\/www.instagram.com\/sulscportal\/?hl=pt-br\",\"https:\/\/twitter.com\/https:\/\/twitter.com\/PortalSulSC\",\"https:\/\/www.youtube.com\/channel\/UCv_BE8GeySluDov2n8qhVmw\"],\"url\":\"https:\/\/sulsc.com\/index.php\/author\/redacao\/\"}]}<\/script>\n<!-- \/ Yoast SEO plugin. -->","yoast_head_json":{"title":"Exporta\u00e7\u00e3o de prote\u00edna animal catarinense segue em alta -","robots":{"index":"index","follow":"follow","max-snippet":"max-snippet:-1","max-image-preview":"max-image-preview:large","max-video-preview":"max-video-preview:-1"},"canonical":"https:\/\/sulsc.com\/index.php\/2023\/09\/19\/1233\/","og_locale":"en_US","og_type":"article","og_title":"Exporta\u00e7\u00e3o de prote\u00edna animal catarinense segue em alta -","og_description":"Os novos mercados s\u00e3o destaques no relat\u00f3rio do Centro de Socioeconomia e Planejamento Agr\u00edcola \u2013 Epagri\/Cepa que mostra os n\u00fameros das exporta\u00e7\u00f5es de carne processada em Santa Catarina durante o m\u00eas de agosto. O relat\u00f3rio ressalta a import\u00e2ncia dos novos mercados no equil\u00edbrio e crescimento dos n\u00fameros exportados. Em agosto deste ano, Santa Catarina exportou &hellip; Exporta\u00e7\u00e3o de prote\u00edna animal catarinense segue em alta Read More &raquo;","og_url":"https:\/\/sulsc.com\/index.php\/2023\/09\/19\/1233\/","article_author":"https:\/\/www.facebook.com\/profile.php?id=61559278119680","article_published_time":"2023-09-19T21:20:35+00:00","article_modified_time":"2023-09-19T20:43:56+00:00","og_image":[{"width":1080,"height":756,"url":"https:\/\/sulsc.com\/wp-content\/uploads\/2023\/09\/exportacao-animal.jpg","type":"image\/jpeg"}],"author":"Reda\u00e7\u00e3o Sul SC","twitter_card":"summary_large_image","twitter_creator":"@https:\/\/twitter.com\/PortalSulSC","twitter_misc":{"Written by":"Reda\u00e7\u00e3o Sul SC","Est. reading time":"4 minutes"},"schema":{"@context":"https:\/\/schema.org","@graph":[{"@type":"WebPage","@id":"https:\/\/sulsc.com\/index.php\/2023\/09\/19\/1233\/","url":"https:\/\/sulsc.com\/index.php\/2023\/09\/19\/1233\/","name":"Exporta\u00e7\u00e3o de prote\u00edna animal catarinense segue em alta -","isPartOf":{"@id":"https:\/\/sulsc.com\/#website"},"datePublished":"2023-09-19T21:20:35+00:00","dateModified":"2023-09-19T20:43:56+00:00","author":{"@id":"https:\/\/sulsc.com\/#\/schema\/person\/84d2fc571684f6248ba83092f07750a3"},"breadcrumb":{"@id":"https:\/\/sulsc.com\/index.php\/2023\/09\/19\/1233\/#breadcrumb"},"inLanguage":"en-US","potentialAction":[{"@type":"ReadAction","target":["https:\/\/sulsc.com\/index.php\/2023\/09\/19\/1233\/"]}]},{"@type":"BreadcrumbList","@id":"https:\/\/sulsc.com\/index.php\/2023\/09\/19\/1233\/#breadcrumb","itemListElement":[{"@type":"ListItem","position":1,"name":"In\u00edcio","item":"https:\/\/sulsc.com\/"},{"@type":"ListItem","position":2,"name":"Exporta\u00e7\u00e3o de prote\u00edna animal catarinense segue em alta"}]},{"@type":"WebSite","@id":"https:\/\/sulsc.com\/#website","url":"https:\/\/sulsc.com\/","name":"","description":"","potentialAction":[{"@type":"SearchAction","target":{"@type":"EntryPoint","urlTemplate":"https:\/\/sulsc.com\/?s={search_term_string}"},"query-input":"required name=search_term_string"}],"inLanguage":"en-US"},{"@type":"Person","@id":"https:\/\/sulsc.com\/#\/schema\/person\/84d2fc571684f6248ba83092f07750a3","name":"Reda\u00e7\u00e3o Sul SC","image":{"@type":"ImageObject","inLanguage":"en-US","@id":"https:\/\/sulsc.com\/#\/schema\/person\/image\/e08d7fe2cc4ed596372063bbe852b8d0","url":"https:\/\/sulsc.com\/wp-content\/uploads\/2023\/09\/redacao.png","contentUrl":"https:\/\/sulsc.com\/wp-content\/uploads\/2023\/09\/redacao.png","caption":"Reda\u00e7\u00e3o Sul SC"},"description":"Foco em um jornalismo imparcial, voltado \u00e0 qualidade dos seus conte\u00fados e, assim, levar informa\u00e7\u00e3o de valor que agregue \u00e0 vida dos leitores. Esta \u00e9 grande miss\u00e3o do Portal de Not\u00edcias Sul SC. N\u00e3o \u00e9 quantidade que muda o mundo, sempre foi e seguir\u00e1 sendo qualidade!","sameAs":["https:\/\/sulsc.com\/","https:\/\/www.facebook.com\/profile.php?id=61559278119680","https:\/\/www.instagram.com\/sulscportal\/?hl=pt-br","https:\/\/twitter.com\/https:\/\/twitter.com\/PortalSulSC","https:\/\/www.youtube.com\/channel\/UCv_BE8GeySluDov2n8qhVmw"],"url":"https:\/\/sulsc.com\/index.php\/author\/redacao\/"}]}},"authors":[],"_links":{"self":[{"href":"https:\/\/sulsc.com\/index.php\/wp-json\/wp\/v2\/posts\/1233"}],"collection":[{"href":"https:\/\/sulsc.com\/index.php\/wp-json\/wp\/v2\/posts"}],"about":[{"href":"https:\/\/sulsc.com\/index.php\/wp-json\/wp\/v2\/types\/post"}],"author":[{"embeddable":true,"href":"https:\/\/sulsc.com\/index.php\/wp-json\/wp\/v2\/users\/3"}],"replies":[{"embeddable":true,"href":"https:\/\/sulsc.com\/index.php\/wp-json\/wp\/v2\/comments?post=1233"}],"version-history":[{"count":2,"href":"https:\/\/sulsc.com\/index.php\/wp-json\/wp\/v2\/posts\/1233\/revisions"}],"predecessor-version":[{"id":1237,"href":"https:\/\/sulsc.com\/index.php\/wp-json\/wp\/v2\/posts\/1233\/revisions\/1237"}],"wp:featuredmedia":[{"embeddable":true,"href":"https:\/\/sulsc.com\/index.php\/wp-json\/wp\/v2\/media\/1234"}],"wp:attachment":[{"href":"https:\/\/sulsc.com\/index.php\/wp-json\/wp\/v2\/media?parent=1233"}],"wp:term":[{"taxonomy":"category","embeddable":true,"href":"https:\/\/sulsc.com\/index.php\/wp-json\/wp\/v2\/categories?post=1233"},{"taxonomy":"post_tag","embeddable":true,"href":"https:\/\/sulsc.com\/index.php\/wp-json\/wp\/v2\/tags?post=1233"}],"curies":[{"name":"wp","href":"https:\/\/api.w.org\/{rel}","templated":true}]}}