{"id":12419,"date":"2024-05-23T18:30:26","date_gmt":"2024-05-23T21:30:26","guid":{"rendered":"https:\/\/sulsc.com\/?p=12419"},"modified":"2024-05-23T18:31:04","modified_gmt":"2024-05-23T21:31:04","slug":"feirao-do-imposto-oferecera-gasolina-a-r-399-neste-sabado-em-ararangua","status":"publish","type":"post","link":"https:\/\/sulsc.com\/index.php\/2024\/05\/23\/feirao-do-imposto-oferecera-gasolina-a-r-399-neste-sabado-em-ararangua\/","title":{"rendered":"Feir\u00e3o do Imposto oferecer\u00e1 gasolina a R$ 3,99 neste s\u00e1bado em Ararangu\u00e1"},"content":{"rendered":"<p>Conscientizar a popula\u00e7\u00e3o do valor pago em impostos \u00e9 o objetivo do N\u00facleo Jovem Empreendedor da Associa\u00e7\u00e3o Empresarial do Vale do Ararangu\u00e1 (Aciva). Para mostrar na pr\u00e1tica aos consumidores, neste neste s\u00e1bado (25), durante a a\u00e7\u00e3o &#8216;Feir\u00e3o do Imposto&#8217;, cerca de mil litros de gasolina, ser\u00e1 comercializada ao valor de R$ 3,99, ou seja, sem imposto.<\/p>\n<p>A iniciativa ter\u00e1 in\u00edcio \u00e0s 8 horas no Posto Rizzoto, localizado na avenida Get\u00falio Vargas, no cruzamento com a rua Iracy Luchinha, no Centro de Ararangu\u00e1 e Durante a a\u00e7\u00e3o. Na ocasi\u00e3o ser\u00e3o distribu\u00eddas fichas para a organiza\u00e7\u00e3o da fila das pessoas presentes.<\/p>\n<p>O Feir\u00e3o do Imposto ser\u00e1 realizado por meio da Confedera\u00e7\u00e3o Nacional dos Jovens Empreendedores (Conaje), direcionado ao Conselho Estadual dos Jovens Empreendedores(Cejesc) e, que em Ararangu\u00e1, \u00e9 realizada pelo N\u00facleo Jovem da Aciva.\u00a0\u201cNeste ano de 2024, a a\u00e7\u00e3o apresenta o slogan \u2018D\u00edgitos que Sufocam: Uma carga tribut\u00e1ria de tirar o f\u00f4lego&#8217;\u201d, disse Henrique Mota, durante a participa\u00e7\u00e3o na sess\u00e3o da C\u00e2mara de Vereadores de Ararangu\u00e1.<\/p>\n<p>A inten\u00e7\u00e3o \u00e9, por meio da a\u00e7\u00e3o, conscientizar a popula\u00e7\u00e3o sobre a alta carga tribut\u00e1ria, por isso, a comercializa\u00e7\u00e3o do combust\u00edvel ser\u00e1 limitada a dez litros por CPF. \u201cEsperamos que todos participem e saibam o quanto de imposto pagamos. Um dos objetivos da campanha tamb\u00e9m \u00e9 buscarmos a redu\u00e7\u00e3o da carga tribut\u00e1ria\u201d, disse a coordenadora do N\u00facleo Jovem Empreendedor da Aciva, Diana Maciel.<\/p>\n<p>O presidente da Aciva, \u00c9dio Kunhasky J\u00fanior, tamb\u00e9m ressaltou que a iniciativa traz um grande impacto na sociedade. \u201cEsta a\u00e7\u00e3o com certeza vai levar muita gente a participar e as pessoas perceber\u00e3o a diferen\u00e7a de pagar com e sem impostos. Esperamos que a partir dai, as pessoas tamb\u00e9m cobrem mais pela redu\u00e7\u00e3o da carga tribut\u00e1ria\u201d, falou o presidente.<\/p>\n<p><img fetchpriority=\"high\" decoding=\"async\" class=\"alignnone size-full wp-image-1273\" src=\"http:\/\/sulsc.com\/wp-content\/uploads\/2023\/09\/Combustivel.jpg\" alt=\"\" width=\"960\" height=\"640\" srcset=\"https:\/\/sulsc.com\/wp-content\/uploads\/2023\/09\/Combustivel.jpg 960w, https:\/\/sulsc.com\/wp-content\/uploads\/2023\/09\/Combustivel-300x200.jpg 300w, https:\/\/sulsc.com\/wp-content\/uploads\/2023\/09\/Combustivel-768x512.jpg 768w\" sizes=\"(max-width: 960px) 100vw, 960px\" \/><\/p>\n<p>Fonte: Engeplus<\/p>\n","protected":false},"excerpt":{"rendered":"<p>Conscientizar a popula\u00e7\u00e3o do valor pago em impostos \u00e9 o objetivo do N\u00facleo Jovem Empreendedor da Associa\u00e7\u00e3o Empresarial do Vale do Ararangu\u00e1 (Aciva). Para mostrar na pr\u00e1tica aos consumidores, neste neste s\u00e1bado (25), durante a a\u00e7\u00e3o &#8216;Feir\u00e3o do Imposto&#8217;, cerca de mil litros de gasolina, ser\u00e1 comercializada ao valor de R$ 3,99, ou seja, sem &hellip;<\/p>\n<p class=\"read-more\"> <a class=\"\" href=\"https:\/\/sulsc.com\/index.php\/2024\/05\/23\/feirao-do-imposto-oferecera-gasolina-a-r-399-neste-sabado-em-ararangua\/\"> <span class=\"screen-reader-text\">Feir\u00e3o do Imposto oferecer\u00e1 gasolina a R$ 3,99 neste s\u00e1bado em Ararangu\u00e1<\/span> Read More &raquo;<\/a><\/p>\n","protected":false},"author":3,"featured_media":1273,"comment_status":"open","ping_status":"open","sticky":false,"template":"","format":"standard","meta":{"site-sidebar-layout":"default","site-content-layout":"","ast-site-content-layout":"default","site-content-style":"default","site-sidebar-style":"default","ast-global-header-display":"","ast-banner-title-visibility":"","ast-main-header-display":"","ast-hfb-above-header-display":"","ast-hfb-below-header-display":"","ast-hfb-mobile-header-display":"","site-post-title":"","ast-breadcrumbs-content":"","ast-featured-img":"","footer-sml-layout":"","theme-transparent-header-meta":"default","adv-header-id-meta":"","stick-header-meta":"","header-above-stick-meta":"","header-main-stick-meta":"","header-below-stick-meta":"","astra-migrate-meta-layouts":"set","footnotes":""},"categories":[24],"tags":[278,1874,1875],"yoast_head":"<!-- This site is optimized with the Yoast SEO plugin v21.4 - https:\/\/yoast.com\/wordpress\/plugins\/seo\/ -->\n<title>Feir\u00e3o do Imposto oferecer\u00e1 gasolina a R$ 3,99 neste s\u00e1bado em Ararangu\u00e1 -<\/title>\n<meta name=\"description\" content=\"A inten\u00e7\u00e3o \u00e9, por meio da a\u00e7\u00e3o, conscientizar a popula\u00e7\u00e3o sobre a alta carga tribut\u00e1ria e que o consumidor saiba quanto de imposto \u00e9 pago\" \/>\n<meta name=\"robots\" content=\"index, follow, max-snippet:-1, max-image-preview:large, max-video-preview:-1\" \/>\n<link rel=\"canonical\" href=\"https:\/\/sulsc.com\/index.php\/2024\/05\/23\/feirao-do-imposto-oferecera-gasolina-a-r-399-neste-sabado-em-ararangua\/\" \/>\n<meta property=\"og:locale\" content=\"en_US\" \/>\n<meta property=\"og:type\" content=\"article\" \/>\n<meta property=\"og:title\" content=\"Feir\u00e3o do Imposto oferecer\u00e1 gasolina a R$ 3,99 neste s\u00e1bado em Ararangu\u00e1 -\" \/>\n<meta property=\"og:description\" content=\"A inten\u00e7\u00e3o \u00e9, por meio da a\u00e7\u00e3o, conscientizar a popula\u00e7\u00e3o sobre a alta carga tribut\u00e1ria e que o consumidor saiba quanto de imposto \u00e9 pago\" \/>\n<meta property=\"og:url\" content=\"https:\/\/sulsc.com\/index.php\/2024\/05\/23\/feirao-do-imposto-oferecera-gasolina-a-r-399-neste-sabado-em-ararangua\/\" \/>\n<meta property=\"article:author\" content=\"https:\/\/www.facebook.com\/profile.php?id=61559278119680\" \/>\n<meta property=\"article:published_time\" content=\"2024-05-23T21:30:26+00:00\" \/>\n<meta property=\"article:modified_time\" content=\"2024-05-23T21:31:04+00:00\" \/>\n<meta property=\"og:image\" content=\"http:\/\/sulsc.com\/wp-content\/uploads\/2023\/09\/Combustivel.jpg\" \/>\n\t<meta property=\"og:image:width\" content=\"960\" \/>\n\t<meta property=\"og:image:height\" content=\"640\" \/>\n\t<meta property=\"og:image:type\" content=\"image\/jpeg\" \/>\n<meta name=\"author\" content=\"Reda\u00e7\u00e3o Sul SC\" \/>\n<meta name=\"twitter:card\" content=\"summary_large_image\" \/>\n<meta name=\"twitter:creator\" content=\"@https:\/\/twitter.com\/PortalSulSC\" \/>\n<meta name=\"twitter:label1\" content=\"Written by\" \/>\n\t<meta name=\"twitter:data1\" content=\"Reda\u00e7\u00e3o Sul SC\" \/>\n\t<meta name=\"twitter:label2\" content=\"Est. reading time\" \/>\n\t<meta name=\"twitter:data2\" content=\"2 minutes\" \/>\n<script type=\"application\/ld+json\" class=\"yoast-schema-graph\">{\"@context\":\"https:\/\/schema.org\",\"@graph\":[{\"@type\":\"WebPage\",\"@id\":\"https:\/\/sulsc.com\/index.php\/2024\/05\/23\/feirao-do-imposto-oferecera-gasolina-a-r-399-neste-sabado-em-ararangua\/\",\"url\":\"https:\/\/sulsc.com\/index.php\/2024\/05\/23\/feirao-do-imposto-oferecera-gasolina-a-r-399-neste-sabado-em-ararangua\/\",\"name\":\"Feir\u00e3o do Imposto oferecer\u00e1 gasolina a R$ 3,99 neste s\u00e1bado em Ararangu\u00e1 -\",\"isPartOf\":{\"@id\":\"https:\/\/sulsc.com\/#website\"},\"datePublished\":\"2024-05-23T21:30:26+00:00\",\"dateModified\":\"2024-05-23T21:31:04+00:00\",\"author\":{\"@id\":\"https:\/\/sulsc.com\/#\/schema\/person\/84d2fc571684f6248ba83092f07750a3\"},\"description\":\"A inten\u00e7\u00e3o \u00e9, por meio da a\u00e7\u00e3o, conscientizar a popula\u00e7\u00e3o sobre a alta carga tribut\u00e1ria e que o consumidor saiba quanto de imposto \u00e9 pago\",\"breadcrumb\":{\"@id\":\"https:\/\/sulsc.com\/index.php\/2024\/05\/23\/feirao-do-imposto-oferecera-gasolina-a-r-399-neste-sabado-em-ararangua\/#breadcrumb\"},\"inLanguage\":\"en-US\",\"potentialAction\":[{\"@type\":\"ReadAction\",\"target\":[\"https:\/\/sulsc.com\/index.php\/2024\/05\/23\/feirao-do-imposto-oferecera-gasolina-a-r-399-neste-sabado-em-ararangua\/\"]}]},{\"@type\":\"BreadcrumbList\",\"@id\":\"https:\/\/sulsc.com\/index.php\/2024\/05\/23\/feirao-do-imposto-oferecera-gasolina-a-r-399-neste-sabado-em-ararangua\/#breadcrumb\",\"itemListElement\":[{\"@type\":\"ListItem\",\"position\":1,\"name\":\"In\u00edcio\",\"item\":\"https:\/\/sulsc.com\/\"},{\"@type\":\"ListItem\",\"position\":2,\"name\":\"Feir\u00e3o do Imposto oferecer\u00e1 gasolina a R$ 3,99 neste s\u00e1bado em Ararangu\u00e1\"}]},{\"@type\":\"WebSite\",\"@id\":\"https:\/\/sulsc.com\/#website\",\"url\":\"https:\/\/sulsc.com\/\",\"name\":\"\",\"description\":\"\",\"potentialAction\":[{\"@type\":\"SearchAction\",\"target\":{\"@type\":\"EntryPoint\",\"urlTemplate\":\"https:\/\/sulsc.com\/?s={search_term_string}\"},\"query-input\":\"required name=search_term_string\"}],\"inLanguage\":\"en-US\"},{\"@type\":\"Person\",\"@id\":\"https:\/\/sulsc.com\/#\/schema\/person\/84d2fc571684f6248ba83092f07750a3\",\"name\":\"Reda\u00e7\u00e3o Sul SC\",\"image\":{\"@type\":\"ImageObject\",\"inLanguage\":\"en-US\",\"@id\":\"https:\/\/sulsc.com\/#\/schema\/person\/image\/e08d7fe2cc4ed596372063bbe852b8d0\",\"url\":\"https:\/\/sulsc.com\/wp-content\/uploads\/2023\/09\/redacao.png\",\"contentUrl\":\"https:\/\/sulsc.com\/wp-content\/uploads\/2023\/09\/redacao.png\",\"caption\":\"Reda\u00e7\u00e3o Sul SC\"},\"description\":\"Foco em um jornalismo imparcial, voltado \u00e0 qualidade dos seus conte\u00fados e, assim, levar informa\u00e7\u00e3o de valor que agregue \u00e0 vida dos leitores. Esta \u00e9 grande miss\u00e3o do Portal de Not\u00edcias Sul SC. N\u00e3o \u00e9 quantidade que muda o mundo, sempre foi e seguir\u00e1 sendo qualidade!\",\"sameAs\":[\"https:\/\/sulsc.com\/\",\"https:\/\/www.facebook.com\/profile.php?id=61559278119680\",\"https:\/\/www.instagram.com\/sulscportal\/?hl=pt-br\",\"https:\/\/twitter.com\/https:\/\/twitter.com\/PortalSulSC\",\"https:\/\/www.youtube.com\/channel\/UCv_BE8GeySluDov2n8qhVmw\"],\"url\":\"https:\/\/sulsc.com\/index.php\/author\/redacao\/\"}]}<\/script>\n<!-- \/ Yoast SEO plugin. -->","yoast_head_json":{"title":"Feir\u00e3o do Imposto oferecer\u00e1 gasolina a R$ 3,99 neste s\u00e1bado em Ararangu\u00e1 -","description":"A inten\u00e7\u00e3o \u00e9, por meio da a\u00e7\u00e3o, conscientizar a popula\u00e7\u00e3o sobre a alta carga tribut\u00e1ria e que o consumidor saiba quanto de imposto \u00e9 pago","robots":{"index":"index","follow":"follow","max-snippet":"max-snippet:-1","max-image-preview":"max-image-preview:large","max-video-preview":"max-video-preview:-1"},"canonical":"https:\/\/sulsc.com\/index.php\/2024\/05\/23\/feirao-do-imposto-oferecera-gasolina-a-r-399-neste-sabado-em-ararangua\/","og_locale":"en_US","og_type":"article","og_title":"Feir\u00e3o do Imposto oferecer\u00e1 gasolina a R$ 3,99 neste s\u00e1bado em Ararangu\u00e1 -","og_description":"A inten\u00e7\u00e3o \u00e9, por meio da a\u00e7\u00e3o, conscientizar a popula\u00e7\u00e3o sobre a alta carga tribut\u00e1ria e que o consumidor saiba quanto de imposto \u00e9 pago","og_url":"https:\/\/sulsc.com\/index.php\/2024\/05\/23\/feirao-do-imposto-oferecera-gasolina-a-r-399-neste-sabado-em-ararangua\/","article_author":"https:\/\/www.facebook.com\/profile.php?id=61559278119680","article_published_time":"2024-05-23T21:30:26+00:00","article_modified_time":"2024-05-23T21:31:04+00:00","og_image":[{"width":960,"height":640,"url":"http:\/\/sulsc.com\/wp-content\/uploads\/2023\/09\/Combustivel.jpg","type":"image\/jpeg"}],"author":"Reda\u00e7\u00e3o Sul SC","twitter_card":"summary_large_image","twitter_creator":"@https:\/\/twitter.com\/PortalSulSC","twitter_misc":{"Written by":"Reda\u00e7\u00e3o Sul SC","Est. reading time":"2 minutes"},"schema":{"@context":"https:\/\/schema.org","@graph":[{"@type":"WebPage","@id":"https:\/\/sulsc.com\/index.php\/2024\/05\/23\/feirao-do-imposto-oferecera-gasolina-a-r-399-neste-sabado-em-ararangua\/","url":"https:\/\/sulsc.com\/index.php\/2024\/05\/23\/feirao-do-imposto-oferecera-gasolina-a-r-399-neste-sabado-em-ararangua\/","name":"Feir\u00e3o do Imposto oferecer\u00e1 gasolina a R$ 3,99 neste s\u00e1bado em Ararangu\u00e1 -","isPartOf":{"@id":"https:\/\/sulsc.com\/#website"},"datePublished":"2024-05-23T21:30:26+00:00","dateModified":"2024-05-23T21:31:04+00:00","author":{"@id":"https:\/\/sulsc.com\/#\/schema\/person\/84d2fc571684f6248ba83092f07750a3"},"description":"A inten\u00e7\u00e3o \u00e9, por meio da a\u00e7\u00e3o, conscientizar a popula\u00e7\u00e3o sobre a alta carga tribut\u00e1ria e que o consumidor saiba quanto de imposto \u00e9 pago","breadcrumb":{"@id":"https:\/\/sulsc.com\/index.php\/2024\/05\/23\/feirao-do-imposto-oferecera-gasolina-a-r-399-neste-sabado-em-ararangua\/#breadcrumb"},"inLanguage":"en-US","potentialAction":[{"@type":"ReadAction","target":["https:\/\/sulsc.com\/index.php\/2024\/05\/23\/feirao-do-imposto-oferecera-gasolina-a-r-399-neste-sabado-em-ararangua\/"]}]},{"@type":"BreadcrumbList","@id":"https:\/\/sulsc.com\/index.php\/2024\/05\/23\/feirao-do-imposto-oferecera-gasolina-a-r-399-neste-sabado-em-ararangua\/#breadcrumb","itemListElement":[{"@type":"ListItem","position":1,"name":"In\u00edcio","item":"https:\/\/sulsc.com\/"},{"@type":"ListItem","position":2,"name":"Feir\u00e3o do Imposto oferecer\u00e1 gasolina a R$ 3,99 neste s\u00e1bado em Ararangu\u00e1"}]},{"@type":"WebSite","@id":"https:\/\/sulsc.com\/#website","url":"https:\/\/sulsc.com\/","name":"","description":"","potentialAction":[{"@type":"SearchAction","target":{"@type":"EntryPoint","urlTemplate":"https:\/\/sulsc.com\/?s={search_term_string}"},"query-input":"required name=search_term_string"}],"inLanguage":"en-US"},{"@type":"Person","@id":"https:\/\/sulsc.com\/#\/schema\/person\/84d2fc571684f6248ba83092f07750a3","name":"Reda\u00e7\u00e3o Sul SC","image":{"@type":"ImageObject","inLanguage":"en-US","@id":"https:\/\/sulsc.com\/#\/schema\/person\/image\/e08d7fe2cc4ed596372063bbe852b8d0","url":"https:\/\/sulsc.com\/wp-content\/uploads\/2023\/09\/redacao.png","contentUrl":"https:\/\/sulsc.com\/wp-content\/uploads\/2023\/09\/redacao.png","caption":"Reda\u00e7\u00e3o Sul SC"},"description":"Foco em um jornalismo imparcial, voltado \u00e0 qualidade dos seus conte\u00fados e, assim, levar informa\u00e7\u00e3o de valor que agregue \u00e0 vida dos leitores. Esta \u00e9 grande miss\u00e3o do Portal de Not\u00edcias Sul SC. N\u00e3o \u00e9 quantidade que muda o mundo, sempre foi e seguir\u00e1 sendo qualidade!","sameAs":["https:\/\/sulsc.com\/","https:\/\/www.facebook.com\/profile.php?id=61559278119680","https:\/\/www.instagram.com\/sulscportal\/?hl=pt-br","https:\/\/twitter.com\/https:\/\/twitter.com\/PortalSulSC","https:\/\/www.youtube.com\/channel\/UCv_BE8GeySluDov2n8qhVmw"],"url":"https:\/\/sulsc.com\/index.php\/author\/redacao\/"}]}},"authors":[],"_links":{"self":[{"href":"https:\/\/sulsc.com\/index.php\/wp-json\/wp\/v2\/posts\/12419"}],"collection":[{"href":"https:\/\/sulsc.com\/index.php\/wp-json\/wp\/v2\/posts"}],"about":[{"href":"https:\/\/sulsc.com\/index.php\/wp-json\/wp\/v2\/types\/post"}],"author":[{"embeddable":true,"href":"https:\/\/sulsc.com\/index.php\/wp-json\/wp\/v2\/users\/3"}],"replies":[{"embeddable":true,"href":"https:\/\/sulsc.com\/index.php\/wp-json\/wp\/v2\/comments?post=12419"}],"version-history":[{"count":2,"href":"https:\/\/sulsc.com\/index.php\/wp-json\/wp\/v2\/posts\/12419\/revisions"}],"predecessor-version":[{"id":12421,"href":"https:\/\/sulsc.com\/index.php\/wp-json\/wp\/v2\/posts\/12419\/revisions\/12421"}],"wp:featuredmedia":[{"embeddable":true,"href":"https:\/\/sulsc.com\/index.php\/wp-json\/wp\/v2\/media\/1273"}],"wp:attachment":[{"href":"https:\/\/sulsc.com\/index.php\/wp-json\/wp\/v2\/media?parent=12419"}],"wp:term":[{"taxonomy":"category","embeddable":true,"href":"https:\/\/sulsc.com\/index.php\/wp-json\/wp\/v2\/categories?post=12419"},{"taxonomy":"post_tag","embeddable":true,"href":"https:\/\/sulsc.com\/index.php\/wp-json\/wp\/v2\/tags?post=12419"}],"curies":[{"name":"wp","href":"https:\/\/api.w.org\/{rel}","templated":true}]}}